{"id":27204,"date":"2017-01-03T14:00:19","date_gmt":"2017-01-03T14:00:19","guid":{"rendered":"https:\/\/abarevegan.com.br\/index.php\/2017\/01\/03\/mais-dois-assaltos-durante-esta-noite\/"},"modified":"2017-01-03T14:00:19","modified_gmt":"2017-01-03T14:00:19","slug":"mais-dois-assaltos-durante-esta-noite","status":"publish","type":"post","link":"https:\/\/nk7-testes.com.br\/agazeta\/mais-dois-assaltos-durante-esta-noite\/","title":{"rendered":"Tr\u00eas assaltos registrados na ultima noite"},"content":{"rendered":"<p style=\"text-align: justify;\">Um dos acusados foi preso pelo Bope<\/p>\n<p style=\"text-align: justify;\">Na noite desta segunda-feira (2) foram registrados tr\u00eas assaltos na capital. Em apenas um deles um dos acusados foi preso. Marcelo Romano da Silva, 19 anos, foi preso pelo Bope, acusado de participar num assalto a uma resid\u00eancia no bairro Conquista.<\/p>\n<p style=\"text-align: justify;\">Segundo a pol\u00edcia, Marcelo e os comparsas teriam entrado na resid\u00eancia e levado uma das v\u00edtimas como ref\u00e9m. A v\u00edtima (que n\u00e3o teve o nome divulgado) foi liberada e acionou a pol\u00edcia que conseguiu capturar o acusado. Marcelo foi reconhecido pelo ref\u00e9m, preso em flagrante e levado a Defla. Contra o acusado j\u00e1 havia um mandado de pris\u00e3o em aberto.<\/p>\n<p style=\"text-align: justify;\">Outro assalto aconteceu na rua dos Engenheiros, bairro Parque das Palmeiras. Tr\u00eas homens armados renderam uma fam\u00edlia que estava num carro modelo Corsa Sedam.<\/p>\n<p style=\"text-align: justify;\">Segundo uma das v\u00edtimas (que n\u00e3o quis se identificar), ele estava com a esposa e o filho no ve\u00edculo, quando foram abordados pelos bandidos. Ele disse que os acusados queriam levar toda a fam\u00edlia, mas desistiram e levaram apenas ele como ref\u00e9m.<\/p>\n<p style=\"text-align: justify;\">A v\u00edtima contou ainda, que no caminho, os bandidos ficavam mandando ele para que eles realizassem assaltos \u00e0s pessoas que passavam pela rua.<\/p>\n<p style=\"text-align: justify;\">O terceiro foi a resid\u00eancia no Procon, onde haviam 15 pessoas e uma foi levada como ref\u00e9m e liberada em seguida.<\/p>\n<p style=\"text-align: justify;\">A Pol\u00edcia est\u00e1 em busca dos acusados.<\/p>\n<p style=\"text-align: justify;\">&nbsp;<\/p>\n","protected":false},"excerpt":{"rendered":"<p style=\"text-align: justify;\">Um dos acusados foi preso pelo Bope<\/p>\n","protected":false},"author":4,"featured_media":27203,"comment_status":"open","ping_status":"open","sticky":false,"template":"","format":"standard","meta":{"jnews-multi-image_gallery":[],"jnews_single_post":[],"jnews_primary_category":[],"jnews_social_meta":[],"jnews_review":[],"enable_review":"","type":"","name":"","summary":"","brand":"","sku":"","good":[],"bad":[],"score_override":"","override_value":"","rating":[],"price":[],"footnotes":""},"categories":[44],"tags":[],"class_list":["post-27204","post","type-post","status-publish","format-standard","has-post-thumbnail","hentry","category-policia"],"yoast_head":"<!-- This site is optimized with the Yoast SEO plugin v26.5 - https:\/\/yoast.com\/wordpress\/plugins\/seo\/ -->\n<title>Tr\u00eas assaltos registrados na ultima noite - Agazeta.net<\/title>\n<meta name=\"robots\" content=\"index, follow, max-snippet:-1, max-image-preview:large, max-video-preview:-1\" \/>\n<link rel=\"canonical\" href=\"https:\/\/nk7-testes.com.br\/agazeta\/mais-dois-assaltos-durante-esta-noite\/\" \/>\n<meta property=\"og:locale\" content=\"pt_BR\" \/>\n<meta property=\"og:type\" content=\"article\" \/>\n<meta property=\"og:title\" content=\"Tr\u00eas assaltos registrados na ultima noite - Agazeta.net\" \/>\n<meta property=\"og:description\" content=\"Um dos acusados foi preso pelo Bope\" \/>\n<meta property=\"og:url\" content=\"https:\/\/nk7-testes.com.br\/agazeta\/mais-dois-assaltos-durante-esta-noite\/\" \/>\n<meta property=\"og:site_name\" content=\"Agazeta.net\" \/>\n<meta property=\"article:published_time\" content=\"2017-01-03T14:00:19+00:00\" \/>\n<meta property=\"og:image\" content=\"https:\/\/nk7-testes.com.br\/agazeta\/wp-content\/uploads\/2017\/01\/030117-policia-maisassaltos.jpg\" \/>\n\t<meta property=\"og:image:width\" content=\"458\" \/>\n\t<meta property=\"og:image:height\" content=\"340\" \/>\n\t<meta property=\"og:image:type\" content=\"image\/jpeg\" \/>\n<meta name=\"author\" content=\"Agazeta.Net\" \/>\n<meta name=\"twitter:card\" content=\"summary_large_image\" \/>\n<meta name=\"twitter:label1\" content=\"Escrito por\" \/>\n\t<meta name=\"twitter:data1\" content=\"Agazeta.Net\" \/>\n\t<meta name=\"twitter:label2\" content=\"Est. tempo de leitura\" \/>\n\t<meta name=\"twitter:data2\" content=\"1 minuto\" \/>\n<script type=\"application\/ld+json\" class=\"yoast-schema-graph\">{\"@context\":\"https:\/\/schema.org\",\"@graph\":[{\"@type\":\"WebPage\",\"@id\":\"https:\/\/nk7-testes.com.br\/agazeta\/mais-dois-assaltos-durante-esta-noite\/\",\"url\":\"https:\/\/nk7-testes.com.br\/agazeta\/mais-dois-assaltos-durante-esta-noite\/\",\"name\":\"Tr\u00eas assaltos registrados na ultima noite - Agazeta.net\",\"isPartOf\":{\"@id\":\"https:\/\/nk7-testes.com.br\/agazeta\/#website\"},\"primaryImageOfPage\":{\"@id\":\"https:\/\/nk7-testes.com.br\/agazeta\/mais-dois-assaltos-durante-esta-noite\/#primaryimage\"},\"image\":{\"@id\":\"https:\/\/nk7-testes.com.br\/agazeta\/mais-dois-assaltos-durante-esta-noite\/#primaryimage\"},\"thumbnailUrl\":\"https:\/\/nk7-testes.com.br\/agazeta\/wp-content\/uploads\/2017\/01\/030117-policia-maisassaltos.jpg\",\"datePublished\":\"2017-01-03T14:00:19+00:00\",\"author\":{\"@id\":\"https:\/\/nk7-testes.com.br\/agazeta\/#\/schema\/person\/ff6b39d54d6973bfc57f4140f659b23f\"},\"breadcrumb\":{\"@id\":\"https:\/\/nk7-testes.com.br\/agazeta\/mais-dois-assaltos-durante-esta-noite\/#breadcrumb\"},\"inLanguage\":\"pt-BR\",\"potentialAction\":[{\"@type\":\"ReadAction\",\"target\":[\"https:\/\/nk7-testes.com.br\/agazeta\/mais-dois-assaltos-durante-esta-noite\/\"]}]},{\"@type\":\"ImageObject\",\"inLanguage\":\"pt-BR\",\"@id\":\"https:\/\/nk7-testes.com.br\/agazeta\/mais-dois-assaltos-durante-esta-noite\/#primaryimage\",\"url\":\"https:\/\/nk7-testes.com.br\/agazeta\/wp-content\/uploads\/2017\/01\/030117-policia-maisassaltos.jpg\",\"contentUrl\":\"https:\/\/nk7-testes.com.br\/agazeta\/wp-content\/uploads\/2017\/01\/030117-policia-maisassaltos.jpg\",\"width\":458,\"height\":340,\"caption\":\"030117-pol\u00edcia-maisassaltos\"},{\"@type\":\"BreadcrumbList\",\"@id\":\"https:\/\/nk7-testes.com.br\/agazeta\/mais-dois-assaltos-durante-esta-noite\/#breadcrumb\",\"itemListElement\":[{\"@type\":\"ListItem\",\"position\":1,\"name\":\"In\u00edcio\",\"item\":\"https:\/\/nk7-testes.com.br\/agazeta\/\"},{\"@type\":\"ListItem\",\"position\":2,\"name\":\"Tr\u00eas assaltos registrados na ultima noite\"}]},{\"@type\":\"WebSite\",\"@id\":\"https:\/\/nk7-testes.com.br\/agazeta\/#website\",\"url\":\"https:\/\/nk7-testes.com.br\/agazeta\/\",\"name\":\"Agazeta.net\",\"description\":\"Agazeta.net - Not\u00edcias de Rio Branco\/AC\",\"potentialAction\":[{\"@type\":\"SearchAction\",\"target\":{\"@type\":\"EntryPoint\",\"urlTemplate\":\"https:\/\/nk7-testes.com.br\/agazeta\/?s={search_term_string}\"},\"query-input\":{\"@type\":\"PropertyValueSpecification\",\"valueRequired\":true,\"valueName\":\"search_term_string\"}}],\"inLanguage\":\"pt-BR\"},{\"@type\":\"Person\",\"@id\":\"https:\/\/nk7-testes.com.br\/agazeta\/#\/schema\/person\/ff6b39d54d6973bfc57f4140f659b23f\",\"name\":\"Agazeta.Net\",\"url\":\"https:\/\/nk7-testes.com.br\/agazeta\/author\/agazeta\/\"}]}<\/script>\n<!-- \/ Yoast SEO plugin. -->","yoast_head_json":{"title":"Tr\u00eas assaltos registrados na ultima noite - Agazeta.net","robots":{"index":"index","follow":"follow","max-snippet":"max-snippet:-1","max-image-preview":"max-image-preview:large","max-video-preview":"max-video-preview:-1"},"canonical":"https:\/\/nk7-testes.com.br\/agazeta\/mais-dois-assaltos-durante-esta-noite\/","og_locale":"pt_BR","og_type":"article","og_title":"Tr\u00eas assaltos registrados na ultima noite - Agazeta.net","og_description":"Um dos acusados foi preso pelo Bope","og_url":"https:\/\/nk7-testes.com.br\/agazeta\/mais-dois-assaltos-durante-esta-noite\/","og_site_name":"Agazeta.net","article_published_time":"2017-01-03T14:00:19+00:00","og_image":[{"width":458,"height":340,"url":"https:\/\/nk7-testes.com.br\/agazeta\/wp-content\/uploads\/2017\/01\/030117-policia-maisassaltos.jpg","type":"image\/jpeg"}],"author":"Agazeta.Net","twitter_card":"summary_large_image","twitter_misc":{"Escrito por":"Agazeta.Net","Est. tempo de leitura":"1 minuto"},"schema":{"@context":"https:\/\/schema.org","@graph":[{"@type":"WebPage","@id":"https:\/\/nk7-testes.com.br\/agazeta\/mais-dois-assaltos-durante-esta-noite\/","url":"https:\/\/nk7-testes.com.br\/agazeta\/mais-dois-assaltos-durante-esta-noite\/","name":"Tr\u00eas assaltos registrados na ultima noite - Agazeta.net","isPartOf":{"@id":"https:\/\/nk7-testes.com.br\/agazeta\/#website"},"primaryImageOfPage":{"@id":"https:\/\/nk7-testes.com.br\/agazeta\/mais-dois-assaltos-durante-esta-noite\/#primaryimage"},"image":{"@id":"https:\/\/nk7-testes.com.br\/agazeta\/mais-dois-assaltos-durante-esta-noite\/#primaryimage"},"thumbnailUrl":"https:\/\/nk7-testes.com.br\/agazeta\/wp-content\/uploads\/2017\/01\/030117-policia-maisassaltos.jpg","datePublished":"2017-01-03T14:00:19+00:00","author":{"@id":"https:\/\/nk7-testes.com.br\/agazeta\/#\/schema\/person\/ff6b39d54d6973bfc57f4140f659b23f"},"breadcrumb":{"@id":"https:\/\/nk7-testes.com.br\/agazeta\/mais-dois-assaltos-durante-esta-noite\/#breadcrumb"},"inLanguage":"pt-BR","potentialAction":[{"@type":"ReadAction","target":["https:\/\/nk7-testes.com.br\/agazeta\/mais-dois-assaltos-durante-esta-noite\/"]}]},{"@type":"ImageObject","inLanguage":"pt-BR","@id":"https:\/\/nk7-testes.com.br\/agazeta\/mais-dois-assaltos-durante-esta-noite\/#primaryimage","url":"https:\/\/nk7-testes.com.br\/agazeta\/wp-content\/uploads\/2017\/01\/030117-policia-maisassaltos.jpg","contentUrl":"https:\/\/nk7-testes.com.br\/agazeta\/wp-content\/uploads\/2017\/01\/030117-policia-maisassaltos.jpg","width":458,"height":340,"caption":"030117-pol\u00edcia-maisassaltos"},{"@type":"BreadcrumbList","@id":"https:\/\/nk7-testes.com.br\/agazeta\/mais-dois-assaltos-durante-esta-noite\/#breadcrumb","itemListElement":[{"@type":"ListItem","position":1,"name":"In\u00edcio","item":"https:\/\/nk7-testes.com.br\/agazeta\/"},{"@type":"ListItem","position":2,"name":"Tr\u00eas assaltos registrados na ultima noite"}]},{"@type":"WebSite","@id":"https:\/\/nk7-testes.com.br\/agazeta\/#website","url":"https:\/\/nk7-testes.com.br\/agazeta\/","name":"Agazeta.net","description":"Agazeta.net - Not\u00edcias de Rio Branco\/AC","potentialAction":[{"@type":"SearchAction","target":{"@type":"EntryPoint","urlTemplate":"https:\/\/nk7-testes.com.br\/agazeta\/?s={search_term_string}"},"query-input":{"@type":"PropertyValueSpecification","valueRequired":true,"valueName":"search_term_string"}}],"inLanguage":"pt-BR"},{"@type":"Person","@id":"https:\/\/nk7-testes.com.br\/agazeta\/#\/schema\/person\/ff6b39d54d6973bfc57f4140f659b23f","name":"Agazeta.Net","url":"https:\/\/nk7-testes.com.br\/agazeta\/author\/agazeta\/"}]}},"_links":{"self":[{"href":"https:\/\/nk7-testes.com.br\/agazeta\/wp-json\/wp\/v2\/posts\/27204","targetHints":{"allow":["GET"]}}],"collection":[{"href":"https:\/\/nk7-testes.com.br\/agazeta\/wp-json\/wp\/v2\/posts"}],"about":[{"href":"https:\/\/nk7-testes.com.br\/agazeta\/wp-json\/wp\/v2\/types\/post"}],"author":[{"embeddable":true,"href":"https:\/\/nk7-testes.com.br\/agazeta\/wp-json\/wp\/v2\/users\/4"}],"replies":[{"embeddable":true,"href":"https:\/\/nk7-testes.com.br\/agazeta\/wp-json\/wp\/v2\/comments?post=27204"}],"version-history":[{"count":0,"href":"https:\/\/nk7-testes.com.br\/agazeta\/wp-json\/wp\/v2\/posts\/27204\/revisions"}],"wp:featuredmedia":[{"embeddable":true,"href":"https:\/\/nk7-testes.com.br\/agazeta\/wp-json\/wp\/v2\/media\/27203"}],"wp:attachment":[{"href":"https:\/\/nk7-testes.com.br\/agazeta\/wp-json\/wp\/v2\/media?parent=27204"}],"wp:term":[{"taxonomy":"category","embeddable":true,"href":"https:\/\/nk7-testes.com.br\/agazeta\/wp-json\/wp\/v2\/categories?post=27204"},{"taxonomy":"post_tag","embeddable":true,"href":"https:\/\/nk7-testes.com.br\/agazeta\/wp-json\/wp\/v2\/tags?post=27204"}],"curies":[{"name":"wp","href":"https:\/\/api.w.org\/{rel}","templated":true}]}}