{"id":27187,"date":"2017-01-02T14:52:23","date_gmt":"2017-01-02T14:52:23","guid":{"rendered":"https:\/\/abarevegan.com.br\/index.php\/2017\/01\/02\/preso-e-morto-furante-banho-de-sol-no-francisco-de-oliveira-conde\/"},"modified":"2017-01-02T14:52:23","modified_gmt":"2017-01-02T14:52:23","slug":"preso-e-morto-furante-banho-de-sol-no-francisco-de-oliveira-conde","status":"publish","type":"post","link":"https:\/\/nk7-testes.com.br\/agazeta\/preso-e-morto-furante-banho-de-sol-no-francisco-de-oliveira-conde\/","title":{"rendered":"Preso \u00e9 morto furante banho de sol no Francisco de Oliveira Conde"},"content":{"rendered":"<p style=\"text-align: justify;\">Agentes aguardam IML para retirada do corpo<\/p>\n<p style=\"text-align: justify;\">Uma morte foi registrada na manh\u00e3 desta segunda-feira (02) dentro do pres\u00eddio Francisco de Oliveira Conde. O preso Jos\u00e9 Reinaldo Tavares Campos, 38 anos, teria sido morto a golpes de estoque (arma branca de produ\u00e7\u00e3o artesanal).<\/p>\n<p style=\"text-align: justify;\">Segundo a pol\u00edcia, o preso Jos\u00e9, que era do Chap\u00e3o, teria sa\u00eddo juntamente com outros detentos do regime fechado para o banho de sol.<\/p>\n<p style=\"text-align: justify;\">Ainda de acordo com a pol\u00edcia, no momento do banho de sol teria havido uma discuss\u00e3o entre detentos, foi o momento em que um deles teria usado um estoque para desferir os golpes contra a v\u00edtima. Jos\u00e9 teria levado pelo menos 15 perfura\u00e7\u00f5es.<\/p>\n<p style=\"text-align: justify;\">Uma equipe do Samu foi acionada, mas a v\u00edtima j\u00e1 havia ido a \u00f3bito. A administra\u00e7\u00e3o do sistema penitenci\u00e1rio informou que vai realizar ainda esta manh\u00e3 uma revista nos pavilh\u00f5es do regime fechado, al\u00e9m de apurar os envolvidos na morte do detento, que dever\u00e3o responder pelo crime de homic\u00eddio.<\/p>\n","protected":false},"excerpt":{"rendered":"<p style=\"text-align: justify;\">Agentes aguardam IML para retirada do corpo<\/p>\n","protected":false},"author":4,"featured_media":27186,"comment_status":"open","ping_status":"open","sticky":false,"template":"","format":"standard","meta":{"jnews-multi-image_gallery":[],"jnews_single_post":[],"jnews_primary_category":[],"jnews_social_meta":[],"jnews_review":[],"enable_review":"","type":"","name":"","summary":"","brand":"","sku":"","good":[],"bad":[],"score_override":"","override_value":"","rating":[],"price":[],"footnotes":""},"categories":[44],"tags":[],"class_list":["post-27187","post","type-post","status-publish","format-standard","has-post-thumbnail","hentry","category-policia"],"yoast_head":"<!-- This site is optimized with the Yoast SEO plugin v26.5 - https:\/\/yoast.com\/wordpress\/plugins\/seo\/ -->\n<title>Preso \u00e9 morto furante banho de sol no Francisco de Oliveira Conde - Agazeta.net<\/title>\n<meta name=\"robots\" content=\"index, follow, max-snippet:-1, max-image-preview:large, max-video-preview:-1\" \/>\n<link rel=\"canonical\" href=\"https:\/\/nk7-testes.com.br\/agazeta\/preso-e-morto-furante-banho-de-sol-no-francisco-de-oliveira-conde\/\" \/>\n<meta property=\"og:locale\" content=\"pt_BR\" \/>\n<meta property=\"og:type\" content=\"article\" \/>\n<meta property=\"og:title\" content=\"Preso \u00e9 morto furante banho de sol no Francisco de Oliveira Conde - Agazeta.net\" \/>\n<meta property=\"og:description\" content=\"Agentes aguardam IML para retirada do corpo\" \/>\n<meta property=\"og:url\" content=\"https:\/\/nk7-testes.com.br\/agazeta\/preso-e-morto-furante-banho-de-sol-no-francisco-de-oliveira-conde\/\" \/>\n<meta property=\"og:site_name\" content=\"Agazeta.net\" \/>\n<meta property=\"article:published_time\" content=\"2017-01-02T14:52:23+00:00\" \/>\n<meta property=\"og:image\" content=\"https:\/\/nk7-testes.com.br\/agazeta\/wp-content\/uploads\/2017\/01\/020117-policia-presomorto.jpg\" \/>\n\t<meta property=\"og:image:width\" content=\"458\" \/>\n\t<meta property=\"og:image:height\" content=\"340\" \/>\n\t<meta property=\"og:image:type\" content=\"image\/jpeg\" \/>\n<meta name=\"author\" content=\"Agazeta.Net\" \/>\n<meta name=\"twitter:card\" content=\"summary_large_image\" \/>\n<meta name=\"twitter:label1\" content=\"Escrito por\" \/>\n\t<meta name=\"twitter:data1\" content=\"Agazeta.Net\" \/>\n\t<meta name=\"twitter:label2\" content=\"Est. tempo de leitura\" \/>\n\t<meta name=\"twitter:data2\" content=\"1 minuto\" \/>\n<script type=\"application\/ld+json\" class=\"yoast-schema-graph\">{\"@context\":\"https:\/\/schema.org\",\"@graph\":[{\"@type\":\"WebPage\",\"@id\":\"https:\/\/nk7-testes.com.br\/agazeta\/preso-e-morto-furante-banho-de-sol-no-francisco-de-oliveira-conde\/\",\"url\":\"https:\/\/nk7-testes.com.br\/agazeta\/preso-e-morto-furante-banho-de-sol-no-francisco-de-oliveira-conde\/\",\"name\":\"Preso \u00e9 morto furante banho de sol no Francisco de Oliveira Conde - Agazeta.net\",\"isPartOf\":{\"@id\":\"https:\/\/nk7-testes.com.br\/agazeta\/#website\"},\"primaryImageOfPage\":{\"@id\":\"https:\/\/nk7-testes.com.br\/agazeta\/preso-e-morto-furante-banho-de-sol-no-francisco-de-oliveira-conde\/#primaryimage\"},\"image\":{\"@id\":\"https:\/\/nk7-testes.com.br\/agazeta\/preso-e-morto-furante-banho-de-sol-no-francisco-de-oliveira-conde\/#primaryimage\"},\"thumbnailUrl\":\"https:\/\/nk7-testes.com.br\/agazeta\/wp-content\/uploads\/2017\/01\/020117-policia-presomorto.jpg\",\"datePublished\":\"2017-01-02T14:52:23+00:00\",\"author\":{\"@id\":\"https:\/\/nk7-testes.com.br\/agazeta\/#\/schema\/person\/ff6b39d54d6973bfc57f4140f659b23f\"},\"breadcrumb\":{\"@id\":\"https:\/\/nk7-testes.com.br\/agazeta\/preso-e-morto-furante-banho-de-sol-no-francisco-de-oliveira-conde\/#breadcrumb\"},\"inLanguage\":\"pt-BR\",\"potentialAction\":[{\"@type\":\"ReadAction\",\"target\":[\"https:\/\/nk7-testes.com.br\/agazeta\/preso-e-morto-furante-banho-de-sol-no-francisco-de-oliveira-conde\/\"]}]},{\"@type\":\"ImageObject\",\"inLanguage\":\"pt-BR\",\"@id\":\"https:\/\/nk7-testes.com.br\/agazeta\/preso-e-morto-furante-banho-de-sol-no-francisco-de-oliveira-conde\/#primaryimage\",\"url\":\"https:\/\/nk7-testes.com.br\/agazeta\/wp-content\/uploads\/2017\/01\/020117-policia-presomorto.jpg\",\"contentUrl\":\"https:\/\/nk7-testes.com.br\/agazeta\/wp-content\/uploads\/2017\/01\/020117-policia-presomorto.jpg\",\"width\":458,\"height\":340,\"caption\":\"020117-policia-presomorto\"},{\"@type\":\"BreadcrumbList\",\"@id\":\"https:\/\/nk7-testes.com.br\/agazeta\/preso-e-morto-furante-banho-de-sol-no-francisco-de-oliveira-conde\/#breadcrumb\",\"itemListElement\":[{\"@type\":\"ListItem\",\"position\":1,\"name\":\"In\u00edcio\",\"item\":\"https:\/\/nk7-testes.com.br\/agazeta\/\"},{\"@type\":\"ListItem\",\"position\":2,\"name\":\"Preso \u00e9 morto furante banho de sol no Francisco de Oliveira Conde\"}]},{\"@type\":\"WebSite\",\"@id\":\"https:\/\/nk7-testes.com.br\/agazeta\/#website\",\"url\":\"https:\/\/nk7-testes.com.br\/agazeta\/\",\"name\":\"Agazeta.net\",\"description\":\"Agazeta.net - Not\u00edcias de Rio Branco\/AC\",\"potentialAction\":[{\"@type\":\"SearchAction\",\"target\":{\"@type\":\"EntryPoint\",\"urlTemplate\":\"https:\/\/nk7-testes.com.br\/agazeta\/?s={search_term_string}\"},\"query-input\":{\"@type\":\"PropertyValueSpecification\",\"valueRequired\":true,\"valueName\":\"search_term_string\"}}],\"inLanguage\":\"pt-BR\"},{\"@type\":\"Person\",\"@id\":\"https:\/\/nk7-testes.com.br\/agazeta\/#\/schema\/person\/ff6b39d54d6973bfc57f4140f659b23f\",\"name\":\"Agazeta.Net\",\"url\":\"https:\/\/nk7-testes.com.br\/agazeta\/author\/agazeta\/\"}]}<\/script>\n<!-- \/ Yoast SEO plugin. -->","yoast_head_json":{"title":"Preso \u00e9 morto furante banho de sol no Francisco de Oliveira Conde - Agazeta.net","robots":{"index":"index","follow":"follow","max-snippet":"max-snippet:-1","max-image-preview":"max-image-preview:large","max-video-preview":"max-video-preview:-1"},"canonical":"https:\/\/nk7-testes.com.br\/agazeta\/preso-e-morto-furante-banho-de-sol-no-francisco-de-oliveira-conde\/","og_locale":"pt_BR","og_type":"article","og_title":"Preso \u00e9 morto furante banho de sol no Francisco de Oliveira Conde - Agazeta.net","og_description":"Agentes aguardam IML para retirada do corpo","og_url":"https:\/\/nk7-testes.com.br\/agazeta\/preso-e-morto-furante-banho-de-sol-no-francisco-de-oliveira-conde\/","og_site_name":"Agazeta.net","article_published_time":"2017-01-02T14:52:23+00:00","og_image":[{"width":458,"height":340,"url":"https:\/\/nk7-testes.com.br\/agazeta\/wp-content\/uploads\/2017\/01\/020117-policia-presomorto.jpg","type":"image\/jpeg"}],"author":"Agazeta.Net","twitter_card":"summary_large_image","twitter_misc":{"Escrito por":"Agazeta.Net","Est. tempo de leitura":"1 minuto"},"schema":{"@context":"https:\/\/schema.org","@graph":[{"@type":"WebPage","@id":"https:\/\/nk7-testes.com.br\/agazeta\/preso-e-morto-furante-banho-de-sol-no-francisco-de-oliveira-conde\/","url":"https:\/\/nk7-testes.com.br\/agazeta\/preso-e-morto-furante-banho-de-sol-no-francisco-de-oliveira-conde\/","name":"Preso \u00e9 morto furante banho de sol no Francisco de Oliveira Conde - Agazeta.net","isPartOf":{"@id":"https:\/\/nk7-testes.com.br\/agazeta\/#website"},"primaryImageOfPage":{"@id":"https:\/\/nk7-testes.com.br\/agazeta\/preso-e-morto-furante-banho-de-sol-no-francisco-de-oliveira-conde\/#primaryimage"},"image":{"@id":"https:\/\/nk7-testes.com.br\/agazeta\/preso-e-morto-furante-banho-de-sol-no-francisco-de-oliveira-conde\/#primaryimage"},"thumbnailUrl":"https:\/\/nk7-testes.com.br\/agazeta\/wp-content\/uploads\/2017\/01\/020117-policia-presomorto.jpg","datePublished":"2017-01-02T14:52:23+00:00","author":{"@id":"https:\/\/nk7-testes.com.br\/agazeta\/#\/schema\/person\/ff6b39d54d6973bfc57f4140f659b23f"},"breadcrumb":{"@id":"https:\/\/nk7-testes.com.br\/agazeta\/preso-e-morto-furante-banho-de-sol-no-francisco-de-oliveira-conde\/#breadcrumb"},"inLanguage":"pt-BR","potentialAction":[{"@type":"ReadAction","target":["https:\/\/nk7-testes.com.br\/agazeta\/preso-e-morto-furante-banho-de-sol-no-francisco-de-oliveira-conde\/"]}]},{"@type":"ImageObject","inLanguage":"pt-BR","@id":"https:\/\/nk7-testes.com.br\/agazeta\/preso-e-morto-furante-banho-de-sol-no-francisco-de-oliveira-conde\/#primaryimage","url":"https:\/\/nk7-testes.com.br\/agazeta\/wp-content\/uploads\/2017\/01\/020117-policia-presomorto.jpg","contentUrl":"https:\/\/nk7-testes.com.br\/agazeta\/wp-content\/uploads\/2017\/01\/020117-policia-presomorto.jpg","width":458,"height":340,"caption":"020117-policia-presomorto"},{"@type":"BreadcrumbList","@id":"https:\/\/nk7-testes.com.br\/agazeta\/preso-e-morto-furante-banho-de-sol-no-francisco-de-oliveira-conde\/#breadcrumb","itemListElement":[{"@type":"ListItem","position":1,"name":"In\u00edcio","item":"https:\/\/nk7-testes.com.br\/agazeta\/"},{"@type":"ListItem","position":2,"name":"Preso \u00e9 morto furante banho de sol no Francisco de Oliveira Conde"}]},{"@type":"WebSite","@id":"https:\/\/nk7-testes.com.br\/agazeta\/#website","url":"https:\/\/nk7-testes.com.br\/agazeta\/","name":"Agazeta.net","description":"Agazeta.net - Not\u00edcias de Rio Branco\/AC","potentialAction":[{"@type":"SearchAction","target":{"@type":"EntryPoint","urlTemplate":"https:\/\/nk7-testes.com.br\/agazeta\/?s={search_term_string}"},"query-input":{"@type":"PropertyValueSpecification","valueRequired":true,"valueName":"search_term_string"}}],"inLanguage":"pt-BR"},{"@type":"Person","@id":"https:\/\/nk7-testes.com.br\/agazeta\/#\/schema\/person\/ff6b39d54d6973bfc57f4140f659b23f","name":"Agazeta.Net","url":"https:\/\/nk7-testes.com.br\/agazeta\/author\/agazeta\/"}]}},"_links":{"self":[{"href":"https:\/\/nk7-testes.com.br\/agazeta\/wp-json\/wp\/v2\/posts\/27187","targetHints":{"allow":["GET"]}}],"collection":[{"href":"https:\/\/nk7-testes.com.br\/agazeta\/wp-json\/wp\/v2\/posts"}],"about":[{"href":"https:\/\/nk7-testes.com.br\/agazeta\/wp-json\/wp\/v2\/types\/post"}],"author":[{"embeddable":true,"href":"https:\/\/nk7-testes.com.br\/agazeta\/wp-json\/wp\/v2\/users\/4"}],"replies":[{"embeddable":true,"href":"https:\/\/nk7-testes.com.br\/agazeta\/wp-json\/wp\/v2\/comments?post=27187"}],"version-history":[{"count":0,"href":"https:\/\/nk7-testes.com.br\/agazeta\/wp-json\/wp\/v2\/posts\/27187\/revisions"}],"wp:featuredmedia":[{"embeddable":true,"href":"https:\/\/nk7-testes.com.br\/agazeta\/wp-json\/wp\/v2\/media\/27186"}],"wp:attachment":[{"href":"https:\/\/nk7-testes.com.br\/agazeta\/wp-json\/wp\/v2\/media?parent=27187"}],"wp:term":[{"taxonomy":"category","embeddable":true,"href":"https:\/\/nk7-testes.com.br\/agazeta\/wp-json\/wp\/v2\/categories?post=27187"},{"taxonomy":"post_tag","embeddable":true,"href":"https:\/\/nk7-testes.com.br\/agazeta\/wp-json\/wp\/v2\/tags?post=27187"}],"curies":[{"name":"wp","href":"https:\/\/api.w.org\/{rel}","templated":true}]}}