{"id":27181,"date":"2017-01-01T22:34:52","date_gmt":"2017-01-01T22:34:52","guid":{"rendered":"https:\/\/abarevegan.com.br\/index.php\/2017\/01\/01\/hildebrando-e-beneficiado-com-prisao-domiciliar\/"},"modified":"2017-01-01T22:34:52","modified_gmt":"2017-01-01T22:34:52","slug":"hildebrando-e-beneficiado-com-prisao-domiciliar","status":"publish","type":"post","link":"https:\/\/nk7-testes.com.br\/agazeta\/hildebrando-e-beneficiado-com-prisao-domiciliar\/","title":{"rendered":"Hildebrando \u00e9 beneficiado com pris\u00e3o domiciliar"},"content":{"rendered":"<p style=\"text-align: justify;\">Espera h\u00e1 mais de um ano por per\u00edcia m\u00e9dica<\/p>\n<p style=\"text-align: justify;\">Justi\u00e7a concede pris\u00e3o domiciliar a Hildebrando Pascoal. O ex- coronel da Pol\u00edcia Militar do Acre poder\u00e1 ficar em casa cumprindo a pena no regime semiaberto, sendo monitorado por tornozeleira eletr\u00f4nica.<\/p>\n<p style=\"text-align: justify;\">A decis\u00e3o, visando \u00e0 concess\u00e3o de pris\u00e3o domiciliar a Hildebrando Pascoal Nogueira Neto, foi assinada no dia 30 de dezembro, \u00faltima sexta-feira, pela ju\u00edza da Vara de Execu\u00e7\u00f5es Penais, Luana Campos.<\/p>\n<p style=\"text-align: justify;\">A magistrada justificou que o apenado espera h\u00e1 mais de um ano por per\u00edcia m\u00e9dica, que o Estado n\u00e3o conclui.<\/p>\n<p style=\"text-align: justify;\">O Minist\u00e9rio P\u00fablico recorreu v\u00e1rias vezes das medidas que beneficiariam Hildebrando, como a progress\u00e3o de regime e pris\u00e3o domiciliar, alegando que n\u00e3o seria seguro, ele retornar \u00e0 sociedade. O ex-coronel, segundo o MP, deveria passar por per\u00edcia e avalia\u00e7\u00e3o psiqui\u00e1trica minuciosa.<\/p>\n<p style=\"text-align: justify;\">Para a magistrada, a morosidade do Estado em efetivar e concluir os laudos n\u00e3o pode prejudicar o apenado.<\/p>\n<p style=\"text-align: justify;\">De acordo com a ju\u00edza Luana Campos, Hildebrando deve ficar recolhido em casa e s\u00f3 pode sair para tratamento m\u00e9dico. Al\u00e9m de utilizar a tornozeleira eletr\u00f4nica, ele tamb\u00e9m dever\u00e1 seguir 12 condi\u00e7\u00f5es expostas na decis\u00e3o judicial, que concedeu a pris\u00e3o domiciliar.<\/p>\n<p style=\"text-align: justify;\">Entre as exig\u00eancias est\u00e1 a de n\u00e3o se ausentar de Rio Branco, n\u00e3o frequentar bares, estabelecimentos onde h\u00e1 comercializa\u00e7\u00e3o de bebidas alco\u00f3licas, manter a tornozeleira sempre carregada, n\u00e3o se envolver em crimes e sujeitar-se \u00e0 fiscaliza\u00e7\u00e3o das autoridades competentes e seus servidores.<\/p>\n<p style=\"text-align: justify;\">Caso descumpra as regras determinadas pela ju\u00edza, Hildebrando perde o benef\u00edcio da pris\u00e3o domiciliar e corre o risco de regredir de regime.<\/p>\n","protected":false},"excerpt":{"rendered":"<p style=\"text-align: justify;\">Espera h\u00e1 mais de um ano por per\u00edcia m\u00e9dica<\/p>\n","protected":false},"author":4,"featured_media":24661,"comment_status":"open","ping_status":"open","sticky":false,"template":"","format":"standard","meta":{"jnews-multi-image_gallery":[],"jnews_single_post":[],"jnews_primary_category":[],"jnews_social_meta":[],"jnews_review":[],"enable_review":"","type":"","name":"","summary":"","brand":"","sku":"","good":[],"bad":[],"score_override":"","override_value":"","rating":[],"price":[],"footnotes":""},"categories":[44],"tags":[],"class_list":["post-27181","post","type-post","status-publish","format-standard","has-post-thumbnail","hentry","category-policia"],"yoast_head":"<!-- This site is optimized with the Yoast SEO plugin v26.5 - https:\/\/yoast.com\/wordpress\/plugins\/seo\/ -->\n<title>Hildebrando \u00e9 beneficiado com pris\u00e3o domiciliar - Agazeta.net<\/title>\n<meta name=\"robots\" content=\"index, follow, max-snippet:-1, max-image-preview:large, max-video-preview:-1\" \/>\n<link rel=\"canonical\" href=\"https:\/\/nk7-testes.com.br\/agazeta\/hildebrando-e-beneficiado-com-prisao-domiciliar\/\" \/>\n<meta property=\"og:locale\" content=\"pt_BR\" \/>\n<meta property=\"og:type\" content=\"article\" \/>\n<meta property=\"og:title\" content=\"Hildebrando \u00e9 beneficiado com pris\u00e3o domiciliar - Agazeta.net\" \/>\n<meta property=\"og:description\" content=\"Espera h\u00e1 mais de um ano por per\u00edcia m\u00e9dica\" \/>\n<meta property=\"og:url\" content=\"https:\/\/nk7-testes.com.br\/agazeta\/hildebrando-e-beneficiado-com-prisao-domiciliar\/\" \/>\n<meta property=\"og:site_name\" content=\"Agazeta.net\" \/>\n<meta property=\"article:published_time\" content=\"2017-01-01T22:34:52+00:00\" \/>\n<meta property=\"og:image\" content=\"https:\/\/nk7-testes.com.br\/agazeta\/wp-content\/uploads\/2016\/08\/220816-policia-hildebrandopascoal-tvgazeta.jpg\" \/>\n\t<meta property=\"og:image:width\" content=\"458\" \/>\n\t<meta property=\"og:image:height\" content=\"340\" \/>\n\t<meta property=\"og:image:type\" content=\"image\/jpeg\" \/>\n<meta name=\"author\" content=\"Agazeta.Net\" \/>\n<meta name=\"twitter:card\" content=\"summary_large_image\" \/>\n<meta name=\"twitter:label1\" content=\"Escrito por\" \/>\n\t<meta name=\"twitter:data1\" content=\"Agazeta.Net\" \/>\n\t<meta name=\"twitter:label2\" content=\"Est. tempo de leitura\" \/>\n\t<meta name=\"twitter:data2\" content=\"1 minuto\" \/>\n<script type=\"application\/ld+json\" class=\"yoast-schema-graph\">{\"@context\":\"https:\/\/schema.org\",\"@graph\":[{\"@type\":\"WebPage\",\"@id\":\"https:\/\/nk7-testes.com.br\/agazeta\/hildebrando-e-beneficiado-com-prisao-domiciliar\/\",\"url\":\"https:\/\/nk7-testes.com.br\/agazeta\/hildebrando-e-beneficiado-com-prisao-domiciliar\/\",\"name\":\"Hildebrando \u00e9 beneficiado com pris\u00e3o domiciliar - Agazeta.net\",\"isPartOf\":{\"@id\":\"https:\/\/nk7-testes.com.br\/agazeta\/#website\"},\"primaryImageOfPage\":{\"@id\":\"https:\/\/nk7-testes.com.br\/agazeta\/hildebrando-e-beneficiado-com-prisao-domiciliar\/#primaryimage\"},\"image\":{\"@id\":\"https:\/\/nk7-testes.com.br\/agazeta\/hildebrando-e-beneficiado-com-prisao-domiciliar\/#primaryimage\"},\"thumbnailUrl\":\"https:\/\/nk7-testes.com.br\/agazeta\/wp-content\/uploads\/2016\/08\/220816-policia-hildebrandopascoal-tvgazeta.jpg\",\"datePublished\":\"2017-01-01T22:34:52+00:00\",\"author\":{\"@id\":\"https:\/\/nk7-testes.com.br\/agazeta\/#\/schema\/person\/ff6b39d54d6973bfc57f4140f659b23f\"},\"breadcrumb\":{\"@id\":\"https:\/\/nk7-testes.com.br\/agazeta\/hildebrando-e-beneficiado-com-prisao-domiciliar\/#breadcrumb\"},\"inLanguage\":\"pt-BR\",\"potentialAction\":[{\"@type\":\"ReadAction\",\"target\":[\"https:\/\/nk7-testes.com.br\/agazeta\/hildebrando-e-beneficiado-com-prisao-domiciliar\/\"]}]},{\"@type\":\"ImageObject\",\"inLanguage\":\"pt-BR\",\"@id\":\"https:\/\/nk7-testes.com.br\/agazeta\/hildebrando-e-beneficiado-com-prisao-domiciliar\/#primaryimage\",\"url\":\"https:\/\/nk7-testes.com.br\/agazeta\/wp-content\/uploads\/2016\/08\/220816-policia-hildebrandopascoal-tvgazeta.jpg\",\"contentUrl\":\"https:\/\/nk7-testes.com.br\/agazeta\/wp-content\/uploads\/2016\/08\/220816-policia-hildebrandopascoal-tvgazeta.jpg\",\"width\":458,\"height\":340,\"caption\":\"220816-policia-hildebrandopascoal-tvgazeta\"},{\"@type\":\"BreadcrumbList\",\"@id\":\"https:\/\/nk7-testes.com.br\/agazeta\/hildebrando-e-beneficiado-com-prisao-domiciliar\/#breadcrumb\",\"itemListElement\":[{\"@type\":\"ListItem\",\"position\":1,\"name\":\"In\u00edcio\",\"item\":\"https:\/\/nk7-testes.com.br\/agazeta\/\"},{\"@type\":\"ListItem\",\"position\":2,\"name\":\"Hildebrando \u00e9 beneficiado com pris\u00e3o domiciliar\"}]},{\"@type\":\"WebSite\",\"@id\":\"https:\/\/nk7-testes.com.br\/agazeta\/#website\",\"url\":\"https:\/\/nk7-testes.com.br\/agazeta\/\",\"name\":\"Agazeta.net\",\"description\":\"Agazeta.net - Not\u00edcias de Rio Branco\/AC\",\"potentialAction\":[{\"@type\":\"SearchAction\",\"target\":{\"@type\":\"EntryPoint\",\"urlTemplate\":\"https:\/\/nk7-testes.com.br\/agazeta\/?s={search_term_string}\"},\"query-input\":{\"@type\":\"PropertyValueSpecification\",\"valueRequired\":true,\"valueName\":\"search_term_string\"}}],\"inLanguage\":\"pt-BR\"},{\"@type\":\"Person\",\"@id\":\"https:\/\/nk7-testes.com.br\/agazeta\/#\/schema\/person\/ff6b39d54d6973bfc57f4140f659b23f\",\"name\":\"Agazeta.Net\",\"url\":\"https:\/\/nk7-testes.com.br\/agazeta\/author\/agazeta\/\"}]}<\/script>\n<!-- \/ Yoast SEO plugin. -->","yoast_head_json":{"title":"Hildebrando \u00e9 beneficiado com pris\u00e3o domiciliar - Agazeta.net","robots":{"index":"index","follow":"follow","max-snippet":"max-snippet:-1","max-image-preview":"max-image-preview:large","max-video-preview":"max-video-preview:-1"},"canonical":"https:\/\/nk7-testes.com.br\/agazeta\/hildebrando-e-beneficiado-com-prisao-domiciliar\/","og_locale":"pt_BR","og_type":"article","og_title":"Hildebrando \u00e9 beneficiado com pris\u00e3o domiciliar - Agazeta.net","og_description":"Espera h\u00e1 mais de um ano por per\u00edcia m\u00e9dica","og_url":"https:\/\/nk7-testes.com.br\/agazeta\/hildebrando-e-beneficiado-com-prisao-domiciliar\/","og_site_name":"Agazeta.net","article_published_time":"2017-01-01T22:34:52+00:00","og_image":[{"width":458,"height":340,"url":"https:\/\/nk7-testes.com.br\/agazeta\/wp-content\/uploads\/2016\/08\/220816-policia-hildebrandopascoal-tvgazeta.jpg","type":"image\/jpeg"}],"author":"Agazeta.Net","twitter_card":"summary_large_image","twitter_misc":{"Escrito por":"Agazeta.Net","Est. tempo de leitura":"1 minuto"},"schema":{"@context":"https:\/\/schema.org","@graph":[{"@type":"WebPage","@id":"https:\/\/nk7-testes.com.br\/agazeta\/hildebrando-e-beneficiado-com-prisao-domiciliar\/","url":"https:\/\/nk7-testes.com.br\/agazeta\/hildebrando-e-beneficiado-com-prisao-domiciliar\/","name":"Hildebrando \u00e9 beneficiado com pris\u00e3o domiciliar - Agazeta.net","isPartOf":{"@id":"https:\/\/nk7-testes.com.br\/agazeta\/#website"},"primaryImageOfPage":{"@id":"https:\/\/nk7-testes.com.br\/agazeta\/hildebrando-e-beneficiado-com-prisao-domiciliar\/#primaryimage"},"image":{"@id":"https:\/\/nk7-testes.com.br\/agazeta\/hildebrando-e-beneficiado-com-prisao-domiciliar\/#primaryimage"},"thumbnailUrl":"https:\/\/nk7-testes.com.br\/agazeta\/wp-content\/uploads\/2016\/08\/220816-policia-hildebrandopascoal-tvgazeta.jpg","datePublished":"2017-01-01T22:34:52+00:00","author":{"@id":"https:\/\/nk7-testes.com.br\/agazeta\/#\/schema\/person\/ff6b39d54d6973bfc57f4140f659b23f"},"breadcrumb":{"@id":"https:\/\/nk7-testes.com.br\/agazeta\/hildebrando-e-beneficiado-com-prisao-domiciliar\/#breadcrumb"},"inLanguage":"pt-BR","potentialAction":[{"@type":"ReadAction","target":["https:\/\/nk7-testes.com.br\/agazeta\/hildebrando-e-beneficiado-com-prisao-domiciliar\/"]}]},{"@type":"ImageObject","inLanguage":"pt-BR","@id":"https:\/\/nk7-testes.com.br\/agazeta\/hildebrando-e-beneficiado-com-prisao-domiciliar\/#primaryimage","url":"https:\/\/nk7-testes.com.br\/agazeta\/wp-content\/uploads\/2016\/08\/220816-policia-hildebrandopascoal-tvgazeta.jpg","contentUrl":"https:\/\/nk7-testes.com.br\/agazeta\/wp-content\/uploads\/2016\/08\/220816-policia-hildebrandopascoal-tvgazeta.jpg","width":458,"height":340,"caption":"220816-policia-hildebrandopascoal-tvgazeta"},{"@type":"BreadcrumbList","@id":"https:\/\/nk7-testes.com.br\/agazeta\/hildebrando-e-beneficiado-com-prisao-domiciliar\/#breadcrumb","itemListElement":[{"@type":"ListItem","position":1,"name":"In\u00edcio","item":"https:\/\/nk7-testes.com.br\/agazeta\/"},{"@type":"ListItem","position":2,"name":"Hildebrando \u00e9 beneficiado com pris\u00e3o domiciliar"}]},{"@type":"WebSite","@id":"https:\/\/nk7-testes.com.br\/agazeta\/#website","url":"https:\/\/nk7-testes.com.br\/agazeta\/","name":"Agazeta.net","description":"Agazeta.net - Not\u00edcias de Rio Branco\/AC","potentialAction":[{"@type":"SearchAction","target":{"@type":"EntryPoint","urlTemplate":"https:\/\/nk7-testes.com.br\/agazeta\/?s={search_term_string}"},"query-input":{"@type":"PropertyValueSpecification","valueRequired":true,"valueName":"search_term_string"}}],"inLanguage":"pt-BR"},{"@type":"Person","@id":"https:\/\/nk7-testes.com.br\/agazeta\/#\/schema\/person\/ff6b39d54d6973bfc57f4140f659b23f","name":"Agazeta.Net","url":"https:\/\/nk7-testes.com.br\/agazeta\/author\/agazeta\/"}]}},"_links":{"self":[{"href":"https:\/\/nk7-testes.com.br\/agazeta\/wp-json\/wp\/v2\/posts\/27181","targetHints":{"allow":["GET"]}}],"collection":[{"href":"https:\/\/nk7-testes.com.br\/agazeta\/wp-json\/wp\/v2\/posts"}],"about":[{"href":"https:\/\/nk7-testes.com.br\/agazeta\/wp-json\/wp\/v2\/types\/post"}],"author":[{"embeddable":true,"href":"https:\/\/nk7-testes.com.br\/agazeta\/wp-json\/wp\/v2\/users\/4"}],"replies":[{"embeddable":true,"href":"https:\/\/nk7-testes.com.br\/agazeta\/wp-json\/wp\/v2\/comments?post=27181"}],"version-history":[{"count":0,"href":"https:\/\/nk7-testes.com.br\/agazeta\/wp-json\/wp\/v2\/posts\/27181\/revisions"}],"wp:featuredmedia":[{"embeddable":true,"href":"https:\/\/nk7-testes.com.br\/agazeta\/wp-json\/wp\/v2\/media\/24661"}],"wp:attachment":[{"href":"https:\/\/nk7-testes.com.br\/agazeta\/wp-json\/wp\/v2\/media?parent=27181"}],"wp:term":[{"taxonomy":"category","embeddable":true,"href":"https:\/\/nk7-testes.com.br\/agazeta\/wp-json\/wp\/v2\/categories?post=27181"},{"taxonomy":"post_tag","embeddable":true,"href":"https:\/\/nk7-testes.com.br\/agazeta\/wp-json\/wp\/v2\/tags?post=27181"}],"curies":[{"name":"wp","href":"https:\/\/api.w.org\/{rel}","templated":true}]}}