{"id":27149,"date":"2016-12-29T17:04:53","date_gmt":"2016-12-29T17:04:53","guid":{"rendered":"https:\/\/abarevegan.com.br\/index.php\/2016\/12\/29\/foragido-de-goias-e-preso-pela-pm-em-brasileia\/"},"modified":"2016-12-29T17:04:53","modified_gmt":"2016-12-29T17:04:53","slug":"foragido-de-goias-e-preso-pela-pm-em-brasileia","status":"publish","type":"post","link":"https:\/\/nk7-testes.com.br\/agazeta\/foragido-de-goias-e-preso-pela-pm-em-brasileia\/","title":{"rendered":"Foragido de Goi\u00e1s \u00e9 preso pela PM em Brasil\u00e9ia"},"content":{"rendered":"<p style=\"text-align: justify;\">Lucas foi flagrado tentando arrombar porta de igreja<\/p>\n<p style=\"text-align: justify;\">A Pol\u00edcia Militar do munic\u00edpio de Brasileia prendeu Lucas Ger\u00f4nimo Moreiras dos Santos, 19 anos. Ele foi flagrado por moradores tentando arrombar a porta de uma igreja.<\/p>\n<p style=\"text-align: justify;\">De acordo com a pol\u00edcia, foi levantado que Lucas teria sido deportado do pa\u00eds vizinho, o Peru. Sem dinheiro e documentos, ele foi visto arrombando uma igreja no Bairro Leonardo Barbosa e foi denunciado pelos moradores.<\/p>\n<p style=\"text-align: justify;\">Encontra-se muito agressivo numa das celas da delegacia de Brasil\u00e9ia, o jovem Lucas Ger\u00f4nimo Moreira dos Santos (19), natural de Goi\u00e1s (GO), de \u00e9 considerado foragido da Justi\u00e7a por praticar furtos na cidade de Jata\u00ed em agosto passado. Este teria sido flagrado pelo sistema de seguran\u00e7a de um mercantil, quando tentou furtar umas latas de embutidos.<\/p>\n<p style=\"text-align: justify;\">A equipe de policiais militares do 10\u00ba Batalh\u00e3o localizou o suspeito e o conduziu \u00e0 delegacia de Brasil\u00e9ia, onde identificaram que o jovem \u00e9 considerado foragido da Justi\u00e7a de Goi\u00e1s, sua terra natal, por ter praticado furtos na cidade de Jata\u00ed. Ao se defender, Lucas disse que haviam armado para ele e que vinha perambulando pelos pa\u00edses da Am\u00e9rica Latina nesses meses passados.<\/p>\n<p style=\"text-align: justify;\">Ele ir\u00e1 responder por danos ao patrim\u00f4nio.<\/p>\n","protected":false},"excerpt":{"rendered":"<p style=\"text-align: justify;\">Lucas foi flagrado tentando arrombar porta de igreja<\/p>\n","protected":false},"author":4,"featured_media":27148,"comment_status":"open","ping_status":"open","sticky":false,"template":"","format":"standard","meta":{"jnews-multi-image_gallery":[],"jnews_single_post":[],"jnews_primary_category":[],"jnews_social_meta":[],"jnews_review":[],"enable_review":"","type":"","name":"","summary":"","brand":"","sku":"","good":[],"bad":[],"score_override":"","override_value":"","rating":[],"price":[],"footnotes":""},"categories":[44],"tags":[],"class_list":["post-27149","post","type-post","status-publish","format-standard","has-post-thumbnail","hentry","category-policia"],"yoast_head":"<!-- This site is optimized with the Yoast SEO plugin v26.5 - https:\/\/yoast.com\/wordpress\/plugins\/seo\/ -->\n<title>Foragido de Goi\u00e1s \u00e9 preso pela PM em Brasil\u00e9ia - Agazeta.net<\/title>\n<meta name=\"robots\" content=\"index, follow, max-snippet:-1, max-image-preview:large, max-video-preview:-1\" \/>\n<link rel=\"canonical\" href=\"https:\/\/nk7-testes.com.br\/agazeta\/foragido-de-goias-e-preso-pela-pm-em-brasileia\/\" \/>\n<meta property=\"og:locale\" content=\"pt_BR\" \/>\n<meta property=\"og:type\" content=\"article\" \/>\n<meta property=\"og:title\" content=\"Foragido de Goi\u00e1s \u00e9 preso pela PM em Brasil\u00e9ia - Agazeta.net\" \/>\n<meta property=\"og:description\" content=\"Lucas foi flagrado tentando arrombar porta de igreja\" \/>\n<meta property=\"og:url\" content=\"https:\/\/nk7-testes.com.br\/agazeta\/foragido-de-goias-e-preso-pela-pm-em-brasileia\/\" \/>\n<meta property=\"og:site_name\" content=\"Agazeta.net\" \/>\n<meta property=\"article:published_time\" content=\"2016-12-29T17:04:53+00:00\" \/>\n<meta property=\"og:image\" content=\"https:\/\/nk7-testes.com.br\/agazeta\/wp-content\/uploads\/2016\/12\/291216-policia-foragido-goias.jpg\" \/>\n\t<meta property=\"og:image:width\" content=\"458\" \/>\n\t<meta property=\"og:image:height\" content=\"340\" \/>\n\t<meta property=\"og:image:type\" content=\"image\/jpeg\" \/>\n<meta name=\"author\" content=\"Agazeta.Net\" \/>\n<meta name=\"twitter:card\" content=\"summary_large_image\" \/>\n<meta name=\"twitter:label1\" content=\"Escrito por\" \/>\n\t<meta name=\"twitter:data1\" content=\"Agazeta.Net\" \/>\n\t<meta name=\"twitter:label2\" content=\"Est. tempo de leitura\" \/>\n\t<meta name=\"twitter:data2\" content=\"1 minuto\" \/>\n<script type=\"application\/ld+json\" class=\"yoast-schema-graph\">{\"@context\":\"https:\/\/schema.org\",\"@graph\":[{\"@type\":\"WebPage\",\"@id\":\"https:\/\/nk7-testes.com.br\/agazeta\/foragido-de-goias-e-preso-pela-pm-em-brasileia\/\",\"url\":\"https:\/\/nk7-testes.com.br\/agazeta\/foragido-de-goias-e-preso-pela-pm-em-brasileia\/\",\"name\":\"Foragido de Goi\u00e1s \u00e9 preso pela PM em Brasil\u00e9ia - Agazeta.net\",\"isPartOf\":{\"@id\":\"https:\/\/nk7-testes.com.br\/agazeta\/#website\"},\"primaryImageOfPage\":{\"@id\":\"https:\/\/nk7-testes.com.br\/agazeta\/foragido-de-goias-e-preso-pela-pm-em-brasileia\/#primaryimage\"},\"image\":{\"@id\":\"https:\/\/nk7-testes.com.br\/agazeta\/foragido-de-goias-e-preso-pela-pm-em-brasileia\/#primaryimage\"},\"thumbnailUrl\":\"https:\/\/nk7-testes.com.br\/agazeta\/wp-content\/uploads\/2016\/12\/291216-policia-foragido-goias.jpg\",\"datePublished\":\"2016-12-29T17:04:53+00:00\",\"author\":{\"@id\":\"https:\/\/nk7-testes.com.br\/agazeta\/#\/schema\/person\/ff6b39d54d6973bfc57f4140f659b23f\"},\"breadcrumb\":{\"@id\":\"https:\/\/nk7-testes.com.br\/agazeta\/foragido-de-goias-e-preso-pela-pm-em-brasileia\/#breadcrumb\"},\"inLanguage\":\"pt-BR\",\"potentialAction\":[{\"@type\":\"ReadAction\",\"target\":[\"https:\/\/nk7-testes.com.br\/agazeta\/foragido-de-goias-e-preso-pela-pm-em-brasileia\/\"]}]},{\"@type\":\"ImageObject\",\"inLanguage\":\"pt-BR\",\"@id\":\"https:\/\/nk7-testes.com.br\/agazeta\/foragido-de-goias-e-preso-pela-pm-em-brasileia\/#primaryimage\",\"url\":\"https:\/\/nk7-testes.com.br\/agazeta\/wp-content\/uploads\/2016\/12\/291216-policia-foragido-goias.jpg\",\"contentUrl\":\"https:\/\/nk7-testes.com.br\/agazeta\/wp-content\/uploads\/2016\/12\/291216-policia-foragido-goias.jpg\",\"width\":458,\"height\":340,\"caption\":\"291216-policia-foragido-goias\"},{\"@type\":\"BreadcrumbList\",\"@id\":\"https:\/\/nk7-testes.com.br\/agazeta\/foragido-de-goias-e-preso-pela-pm-em-brasileia\/#breadcrumb\",\"itemListElement\":[{\"@type\":\"ListItem\",\"position\":1,\"name\":\"In\u00edcio\",\"item\":\"https:\/\/nk7-testes.com.br\/agazeta\/\"},{\"@type\":\"ListItem\",\"position\":2,\"name\":\"Foragido de Goi\u00e1s \u00e9 preso pela PM em Brasil\u00e9ia\"}]},{\"@type\":\"WebSite\",\"@id\":\"https:\/\/nk7-testes.com.br\/agazeta\/#website\",\"url\":\"https:\/\/nk7-testes.com.br\/agazeta\/\",\"name\":\"Agazeta.net\",\"description\":\"Agazeta.net - Not\u00edcias de Rio Branco\/AC\",\"potentialAction\":[{\"@type\":\"SearchAction\",\"target\":{\"@type\":\"EntryPoint\",\"urlTemplate\":\"https:\/\/nk7-testes.com.br\/agazeta\/?s={search_term_string}\"},\"query-input\":{\"@type\":\"PropertyValueSpecification\",\"valueRequired\":true,\"valueName\":\"search_term_string\"}}],\"inLanguage\":\"pt-BR\"},{\"@type\":\"Person\",\"@id\":\"https:\/\/nk7-testes.com.br\/agazeta\/#\/schema\/person\/ff6b39d54d6973bfc57f4140f659b23f\",\"name\":\"Agazeta.Net\",\"url\":\"https:\/\/nk7-testes.com.br\/agazeta\/author\/agazeta\/\"}]}<\/script>\n<!-- \/ Yoast SEO plugin. -->","yoast_head_json":{"title":"Foragido de Goi\u00e1s \u00e9 preso pela PM em Brasil\u00e9ia - Agazeta.net","robots":{"index":"index","follow":"follow","max-snippet":"max-snippet:-1","max-image-preview":"max-image-preview:large","max-video-preview":"max-video-preview:-1"},"canonical":"https:\/\/nk7-testes.com.br\/agazeta\/foragido-de-goias-e-preso-pela-pm-em-brasileia\/","og_locale":"pt_BR","og_type":"article","og_title":"Foragido de Goi\u00e1s \u00e9 preso pela PM em Brasil\u00e9ia - Agazeta.net","og_description":"Lucas foi flagrado tentando arrombar porta de igreja","og_url":"https:\/\/nk7-testes.com.br\/agazeta\/foragido-de-goias-e-preso-pela-pm-em-brasileia\/","og_site_name":"Agazeta.net","article_published_time":"2016-12-29T17:04:53+00:00","og_image":[{"width":458,"height":340,"url":"https:\/\/nk7-testes.com.br\/agazeta\/wp-content\/uploads\/2016\/12\/291216-policia-foragido-goias.jpg","type":"image\/jpeg"}],"author":"Agazeta.Net","twitter_card":"summary_large_image","twitter_misc":{"Escrito por":"Agazeta.Net","Est. tempo de leitura":"1 minuto"},"schema":{"@context":"https:\/\/schema.org","@graph":[{"@type":"WebPage","@id":"https:\/\/nk7-testes.com.br\/agazeta\/foragido-de-goias-e-preso-pela-pm-em-brasileia\/","url":"https:\/\/nk7-testes.com.br\/agazeta\/foragido-de-goias-e-preso-pela-pm-em-brasileia\/","name":"Foragido de Goi\u00e1s \u00e9 preso pela PM em Brasil\u00e9ia - Agazeta.net","isPartOf":{"@id":"https:\/\/nk7-testes.com.br\/agazeta\/#website"},"primaryImageOfPage":{"@id":"https:\/\/nk7-testes.com.br\/agazeta\/foragido-de-goias-e-preso-pela-pm-em-brasileia\/#primaryimage"},"image":{"@id":"https:\/\/nk7-testes.com.br\/agazeta\/foragido-de-goias-e-preso-pela-pm-em-brasileia\/#primaryimage"},"thumbnailUrl":"https:\/\/nk7-testes.com.br\/agazeta\/wp-content\/uploads\/2016\/12\/291216-policia-foragido-goias.jpg","datePublished":"2016-12-29T17:04:53+00:00","author":{"@id":"https:\/\/nk7-testes.com.br\/agazeta\/#\/schema\/person\/ff6b39d54d6973bfc57f4140f659b23f"},"breadcrumb":{"@id":"https:\/\/nk7-testes.com.br\/agazeta\/foragido-de-goias-e-preso-pela-pm-em-brasileia\/#breadcrumb"},"inLanguage":"pt-BR","potentialAction":[{"@type":"ReadAction","target":["https:\/\/nk7-testes.com.br\/agazeta\/foragido-de-goias-e-preso-pela-pm-em-brasileia\/"]}]},{"@type":"ImageObject","inLanguage":"pt-BR","@id":"https:\/\/nk7-testes.com.br\/agazeta\/foragido-de-goias-e-preso-pela-pm-em-brasileia\/#primaryimage","url":"https:\/\/nk7-testes.com.br\/agazeta\/wp-content\/uploads\/2016\/12\/291216-policia-foragido-goias.jpg","contentUrl":"https:\/\/nk7-testes.com.br\/agazeta\/wp-content\/uploads\/2016\/12\/291216-policia-foragido-goias.jpg","width":458,"height":340,"caption":"291216-policia-foragido-goias"},{"@type":"BreadcrumbList","@id":"https:\/\/nk7-testes.com.br\/agazeta\/foragido-de-goias-e-preso-pela-pm-em-brasileia\/#breadcrumb","itemListElement":[{"@type":"ListItem","position":1,"name":"In\u00edcio","item":"https:\/\/nk7-testes.com.br\/agazeta\/"},{"@type":"ListItem","position":2,"name":"Foragido de Goi\u00e1s \u00e9 preso pela PM em Brasil\u00e9ia"}]},{"@type":"WebSite","@id":"https:\/\/nk7-testes.com.br\/agazeta\/#website","url":"https:\/\/nk7-testes.com.br\/agazeta\/","name":"Agazeta.net","description":"Agazeta.net - Not\u00edcias de Rio Branco\/AC","potentialAction":[{"@type":"SearchAction","target":{"@type":"EntryPoint","urlTemplate":"https:\/\/nk7-testes.com.br\/agazeta\/?s={search_term_string}"},"query-input":{"@type":"PropertyValueSpecification","valueRequired":true,"valueName":"search_term_string"}}],"inLanguage":"pt-BR"},{"@type":"Person","@id":"https:\/\/nk7-testes.com.br\/agazeta\/#\/schema\/person\/ff6b39d54d6973bfc57f4140f659b23f","name":"Agazeta.Net","url":"https:\/\/nk7-testes.com.br\/agazeta\/author\/agazeta\/"}]}},"_links":{"self":[{"href":"https:\/\/nk7-testes.com.br\/agazeta\/wp-json\/wp\/v2\/posts\/27149","targetHints":{"allow":["GET"]}}],"collection":[{"href":"https:\/\/nk7-testes.com.br\/agazeta\/wp-json\/wp\/v2\/posts"}],"about":[{"href":"https:\/\/nk7-testes.com.br\/agazeta\/wp-json\/wp\/v2\/types\/post"}],"author":[{"embeddable":true,"href":"https:\/\/nk7-testes.com.br\/agazeta\/wp-json\/wp\/v2\/users\/4"}],"replies":[{"embeddable":true,"href":"https:\/\/nk7-testes.com.br\/agazeta\/wp-json\/wp\/v2\/comments?post=27149"}],"version-history":[{"count":0,"href":"https:\/\/nk7-testes.com.br\/agazeta\/wp-json\/wp\/v2\/posts\/27149\/revisions"}],"wp:featuredmedia":[{"embeddable":true,"href":"https:\/\/nk7-testes.com.br\/agazeta\/wp-json\/wp\/v2\/media\/27148"}],"wp:attachment":[{"href":"https:\/\/nk7-testes.com.br\/agazeta\/wp-json\/wp\/v2\/media?parent=27149"}],"wp:term":[{"taxonomy":"category","embeddable":true,"href":"https:\/\/nk7-testes.com.br\/agazeta\/wp-json\/wp\/v2\/categories?post=27149"},{"taxonomy":"post_tag","embeddable":true,"href":"https:\/\/nk7-testes.com.br\/agazeta\/wp-json\/wp\/v2\/tags?post=27149"}],"curies":[{"name":"wp","href":"https:\/\/api.w.org\/{rel}","templated":true}]}}