{"id":27143,"date":"2016-12-29T13:44:53","date_gmt":"2016-12-29T13:44:53","guid":{"rendered":"https:\/\/abarevegan.com.br\/index.php\/2016\/12\/29\/furtos-no-manoel-juliao-moda-e-levar-pneus\/"},"modified":"2016-12-29T13:44:53","modified_gmt":"2016-12-29T13:44:53","slug":"furtos-no-manoel-juliao-moda-e-levar-pneus","status":"publish","type":"post","link":"https:\/\/nk7-testes.com.br\/agazeta\/furtos-no-manoel-juliao-moda-e-levar-pneus\/","title":{"rendered":"Furtos no Manoel Juli\u00e3o: moda \u00e9 levar pneus"},"content":{"rendered":"<p style=\"text-align: justify;\">Esta cena \u00e9 cada vez mais comum no bairro<\/p>\n<p style=\"text-align: justify;\">Moradores do Conjunto Manoel Juli\u00e3o est\u00e3o assombrados com onda de furtos a ve\u00edculos. Os criminosos atacam a noite e levam rodas, pneus, quando n\u00e3o quebram vidros para roubar objetos.<\/p>\n<p style=\"text-align: justify;\">A propriet\u00e1ria do ve\u00edculo que pede pra n\u00e3o ser identificada explica que por volta das 2 da madrugada uma vizinha ouviu barulho estranho do lado de fora do pr\u00e9dio, mas n\u00e3o deu aten\u00e7\u00e3o.<\/p>\n<p style=\"text-align: justify;\">Quando ela saiu de casa, encontrou o ve\u00edculo depenado. \u201cOs vizinhos disseram que o carro tinha sido roubado, de imediato pensei que tinha sido vidros, coisa mais simples, a\u00ed quando a gente desceu constatou que foram rodas, pneus e tudo e o carro estava praticamente no ch\u00e3o\u201d.<\/p>\n<p style=\"text-align: justify;\">As fotos mostram o resultado do furto noturno. Em baixo do carro s\u00f3 restou o macaco que foi usado pra retirar os pneus e as rodas. Tamb\u00e9m restou o preju\u00edzo de R$ 5 mil.<\/p>\n<p style=\"text-align: justify;\">A v\u00edtima mora no bloco E do Conjunto Manoel Juli\u00e3o. Segundo moradores, a regi\u00e3o registra uma s\u00e9rie de furtos a ve\u00edculos. &#8220;Em 2016 aproximadamente uns 40 ve\u00edculos j\u00e1 foram roubados aqui&#8221;, afirma um morador que tamb\u00e9m pediu para preservar a identidade.<\/p>\n<p style=\"text-align: justify;\">&#8220;A gente fica com sentimento de abandono praticamente por que a gente n\u00e3o sabe a quem recorrer. A gente vai \u00e0 delegacia e sente que n\u00e3o vai ser feito nada. Se sente abandonado&#8221;, desabafa a v\u00edtima.<\/p>\n<p style=\"text-align: justify;\">As poucas vagas de garagens foram constru\u00eddas por moradores mais antigos. Quem aluga apartamentos no condom\u00ednio, na maioria dos casos n\u00e3o tem onde deixar o ve\u00edculo.<\/p>\n<p style=\"text-align: justify;\">Garagens abandonadas nas proximidades preocupam os moradores do Conjunto. Elas est\u00e3o servindo de abrigo a usu\u00e1rios de drogas que tamb\u00e9m consomem entorpecente na pra\u00e7a ao lado dos pr\u00e9dios.<\/p>\n<p style=\"text-align: justify;\">O local \u00e9 conhecido como pra\u00e7a das bruxas, de t\u00e3o escuro e perigoso que \u00e9 a noite. Aos fundos fica um pr\u00e9dio da Pol\u00edcia Civil e do outro lado, uma escola p\u00fablica.<br \/>Os moradores afirmam que j\u00e1 buscaram ajuda, mas por enquanto est\u00e3o no aguardo das solu\u00e7\u00f5es para os problemas que envolvem a seguran\u00e7a da comunidade.<\/p>\n<p style=\"text-align: justify;\">&#8220;Segundo o nosso s\u00edndico do condom\u00ednio, o Michel, ele j\u00e1 tentou fazer den\u00fancias nos \u00f3rg\u00e3os competentes e nada \u00e9 feito. Eu pe\u00e7o ao seu Marcos Alexandre que ele possa mandar uma equipe aqui pra ver, um trator pra derrubar as garagens inativas, que s\u00f3 servem pra ficar usu\u00e1rios de drogas, e que possa resolver a nossa situa\u00e7\u00e3o aqui no Manoel Juli\u00e3o&#8221;, reivindica outro morador.<\/p>\n<p style=\"text-align: justify;\">Coincidentemente, enquanto registr\u00e1vamos imagens no local, uma equipe de empresa n\u00e3o identificada fazia a instala\u00e7\u00e3o de postes e l\u00e2mpadas na pra\u00e7a. No mesmo dia, o local tamb\u00e9m foi contemplado por limpeza do mato.<\/p>\n","protected":false},"excerpt":{"rendered":"<p style=\"text-align: justify;\">Esta cena \u00e9 cada vez mais comum no bairro<\/p>\n","protected":false},"author":4,"featured_media":27142,"comment_status":"open","ping_status":"open","sticky":false,"template":"","format":"standard","meta":{"jnews-multi-image_gallery":[],"jnews_single_post":[],"jnews_primary_category":[],"jnews_social_meta":[],"jnews_review":[],"enable_review":"","type":"","name":"","summary":"","brand":"","sku":"","good":[],"bad":[],"score_override":"","override_value":"","rating":[],"price":[],"footnotes":""},"categories":[44],"tags":[],"class_list":["post-27143","post","type-post","status-publish","format-standard","has-post-thumbnail","hentry","category-policia"],"yoast_head":"<!-- This site is optimized with the Yoast SEO plugin v26.5 - https:\/\/yoast.com\/wordpress\/plugins\/seo\/ -->\n<title>Furtos no Manoel Juli\u00e3o: moda \u00e9 levar pneus - Agazeta.net<\/title>\n<meta name=\"robots\" content=\"index, follow, max-snippet:-1, max-image-preview:large, max-video-preview:-1\" \/>\n<link rel=\"canonical\" href=\"https:\/\/nk7-testes.com.br\/agazeta\/furtos-no-manoel-juliao-moda-e-levar-pneus\/\" \/>\n<meta property=\"og:locale\" content=\"pt_BR\" \/>\n<meta property=\"og:type\" content=\"article\" \/>\n<meta property=\"og:title\" content=\"Furtos no Manoel Juli\u00e3o: moda \u00e9 levar pneus - Agazeta.net\" \/>\n<meta property=\"og:description\" content=\"Esta cena \u00e9 cada vez mais comum no bairro\" \/>\n<meta property=\"og:url\" content=\"https:\/\/nk7-testes.com.br\/agazeta\/furtos-no-manoel-juliao-moda-e-levar-pneus\/\" \/>\n<meta property=\"og:site_name\" content=\"Agazeta.net\" \/>\n<meta property=\"article:published_time\" content=\"2016-12-29T13:44:53+00:00\" \/>\n<meta property=\"og:image\" content=\"https:\/\/nk7-testes.com.br\/agazeta\/wp-content\/uploads\/2016\/12\/291216-policia-furtopneu-cedida.jpg\" \/>\n\t<meta property=\"og:image:width\" content=\"458\" \/>\n\t<meta property=\"og:image:height\" content=\"340\" \/>\n\t<meta property=\"og:image:type\" content=\"image\/jpeg\" \/>\n<meta name=\"author\" content=\"Agazeta.Net\" \/>\n<meta name=\"twitter:card\" content=\"summary_large_image\" \/>\n<meta name=\"twitter:label1\" content=\"Escrito por\" \/>\n\t<meta name=\"twitter:data1\" content=\"Agazeta.Net\" \/>\n\t<meta name=\"twitter:label2\" content=\"Est. tempo de leitura\" \/>\n\t<meta name=\"twitter:data2\" content=\"2 minutos\" \/>\n<script type=\"application\/ld+json\" class=\"yoast-schema-graph\">{\"@context\":\"https:\/\/schema.org\",\"@graph\":[{\"@type\":\"WebPage\",\"@id\":\"https:\/\/nk7-testes.com.br\/agazeta\/furtos-no-manoel-juliao-moda-e-levar-pneus\/\",\"url\":\"https:\/\/nk7-testes.com.br\/agazeta\/furtos-no-manoel-juliao-moda-e-levar-pneus\/\",\"name\":\"Furtos no Manoel Juli\u00e3o: moda \u00e9 levar pneus - Agazeta.net\",\"isPartOf\":{\"@id\":\"https:\/\/nk7-testes.com.br\/agazeta\/#website\"},\"primaryImageOfPage\":{\"@id\":\"https:\/\/nk7-testes.com.br\/agazeta\/furtos-no-manoel-juliao-moda-e-levar-pneus\/#primaryimage\"},\"image\":{\"@id\":\"https:\/\/nk7-testes.com.br\/agazeta\/furtos-no-manoel-juliao-moda-e-levar-pneus\/#primaryimage\"},\"thumbnailUrl\":\"https:\/\/nk7-testes.com.br\/agazeta\/wp-content\/uploads\/2016\/12\/291216-policia-furtopneu-cedida.jpg\",\"datePublished\":\"2016-12-29T13:44:53+00:00\",\"author\":{\"@id\":\"https:\/\/nk7-testes.com.br\/agazeta\/#\/schema\/person\/ff6b39d54d6973bfc57f4140f659b23f\"},\"breadcrumb\":{\"@id\":\"https:\/\/nk7-testes.com.br\/agazeta\/furtos-no-manoel-juliao-moda-e-levar-pneus\/#breadcrumb\"},\"inLanguage\":\"pt-BR\",\"potentialAction\":[{\"@type\":\"ReadAction\",\"target\":[\"https:\/\/nk7-testes.com.br\/agazeta\/furtos-no-manoel-juliao-moda-e-levar-pneus\/\"]}]},{\"@type\":\"ImageObject\",\"inLanguage\":\"pt-BR\",\"@id\":\"https:\/\/nk7-testes.com.br\/agazeta\/furtos-no-manoel-juliao-moda-e-levar-pneus\/#primaryimage\",\"url\":\"https:\/\/nk7-testes.com.br\/agazeta\/wp-content\/uploads\/2016\/12\/291216-policia-furtopneu-cedida.jpg\",\"contentUrl\":\"https:\/\/nk7-testes.com.br\/agazeta\/wp-content\/uploads\/2016\/12\/291216-policia-furtopneu-cedida.jpg\",\"width\":458,\"height\":340,\"caption\":\"291216-policia-furtopneu-cedida\"},{\"@type\":\"BreadcrumbList\",\"@id\":\"https:\/\/nk7-testes.com.br\/agazeta\/furtos-no-manoel-juliao-moda-e-levar-pneus\/#breadcrumb\",\"itemListElement\":[{\"@type\":\"ListItem\",\"position\":1,\"name\":\"In\u00edcio\",\"item\":\"https:\/\/nk7-testes.com.br\/agazeta\/\"},{\"@type\":\"ListItem\",\"position\":2,\"name\":\"Furtos no Manoel Juli\u00e3o: moda \u00e9 levar pneus\"}]},{\"@type\":\"WebSite\",\"@id\":\"https:\/\/nk7-testes.com.br\/agazeta\/#website\",\"url\":\"https:\/\/nk7-testes.com.br\/agazeta\/\",\"name\":\"Agazeta.net\",\"description\":\"Agazeta.net - Not\u00edcias de Rio Branco\/AC\",\"potentialAction\":[{\"@type\":\"SearchAction\",\"target\":{\"@type\":\"EntryPoint\",\"urlTemplate\":\"https:\/\/nk7-testes.com.br\/agazeta\/?s={search_term_string}\"},\"query-input\":{\"@type\":\"PropertyValueSpecification\",\"valueRequired\":true,\"valueName\":\"search_term_string\"}}],\"inLanguage\":\"pt-BR\"},{\"@type\":\"Person\",\"@id\":\"https:\/\/nk7-testes.com.br\/agazeta\/#\/schema\/person\/ff6b39d54d6973bfc57f4140f659b23f\",\"name\":\"Agazeta.Net\",\"url\":\"https:\/\/nk7-testes.com.br\/agazeta\/author\/agazeta\/\"}]}<\/script>\n<!-- \/ Yoast SEO plugin. -->","yoast_head_json":{"title":"Furtos no Manoel Juli\u00e3o: moda \u00e9 levar pneus - Agazeta.net","robots":{"index":"index","follow":"follow","max-snippet":"max-snippet:-1","max-image-preview":"max-image-preview:large","max-video-preview":"max-video-preview:-1"},"canonical":"https:\/\/nk7-testes.com.br\/agazeta\/furtos-no-manoel-juliao-moda-e-levar-pneus\/","og_locale":"pt_BR","og_type":"article","og_title":"Furtos no Manoel Juli\u00e3o: moda \u00e9 levar pneus - Agazeta.net","og_description":"Esta cena \u00e9 cada vez mais comum no bairro","og_url":"https:\/\/nk7-testes.com.br\/agazeta\/furtos-no-manoel-juliao-moda-e-levar-pneus\/","og_site_name":"Agazeta.net","article_published_time":"2016-12-29T13:44:53+00:00","og_image":[{"width":458,"height":340,"url":"https:\/\/nk7-testes.com.br\/agazeta\/wp-content\/uploads\/2016\/12\/291216-policia-furtopneu-cedida.jpg","type":"image\/jpeg"}],"author":"Agazeta.Net","twitter_card":"summary_large_image","twitter_misc":{"Escrito por":"Agazeta.Net","Est. tempo de leitura":"2 minutos"},"schema":{"@context":"https:\/\/schema.org","@graph":[{"@type":"WebPage","@id":"https:\/\/nk7-testes.com.br\/agazeta\/furtos-no-manoel-juliao-moda-e-levar-pneus\/","url":"https:\/\/nk7-testes.com.br\/agazeta\/furtos-no-manoel-juliao-moda-e-levar-pneus\/","name":"Furtos no Manoel Juli\u00e3o: moda \u00e9 levar pneus - Agazeta.net","isPartOf":{"@id":"https:\/\/nk7-testes.com.br\/agazeta\/#website"},"primaryImageOfPage":{"@id":"https:\/\/nk7-testes.com.br\/agazeta\/furtos-no-manoel-juliao-moda-e-levar-pneus\/#primaryimage"},"image":{"@id":"https:\/\/nk7-testes.com.br\/agazeta\/furtos-no-manoel-juliao-moda-e-levar-pneus\/#primaryimage"},"thumbnailUrl":"https:\/\/nk7-testes.com.br\/agazeta\/wp-content\/uploads\/2016\/12\/291216-policia-furtopneu-cedida.jpg","datePublished":"2016-12-29T13:44:53+00:00","author":{"@id":"https:\/\/nk7-testes.com.br\/agazeta\/#\/schema\/person\/ff6b39d54d6973bfc57f4140f659b23f"},"breadcrumb":{"@id":"https:\/\/nk7-testes.com.br\/agazeta\/furtos-no-manoel-juliao-moda-e-levar-pneus\/#breadcrumb"},"inLanguage":"pt-BR","potentialAction":[{"@type":"ReadAction","target":["https:\/\/nk7-testes.com.br\/agazeta\/furtos-no-manoel-juliao-moda-e-levar-pneus\/"]}]},{"@type":"ImageObject","inLanguage":"pt-BR","@id":"https:\/\/nk7-testes.com.br\/agazeta\/furtos-no-manoel-juliao-moda-e-levar-pneus\/#primaryimage","url":"https:\/\/nk7-testes.com.br\/agazeta\/wp-content\/uploads\/2016\/12\/291216-policia-furtopneu-cedida.jpg","contentUrl":"https:\/\/nk7-testes.com.br\/agazeta\/wp-content\/uploads\/2016\/12\/291216-policia-furtopneu-cedida.jpg","width":458,"height":340,"caption":"291216-policia-furtopneu-cedida"},{"@type":"BreadcrumbList","@id":"https:\/\/nk7-testes.com.br\/agazeta\/furtos-no-manoel-juliao-moda-e-levar-pneus\/#breadcrumb","itemListElement":[{"@type":"ListItem","position":1,"name":"In\u00edcio","item":"https:\/\/nk7-testes.com.br\/agazeta\/"},{"@type":"ListItem","position":2,"name":"Furtos no Manoel Juli\u00e3o: moda \u00e9 levar pneus"}]},{"@type":"WebSite","@id":"https:\/\/nk7-testes.com.br\/agazeta\/#website","url":"https:\/\/nk7-testes.com.br\/agazeta\/","name":"Agazeta.net","description":"Agazeta.net - Not\u00edcias de Rio Branco\/AC","potentialAction":[{"@type":"SearchAction","target":{"@type":"EntryPoint","urlTemplate":"https:\/\/nk7-testes.com.br\/agazeta\/?s={search_term_string}"},"query-input":{"@type":"PropertyValueSpecification","valueRequired":true,"valueName":"search_term_string"}}],"inLanguage":"pt-BR"},{"@type":"Person","@id":"https:\/\/nk7-testes.com.br\/agazeta\/#\/schema\/person\/ff6b39d54d6973bfc57f4140f659b23f","name":"Agazeta.Net","url":"https:\/\/nk7-testes.com.br\/agazeta\/author\/agazeta\/"}]}},"_links":{"self":[{"href":"https:\/\/nk7-testes.com.br\/agazeta\/wp-json\/wp\/v2\/posts\/27143","targetHints":{"allow":["GET"]}}],"collection":[{"href":"https:\/\/nk7-testes.com.br\/agazeta\/wp-json\/wp\/v2\/posts"}],"about":[{"href":"https:\/\/nk7-testes.com.br\/agazeta\/wp-json\/wp\/v2\/types\/post"}],"author":[{"embeddable":true,"href":"https:\/\/nk7-testes.com.br\/agazeta\/wp-json\/wp\/v2\/users\/4"}],"replies":[{"embeddable":true,"href":"https:\/\/nk7-testes.com.br\/agazeta\/wp-json\/wp\/v2\/comments?post=27143"}],"version-history":[{"count":0,"href":"https:\/\/nk7-testes.com.br\/agazeta\/wp-json\/wp\/v2\/posts\/27143\/revisions"}],"wp:featuredmedia":[{"embeddable":true,"href":"https:\/\/nk7-testes.com.br\/agazeta\/wp-json\/wp\/v2\/media\/27142"}],"wp:attachment":[{"href":"https:\/\/nk7-testes.com.br\/agazeta\/wp-json\/wp\/v2\/media?parent=27143"}],"wp:term":[{"taxonomy":"category","embeddable":true,"href":"https:\/\/nk7-testes.com.br\/agazeta\/wp-json\/wp\/v2\/categories?post=27143"},{"taxonomy":"post_tag","embeddable":true,"href":"https:\/\/nk7-testes.com.br\/agazeta\/wp-json\/wp\/v2\/tags?post=27143"}],"curies":[{"name":"wp","href":"https:\/\/api.w.org\/{rel}","templated":true}]}}