{"id":27129,"date":"2016-12-28T16:41:26","date_gmt":"2016-12-28T16:41:26","guid":{"rendered":"https:\/\/abarevegan.com.br\/index.php\/2016\/12\/28\/vereador-e-obrigado-a-permanecer-em-epitaciolandia\/"},"modified":"2016-12-28T16:41:26","modified_gmt":"2016-12-28T16:41:26","slug":"vereador-e-obrigado-a-permanecer-em-epitaciolandia","status":"publish","type":"post","link":"https:\/\/nk7-testes.com.br\/agazeta\/vereador-e-obrigado-a-permanecer-em-epitaciolandia\/","title":{"rendered":"Vereador \u00e9 obrigado a permanecer em Epitaciol\u00e2ndia"},"content":{"rendered":"<p style=\"text-align: justify;\">Restri\u00e7\u00f5es enquanto investiga\u00e7\u00e3o n\u00e3o \u00e9 conclu\u00edda<\/p>\n<p style=\"text-align: justify;\">O Ju\u00edzo da Vara Criminal da Comarca de Brasileia decidiu negar o pedido formulado pela defesa de Manoel Messias Rodrigues Lopes, vereador eleito de Epitaciol\u00e2ndia submetido a medidas cautelares gen\u00e9ricas pela suposta pr\u00e1tica do crime de estupro de vulner\u00e1vel, vedando, assim, sua participa\u00e7\u00e3o em festividades de fim de ano fora do domic\u00edlio, bem como em solenidade de posse e sess\u00f5es da C\u00e2mara Legislativa.<\/p>\n<p style=\"text-align: justify;\">A decis\u00e3o, do juiz de Direito Cl\u00f3vis Lodi, publicada na edi\u00e7\u00e3o n\u00ba 5.791 do Di\u00e1rio da Justi\u00e7a Eletr\u00f4nico (DJE, fl. 9), desta ter\u00e7a-feira (27), considerou que a inten\u00e7\u00e3o do acusado de \u201cmanter sua rotina com eventos na cidade, inclusive participando de festas (\u2026) n\u00e3o se coaduna com as medidas cautelares impostas\u201d, sendo que tamb\u00e9m n\u00e3o restaram comprovadas, nos autos, as datas e hor\u00e1rios dos compromissos oficiais, bem como a necess\u00e1ria \u201cimprescindibilidade de sua participa\u00e7\u00e3o\u201d nos eventos em quest\u00e3o.<\/p>\n<p style=\"text-align: justify;\">Entenda o caso<\/p>\n<p style=\"text-align: justify;\">Segundo os autos, Manoel Messias foi submetido, por for\u00e7a de decis\u00e3o judicial prolatada pelo Ju\u00edzo da Vara Criminal da Comarca de Brasileia, a medidas cautelares gen\u00e9ricas em processo no qual \u00e9 investigado por suposta pr\u00e1tica do crime de estupro de vulner\u00e1vel (art. 217-A do C\u00f3digo Penal) contra uma garota de 13 anos de idade.<\/p>\n<p style=\"text-align: justify;\">A decis\u00e3o considerou, \u201cem tese, presentes a materialidade delitiva e autoria\u201d, bem como o chamado \u2018fumus comissi delicti\u2019 (a \u201cfuma\u00e7a da exist\u00eancia do delito\u201d), a justificar a imposi\u00e7\u00e3o das medidas cautelares gen\u00e9ricas em desfavor do investigado, que incluem desde a proibi\u00e7\u00e3o de contato pessoal \u201cou por terceiros\u201d com a suposta v\u00edtima, familiares e testemunhas ao recolhimento domiciliar obrigat\u00f3rio a partir das 19 horas.<\/p>\n<p style=\"text-align: justify;\">A defesa, por sua vez, formulou pedido de autoriza\u00e7\u00e3o judicial para participa\u00e7\u00e3o em festividades de fim de ano, na solenidade de posse dos vereadores e prefeito daquela municipalidade, bem como nas sess\u00f5es ordin\u00e1rias e extraordin\u00e1rias da C\u00e2mara Municipal.<\/p>\n","protected":false},"excerpt":{"rendered":"<p style=\"text-align: justify;\">Restri\u00e7\u00f5es enquanto investiga\u00e7\u00e3o n\u00e3o \u00e9 conclu\u00edda<\/p>\n","protected":false},"author":4,"featured_media":27057,"comment_status":"open","ping_status":"open","sticky":false,"template":"","format":"standard","meta":{"jnews-multi-image_gallery":[],"jnews_single_post":[],"jnews_primary_category":[],"jnews_social_meta":[],"jnews_review":[],"enable_review":"","type":"","name":"","summary":"","brand":"","sku":"","good":[],"bad":[],"score_override":"","override_value":"","rating":[],"price":[],"footnotes":""},"categories":[44],"tags":[],"class_list":["post-27129","post","type-post","status-publish","format-standard","has-post-thumbnail","hentry","category-policia"],"yoast_head":"<!-- This site is optimized with the Yoast SEO plugin v26.5 - https:\/\/yoast.com\/wordpress\/plugins\/seo\/ -->\n<title>Vereador \u00e9 obrigado a permanecer em Epitaciol\u00e2ndia - Agazeta.net<\/title>\n<meta name=\"robots\" content=\"index, follow, max-snippet:-1, max-image-preview:large, max-video-preview:-1\" \/>\n<link rel=\"canonical\" href=\"https:\/\/nk7-testes.com.br\/agazeta\/vereador-e-obrigado-a-permanecer-em-epitaciolandia\/\" \/>\n<meta property=\"og:locale\" content=\"pt_BR\" \/>\n<meta property=\"og:type\" content=\"article\" \/>\n<meta property=\"og:title\" content=\"Vereador \u00e9 obrigado a permanecer em Epitaciol\u00e2ndia - Agazeta.net\" \/>\n<meta property=\"og:description\" content=\"Restri\u00e7\u00f5es enquanto investiga\u00e7\u00e3o n\u00e3o \u00e9 conclu\u00edda\" \/>\n<meta property=\"og:url\" content=\"https:\/\/nk7-testes.com.br\/agazeta\/vereador-e-obrigado-a-permanecer-em-epitaciolandia\/\" \/>\n<meta property=\"og:site_name\" content=\"Agazeta.net\" \/>\n<meta property=\"article:published_time\" content=\"2016-12-28T16:41:26+00:00\" \/>\n<meta property=\"og:image\" content=\"https:\/\/nk7-testes.com.br\/agazeta\/wp-content\/uploads\/2016\/12\/231216-policia-vereador-oaltoacre.jpg\" \/>\n\t<meta property=\"og:image:width\" content=\"458\" \/>\n\t<meta property=\"og:image:height\" content=\"340\" \/>\n\t<meta property=\"og:image:type\" content=\"image\/jpeg\" \/>\n<meta name=\"author\" content=\"Agazeta.Net\" \/>\n<meta name=\"twitter:card\" content=\"summary_large_image\" \/>\n<meta name=\"twitter:label1\" content=\"Escrito por\" \/>\n\t<meta name=\"twitter:data1\" content=\"Agazeta.Net\" \/>\n\t<meta name=\"twitter:label2\" content=\"Est. tempo de leitura\" \/>\n\t<meta name=\"twitter:data2\" content=\"2 minutos\" \/>\n<script type=\"application\/ld+json\" class=\"yoast-schema-graph\">{\"@context\":\"https:\/\/schema.org\",\"@graph\":[{\"@type\":\"WebPage\",\"@id\":\"https:\/\/nk7-testes.com.br\/agazeta\/vereador-e-obrigado-a-permanecer-em-epitaciolandia\/\",\"url\":\"https:\/\/nk7-testes.com.br\/agazeta\/vereador-e-obrigado-a-permanecer-em-epitaciolandia\/\",\"name\":\"Vereador \u00e9 obrigado a permanecer em Epitaciol\u00e2ndia - Agazeta.net\",\"isPartOf\":{\"@id\":\"https:\/\/nk7-testes.com.br\/agazeta\/#website\"},\"primaryImageOfPage\":{\"@id\":\"https:\/\/nk7-testes.com.br\/agazeta\/vereador-e-obrigado-a-permanecer-em-epitaciolandia\/#primaryimage\"},\"image\":{\"@id\":\"https:\/\/nk7-testes.com.br\/agazeta\/vereador-e-obrigado-a-permanecer-em-epitaciolandia\/#primaryimage\"},\"thumbnailUrl\":\"https:\/\/nk7-testes.com.br\/agazeta\/wp-content\/uploads\/2016\/12\/231216-policia-vereador-oaltoacre.jpg\",\"datePublished\":\"2016-12-28T16:41:26+00:00\",\"author\":{\"@id\":\"https:\/\/nk7-testes.com.br\/agazeta\/#\/schema\/person\/ff6b39d54d6973bfc57f4140f659b23f\"},\"breadcrumb\":{\"@id\":\"https:\/\/nk7-testes.com.br\/agazeta\/vereador-e-obrigado-a-permanecer-em-epitaciolandia\/#breadcrumb\"},\"inLanguage\":\"pt-BR\",\"potentialAction\":[{\"@type\":\"ReadAction\",\"target\":[\"https:\/\/nk7-testes.com.br\/agazeta\/vereador-e-obrigado-a-permanecer-em-epitaciolandia\/\"]}]},{\"@type\":\"ImageObject\",\"inLanguage\":\"pt-BR\",\"@id\":\"https:\/\/nk7-testes.com.br\/agazeta\/vereador-e-obrigado-a-permanecer-em-epitaciolandia\/#primaryimage\",\"url\":\"https:\/\/nk7-testes.com.br\/agazeta\/wp-content\/uploads\/2016\/12\/231216-policia-vereador-oaltoacre.jpg\",\"contentUrl\":\"https:\/\/nk7-testes.com.br\/agazeta\/wp-content\/uploads\/2016\/12\/231216-policia-vereador-oaltoacre.jpg\",\"width\":458,\"height\":340,\"caption\":\"231216-policia-vereador-oaltoacre\"},{\"@type\":\"BreadcrumbList\",\"@id\":\"https:\/\/nk7-testes.com.br\/agazeta\/vereador-e-obrigado-a-permanecer-em-epitaciolandia\/#breadcrumb\",\"itemListElement\":[{\"@type\":\"ListItem\",\"position\":1,\"name\":\"In\u00edcio\",\"item\":\"https:\/\/nk7-testes.com.br\/agazeta\/\"},{\"@type\":\"ListItem\",\"position\":2,\"name\":\"Vereador \u00e9 obrigado a permanecer em Epitaciol\u00e2ndia\"}]},{\"@type\":\"WebSite\",\"@id\":\"https:\/\/nk7-testes.com.br\/agazeta\/#website\",\"url\":\"https:\/\/nk7-testes.com.br\/agazeta\/\",\"name\":\"Agazeta.net\",\"description\":\"Agazeta.net - Not\u00edcias de Rio Branco\/AC\",\"potentialAction\":[{\"@type\":\"SearchAction\",\"target\":{\"@type\":\"EntryPoint\",\"urlTemplate\":\"https:\/\/nk7-testes.com.br\/agazeta\/?s={search_term_string}\"},\"query-input\":{\"@type\":\"PropertyValueSpecification\",\"valueRequired\":true,\"valueName\":\"search_term_string\"}}],\"inLanguage\":\"pt-BR\"},{\"@type\":\"Person\",\"@id\":\"https:\/\/nk7-testes.com.br\/agazeta\/#\/schema\/person\/ff6b39d54d6973bfc57f4140f659b23f\",\"name\":\"Agazeta.Net\",\"url\":\"https:\/\/nk7-testes.com.br\/agazeta\/author\/agazeta\/\"}]}<\/script>\n<!-- \/ Yoast SEO plugin. -->","yoast_head_json":{"title":"Vereador \u00e9 obrigado a permanecer em Epitaciol\u00e2ndia - Agazeta.net","robots":{"index":"index","follow":"follow","max-snippet":"max-snippet:-1","max-image-preview":"max-image-preview:large","max-video-preview":"max-video-preview:-1"},"canonical":"https:\/\/nk7-testes.com.br\/agazeta\/vereador-e-obrigado-a-permanecer-em-epitaciolandia\/","og_locale":"pt_BR","og_type":"article","og_title":"Vereador \u00e9 obrigado a permanecer em Epitaciol\u00e2ndia - Agazeta.net","og_description":"Restri\u00e7\u00f5es enquanto investiga\u00e7\u00e3o n\u00e3o \u00e9 conclu\u00edda","og_url":"https:\/\/nk7-testes.com.br\/agazeta\/vereador-e-obrigado-a-permanecer-em-epitaciolandia\/","og_site_name":"Agazeta.net","article_published_time":"2016-12-28T16:41:26+00:00","og_image":[{"width":458,"height":340,"url":"https:\/\/nk7-testes.com.br\/agazeta\/wp-content\/uploads\/2016\/12\/231216-policia-vereador-oaltoacre.jpg","type":"image\/jpeg"}],"author":"Agazeta.Net","twitter_card":"summary_large_image","twitter_misc":{"Escrito por":"Agazeta.Net","Est. tempo de leitura":"2 minutos"},"schema":{"@context":"https:\/\/schema.org","@graph":[{"@type":"WebPage","@id":"https:\/\/nk7-testes.com.br\/agazeta\/vereador-e-obrigado-a-permanecer-em-epitaciolandia\/","url":"https:\/\/nk7-testes.com.br\/agazeta\/vereador-e-obrigado-a-permanecer-em-epitaciolandia\/","name":"Vereador \u00e9 obrigado a permanecer em Epitaciol\u00e2ndia - Agazeta.net","isPartOf":{"@id":"https:\/\/nk7-testes.com.br\/agazeta\/#website"},"primaryImageOfPage":{"@id":"https:\/\/nk7-testes.com.br\/agazeta\/vereador-e-obrigado-a-permanecer-em-epitaciolandia\/#primaryimage"},"image":{"@id":"https:\/\/nk7-testes.com.br\/agazeta\/vereador-e-obrigado-a-permanecer-em-epitaciolandia\/#primaryimage"},"thumbnailUrl":"https:\/\/nk7-testes.com.br\/agazeta\/wp-content\/uploads\/2016\/12\/231216-policia-vereador-oaltoacre.jpg","datePublished":"2016-12-28T16:41:26+00:00","author":{"@id":"https:\/\/nk7-testes.com.br\/agazeta\/#\/schema\/person\/ff6b39d54d6973bfc57f4140f659b23f"},"breadcrumb":{"@id":"https:\/\/nk7-testes.com.br\/agazeta\/vereador-e-obrigado-a-permanecer-em-epitaciolandia\/#breadcrumb"},"inLanguage":"pt-BR","potentialAction":[{"@type":"ReadAction","target":["https:\/\/nk7-testes.com.br\/agazeta\/vereador-e-obrigado-a-permanecer-em-epitaciolandia\/"]}]},{"@type":"ImageObject","inLanguage":"pt-BR","@id":"https:\/\/nk7-testes.com.br\/agazeta\/vereador-e-obrigado-a-permanecer-em-epitaciolandia\/#primaryimage","url":"https:\/\/nk7-testes.com.br\/agazeta\/wp-content\/uploads\/2016\/12\/231216-policia-vereador-oaltoacre.jpg","contentUrl":"https:\/\/nk7-testes.com.br\/agazeta\/wp-content\/uploads\/2016\/12\/231216-policia-vereador-oaltoacre.jpg","width":458,"height":340,"caption":"231216-policia-vereador-oaltoacre"},{"@type":"BreadcrumbList","@id":"https:\/\/nk7-testes.com.br\/agazeta\/vereador-e-obrigado-a-permanecer-em-epitaciolandia\/#breadcrumb","itemListElement":[{"@type":"ListItem","position":1,"name":"In\u00edcio","item":"https:\/\/nk7-testes.com.br\/agazeta\/"},{"@type":"ListItem","position":2,"name":"Vereador \u00e9 obrigado a permanecer em Epitaciol\u00e2ndia"}]},{"@type":"WebSite","@id":"https:\/\/nk7-testes.com.br\/agazeta\/#website","url":"https:\/\/nk7-testes.com.br\/agazeta\/","name":"Agazeta.net","description":"Agazeta.net - Not\u00edcias de Rio Branco\/AC","potentialAction":[{"@type":"SearchAction","target":{"@type":"EntryPoint","urlTemplate":"https:\/\/nk7-testes.com.br\/agazeta\/?s={search_term_string}"},"query-input":{"@type":"PropertyValueSpecification","valueRequired":true,"valueName":"search_term_string"}}],"inLanguage":"pt-BR"},{"@type":"Person","@id":"https:\/\/nk7-testes.com.br\/agazeta\/#\/schema\/person\/ff6b39d54d6973bfc57f4140f659b23f","name":"Agazeta.Net","url":"https:\/\/nk7-testes.com.br\/agazeta\/author\/agazeta\/"}]}},"_links":{"self":[{"href":"https:\/\/nk7-testes.com.br\/agazeta\/wp-json\/wp\/v2\/posts\/27129","targetHints":{"allow":["GET"]}}],"collection":[{"href":"https:\/\/nk7-testes.com.br\/agazeta\/wp-json\/wp\/v2\/posts"}],"about":[{"href":"https:\/\/nk7-testes.com.br\/agazeta\/wp-json\/wp\/v2\/types\/post"}],"author":[{"embeddable":true,"href":"https:\/\/nk7-testes.com.br\/agazeta\/wp-json\/wp\/v2\/users\/4"}],"replies":[{"embeddable":true,"href":"https:\/\/nk7-testes.com.br\/agazeta\/wp-json\/wp\/v2\/comments?post=27129"}],"version-history":[{"count":0,"href":"https:\/\/nk7-testes.com.br\/agazeta\/wp-json\/wp\/v2\/posts\/27129\/revisions"}],"wp:featuredmedia":[{"embeddable":true,"href":"https:\/\/nk7-testes.com.br\/agazeta\/wp-json\/wp\/v2\/media\/27057"}],"wp:attachment":[{"href":"https:\/\/nk7-testes.com.br\/agazeta\/wp-json\/wp\/v2\/media?parent=27129"}],"wp:term":[{"taxonomy":"category","embeddable":true,"href":"https:\/\/nk7-testes.com.br\/agazeta\/wp-json\/wp\/v2\/categories?post=27129"},{"taxonomy":"post_tag","embeddable":true,"href":"https:\/\/nk7-testes.com.br\/agazeta\/wp-json\/wp\/v2\/tags?post=27129"}],"curies":[{"name":"wp","href":"https:\/\/api.w.org\/{rel}","templated":true}]}}