{"id":27123,"date":"2016-12-28T15:01:18","date_gmt":"2016-12-28T15:01:18","guid":{"rendered":"https:\/\/abarevegan.com.br\/index.php\/2016\/12\/28\/homem-envolvido-no-assalto-a-subtenente-e-morto\/"},"modified":"2016-12-28T15:01:18","modified_gmt":"2016-12-28T15:01:18","slug":"homem-envolvido-no-assalto-a-subtenente-e-morto","status":"publish","type":"post","link":"https:\/\/nk7-testes.com.br\/agazeta\/homem-envolvido-no-assalto-a-subtenente-e-morto\/","title":{"rendered":"Homem envolvido no assalto a subtenente \u00e9 morto"},"content":{"rendered":"<p style=\"text-align: justify;\">Grupo de policiais \u00e9 recebido \u00e0 bala em ramal<\/p>\n<p style=\"text-align: justify;\">Tr\u00eas homens que estavam envolvidos no roubo da caminhonete que resultou na morte do subtenente Ant\u00f4nio Jos\u00e9 da Costa estavam escondidos em uma ch\u00e1cara localizada no Km 19 da Estrada de Porto Acre (Ramal Beija Flor).<\/p>\n<p style=\"text-align: justify;\">Policiais do Bope, Pol\u00edcia Civil e Pol\u00edcia Militar foram at\u00e9 o local fazer o cerco na tarde de ter\u00e7a-feira (27). As guarni\u00e7\u00f5es foram recebidas \u00e0 bala. Alguns dos acusados sa\u00edram correndo e entraram em outra ch\u00e1cara do Ramal Beija Flor.<\/p>\n<p style=\"text-align: justify;\">Nova troca de tiros foi realizada. Um dos acusados, conhecido como \u201cMagr\u00e3o\u201d, morreu no local. Segundo a pol\u00edcia, \u201cMagr\u00e3o\u201d \u00e9 acusado de ter matado o subtenente durante o assalto.<\/p>\n<p style=\"text-align: justify;\">Outro homem conseguiu escapar entrando no matagal. A pol\u00edcia acredita que ele fugiu baleado. O jovem Francisco Jos\u00e9 Oliveira, 21, foi preso pelos policias do Bope e levado para a delegacia Central de Flagrantes. A pol\u00edcia tamb\u00e9m apreendeu um rev\u00f3lver calibre 38. A chave de uma caminhonete estava com os acusados.<\/p>\n<p style=\"text-align: justify;\">Segundo a pol\u00edcia, a ch\u00e1cara onde os acusados estavam servia de esconderijo. Com as pris\u00f5es, segundo a pol\u00edcia, o epis\u00f3dio envolvendo a morte do subtenente Ant\u00f4nio Jos\u00e9 da Costa totaliza a apreens\u00e3o de cinco armas de fogo, tr\u00eas pessoas presas e um morto.<\/p>\n<p style=\"text-align: justify;\">A recupera\u00e7\u00e3o da caminhonete do subtenente e um carro modelo Gol que teria sido usado na fuga dos acusados tamb\u00e9m foi apreendido.<\/p>\n","protected":false},"excerpt":{"rendered":"<p style=\"text-align: justify;\">Grupo de policiais \u00e9 recebido \u00e0 bala em ramal<\/p>\n","protected":false},"author":4,"featured_media":27122,"comment_status":"open","ping_status":"open","sticky":false,"template":"","format":"standard","meta":{"jnews-multi-image_gallery":[],"jnews_single_post":[],"jnews_primary_category":[],"jnews_social_meta":[],"jnews_review":[],"enable_review":"","type":"","name":"","summary":"","brand":"","sku":"","good":[],"bad":[],"score_override":"","override_value":"","rating":[],"price":[],"footnotes":""},"categories":[44],"tags":[],"class_list":["post-27123","post","type-post","status-publish","format-standard","has-post-thumbnail","hentry","category-policia"],"yoast_head":"<!-- This site is optimized with the Yoast SEO plugin v26.5 - https:\/\/yoast.com\/wordpress\/plugins\/seo\/ -->\n<title>Homem envolvido no assalto a subtenente \u00e9 morto - Agazeta.net<\/title>\n<meta name=\"robots\" content=\"index, follow, max-snippet:-1, max-image-preview:large, max-video-preview:-1\" \/>\n<link rel=\"canonical\" href=\"https:\/\/nk7-testes.com.br\/agazeta\/homem-envolvido-no-assalto-a-subtenente-e-morto\/\" \/>\n<meta property=\"og:locale\" content=\"pt_BR\" \/>\n<meta property=\"og:type\" content=\"article\" \/>\n<meta property=\"og:title\" content=\"Homem envolvido no assalto a subtenente \u00e9 morto - Agazeta.net\" \/>\n<meta property=\"og:description\" content=\"Grupo de policiais \u00e9 recebido \u00e0 bala em ramal\" \/>\n<meta property=\"og:url\" content=\"https:\/\/nk7-testes.com.br\/agazeta\/homem-envolvido-no-assalto-a-subtenente-e-morto\/\" \/>\n<meta property=\"og:site_name\" content=\"Agazeta.net\" \/>\n<meta property=\"article:published_time\" content=\"2016-12-28T15:01:18+00:00\" \/>\n<meta property=\"og:image\" content=\"https:\/\/nk7-testes.com.br\/agazeta\/wp-content\/uploads\/2016\/12\/281216-policia-cercoacriminosos-cleriston2.jpg\" \/>\n\t<meta property=\"og:image:width\" content=\"458\" \/>\n\t<meta property=\"og:image:height\" content=\"340\" \/>\n\t<meta property=\"og:image:type\" content=\"image\/jpeg\" \/>\n<meta name=\"author\" content=\"Agazeta.Net\" \/>\n<meta name=\"twitter:card\" content=\"summary_large_image\" \/>\n<meta name=\"twitter:label1\" content=\"Escrito por\" \/>\n\t<meta name=\"twitter:data1\" content=\"Agazeta.Net\" \/>\n\t<meta name=\"twitter:label2\" content=\"Est. tempo de leitura\" \/>\n\t<meta name=\"twitter:data2\" content=\"1 minuto\" \/>\n<script type=\"application\/ld+json\" class=\"yoast-schema-graph\">{\"@context\":\"https:\/\/schema.org\",\"@graph\":[{\"@type\":\"WebPage\",\"@id\":\"https:\/\/nk7-testes.com.br\/agazeta\/homem-envolvido-no-assalto-a-subtenente-e-morto\/\",\"url\":\"https:\/\/nk7-testes.com.br\/agazeta\/homem-envolvido-no-assalto-a-subtenente-e-morto\/\",\"name\":\"Homem envolvido no assalto a subtenente \u00e9 morto - Agazeta.net\",\"isPartOf\":{\"@id\":\"https:\/\/nk7-testes.com.br\/agazeta\/#website\"},\"primaryImageOfPage\":{\"@id\":\"https:\/\/nk7-testes.com.br\/agazeta\/homem-envolvido-no-assalto-a-subtenente-e-morto\/#primaryimage\"},\"image\":{\"@id\":\"https:\/\/nk7-testes.com.br\/agazeta\/homem-envolvido-no-assalto-a-subtenente-e-morto\/#primaryimage\"},\"thumbnailUrl\":\"https:\/\/nk7-testes.com.br\/agazeta\/wp-content\/uploads\/2016\/12\/281216-policia-cercoacriminosos-cleriston2.jpg\",\"datePublished\":\"2016-12-28T15:01:18+00:00\",\"author\":{\"@id\":\"https:\/\/nk7-testes.com.br\/agazeta\/#\/schema\/person\/ff6b39d54d6973bfc57f4140f659b23f\"},\"breadcrumb\":{\"@id\":\"https:\/\/nk7-testes.com.br\/agazeta\/homem-envolvido-no-assalto-a-subtenente-e-morto\/#breadcrumb\"},\"inLanguage\":\"pt-BR\",\"potentialAction\":[{\"@type\":\"ReadAction\",\"target\":[\"https:\/\/nk7-testes.com.br\/agazeta\/homem-envolvido-no-assalto-a-subtenente-e-morto\/\"]}]},{\"@type\":\"ImageObject\",\"inLanguage\":\"pt-BR\",\"@id\":\"https:\/\/nk7-testes.com.br\/agazeta\/homem-envolvido-no-assalto-a-subtenente-e-morto\/#primaryimage\",\"url\":\"https:\/\/nk7-testes.com.br\/agazeta\/wp-content\/uploads\/2016\/12\/281216-policia-cercoacriminosos-cleriston2.jpg\",\"contentUrl\":\"https:\/\/nk7-testes.com.br\/agazeta\/wp-content\/uploads\/2016\/12\/281216-policia-cercoacriminosos-cleriston2.jpg\",\"width\":458,\"height\":340,\"caption\":\"281216-policia-cercoacriminosos-cleriston2\"},{\"@type\":\"BreadcrumbList\",\"@id\":\"https:\/\/nk7-testes.com.br\/agazeta\/homem-envolvido-no-assalto-a-subtenente-e-morto\/#breadcrumb\",\"itemListElement\":[{\"@type\":\"ListItem\",\"position\":1,\"name\":\"In\u00edcio\",\"item\":\"https:\/\/nk7-testes.com.br\/agazeta\/\"},{\"@type\":\"ListItem\",\"position\":2,\"name\":\"Homem envolvido no assalto a subtenente \u00e9 morto\"}]},{\"@type\":\"WebSite\",\"@id\":\"https:\/\/nk7-testes.com.br\/agazeta\/#website\",\"url\":\"https:\/\/nk7-testes.com.br\/agazeta\/\",\"name\":\"Agazeta.net\",\"description\":\"Agazeta.net - Not\u00edcias de Rio Branco\/AC\",\"potentialAction\":[{\"@type\":\"SearchAction\",\"target\":{\"@type\":\"EntryPoint\",\"urlTemplate\":\"https:\/\/nk7-testes.com.br\/agazeta\/?s={search_term_string}\"},\"query-input\":{\"@type\":\"PropertyValueSpecification\",\"valueRequired\":true,\"valueName\":\"search_term_string\"}}],\"inLanguage\":\"pt-BR\"},{\"@type\":\"Person\",\"@id\":\"https:\/\/nk7-testes.com.br\/agazeta\/#\/schema\/person\/ff6b39d54d6973bfc57f4140f659b23f\",\"name\":\"Agazeta.Net\",\"url\":\"https:\/\/nk7-testes.com.br\/agazeta\/author\/agazeta\/\"}]}<\/script>\n<!-- \/ Yoast SEO plugin. -->","yoast_head_json":{"title":"Homem envolvido no assalto a subtenente \u00e9 morto - Agazeta.net","robots":{"index":"index","follow":"follow","max-snippet":"max-snippet:-1","max-image-preview":"max-image-preview:large","max-video-preview":"max-video-preview:-1"},"canonical":"https:\/\/nk7-testes.com.br\/agazeta\/homem-envolvido-no-assalto-a-subtenente-e-morto\/","og_locale":"pt_BR","og_type":"article","og_title":"Homem envolvido no assalto a subtenente \u00e9 morto - Agazeta.net","og_description":"Grupo de policiais \u00e9 recebido \u00e0 bala em ramal","og_url":"https:\/\/nk7-testes.com.br\/agazeta\/homem-envolvido-no-assalto-a-subtenente-e-morto\/","og_site_name":"Agazeta.net","article_published_time":"2016-12-28T15:01:18+00:00","og_image":[{"width":458,"height":340,"url":"https:\/\/nk7-testes.com.br\/agazeta\/wp-content\/uploads\/2016\/12\/281216-policia-cercoacriminosos-cleriston2.jpg","type":"image\/jpeg"}],"author":"Agazeta.Net","twitter_card":"summary_large_image","twitter_misc":{"Escrito por":"Agazeta.Net","Est. tempo de leitura":"1 minuto"},"schema":{"@context":"https:\/\/schema.org","@graph":[{"@type":"WebPage","@id":"https:\/\/nk7-testes.com.br\/agazeta\/homem-envolvido-no-assalto-a-subtenente-e-morto\/","url":"https:\/\/nk7-testes.com.br\/agazeta\/homem-envolvido-no-assalto-a-subtenente-e-morto\/","name":"Homem envolvido no assalto a subtenente \u00e9 morto - Agazeta.net","isPartOf":{"@id":"https:\/\/nk7-testes.com.br\/agazeta\/#website"},"primaryImageOfPage":{"@id":"https:\/\/nk7-testes.com.br\/agazeta\/homem-envolvido-no-assalto-a-subtenente-e-morto\/#primaryimage"},"image":{"@id":"https:\/\/nk7-testes.com.br\/agazeta\/homem-envolvido-no-assalto-a-subtenente-e-morto\/#primaryimage"},"thumbnailUrl":"https:\/\/nk7-testes.com.br\/agazeta\/wp-content\/uploads\/2016\/12\/281216-policia-cercoacriminosos-cleriston2.jpg","datePublished":"2016-12-28T15:01:18+00:00","author":{"@id":"https:\/\/nk7-testes.com.br\/agazeta\/#\/schema\/person\/ff6b39d54d6973bfc57f4140f659b23f"},"breadcrumb":{"@id":"https:\/\/nk7-testes.com.br\/agazeta\/homem-envolvido-no-assalto-a-subtenente-e-morto\/#breadcrumb"},"inLanguage":"pt-BR","potentialAction":[{"@type":"ReadAction","target":["https:\/\/nk7-testes.com.br\/agazeta\/homem-envolvido-no-assalto-a-subtenente-e-morto\/"]}]},{"@type":"ImageObject","inLanguage":"pt-BR","@id":"https:\/\/nk7-testes.com.br\/agazeta\/homem-envolvido-no-assalto-a-subtenente-e-morto\/#primaryimage","url":"https:\/\/nk7-testes.com.br\/agazeta\/wp-content\/uploads\/2016\/12\/281216-policia-cercoacriminosos-cleriston2.jpg","contentUrl":"https:\/\/nk7-testes.com.br\/agazeta\/wp-content\/uploads\/2016\/12\/281216-policia-cercoacriminosos-cleriston2.jpg","width":458,"height":340,"caption":"281216-policia-cercoacriminosos-cleriston2"},{"@type":"BreadcrumbList","@id":"https:\/\/nk7-testes.com.br\/agazeta\/homem-envolvido-no-assalto-a-subtenente-e-morto\/#breadcrumb","itemListElement":[{"@type":"ListItem","position":1,"name":"In\u00edcio","item":"https:\/\/nk7-testes.com.br\/agazeta\/"},{"@type":"ListItem","position":2,"name":"Homem envolvido no assalto a subtenente \u00e9 morto"}]},{"@type":"WebSite","@id":"https:\/\/nk7-testes.com.br\/agazeta\/#website","url":"https:\/\/nk7-testes.com.br\/agazeta\/","name":"Agazeta.net","description":"Agazeta.net - Not\u00edcias de Rio Branco\/AC","potentialAction":[{"@type":"SearchAction","target":{"@type":"EntryPoint","urlTemplate":"https:\/\/nk7-testes.com.br\/agazeta\/?s={search_term_string}"},"query-input":{"@type":"PropertyValueSpecification","valueRequired":true,"valueName":"search_term_string"}}],"inLanguage":"pt-BR"},{"@type":"Person","@id":"https:\/\/nk7-testes.com.br\/agazeta\/#\/schema\/person\/ff6b39d54d6973bfc57f4140f659b23f","name":"Agazeta.Net","url":"https:\/\/nk7-testes.com.br\/agazeta\/author\/agazeta\/"}]}},"_links":{"self":[{"href":"https:\/\/nk7-testes.com.br\/agazeta\/wp-json\/wp\/v2\/posts\/27123","targetHints":{"allow":["GET"]}}],"collection":[{"href":"https:\/\/nk7-testes.com.br\/agazeta\/wp-json\/wp\/v2\/posts"}],"about":[{"href":"https:\/\/nk7-testes.com.br\/agazeta\/wp-json\/wp\/v2\/types\/post"}],"author":[{"embeddable":true,"href":"https:\/\/nk7-testes.com.br\/agazeta\/wp-json\/wp\/v2\/users\/4"}],"replies":[{"embeddable":true,"href":"https:\/\/nk7-testes.com.br\/agazeta\/wp-json\/wp\/v2\/comments?post=27123"}],"version-history":[{"count":0,"href":"https:\/\/nk7-testes.com.br\/agazeta\/wp-json\/wp\/v2\/posts\/27123\/revisions"}],"wp:featuredmedia":[{"embeddable":true,"href":"https:\/\/nk7-testes.com.br\/agazeta\/wp-json\/wp\/v2\/media\/27122"}],"wp:attachment":[{"href":"https:\/\/nk7-testes.com.br\/agazeta\/wp-json\/wp\/v2\/media?parent=27123"}],"wp:term":[{"taxonomy":"category","embeddable":true,"href":"https:\/\/nk7-testes.com.br\/agazeta\/wp-json\/wp\/v2\/categories?post=27123"},{"taxonomy":"post_tag","embeddable":true,"href":"https:\/\/nk7-testes.com.br\/agazeta\/wp-json\/wp\/v2\/tags?post=27123"}],"curies":[{"name":"wp","href":"https:\/\/api.w.org\/{rel}","templated":true}]}}