{"id":27119,"date":"2016-12-28T14:10:25","date_gmt":"2016-12-28T14:10:25","guid":{"rendered":"https:\/\/abarevegan.com.br\/index.php\/2016\/12\/28\/camera-flagra-momento-da-morte-do-policial\/"},"modified":"2016-12-28T14:10:25","modified_gmt":"2016-12-28T14:10:25","slug":"camera-flagra-momento-da-morte-do-policial","status":"publish","type":"post","link":"https:\/\/nk7-testes.com.br\/agazeta\/camera-flagra-momento-da-morte-do-policial\/","title":{"rendered":"C\u00e2mera flagra momento da morte do policial"},"content":{"rendered":"<p style=\"text-align: justify;\">Caminhonete preta j\u00e1 estava sendo seguida<\/p>\n<p style=\"text-align: justify;\">Imagens de uma c\u00e2mera de seguran\u00e7a flagram o momento em que o subtenente Ant\u00f4nio Jos\u00e9 da Costa \u00e9 atacado pelo bando de criminosos que o matou. A caminhonete de cor preta estaciona na cal\u00e7ada de uma rua transversal \u00e0 Via Chico Mendes.<\/p>\n<p style=\"text-align: justify;\">O policial demora a sair do ve\u00edculo. Momentos ap\u00f3s, chega um carro de passeio de cor clara (possivelmente branco). Imediatamente tr\u00eas homens saem do carro em dire\u00e7\u00e3o \u00e0 caminhonete, no exato momento em que o policial saia do ve\u00edculo.<\/p>\n<p style=\"text-align: justify;\">N\u00e3o \u00e9 poss\u00edvel, pelas imagens, ver a rea\u00e7\u00e3o do policial. Observa-se apenas que a a\u00e7\u00e3o criminosa foi r\u00e1pida. Quando a caminhonete \u00e9 levada, o subtenente j\u00e1 agoniza no ch\u00e3o.<\/p>\n<p style=\"text-align: justify;\">Pelas imagens, fica sugerido que os ladr\u00f5es j\u00e1 estavam seguindo o policial da reserva. N\u00e3o foi uma abordagem em fun\u00e7\u00e3o de o policial estar saindo do banco. Ele nem mesmo chegou a ir \u00e0 ag\u00eancia.<\/p>\n<p style=\"text-align: justify;\">Pelos relatos e hist\u00f3rico profissional, Ant\u00f4nio Jos\u00e9 da Costa tamb\u00e9m n\u00e3o era um policial que tenha inimigos: aposentou-se como subtenente e trabalhava na presta\u00e7\u00e3o de servi\u00e7os no setor de instala\u00e7\u00e3o de antenas parab\u00f3licas.<\/p>\n","protected":false},"excerpt":{"rendered":"<p style=\"text-align: justify;\">Caminhonete preta j\u00e1 estava sendo seguida<\/p>\n","protected":false},"author":4,"featured_media":27118,"comment_status":"open","ping_status":"open","sticky":false,"template":"","format":"standard","meta":{"jnews-multi-image_gallery":[],"jnews_single_post":[],"jnews_primary_category":[],"jnews_social_meta":[],"jnews_review":[],"enable_review":"","type":"","name":"","summary":"","brand":"","sku":"","good":[],"bad":[],"score_override":"","override_value":"","rating":[],"price":[],"footnotes":""},"categories":[44],"tags":[],"class_list":["post-27119","post","type-post","status-publish","format-standard","has-post-thumbnail","hentry","category-policia"],"yoast_head":"<!-- This site is optimized with the Yoast SEO plugin v26.5 - https:\/\/yoast.com\/wordpress\/plugins\/seo\/ -->\n<title>C\u00e2mera flagra momento da morte do policial - Agazeta.net<\/title>\n<meta name=\"robots\" content=\"index, follow, max-snippet:-1, max-image-preview:large, max-video-preview:-1\" \/>\n<link rel=\"canonical\" href=\"https:\/\/nk7-testes.com.br\/agazeta\/camera-flagra-momento-da-morte-do-policial\/\" \/>\n<meta property=\"og:locale\" content=\"pt_BR\" \/>\n<meta property=\"og:type\" content=\"article\" \/>\n<meta property=\"og:title\" content=\"C\u00e2mera flagra momento da morte do policial - Agazeta.net\" \/>\n<meta property=\"og:description\" content=\"Caminhonete preta j\u00e1 estava sendo seguida\" \/>\n<meta property=\"og:url\" content=\"https:\/\/nk7-testes.com.br\/agazeta\/camera-flagra-momento-da-morte-do-policial\/\" \/>\n<meta property=\"og:site_name\" content=\"Agazeta.net\" \/>\n<meta property=\"article:published_time\" content=\"2016-12-28T14:10:25+00:00\" \/>\n<meta property=\"og:image\" content=\"https:\/\/nk7-testes.com.br\/agazeta\/wp-content\/uploads\/2016\/12\/281216-policia-videopolicialmorto-cedida.jpg\" \/>\n\t<meta property=\"og:image:width\" content=\"458\" \/>\n\t<meta property=\"og:image:height\" content=\"340\" \/>\n\t<meta property=\"og:image:type\" content=\"image\/jpeg\" \/>\n<meta name=\"author\" content=\"Agazeta.Net\" \/>\n<meta name=\"twitter:card\" content=\"summary_large_image\" \/>\n<meta name=\"twitter:label1\" content=\"Escrito por\" \/>\n\t<meta name=\"twitter:data1\" content=\"Agazeta.Net\" \/>\n\t<meta name=\"twitter:label2\" content=\"Est. tempo de leitura\" \/>\n\t<meta name=\"twitter:data2\" content=\"1 minuto\" \/>\n<script type=\"application\/ld+json\" class=\"yoast-schema-graph\">{\"@context\":\"https:\/\/schema.org\",\"@graph\":[{\"@type\":\"WebPage\",\"@id\":\"https:\/\/nk7-testes.com.br\/agazeta\/camera-flagra-momento-da-morte-do-policial\/\",\"url\":\"https:\/\/nk7-testes.com.br\/agazeta\/camera-flagra-momento-da-morte-do-policial\/\",\"name\":\"C\u00e2mera flagra momento da morte do policial - Agazeta.net\",\"isPartOf\":{\"@id\":\"https:\/\/nk7-testes.com.br\/agazeta\/#website\"},\"primaryImageOfPage\":{\"@id\":\"https:\/\/nk7-testes.com.br\/agazeta\/camera-flagra-momento-da-morte-do-policial\/#primaryimage\"},\"image\":{\"@id\":\"https:\/\/nk7-testes.com.br\/agazeta\/camera-flagra-momento-da-morte-do-policial\/#primaryimage\"},\"thumbnailUrl\":\"https:\/\/nk7-testes.com.br\/agazeta\/wp-content\/uploads\/2016\/12\/281216-policia-videopolicialmorto-cedida.jpg\",\"datePublished\":\"2016-12-28T14:10:25+00:00\",\"author\":{\"@id\":\"https:\/\/nk7-testes.com.br\/agazeta\/#\/schema\/person\/ff6b39d54d6973bfc57f4140f659b23f\"},\"breadcrumb\":{\"@id\":\"https:\/\/nk7-testes.com.br\/agazeta\/camera-flagra-momento-da-morte-do-policial\/#breadcrumb\"},\"inLanguage\":\"pt-BR\",\"potentialAction\":[{\"@type\":\"ReadAction\",\"target\":[\"https:\/\/nk7-testes.com.br\/agazeta\/camera-flagra-momento-da-morte-do-policial\/\"]}]},{\"@type\":\"ImageObject\",\"inLanguage\":\"pt-BR\",\"@id\":\"https:\/\/nk7-testes.com.br\/agazeta\/camera-flagra-momento-da-morte-do-policial\/#primaryimage\",\"url\":\"https:\/\/nk7-testes.com.br\/agazeta\/wp-content\/uploads\/2016\/12\/281216-policia-videopolicialmorto-cedida.jpg\",\"contentUrl\":\"https:\/\/nk7-testes.com.br\/agazeta\/wp-content\/uploads\/2016\/12\/281216-policia-videopolicialmorto-cedida.jpg\",\"width\":458,\"height\":340,\"caption\":\"281216-policia-videopolicialmorto-cedida\"},{\"@type\":\"BreadcrumbList\",\"@id\":\"https:\/\/nk7-testes.com.br\/agazeta\/camera-flagra-momento-da-morte-do-policial\/#breadcrumb\",\"itemListElement\":[{\"@type\":\"ListItem\",\"position\":1,\"name\":\"In\u00edcio\",\"item\":\"https:\/\/nk7-testes.com.br\/agazeta\/\"},{\"@type\":\"ListItem\",\"position\":2,\"name\":\"C\u00e2mera flagra momento da morte do policial\"}]},{\"@type\":\"WebSite\",\"@id\":\"https:\/\/nk7-testes.com.br\/agazeta\/#website\",\"url\":\"https:\/\/nk7-testes.com.br\/agazeta\/\",\"name\":\"Agazeta.net\",\"description\":\"Agazeta.net - Not\u00edcias de Rio Branco\/AC\",\"potentialAction\":[{\"@type\":\"SearchAction\",\"target\":{\"@type\":\"EntryPoint\",\"urlTemplate\":\"https:\/\/nk7-testes.com.br\/agazeta\/?s={search_term_string}\"},\"query-input\":{\"@type\":\"PropertyValueSpecification\",\"valueRequired\":true,\"valueName\":\"search_term_string\"}}],\"inLanguage\":\"pt-BR\"},{\"@type\":\"Person\",\"@id\":\"https:\/\/nk7-testes.com.br\/agazeta\/#\/schema\/person\/ff6b39d54d6973bfc57f4140f659b23f\",\"name\":\"Agazeta.Net\",\"url\":\"https:\/\/nk7-testes.com.br\/agazeta\/author\/agazeta\/\"}]}<\/script>\n<!-- \/ Yoast SEO plugin. -->","yoast_head_json":{"title":"C\u00e2mera flagra momento da morte do policial - Agazeta.net","robots":{"index":"index","follow":"follow","max-snippet":"max-snippet:-1","max-image-preview":"max-image-preview:large","max-video-preview":"max-video-preview:-1"},"canonical":"https:\/\/nk7-testes.com.br\/agazeta\/camera-flagra-momento-da-morte-do-policial\/","og_locale":"pt_BR","og_type":"article","og_title":"C\u00e2mera flagra momento da morte do policial - Agazeta.net","og_description":"Caminhonete preta j\u00e1 estava sendo seguida","og_url":"https:\/\/nk7-testes.com.br\/agazeta\/camera-flagra-momento-da-morte-do-policial\/","og_site_name":"Agazeta.net","article_published_time":"2016-12-28T14:10:25+00:00","og_image":[{"width":458,"height":340,"url":"https:\/\/nk7-testes.com.br\/agazeta\/wp-content\/uploads\/2016\/12\/281216-policia-videopolicialmorto-cedida.jpg","type":"image\/jpeg"}],"author":"Agazeta.Net","twitter_card":"summary_large_image","twitter_misc":{"Escrito por":"Agazeta.Net","Est. tempo de leitura":"1 minuto"},"schema":{"@context":"https:\/\/schema.org","@graph":[{"@type":"WebPage","@id":"https:\/\/nk7-testes.com.br\/agazeta\/camera-flagra-momento-da-morte-do-policial\/","url":"https:\/\/nk7-testes.com.br\/agazeta\/camera-flagra-momento-da-morte-do-policial\/","name":"C\u00e2mera flagra momento da morte do policial - Agazeta.net","isPartOf":{"@id":"https:\/\/nk7-testes.com.br\/agazeta\/#website"},"primaryImageOfPage":{"@id":"https:\/\/nk7-testes.com.br\/agazeta\/camera-flagra-momento-da-morte-do-policial\/#primaryimage"},"image":{"@id":"https:\/\/nk7-testes.com.br\/agazeta\/camera-flagra-momento-da-morte-do-policial\/#primaryimage"},"thumbnailUrl":"https:\/\/nk7-testes.com.br\/agazeta\/wp-content\/uploads\/2016\/12\/281216-policia-videopolicialmorto-cedida.jpg","datePublished":"2016-12-28T14:10:25+00:00","author":{"@id":"https:\/\/nk7-testes.com.br\/agazeta\/#\/schema\/person\/ff6b39d54d6973bfc57f4140f659b23f"},"breadcrumb":{"@id":"https:\/\/nk7-testes.com.br\/agazeta\/camera-flagra-momento-da-morte-do-policial\/#breadcrumb"},"inLanguage":"pt-BR","potentialAction":[{"@type":"ReadAction","target":["https:\/\/nk7-testes.com.br\/agazeta\/camera-flagra-momento-da-morte-do-policial\/"]}]},{"@type":"ImageObject","inLanguage":"pt-BR","@id":"https:\/\/nk7-testes.com.br\/agazeta\/camera-flagra-momento-da-morte-do-policial\/#primaryimage","url":"https:\/\/nk7-testes.com.br\/agazeta\/wp-content\/uploads\/2016\/12\/281216-policia-videopolicialmorto-cedida.jpg","contentUrl":"https:\/\/nk7-testes.com.br\/agazeta\/wp-content\/uploads\/2016\/12\/281216-policia-videopolicialmorto-cedida.jpg","width":458,"height":340,"caption":"281216-policia-videopolicialmorto-cedida"},{"@type":"BreadcrumbList","@id":"https:\/\/nk7-testes.com.br\/agazeta\/camera-flagra-momento-da-morte-do-policial\/#breadcrumb","itemListElement":[{"@type":"ListItem","position":1,"name":"In\u00edcio","item":"https:\/\/nk7-testes.com.br\/agazeta\/"},{"@type":"ListItem","position":2,"name":"C\u00e2mera flagra momento da morte do policial"}]},{"@type":"WebSite","@id":"https:\/\/nk7-testes.com.br\/agazeta\/#website","url":"https:\/\/nk7-testes.com.br\/agazeta\/","name":"Agazeta.net","description":"Agazeta.net - Not\u00edcias de Rio Branco\/AC","potentialAction":[{"@type":"SearchAction","target":{"@type":"EntryPoint","urlTemplate":"https:\/\/nk7-testes.com.br\/agazeta\/?s={search_term_string}"},"query-input":{"@type":"PropertyValueSpecification","valueRequired":true,"valueName":"search_term_string"}}],"inLanguage":"pt-BR"},{"@type":"Person","@id":"https:\/\/nk7-testes.com.br\/agazeta\/#\/schema\/person\/ff6b39d54d6973bfc57f4140f659b23f","name":"Agazeta.Net","url":"https:\/\/nk7-testes.com.br\/agazeta\/author\/agazeta\/"}]}},"_links":{"self":[{"href":"https:\/\/nk7-testes.com.br\/agazeta\/wp-json\/wp\/v2\/posts\/27119","targetHints":{"allow":["GET"]}}],"collection":[{"href":"https:\/\/nk7-testes.com.br\/agazeta\/wp-json\/wp\/v2\/posts"}],"about":[{"href":"https:\/\/nk7-testes.com.br\/agazeta\/wp-json\/wp\/v2\/types\/post"}],"author":[{"embeddable":true,"href":"https:\/\/nk7-testes.com.br\/agazeta\/wp-json\/wp\/v2\/users\/4"}],"replies":[{"embeddable":true,"href":"https:\/\/nk7-testes.com.br\/agazeta\/wp-json\/wp\/v2\/comments?post=27119"}],"version-history":[{"count":0,"href":"https:\/\/nk7-testes.com.br\/agazeta\/wp-json\/wp\/v2\/posts\/27119\/revisions"}],"wp:featuredmedia":[{"embeddable":true,"href":"https:\/\/nk7-testes.com.br\/agazeta\/wp-json\/wp\/v2\/media\/27118"}],"wp:attachment":[{"href":"https:\/\/nk7-testes.com.br\/agazeta\/wp-json\/wp\/v2\/media?parent=27119"}],"wp:term":[{"taxonomy":"category","embeddable":true,"href":"https:\/\/nk7-testes.com.br\/agazeta\/wp-json\/wp\/v2\/categories?post=27119"},{"taxonomy":"post_tag","embeddable":true,"href":"https:\/\/nk7-testes.com.br\/agazeta\/wp-json\/wp\/v2\/tags?post=27119"}],"curies":[{"name":"wp","href":"https:\/\/api.w.org\/{rel}","templated":true}]}}