{"id":27105,"date":"2016-12-27T17:57:26","date_gmt":"2016-12-27T17:57:26","guid":{"rendered":"https:\/\/abarevegan.com.br\/index.php\/2016\/12\/27\/2016-o-ano-mais-violento-da-historia-do-acre\/"},"modified":"2016-12-27T17:57:26","modified_gmt":"2016-12-27T17:57:26","slug":"2016-o-ano-mais-violento-da-historia-do-acre","status":"publish","type":"post","link":"https:\/\/nk7-testes.com.br\/agazeta\/2016-o-ano-mais-violento-da-historia-do-acre\/","title":{"rendered":"2016: o ano mais violento da hist\u00f3ria do Acre"},"content":{"rendered":"<p style=\"text-align: justify;\">Execu\u00e7\u00f5es, fac\u00e7\u00f5es e mais de 300 homic\u00eddios<\/p>\n<p style=\"text-align: justify;\">N\u00e3o tinha como ser diferente: o balan\u00e7o na \u00e1rea de Seguran\u00e7a P\u00fablica foi realista. Foi o ano mais violento da hist\u00f3ria do Acre. Com mais de 300 homic\u00eddios, 2016 foi classificado pelo secret\u00e1rio de Estado, Emylson Farias, como \u201cum ponto fora da curva\u201d.<\/p>\n<p style=\"text-align: justify;\">E mostra n\u00fameros: em 2014, foram assassinadas no Acre 192 pessoas; em 2015, foram 189 homic\u00eddios e este ano foram \u201cmais de 300\u201d, segundo contabilizou Farias em entrevista realizada na manh\u00e3 desta ter\u00e7a-feira no audit\u00f3rio da Secretaria de Estado de Seguran\u00e7a P\u00fablica.<\/p>\n<p style=\"text-align: justify;\">A estrat\u00e9gia do secret\u00e1rio tentou defender a ideia de que, apesar de o cen\u00e1rio mostrar \u201cum Estado brasileiro doente\u201d, o Acre conseguiu dar respostas eficazes, seja com elucida\u00e7\u00e3o de homic\u00eddios que ultrapassam 80%, seja por meio das mais de 500 pris\u00f5es efetivadas em 39 opera\u00e7\u00f5es ao longo do ano.<\/p>\n<p style=\"text-align: justify;\">A disputa entre fac\u00e7\u00f5es, a interioriza\u00e7\u00e3o dos grupos criminosos, o com\u00e9rcio e tr\u00e1fico de drogas na fronteira, a baixa atividade econ\u00f4mica agravada com cen\u00e1rio de crise formam um ambiente favor\u00e1vel \u00e0 viol\u00eancia. Para responder a isso, o poder p\u00fablico utiliza o conceito de \u201cautoridade repressiva\u201d.<\/p>\n<p style=\"text-align: justify;\">O que \u00e9 isso? Em linguagem clara: policial na rua prendendo. O Acre ainda n\u00e3o est\u00e1 em um quadro de viol\u00eancia end\u00eamica (quando h\u00e1 mais de 70 homic\u00eddios para cada grupo de 100 mil habitantes). E aqui reside a \u201cleitura positiva\u201d do secret\u00e1rio diante do problema. \u201cO Acre trabalhou no limite de suas for\u00e7as para conter a viol\u00eancia\u201d.<\/p>\n<p style=\"text-align: justify;\">Durante a coletiva, foi lembrada a pesquisa recente feita pela consultoria Macroplan e divulgada pela revista Exame que aponta o Acre como o 4\u00ba estado menos violento do pa\u00eds. \u201cIsso \u00e9 um dado. Est\u00e1 a\u00ed para quem quiser ver e avaliar\u201d, sugeriu o secret\u00e1rio. \u201cMas, a sensa\u00e7\u00e3o de Seguran\u00e7a n\u00e3o \u00e9 essa\u201d, admitiu.<\/p>\n<p style=\"text-align: justify;\"><strong>Com\u00e9rcio de muni\u00e7\u00f5es: promessa de maior controle<\/strong><\/p>\n<p style=\"text-align: justify;\">Na semana passada, o Governo do Acre se reuniu com representantes do Ex\u00e9rcito Brasileiro com uma demanda clara: intensificar o controle do com\u00e9rcio de muni\u00e7\u00f5es no Acre.<\/p>\n<p style=\"text-align: justify;\">Nas diversas ocorr\u00eancias policiais, os gestores perceberam que os bandidos e assassinos ou estavam com o rev\u00f3lver cheio de arma ou tinham muni\u00e7\u00f5es sobrando. H\u00e1 casos em que as apreens\u00f5es eram exclusivamente de muni\u00e7\u00f5es.<\/p>\n<p style=\"text-align: justify;\">A ideia \u00e9 fazer com que o Ex\u00e9rcito, respons\u00e1vel legal pela fiscaliza\u00e7\u00e3o do com\u00e9rcio de muni\u00e7\u00f5es no pa\u00eds, intensifique presen\u00e7a nos com\u00e9rcios. \u201cH\u00e1 casos em que uma pessoa comprou 30 mil muni\u00e7\u00f5es em um ano\u201d, diz. \u201cEsse \u2018aperto\u2019 no com\u00e9rcio de muni\u00e7\u00f5es n\u00f3s vamos dar\u201d.<\/p>\n<p style=\"text-align: justify;\"><strong>Gest\u00e3o: Fundo Estadual de Seguran\u00e7a P\u00fablica<\/strong><\/p>\n<p style=\"text-align: justify;\">A Fundo Estadual de Seguran\u00e7a P\u00fablica, aprovado este ano na Assembleia Legislativa, est\u00e1 com R$ 18,2 milh\u00f5es dispon\u00edveis para aplica\u00e7\u00e3o no setor em 2017. Desse total, R$ 8,8 milh\u00f5es v\u00e3o ser direcionados para o sistema prisional.<\/p>\n<p style=\"text-align: justify;\">Os R$ 3,3 milh\u00f5es oriundos de emendas parlamentares do deputado federal Alan Rick (PRB\/AC) v\u00e3o ser aplicados na cria\u00e7\u00e3o de um \u201ccerco eletr\u00f4nico\u201d em Rio Branco, uma esp\u00e9cie de rede de monitoramento em toda a Capital.<\/p>\n<p style=\"text-align: justify;\">O tratamento preventivo com escolinhas de futebol, m\u00fasica e atividades de lazer s\u00e3o medidas anunciadas para tentar bloquear o envolvimento da juventude com o crime. No Acre, em 2016, mais da metade dos homic\u00eddios tem envolvimento de jovens.<\/p>\n","protected":false},"excerpt":{"rendered":"<p style=\"text-align: justify;\">Execu\u00e7\u00f5es, fac\u00e7\u00f5es e mais de 300 homic\u00eddios<\/p>\n","protected":false},"author":4,"featured_media":27104,"comment_status":"open","ping_status":"open","sticky":false,"template":"","format":"standard","meta":{"jnews-multi-image_gallery":[],"jnews_single_post":[],"jnews_primary_category":[],"jnews_social_meta":[],"jnews_review":[],"enable_review":"","type":"","name":"","summary":"","brand":"","sku":"","good":[],"bad":[],"score_override":"","override_value":"","rating":[],"price":[],"footnotes":""},"categories":[44],"tags":[],"class_list":["post-27105","post","type-post","status-publish","format-standard","has-post-thumbnail","hentry","category-policia"],"yoast_head":"<!-- This site is optimized with the Yoast SEO plugin v26.5 - https:\/\/yoast.com\/wordpress\/plugins\/seo\/ -->\n<title>2016: o ano mais violento da hist\u00f3ria do Acre - Agazeta.net<\/title>\n<meta name=\"robots\" content=\"index, follow, max-snippet:-1, max-image-preview:large, max-video-preview:-1\" \/>\n<link rel=\"canonical\" href=\"https:\/\/nk7-testes.com.br\/agazeta\/2016-o-ano-mais-violento-da-historia-do-acre\/\" \/>\n<meta property=\"og:locale\" content=\"pt_BR\" \/>\n<meta property=\"og:type\" content=\"article\" \/>\n<meta property=\"og:title\" content=\"2016: o ano mais violento da hist\u00f3ria do Acre - Agazeta.net\" \/>\n<meta property=\"og:description\" content=\"Execu\u00e7\u00f5es, fac\u00e7\u00f5es e mais de 300 homic\u00eddios\" \/>\n<meta property=\"og:url\" content=\"https:\/\/nk7-testes.com.br\/agazeta\/2016-o-ano-mais-violento-da-historia-do-acre\/\" \/>\n<meta property=\"og:site_name\" content=\"Agazeta.net\" \/>\n<meta property=\"article:published_time\" content=\"2016-12-27T17:57:26+00:00\" \/>\n<meta property=\"og:image\" content=\"https:\/\/nk7-testes.com.br\/agazeta\/wp-content\/uploads\/2016\/12\/311016-policia-facasebaladeiras-cedida2.jpg\" \/>\n\t<meta property=\"og:image:width\" content=\"458\" \/>\n\t<meta property=\"og:image:height\" content=\"340\" \/>\n\t<meta property=\"og:image:type\" content=\"image\/jpeg\" \/>\n<meta name=\"author\" content=\"Agazeta.Net\" \/>\n<meta name=\"twitter:card\" content=\"summary_large_image\" \/>\n<meta name=\"twitter:label1\" content=\"Escrito por\" \/>\n\t<meta name=\"twitter:data1\" content=\"Agazeta.Net\" \/>\n\t<meta name=\"twitter:label2\" content=\"Est. tempo de leitura\" \/>\n\t<meta name=\"twitter:data2\" content=\"3 minutos\" \/>\n<script type=\"application\/ld+json\" class=\"yoast-schema-graph\">{\"@context\":\"https:\/\/schema.org\",\"@graph\":[{\"@type\":\"WebPage\",\"@id\":\"https:\/\/nk7-testes.com.br\/agazeta\/2016-o-ano-mais-violento-da-historia-do-acre\/\",\"url\":\"https:\/\/nk7-testes.com.br\/agazeta\/2016-o-ano-mais-violento-da-historia-do-acre\/\",\"name\":\"2016: o ano mais violento da hist\u00f3ria do Acre - Agazeta.net\",\"isPartOf\":{\"@id\":\"https:\/\/nk7-testes.com.br\/agazeta\/#website\"},\"primaryImageOfPage\":{\"@id\":\"https:\/\/nk7-testes.com.br\/agazeta\/2016-o-ano-mais-violento-da-historia-do-acre\/#primaryimage\"},\"image\":{\"@id\":\"https:\/\/nk7-testes.com.br\/agazeta\/2016-o-ano-mais-violento-da-historia-do-acre\/#primaryimage\"},\"thumbnailUrl\":\"https:\/\/nk7-testes.com.br\/agazeta\/wp-content\/uploads\/2016\/12\/311016-policia-facasebaladeiras-cedida2.jpg\",\"datePublished\":\"2016-12-27T17:57:26+00:00\",\"author\":{\"@id\":\"https:\/\/nk7-testes.com.br\/agazeta\/#\/schema\/person\/ff6b39d54d6973bfc57f4140f659b23f\"},\"breadcrumb\":{\"@id\":\"https:\/\/nk7-testes.com.br\/agazeta\/2016-o-ano-mais-violento-da-historia-do-acre\/#breadcrumb\"},\"inLanguage\":\"pt-BR\",\"potentialAction\":[{\"@type\":\"ReadAction\",\"target\":[\"https:\/\/nk7-testes.com.br\/agazeta\/2016-o-ano-mais-violento-da-historia-do-acre\/\"]}]},{\"@type\":\"ImageObject\",\"inLanguage\":\"pt-BR\",\"@id\":\"https:\/\/nk7-testes.com.br\/agazeta\/2016-o-ano-mais-violento-da-historia-do-acre\/#primaryimage\",\"url\":\"https:\/\/nk7-testes.com.br\/agazeta\/wp-content\/uploads\/2016\/12\/311016-policia-facasebaladeiras-cedida2.jpg\",\"contentUrl\":\"https:\/\/nk7-testes.com.br\/agazeta\/wp-content\/uploads\/2016\/12\/311016-policia-facasebaladeiras-cedida2.jpg\",\"width\":458,\"height\":340,\"caption\":\"311016-policia-facasebaladeiras-cedida2\"},{\"@type\":\"BreadcrumbList\",\"@id\":\"https:\/\/nk7-testes.com.br\/agazeta\/2016-o-ano-mais-violento-da-historia-do-acre\/#breadcrumb\",\"itemListElement\":[{\"@type\":\"ListItem\",\"position\":1,\"name\":\"In\u00edcio\",\"item\":\"https:\/\/nk7-testes.com.br\/agazeta\/\"},{\"@type\":\"ListItem\",\"position\":2,\"name\":\"2016: o ano mais violento da hist\u00f3ria do Acre\"}]},{\"@type\":\"WebSite\",\"@id\":\"https:\/\/nk7-testes.com.br\/agazeta\/#website\",\"url\":\"https:\/\/nk7-testes.com.br\/agazeta\/\",\"name\":\"Agazeta.net\",\"description\":\"Agazeta.net - Not\u00edcias de Rio Branco\/AC\",\"potentialAction\":[{\"@type\":\"SearchAction\",\"target\":{\"@type\":\"EntryPoint\",\"urlTemplate\":\"https:\/\/nk7-testes.com.br\/agazeta\/?s={search_term_string}\"},\"query-input\":{\"@type\":\"PropertyValueSpecification\",\"valueRequired\":true,\"valueName\":\"search_term_string\"}}],\"inLanguage\":\"pt-BR\"},{\"@type\":\"Person\",\"@id\":\"https:\/\/nk7-testes.com.br\/agazeta\/#\/schema\/person\/ff6b39d54d6973bfc57f4140f659b23f\",\"name\":\"Agazeta.Net\",\"url\":\"https:\/\/nk7-testes.com.br\/agazeta\/author\/agazeta\/\"}]}<\/script>\n<!-- \/ Yoast SEO plugin. -->","yoast_head_json":{"title":"2016: o ano mais violento da hist\u00f3ria do Acre - Agazeta.net","robots":{"index":"index","follow":"follow","max-snippet":"max-snippet:-1","max-image-preview":"max-image-preview:large","max-video-preview":"max-video-preview:-1"},"canonical":"https:\/\/nk7-testes.com.br\/agazeta\/2016-o-ano-mais-violento-da-historia-do-acre\/","og_locale":"pt_BR","og_type":"article","og_title":"2016: o ano mais violento da hist\u00f3ria do Acre - Agazeta.net","og_description":"Execu\u00e7\u00f5es, fac\u00e7\u00f5es e mais de 300 homic\u00eddios","og_url":"https:\/\/nk7-testes.com.br\/agazeta\/2016-o-ano-mais-violento-da-historia-do-acre\/","og_site_name":"Agazeta.net","article_published_time":"2016-12-27T17:57:26+00:00","og_image":[{"width":458,"height":340,"url":"https:\/\/nk7-testes.com.br\/agazeta\/wp-content\/uploads\/2016\/12\/311016-policia-facasebaladeiras-cedida2.jpg","type":"image\/jpeg"}],"author":"Agazeta.Net","twitter_card":"summary_large_image","twitter_misc":{"Escrito por":"Agazeta.Net","Est. tempo de leitura":"3 minutos"},"schema":{"@context":"https:\/\/schema.org","@graph":[{"@type":"WebPage","@id":"https:\/\/nk7-testes.com.br\/agazeta\/2016-o-ano-mais-violento-da-historia-do-acre\/","url":"https:\/\/nk7-testes.com.br\/agazeta\/2016-o-ano-mais-violento-da-historia-do-acre\/","name":"2016: o ano mais violento da hist\u00f3ria do Acre - Agazeta.net","isPartOf":{"@id":"https:\/\/nk7-testes.com.br\/agazeta\/#website"},"primaryImageOfPage":{"@id":"https:\/\/nk7-testes.com.br\/agazeta\/2016-o-ano-mais-violento-da-historia-do-acre\/#primaryimage"},"image":{"@id":"https:\/\/nk7-testes.com.br\/agazeta\/2016-o-ano-mais-violento-da-historia-do-acre\/#primaryimage"},"thumbnailUrl":"https:\/\/nk7-testes.com.br\/agazeta\/wp-content\/uploads\/2016\/12\/311016-policia-facasebaladeiras-cedida2.jpg","datePublished":"2016-12-27T17:57:26+00:00","author":{"@id":"https:\/\/nk7-testes.com.br\/agazeta\/#\/schema\/person\/ff6b39d54d6973bfc57f4140f659b23f"},"breadcrumb":{"@id":"https:\/\/nk7-testes.com.br\/agazeta\/2016-o-ano-mais-violento-da-historia-do-acre\/#breadcrumb"},"inLanguage":"pt-BR","potentialAction":[{"@type":"ReadAction","target":["https:\/\/nk7-testes.com.br\/agazeta\/2016-o-ano-mais-violento-da-historia-do-acre\/"]}]},{"@type":"ImageObject","inLanguage":"pt-BR","@id":"https:\/\/nk7-testes.com.br\/agazeta\/2016-o-ano-mais-violento-da-historia-do-acre\/#primaryimage","url":"https:\/\/nk7-testes.com.br\/agazeta\/wp-content\/uploads\/2016\/12\/311016-policia-facasebaladeiras-cedida2.jpg","contentUrl":"https:\/\/nk7-testes.com.br\/agazeta\/wp-content\/uploads\/2016\/12\/311016-policia-facasebaladeiras-cedida2.jpg","width":458,"height":340,"caption":"311016-policia-facasebaladeiras-cedida2"},{"@type":"BreadcrumbList","@id":"https:\/\/nk7-testes.com.br\/agazeta\/2016-o-ano-mais-violento-da-historia-do-acre\/#breadcrumb","itemListElement":[{"@type":"ListItem","position":1,"name":"In\u00edcio","item":"https:\/\/nk7-testes.com.br\/agazeta\/"},{"@type":"ListItem","position":2,"name":"2016: o ano mais violento da hist\u00f3ria do Acre"}]},{"@type":"WebSite","@id":"https:\/\/nk7-testes.com.br\/agazeta\/#website","url":"https:\/\/nk7-testes.com.br\/agazeta\/","name":"Agazeta.net","description":"Agazeta.net - Not\u00edcias de Rio Branco\/AC","potentialAction":[{"@type":"SearchAction","target":{"@type":"EntryPoint","urlTemplate":"https:\/\/nk7-testes.com.br\/agazeta\/?s={search_term_string}"},"query-input":{"@type":"PropertyValueSpecification","valueRequired":true,"valueName":"search_term_string"}}],"inLanguage":"pt-BR"},{"@type":"Person","@id":"https:\/\/nk7-testes.com.br\/agazeta\/#\/schema\/person\/ff6b39d54d6973bfc57f4140f659b23f","name":"Agazeta.Net","url":"https:\/\/nk7-testes.com.br\/agazeta\/author\/agazeta\/"}]}},"_links":{"self":[{"href":"https:\/\/nk7-testes.com.br\/agazeta\/wp-json\/wp\/v2\/posts\/27105","targetHints":{"allow":["GET"]}}],"collection":[{"href":"https:\/\/nk7-testes.com.br\/agazeta\/wp-json\/wp\/v2\/posts"}],"about":[{"href":"https:\/\/nk7-testes.com.br\/agazeta\/wp-json\/wp\/v2\/types\/post"}],"author":[{"embeddable":true,"href":"https:\/\/nk7-testes.com.br\/agazeta\/wp-json\/wp\/v2\/users\/4"}],"replies":[{"embeddable":true,"href":"https:\/\/nk7-testes.com.br\/agazeta\/wp-json\/wp\/v2\/comments?post=27105"}],"version-history":[{"count":0,"href":"https:\/\/nk7-testes.com.br\/agazeta\/wp-json\/wp\/v2\/posts\/27105\/revisions"}],"wp:featuredmedia":[{"embeddable":true,"href":"https:\/\/nk7-testes.com.br\/agazeta\/wp-json\/wp\/v2\/media\/27104"}],"wp:attachment":[{"href":"https:\/\/nk7-testes.com.br\/agazeta\/wp-json\/wp\/v2\/media?parent=27105"}],"wp:term":[{"taxonomy":"category","embeddable":true,"href":"https:\/\/nk7-testes.com.br\/agazeta\/wp-json\/wp\/v2\/categories?post=27105"},{"taxonomy":"post_tag","embeddable":true,"href":"https:\/\/nk7-testes.com.br\/agazeta\/wp-json\/wp\/v2\/tags?post=27105"}],"curies":[{"name":"wp","href":"https:\/\/api.w.org\/{rel}","templated":true}]}}