{"id":27103,"date":"2016-12-27T16:03:49","date_gmt":"2016-12-27T16:03:49","guid":{"rendered":"https:\/\/abarevegan.com.br\/index.php\/2016\/12\/27\/policial-da-reserva-do-bope-e-alvejado-durante-assalto\/"},"modified":"2016-12-27T16:03:49","modified_gmt":"2016-12-27T16:03:49","slug":"policial-da-reserva-do-bope-e-alvejado-durante-assalto","status":"publish","type":"post","link":"https:\/\/nk7-testes.com.br\/agazeta\/policial-da-reserva-do-bope-e-alvejado-durante-assalto\/","title":{"rendered":"Subtenente da reserva da PM \u00e9 morto durante assalto"},"content":{"rendered":"<p style=\"text-align: justify;\">V\u00edtima n\u00e3o resistiu e morreu ao dar entrada no PS<\/p>\n<p style=\"text-align: justify;\">O subtenente Ant\u00f4nio Jos\u00e9 da Costa (nome de trabalho era J.Costa), da reserva da Pol\u00edcia Militar, foi atingido por tr\u00eas tiros nas costas durante assalto na Via Chico Mendes, na manh\u00e3 desta ter\u00e7a-feira (27).&nbsp;Os suspeitos ainda levaram a caminhonete do policial.&nbsp;A v\u00edtima foi socorrida por uma viatura do Samu, mas n\u00e3o resistiu e morreu ao chegar ao Pronto Socorro do Hospital de Urg\u00eancia e Emerg\u00eancia de Rio Branco.<\/p>\n<p style=\"text-align: justify;\">O confronto com o policial foi feito por dois homens. Um deles aplicou um golpe de imobiliza\u00e7\u00e3o no pesco\u00e7o do policial enquanto o outro retirava a arma de J. Costa que reagiu.<\/p>\n<p style=\"text-align: justify;\">A equipe do Samu ainda prestou os primeiros socorros, mas J. Costa n\u00e3o resistiu aos ferimentos.<\/p>\n","protected":false},"excerpt":{"rendered":"<p style=\"text-align: justify;\">V\u00edtima n\u00e3o resistiu e morreu ao dar entrada no PS<\/p>\n","protected":false},"author":4,"featured_media":27102,"comment_status":"open","ping_status":"open","sticky":false,"template":"","format":"standard","meta":{"jnews-multi-image_gallery":[],"jnews_single_post":[],"jnews_primary_category":[],"jnews_social_meta":[],"jnews_review":[],"enable_review":"","type":"","name":"","summary":"","brand":"","sku":"","good":[],"bad":[],"score_override":"","override_value":"","rating":[],"price":[],"footnotes":""},"categories":[44],"tags":[],"class_list":["post-27103","post","type-post","status-publish","format-standard","has-post-thumbnail","hentry","category-policia"],"yoast_head":"<!-- This site is optimized with the Yoast SEO plugin v26.5 - https:\/\/yoast.com\/wordpress\/plugins\/seo\/ -->\n<title>Subtenente da reserva da PM \u00e9 morto durante assalto - Agazeta.net<\/title>\n<meta name=\"robots\" content=\"index, follow, max-snippet:-1, max-image-preview:large, max-video-preview:-1\" \/>\n<link rel=\"canonical\" href=\"https:\/\/nk7-testes.com.br\/agazeta\/policial-da-reserva-do-bope-e-alvejado-durante-assalto\/\" \/>\n<meta property=\"og:locale\" content=\"pt_BR\" \/>\n<meta property=\"og:type\" content=\"article\" \/>\n<meta property=\"og:title\" content=\"Subtenente da reserva da PM \u00e9 morto durante assalto - Agazeta.net\" \/>\n<meta property=\"og:description\" content=\"V\u00edtima n\u00e3o resistiu e morreu ao dar entrada no PS\" \/>\n<meta property=\"og:url\" content=\"https:\/\/nk7-testes.com.br\/agazeta\/policial-da-reserva-do-bope-e-alvejado-durante-assalto\/\" \/>\n<meta property=\"og:site_name\" content=\"Agazeta.net\" \/>\n<meta property=\"article:published_time\" content=\"2016-12-27T16:03:49+00:00\" \/>\n<meta property=\"og:image\" content=\"https:\/\/nk7-testes.com.br\/agazeta\/wp-content\/uploads\/2016\/12\/271216-policia-policial-alvejado.jpg\" \/>\n\t<meta property=\"og:image:width\" content=\"458\" \/>\n\t<meta property=\"og:image:height\" content=\"340\" \/>\n\t<meta property=\"og:image:type\" content=\"image\/jpeg\" \/>\n<meta name=\"author\" content=\"Agazeta.Net\" \/>\n<meta name=\"twitter:card\" content=\"summary_large_image\" \/>\n<meta name=\"twitter:label1\" content=\"Escrito por\" \/>\n\t<meta name=\"twitter:data1\" content=\"Agazeta.Net\" \/>\n\t<meta name=\"twitter:label2\" content=\"Est. tempo de leitura\" \/>\n\t<meta name=\"twitter:data2\" content=\"1 minuto\" \/>\n<script type=\"application\/ld+json\" class=\"yoast-schema-graph\">{\"@context\":\"https:\/\/schema.org\",\"@graph\":[{\"@type\":\"WebPage\",\"@id\":\"https:\/\/nk7-testes.com.br\/agazeta\/policial-da-reserva-do-bope-e-alvejado-durante-assalto\/\",\"url\":\"https:\/\/nk7-testes.com.br\/agazeta\/policial-da-reserva-do-bope-e-alvejado-durante-assalto\/\",\"name\":\"Subtenente da reserva da PM \u00e9 morto durante assalto - Agazeta.net\",\"isPartOf\":{\"@id\":\"https:\/\/nk7-testes.com.br\/agazeta\/#website\"},\"primaryImageOfPage\":{\"@id\":\"https:\/\/nk7-testes.com.br\/agazeta\/policial-da-reserva-do-bope-e-alvejado-durante-assalto\/#primaryimage\"},\"image\":{\"@id\":\"https:\/\/nk7-testes.com.br\/agazeta\/policial-da-reserva-do-bope-e-alvejado-durante-assalto\/#primaryimage\"},\"thumbnailUrl\":\"https:\/\/nk7-testes.com.br\/agazeta\/wp-content\/uploads\/2016\/12\/271216-policia-policial-alvejado.jpg\",\"datePublished\":\"2016-12-27T16:03:49+00:00\",\"author\":{\"@id\":\"https:\/\/nk7-testes.com.br\/agazeta\/#\/schema\/person\/ff6b39d54d6973bfc57f4140f659b23f\"},\"breadcrumb\":{\"@id\":\"https:\/\/nk7-testes.com.br\/agazeta\/policial-da-reserva-do-bope-e-alvejado-durante-assalto\/#breadcrumb\"},\"inLanguage\":\"pt-BR\",\"potentialAction\":[{\"@type\":\"ReadAction\",\"target\":[\"https:\/\/nk7-testes.com.br\/agazeta\/policial-da-reserva-do-bope-e-alvejado-durante-assalto\/\"]}]},{\"@type\":\"ImageObject\",\"inLanguage\":\"pt-BR\",\"@id\":\"https:\/\/nk7-testes.com.br\/agazeta\/policial-da-reserva-do-bope-e-alvejado-durante-assalto\/#primaryimage\",\"url\":\"https:\/\/nk7-testes.com.br\/agazeta\/wp-content\/uploads\/2016\/12\/271216-policia-policial-alvejado.jpg\",\"contentUrl\":\"https:\/\/nk7-testes.com.br\/agazeta\/wp-content\/uploads\/2016\/12\/271216-policia-policial-alvejado.jpg\",\"width\":458,\"height\":340,\"caption\":\"271216-policia-policial-alvejado\"},{\"@type\":\"BreadcrumbList\",\"@id\":\"https:\/\/nk7-testes.com.br\/agazeta\/policial-da-reserva-do-bope-e-alvejado-durante-assalto\/#breadcrumb\",\"itemListElement\":[{\"@type\":\"ListItem\",\"position\":1,\"name\":\"In\u00edcio\",\"item\":\"https:\/\/nk7-testes.com.br\/agazeta\/\"},{\"@type\":\"ListItem\",\"position\":2,\"name\":\"Subtenente da reserva da PM \u00e9 morto durante assalto\"}]},{\"@type\":\"WebSite\",\"@id\":\"https:\/\/nk7-testes.com.br\/agazeta\/#website\",\"url\":\"https:\/\/nk7-testes.com.br\/agazeta\/\",\"name\":\"Agazeta.net\",\"description\":\"Agazeta.net - Not\u00edcias de Rio Branco\/AC\",\"potentialAction\":[{\"@type\":\"SearchAction\",\"target\":{\"@type\":\"EntryPoint\",\"urlTemplate\":\"https:\/\/nk7-testes.com.br\/agazeta\/?s={search_term_string}\"},\"query-input\":{\"@type\":\"PropertyValueSpecification\",\"valueRequired\":true,\"valueName\":\"search_term_string\"}}],\"inLanguage\":\"pt-BR\"},{\"@type\":\"Person\",\"@id\":\"https:\/\/nk7-testes.com.br\/agazeta\/#\/schema\/person\/ff6b39d54d6973bfc57f4140f659b23f\",\"name\":\"Agazeta.Net\",\"url\":\"https:\/\/nk7-testes.com.br\/agazeta\/author\/agazeta\/\"}]}<\/script>\n<!-- \/ Yoast SEO plugin. -->","yoast_head_json":{"title":"Subtenente da reserva da PM \u00e9 morto durante assalto - Agazeta.net","robots":{"index":"index","follow":"follow","max-snippet":"max-snippet:-1","max-image-preview":"max-image-preview:large","max-video-preview":"max-video-preview:-1"},"canonical":"https:\/\/nk7-testes.com.br\/agazeta\/policial-da-reserva-do-bope-e-alvejado-durante-assalto\/","og_locale":"pt_BR","og_type":"article","og_title":"Subtenente da reserva da PM \u00e9 morto durante assalto - Agazeta.net","og_description":"V\u00edtima n\u00e3o resistiu e morreu ao dar entrada no PS","og_url":"https:\/\/nk7-testes.com.br\/agazeta\/policial-da-reserva-do-bope-e-alvejado-durante-assalto\/","og_site_name":"Agazeta.net","article_published_time":"2016-12-27T16:03:49+00:00","og_image":[{"width":458,"height":340,"url":"https:\/\/nk7-testes.com.br\/agazeta\/wp-content\/uploads\/2016\/12\/271216-policia-policial-alvejado.jpg","type":"image\/jpeg"}],"author":"Agazeta.Net","twitter_card":"summary_large_image","twitter_misc":{"Escrito por":"Agazeta.Net","Est. tempo de leitura":"1 minuto"},"schema":{"@context":"https:\/\/schema.org","@graph":[{"@type":"WebPage","@id":"https:\/\/nk7-testes.com.br\/agazeta\/policial-da-reserva-do-bope-e-alvejado-durante-assalto\/","url":"https:\/\/nk7-testes.com.br\/agazeta\/policial-da-reserva-do-bope-e-alvejado-durante-assalto\/","name":"Subtenente da reserva da PM \u00e9 morto durante assalto - Agazeta.net","isPartOf":{"@id":"https:\/\/nk7-testes.com.br\/agazeta\/#website"},"primaryImageOfPage":{"@id":"https:\/\/nk7-testes.com.br\/agazeta\/policial-da-reserva-do-bope-e-alvejado-durante-assalto\/#primaryimage"},"image":{"@id":"https:\/\/nk7-testes.com.br\/agazeta\/policial-da-reserva-do-bope-e-alvejado-durante-assalto\/#primaryimage"},"thumbnailUrl":"https:\/\/nk7-testes.com.br\/agazeta\/wp-content\/uploads\/2016\/12\/271216-policia-policial-alvejado.jpg","datePublished":"2016-12-27T16:03:49+00:00","author":{"@id":"https:\/\/nk7-testes.com.br\/agazeta\/#\/schema\/person\/ff6b39d54d6973bfc57f4140f659b23f"},"breadcrumb":{"@id":"https:\/\/nk7-testes.com.br\/agazeta\/policial-da-reserva-do-bope-e-alvejado-durante-assalto\/#breadcrumb"},"inLanguage":"pt-BR","potentialAction":[{"@type":"ReadAction","target":["https:\/\/nk7-testes.com.br\/agazeta\/policial-da-reserva-do-bope-e-alvejado-durante-assalto\/"]}]},{"@type":"ImageObject","inLanguage":"pt-BR","@id":"https:\/\/nk7-testes.com.br\/agazeta\/policial-da-reserva-do-bope-e-alvejado-durante-assalto\/#primaryimage","url":"https:\/\/nk7-testes.com.br\/agazeta\/wp-content\/uploads\/2016\/12\/271216-policia-policial-alvejado.jpg","contentUrl":"https:\/\/nk7-testes.com.br\/agazeta\/wp-content\/uploads\/2016\/12\/271216-policia-policial-alvejado.jpg","width":458,"height":340,"caption":"271216-policia-policial-alvejado"},{"@type":"BreadcrumbList","@id":"https:\/\/nk7-testes.com.br\/agazeta\/policial-da-reserva-do-bope-e-alvejado-durante-assalto\/#breadcrumb","itemListElement":[{"@type":"ListItem","position":1,"name":"In\u00edcio","item":"https:\/\/nk7-testes.com.br\/agazeta\/"},{"@type":"ListItem","position":2,"name":"Subtenente da reserva da PM \u00e9 morto durante assalto"}]},{"@type":"WebSite","@id":"https:\/\/nk7-testes.com.br\/agazeta\/#website","url":"https:\/\/nk7-testes.com.br\/agazeta\/","name":"Agazeta.net","description":"Agazeta.net - Not\u00edcias de Rio Branco\/AC","potentialAction":[{"@type":"SearchAction","target":{"@type":"EntryPoint","urlTemplate":"https:\/\/nk7-testes.com.br\/agazeta\/?s={search_term_string}"},"query-input":{"@type":"PropertyValueSpecification","valueRequired":true,"valueName":"search_term_string"}}],"inLanguage":"pt-BR"},{"@type":"Person","@id":"https:\/\/nk7-testes.com.br\/agazeta\/#\/schema\/person\/ff6b39d54d6973bfc57f4140f659b23f","name":"Agazeta.Net","url":"https:\/\/nk7-testes.com.br\/agazeta\/author\/agazeta\/"}]}},"_links":{"self":[{"href":"https:\/\/nk7-testes.com.br\/agazeta\/wp-json\/wp\/v2\/posts\/27103","targetHints":{"allow":["GET"]}}],"collection":[{"href":"https:\/\/nk7-testes.com.br\/agazeta\/wp-json\/wp\/v2\/posts"}],"about":[{"href":"https:\/\/nk7-testes.com.br\/agazeta\/wp-json\/wp\/v2\/types\/post"}],"author":[{"embeddable":true,"href":"https:\/\/nk7-testes.com.br\/agazeta\/wp-json\/wp\/v2\/users\/4"}],"replies":[{"embeddable":true,"href":"https:\/\/nk7-testes.com.br\/agazeta\/wp-json\/wp\/v2\/comments?post=27103"}],"version-history":[{"count":0,"href":"https:\/\/nk7-testes.com.br\/agazeta\/wp-json\/wp\/v2\/posts\/27103\/revisions"}],"wp:featuredmedia":[{"embeddable":true,"href":"https:\/\/nk7-testes.com.br\/agazeta\/wp-json\/wp\/v2\/media\/27102"}],"wp:attachment":[{"href":"https:\/\/nk7-testes.com.br\/agazeta\/wp-json\/wp\/v2\/media?parent=27103"}],"wp:term":[{"taxonomy":"category","embeddable":true,"href":"https:\/\/nk7-testes.com.br\/agazeta\/wp-json\/wp\/v2\/categories?post=27103"},{"taxonomy":"post_tag","embeddable":true,"href":"https:\/\/nk7-testes.com.br\/agazeta\/wp-json\/wp\/v2\/tags?post=27103"}],"curies":[{"name":"wp","href":"https:\/\/api.w.org\/{rel}","templated":true}]}}