{"id":27073,"date":"2016-12-24T17:38:39","date_gmt":"2016-12-24T17:38:39","guid":{"rendered":"https:\/\/abarevegan.com.br\/index.php\/2016\/12\/24\/acidente-de-manoel-urbano-e-simbolo-da-imprudencia\/"},"modified":"2016-12-24T17:38:39","modified_gmt":"2016-12-24T17:38:39","slug":"acidente-de-manoel-urbano-e-simbolo-da-imprudencia","status":"publish","type":"post","link":"https:\/\/nk7-testes.com.br\/agazeta\/acidente-de-manoel-urbano-e-simbolo-da-imprudencia\/","title":{"rendered":"Acidente de Manoel Urbano \u00e9 s\u00edmbolo da imprud\u00eancia"},"content":{"rendered":"<p style=\"text-align: justify;\">V\u00edtimas eram todas da mesma fam\u00edlia<\/p>\n<p style=\"text-align: justify;\">O acidente na tarde de ontem na BR-364 entre Sena Madureira e Manoel Urbano fecha um ano ruim para o tr\u00e2nsito no Acre. N\u00e3o apenas nas estradas federais. A Pol\u00edcia rodovi\u00e1ria Federal estima que 40% dos acidentes nas BR\u2019s acrianas acontecem no per\u00edmetro urbano. E a imprud\u00eancia dos motoristas \u00e9 um dos principais fatores.<\/p>\n<p style=\"text-align: justify;\">O acidente de sexta-feira \u00e9 um exemplo t\u00edpico. Foram 14 pessoas feridas (algumas classificadas em estado greve ou grav\u00edssimo). Uma crian\u00e7a de 4 meses morreu. Todos da mesma fam\u00edlia. O carro era uma pequena caminhonete Saveiro.<\/p>\n<p style=\"text-align: justify;\">Nesse tipo de carro de servi\u00e7o (n\u00e3o de transporte), o correto \u00e9 transportar duas pessoas na cabine. E s\u00f3. Havia 15 (contando com a crian\u00e7a que morreu). Para completar, as fotos registram que no autom\u00f3vel tinha garrafas de cacha\u00e7a e caixa de cerveja.<\/p>\n<p style=\"text-align: justify;\">Uma postura dessas dificulta o trabalho da pol\u00edcia e elevam os n\u00fameros dram\u00e1ticos do tr\u00e2nsito no Acre que, mesmo com motoristas deseducados, ainda \u00e9 o quinto estado do pa\u00eds com menor n\u00famero de mortes para cada grupo de 100 mil habitantes.<\/p>\n<p style=\"text-align: justify;\">No estudo Retrato da Seguran\u00e7a Vi\u00e1ria 2016, um relato feito pela Ambev, em parceria com a consultoria Falconi, o Acre registra aumento no n\u00famero de mortes no tr\u00e2nsito, embora com cen\u00e1rio distinto do restante do pa\u00eds onde o quadro \u00e9 ainda mais alarmante.<\/p>\n<p style=\"text-align: justify;\">Em 2014, diz o Retrato da Seguran\u00e7a Vi\u00e1ria, 158 pessoas morreram v\u00edtimas de acidentes de tr\u00e2nsito no Acre. Em 2013, morreram 129.<br \/>A morte de 158 pessoas em 2014 coloca o Acre com 17,5 mortes para cada grupo de 100 mil habitantes. Em 2013, essa rela\u00e7\u00e3o era de 16,6 mortes no tr\u00e2nsito para cada grupo de 100 mil habitantes.<\/p>\n<p style=\"text-align: justify;\">O estudo Retratos da Seguran\u00e7a Vi\u00e1ria mostra que entre 2003 e 2014, 1.476 mortes foram causadas por acidentes de tr\u00e2nsito. Registra ainda que mais de 7 mil ficaram feridas e a conta para o Governo pagar no setor de Sa\u00fade com esse cen\u00e1rio foi de R$ 65,45 milh\u00f5es.<\/p>\n<p style=\"text-align: justify;\">Algumas v\u00edtimas do acidente em Manoel Urbano foram transferidas para Rio Branco. Foram mobilizadas ambul\u00e2ncias do Samu de Rio Branco, Sena a Manoel Urbano para prestar atendimento \u00e0s v\u00edtimas.<\/p>\n","protected":false},"excerpt":{"rendered":"<p style=\"text-align: justify;\">V\u00edtimas eram todas da mesma fam\u00edlia<\/p>\n","protected":false},"author":4,"featured_media":27072,"comment_status":"open","ping_status":"open","sticky":false,"template":"","format":"standard","meta":{"jnews-multi-image_gallery":[],"jnews_single_post":[],"jnews_primary_category":[],"jnews_social_meta":[],"jnews_review":[],"enable_review":"","type":"","name":"","summary":"","brand":"","sku":"","good":[],"bad":[],"score_override":"","override_value":"","rating":[],"price":[],"footnotes":""},"categories":[44],"tags":[],"class_list":["post-27073","post","type-post","status-publish","format-standard","has-post-thumbnail","hentry","category-policia"],"yoast_head":"<!-- This site is optimized with the Yoast SEO plugin v26.5 - https:\/\/yoast.com\/wordpress\/plugins\/seo\/ -->\n<title>Acidente de Manoel Urbano \u00e9 s\u00edmbolo da imprud\u00eancia - Agazeta.net<\/title>\n<meta name=\"robots\" content=\"index, follow, max-snippet:-1, max-image-preview:large, max-video-preview:-1\" \/>\n<link rel=\"canonical\" href=\"https:\/\/nk7-testes.com.br\/agazeta\/acidente-de-manoel-urbano-e-simbolo-da-imprudencia\/\" \/>\n<meta property=\"og:locale\" content=\"pt_BR\" \/>\n<meta property=\"og:type\" content=\"article\" \/>\n<meta property=\"og:title\" content=\"Acidente de Manoel Urbano \u00e9 s\u00edmbolo da imprud\u00eancia - Agazeta.net\" \/>\n<meta property=\"og:description\" content=\"V\u00edtimas eram todas da mesma fam\u00edlia\" \/>\n<meta property=\"og:url\" content=\"https:\/\/nk7-testes.com.br\/agazeta\/acidente-de-manoel-urbano-e-simbolo-da-imprudencia\/\" \/>\n<meta property=\"og:site_name\" content=\"Agazeta.net\" \/>\n<meta property=\"article:published_time\" content=\"2016-12-24T17:38:39+00:00\" \/>\n<meta property=\"og:image\" content=\"https:\/\/nk7-testes.com.br\/agazeta\/wp-content\/uploads\/2016\/12\/241216-policia-acidentemanoelurbano-cedida.jpg\" \/>\n\t<meta property=\"og:image:width\" content=\"458\" \/>\n\t<meta property=\"og:image:height\" content=\"340\" \/>\n\t<meta property=\"og:image:type\" content=\"image\/jpeg\" \/>\n<meta name=\"author\" content=\"Agazeta.Net\" \/>\n<meta name=\"twitter:card\" content=\"summary_large_image\" \/>\n<meta name=\"twitter:label1\" content=\"Escrito por\" \/>\n\t<meta name=\"twitter:data1\" content=\"Agazeta.Net\" \/>\n\t<meta name=\"twitter:label2\" content=\"Est. tempo de leitura\" \/>\n\t<meta name=\"twitter:data2\" content=\"2 minutos\" \/>\n<script type=\"application\/ld+json\" class=\"yoast-schema-graph\">{\"@context\":\"https:\/\/schema.org\",\"@graph\":[{\"@type\":\"WebPage\",\"@id\":\"https:\/\/nk7-testes.com.br\/agazeta\/acidente-de-manoel-urbano-e-simbolo-da-imprudencia\/\",\"url\":\"https:\/\/nk7-testes.com.br\/agazeta\/acidente-de-manoel-urbano-e-simbolo-da-imprudencia\/\",\"name\":\"Acidente de Manoel Urbano \u00e9 s\u00edmbolo da imprud\u00eancia - Agazeta.net\",\"isPartOf\":{\"@id\":\"https:\/\/nk7-testes.com.br\/agazeta\/#website\"},\"primaryImageOfPage\":{\"@id\":\"https:\/\/nk7-testes.com.br\/agazeta\/acidente-de-manoel-urbano-e-simbolo-da-imprudencia\/#primaryimage\"},\"image\":{\"@id\":\"https:\/\/nk7-testes.com.br\/agazeta\/acidente-de-manoel-urbano-e-simbolo-da-imprudencia\/#primaryimage\"},\"thumbnailUrl\":\"https:\/\/nk7-testes.com.br\/agazeta\/wp-content\/uploads\/2016\/12\/241216-policia-acidentemanoelurbano-cedida.jpg\",\"datePublished\":\"2016-12-24T17:38:39+00:00\",\"author\":{\"@id\":\"https:\/\/nk7-testes.com.br\/agazeta\/#\/schema\/person\/ff6b39d54d6973bfc57f4140f659b23f\"},\"breadcrumb\":{\"@id\":\"https:\/\/nk7-testes.com.br\/agazeta\/acidente-de-manoel-urbano-e-simbolo-da-imprudencia\/#breadcrumb\"},\"inLanguage\":\"pt-BR\",\"potentialAction\":[{\"@type\":\"ReadAction\",\"target\":[\"https:\/\/nk7-testes.com.br\/agazeta\/acidente-de-manoel-urbano-e-simbolo-da-imprudencia\/\"]}]},{\"@type\":\"ImageObject\",\"inLanguage\":\"pt-BR\",\"@id\":\"https:\/\/nk7-testes.com.br\/agazeta\/acidente-de-manoel-urbano-e-simbolo-da-imprudencia\/#primaryimage\",\"url\":\"https:\/\/nk7-testes.com.br\/agazeta\/wp-content\/uploads\/2016\/12\/241216-policia-acidentemanoelurbano-cedida.jpg\",\"contentUrl\":\"https:\/\/nk7-testes.com.br\/agazeta\/wp-content\/uploads\/2016\/12\/241216-policia-acidentemanoelurbano-cedida.jpg\",\"width\":458,\"height\":340,\"caption\":\"241216-policia-acidentemanoelurbano-cedida\"},{\"@type\":\"BreadcrumbList\",\"@id\":\"https:\/\/nk7-testes.com.br\/agazeta\/acidente-de-manoel-urbano-e-simbolo-da-imprudencia\/#breadcrumb\",\"itemListElement\":[{\"@type\":\"ListItem\",\"position\":1,\"name\":\"In\u00edcio\",\"item\":\"https:\/\/nk7-testes.com.br\/agazeta\/\"},{\"@type\":\"ListItem\",\"position\":2,\"name\":\"Acidente de Manoel Urbano \u00e9 s\u00edmbolo da imprud\u00eancia\"}]},{\"@type\":\"WebSite\",\"@id\":\"https:\/\/nk7-testes.com.br\/agazeta\/#website\",\"url\":\"https:\/\/nk7-testes.com.br\/agazeta\/\",\"name\":\"Agazeta.net\",\"description\":\"Agazeta.net - Not\u00edcias de Rio Branco\/AC\",\"potentialAction\":[{\"@type\":\"SearchAction\",\"target\":{\"@type\":\"EntryPoint\",\"urlTemplate\":\"https:\/\/nk7-testes.com.br\/agazeta\/?s={search_term_string}\"},\"query-input\":{\"@type\":\"PropertyValueSpecification\",\"valueRequired\":true,\"valueName\":\"search_term_string\"}}],\"inLanguage\":\"pt-BR\"},{\"@type\":\"Person\",\"@id\":\"https:\/\/nk7-testes.com.br\/agazeta\/#\/schema\/person\/ff6b39d54d6973bfc57f4140f659b23f\",\"name\":\"Agazeta.Net\",\"url\":\"https:\/\/nk7-testes.com.br\/agazeta\/author\/agazeta\/\"}]}<\/script>\n<!-- \/ Yoast SEO plugin. -->","yoast_head_json":{"title":"Acidente de Manoel Urbano \u00e9 s\u00edmbolo da imprud\u00eancia - Agazeta.net","robots":{"index":"index","follow":"follow","max-snippet":"max-snippet:-1","max-image-preview":"max-image-preview:large","max-video-preview":"max-video-preview:-1"},"canonical":"https:\/\/nk7-testes.com.br\/agazeta\/acidente-de-manoel-urbano-e-simbolo-da-imprudencia\/","og_locale":"pt_BR","og_type":"article","og_title":"Acidente de Manoel Urbano \u00e9 s\u00edmbolo da imprud\u00eancia - Agazeta.net","og_description":"V\u00edtimas eram todas da mesma fam\u00edlia","og_url":"https:\/\/nk7-testes.com.br\/agazeta\/acidente-de-manoel-urbano-e-simbolo-da-imprudencia\/","og_site_name":"Agazeta.net","article_published_time":"2016-12-24T17:38:39+00:00","og_image":[{"width":458,"height":340,"url":"https:\/\/nk7-testes.com.br\/agazeta\/wp-content\/uploads\/2016\/12\/241216-policia-acidentemanoelurbano-cedida.jpg","type":"image\/jpeg"}],"author":"Agazeta.Net","twitter_card":"summary_large_image","twitter_misc":{"Escrito por":"Agazeta.Net","Est. tempo de leitura":"2 minutos"},"schema":{"@context":"https:\/\/schema.org","@graph":[{"@type":"WebPage","@id":"https:\/\/nk7-testes.com.br\/agazeta\/acidente-de-manoel-urbano-e-simbolo-da-imprudencia\/","url":"https:\/\/nk7-testes.com.br\/agazeta\/acidente-de-manoel-urbano-e-simbolo-da-imprudencia\/","name":"Acidente de Manoel Urbano \u00e9 s\u00edmbolo da imprud\u00eancia - Agazeta.net","isPartOf":{"@id":"https:\/\/nk7-testes.com.br\/agazeta\/#website"},"primaryImageOfPage":{"@id":"https:\/\/nk7-testes.com.br\/agazeta\/acidente-de-manoel-urbano-e-simbolo-da-imprudencia\/#primaryimage"},"image":{"@id":"https:\/\/nk7-testes.com.br\/agazeta\/acidente-de-manoel-urbano-e-simbolo-da-imprudencia\/#primaryimage"},"thumbnailUrl":"https:\/\/nk7-testes.com.br\/agazeta\/wp-content\/uploads\/2016\/12\/241216-policia-acidentemanoelurbano-cedida.jpg","datePublished":"2016-12-24T17:38:39+00:00","author":{"@id":"https:\/\/nk7-testes.com.br\/agazeta\/#\/schema\/person\/ff6b39d54d6973bfc57f4140f659b23f"},"breadcrumb":{"@id":"https:\/\/nk7-testes.com.br\/agazeta\/acidente-de-manoel-urbano-e-simbolo-da-imprudencia\/#breadcrumb"},"inLanguage":"pt-BR","potentialAction":[{"@type":"ReadAction","target":["https:\/\/nk7-testes.com.br\/agazeta\/acidente-de-manoel-urbano-e-simbolo-da-imprudencia\/"]}]},{"@type":"ImageObject","inLanguage":"pt-BR","@id":"https:\/\/nk7-testes.com.br\/agazeta\/acidente-de-manoel-urbano-e-simbolo-da-imprudencia\/#primaryimage","url":"https:\/\/nk7-testes.com.br\/agazeta\/wp-content\/uploads\/2016\/12\/241216-policia-acidentemanoelurbano-cedida.jpg","contentUrl":"https:\/\/nk7-testes.com.br\/agazeta\/wp-content\/uploads\/2016\/12\/241216-policia-acidentemanoelurbano-cedida.jpg","width":458,"height":340,"caption":"241216-policia-acidentemanoelurbano-cedida"},{"@type":"BreadcrumbList","@id":"https:\/\/nk7-testes.com.br\/agazeta\/acidente-de-manoel-urbano-e-simbolo-da-imprudencia\/#breadcrumb","itemListElement":[{"@type":"ListItem","position":1,"name":"In\u00edcio","item":"https:\/\/nk7-testes.com.br\/agazeta\/"},{"@type":"ListItem","position":2,"name":"Acidente de Manoel Urbano \u00e9 s\u00edmbolo da imprud\u00eancia"}]},{"@type":"WebSite","@id":"https:\/\/nk7-testes.com.br\/agazeta\/#website","url":"https:\/\/nk7-testes.com.br\/agazeta\/","name":"Agazeta.net","description":"Agazeta.net - Not\u00edcias de Rio Branco\/AC","potentialAction":[{"@type":"SearchAction","target":{"@type":"EntryPoint","urlTemplate":"https:\/\/nk7-testes.com.br\/agazeta\/?s={search_term_string}"},"query-input":{"@type":"PropertyValueSpecification","valueRequired":true,"valueName":"search_term_string"}}],"inLanguage":"pt-BR"},{"@type":"Person","@id":"https:\/\/nk7-testes.com.br\/agazeta\/#\/schema\/person\/ff6b39d54d6973bfc57f4140f659b23f","name":"Agazeta.Net","url":"https:\/\/nk7-testes.com.br\/agazeta\/author\/agazeta\/"}]}},"_links":{"self":[{"href":"https:\/\/nk7-testes.com.br\/agazeta\/wp-json\/wp\/v2\/posts\/27073","targetHints":{"allow":["GET"]}}],"collection":[{"href":"https:\/\/nk7-testes.com.br\/agazeta\/wp-json\/wp\/v2\/posts"}],"about":[{"href":"https:\/\/nk7-testes.com.br\/agazeta\/wp-json\/wp\/v2\/types\/post"}],"author":[{"embeddable":true,"href":"https:\/\/nk7-testes.com.br\/agazeta\/wp-json\/wp\/v2\/users\/4"}],"replies":[{"embeddable":true,"href":"https:\/\/nk7-testes.com.br\/agazeta\/wp-json\/wp\/v2\/comments?post=27073"}],"version-history":[{"count":0,"href":"https:\/\/nk7-testes.com.br\/agazeta\/wp-json\/wp\/v2\/posts\/27073\/revisions"}],"wp:featuredmedia":[{"embeddable":true,"href":"https:\/\/nk7-testes.com.br\/agazeta\/wp-json\/wp\/v2\/media\/27072"}],"wp:attachment":[{"href":"https:\/\/nk7-testes.com.br\/agazeta\/wp-json\/wp\/v2\/media?parent=27073"}],"wp:term":[{"taxonomy":"category","embeddable":true,"href":"https:\/\/nk7-testes.com.br\/agazeta\/wp-json\/wp\/v2\/categories?post=27073"},{"taxonomy":"post_tag","embeddable":true,"href":"https:\/\/nk7-testes.com.br\/agazeta\/wp-json\/wp\/v2\/tags?post=27073"}],"curies":[{"name":"wp","href":"https:\/\/api.w.org\/{rel}","templated":true}]}}