{"id":27058,"date":"2016-12-23T14:25:33","date_gmt":"2016-12-23T14:25:33","guid":{"rendered":"https:\/\/abarevegan.com.br\/index.php\/2016\/12\/23\/em-epitaciolandia-vereador-acusado-de-estupro-nega-crime\/"},"modified":"2016-12-23T14:25:33","modified_gmt":"2016-12-23T14:25:33","slug":"em-epitaciolandia-vereador-acusado-de-estupro-nega-crime","status":"publish","type":"post","link":"https:\/\/nk7-testes.com.br\/agazeta\/em-epitaciolandia-vereador-acusado-de-estupro-nega-crime\/","title":{"rendered":"Em epitaciol\u00e2ndia, vereador acusado de estupro nega crime"},"content":{"rendered":"<p style=\"text-align: justify;\">Messias diz que foi extorquido pela m\u00e3e da garota<\/p>\n<p style=\"text-align: justify;\">O vereador do munic\u00edpio de Epitaciol\u00e2ndia, Manoel Messias Rodrigues Lopes, 41, foi acusado pela fam\u00edlia de uma garota de 13 anos de estupro. O epis\u00f3dio teria acontecido na \u00faltima quarta-feira. H\u00e1 um laudo do IML que assegura ter havido conjun\u00e7\u00e3o carnal. O vereador nega a acusa\u00e7\u00e3o. No fim da tarde de quinta-feira, concedeu entrevista ao rep\u00f3rter Almir Andrade, correspondente da TV Gazeta em Brasileia e Epitaciol\u00e2ndia.<\/p>\n<p style=\"text-align: justify;\">Na vers\u00e3o do vereador, ele atendeu a um telefonema da m\u00e3e da menina que pedia aux\u00edlio para sair de um atoleiro em um ramal do Km 26 da BR-317. L\u00e1 chegando, o vereador n\u00e3o teve como auxiliar porque o carro tamb\u00e9m teria ficado atolado.<\/p>\n<p style=\"text-align: justify;\">O grupo, composto pelo vereador, a garota supostamente violentada, a m\u00e3e e mais duas crian\u00e7as andando at\u00e9 a estrada. Nas imedia\u00e7\u00f5es h\u00e1 uma pequena vila. O vereador e a mo\u00e7a se adiantaram al\u00e9m do grupo, quando come\u00e7ou a chover.<\/p>\n<p style=\"text-align: justify;\">Os dois foram se abrigar embaixo de uma \u00e1rvore. Cerca de cinco minutos depois, nos c\u00e1lculos do vereador, a m\u00e3e chega e j\u00e1 foi acusando de estupro. \u201cD. Maria, pare com isso. Eu n\u00e3o estuprei a sua filha. Como \u00e9 que eu faria isso em cinco minutos, a menina n\u00e3o est\u00e1 arranhada, n\u00e3o est\u00e1 com roupa rasgada, n\u00e3o tem nada, como \u00e9 que eu vou estuprar uma menina? Eu sou um pai de fam\u00edlia, tenho minha esposa, meus filhos. Sou contra esse neg\u00f3cio de estupro. Pra mim, tem \u00e9 que matar estuprador\u201d, defendeu-se.<\/p>\n<p style=\"text-align: justify;\">O vereador traz um elemento novo ao problema. \u201cEla disse que queria que eu pagasse um sal\u00e1rio para a menina at\u00e9 ela completar 18 anos. Eu n\u00e3o vou pagar porque n\u00e3o fiz nada, n\u00e3o lhe devo nada\u201d, teria dito o parlamentar \u00e0 m\u00e3e da suposta v\u00edtima.<br \/>O vereador estava acompanhado do advogado Paulo Henrique Mazzali e vai ser ouvido ainda hoje pelo delegado Cristiano Bastos.<\/p>\n","protected":false},"excerpt":{"rendered":"<p style=\"text-align: justify;\">Messias diz que foi extorquido pela m\u00e3e da garota<\/p>\n","protected":false},"author":4,"featured_media":27057,"comment_status":"open","ping_status":"open","sticky":false,"template":"","format":"standard","meta":{"jnews-multi-image_gallery":[],"jnews_single_post":[],"jnews_primary_category":[],"jnews_social_meta":[],"jnews_review":[],"enable_review":"","type":"","name":"","summary":"","brand":"","sku":"","good":[],"bad":[],"score_override":"","override_value":"","rating":[],"price":[],"footnotes":""},"categories":[44],"tags":[],"class_list":["post-27058","post","type-post","status-publish","format-standard","has-post-thumbnail","hentry","category-policia"],"yoast_head":"<!-- This site is optimized with the Yoast SEO plugin v26.5 - https:\/\/yoast.com\/wordpress\/plugins\/seo\/ -->\n<title>Em epitaciol\u00e2ndia, vereador acusado de estupro nega crime - Agazeta.net<\/title>\n<meta name=\"robots\" content=\"index, follow, max-snippet:-1, max-image-preview:large, max-video-preview:-1\" \/>\n<link rel=\"canonical\" href=\"https:\/\/nk7-testes.com.br\/agazeta\/em-epitaciolandia-vereador-acusado-de-estupro-nega-crime\/\" \/>\n<meta property=\"og:locale\" content=\"pt_BR\" \/>\n<meta property=\"og:type\" content=\"article\" \/>\n<meta property=\"og:title\" content=\"Em epitaciol\u00e2ndia, vereador acusado de estupro nega crime - Agazeta.net\" \/>\n<meta property=\"og:description\" content=\"Messias diz que foi extorquido pela m\u00e3e da garota\" \/>\n<meta property=\"og:url\" content=\"https:\/\/nk7-testes.com.br\/agazeta\/em-epitaciolandia-vereador-acusado-de-estupro-nega-crime\/\" \/>\n<meta property=\"og:site_name\" content=\"Agazeta.net\" \/>\n<meta property=\"article:published_time\" content=\"2016-12-23T14:25:33+00:00\" \/>\n<meta property=\"og:image\" content=\"https:\/\/nk7-testes.com.br\/agazeta\/wp-content\/uploads\/2016\/12\/231216-policia-vereador-oaltoacre.jpg\" \/>\n\t<meta property=\"og:image:width\" content=\"458\" \/>\n\t<meta property=\"og:image:height\" content=\"340\" \/>\n\t<meta property=\"og:image:type\" content=\"image\/jpeg\" \/>\n<meta name=\"author\" content=\"Agazeta.Net\" \/>\n<meta name=\"twitter:card\" content=\"summary_large_image\" \/>\n<meta name=\"twitter:label1\" content=\"Escrito por\" \/>\n\t<meta name=\"twitter:data1\" content=\"Agazeta.Net\" \/>\n\t<meta name=\"twitter:label2\" content=\"Est. tempo de leitura\" \/>\n\t<meta name=\"twitter:data2\" content=\"2 minutos\" \/>\n<script type=\"application\/ld+json\" class=\"yoast-schema-graph\">{\"@context\":\"https:\/\/schema.org\",\"@graph\":[{\"@type\":\"WebPage\",\"@id\":\"https:\/\/nk7-testes.com.br\/agazeta\/em-epitaciolandia-vereador-acusado-de-estupro-nega-crime\/\",\"url\":\"https:\/\/nk7-testes.com.br\/agazeta\/em-epitaciolandia-vereador-acusado-de-estupro-nega-crime\/\",\"name\":\"Em epitaciol\u00e2ndia, vereador acusado de estupro nega crime - Agazeta.net\",\"isPartOf\":{\"@id\":\"https:\/\/nk7-testes.com.br\/agazeta\/#website\"},\"primaryImageOfPage\":{\"@id\":\"https:\/\/nk7-testes.com.br\/agazeta\/em-epitaciolandia-vereador-acusado-de-estupro-nega-crime\/#primaryimage\"},\"image\":{\"@id\":\"https:\/\/nk7-testes.com.br\/agazeta\/em-epitaciolandia-vereador-acusado-de-estupro-nega-crime\/#primaryimage\"},\"thumbnailUrl\":\"https:\/\/nk7-testes.com.br\/agazeta\/wp-content\/uploads\/2016\/12\/231216-policia-vereador-oaltoacre.jpg\",\"datePublished\":\"2016-12-23T14:25:33+00:00\",\"author\":{\"@id\":\"https:\/\/nk7-testes.com.br\/agazeta\/#\/schema\/person\/ff6b39d54d6973bfc57f4140f659b23f\"},\"breadcrumb\":{\"@id\":\"https:\/\/nk7-testes.com.br\/agazeta\/em-epitaciolandia-vereador-acusado-de-estupro-nega-crime\/#breadcrumb\"},\"inLanguage\":\"pt-BR\",\"potentialAction\":[{\"@type\":\"ReadAction\",\"target\":[\"https:\/\/nk7-testes.com.br\/agazeta\/em-epitaciolandia-vereador-acusado-de-estupro-nega-crime\/\"]}]},{\"@type\":\"ImageObject\",\"inLanguage\":\"pt-BR\",\"@id\":\"https:\/\/nk7-testes.com.br\/agazeta\/em-epitaciolandia-vereador-acusado-de-estupro-nega-crime\/#primaryimage\",\"url\":\"https:\/\/nk7-testes.com.br\/agazeta\/wp-content\/uploads\/2016\/12\/231216-policia-vereador-oaltoacre.jpg\",\"contentUrl\":\"https:\/\/nk7-testes.com.br\/agazeta\/wp-content\/uploads\/2016\/12\/231216-policia-vereador-oaltoacre.jpg\",\"width\":458,\"height\":340,\"caption\":\"231216-policia-vereador-oaltoacre\"},{\"@type\":\"BreadcrumbList\",\"@id\":\"https:\/\/nk7-testes.com.br\/agazeta\/em-epitaciolandia-vereador-acusado-de-estupro-nega-crime\/#breadcrumb\",\"itemListElement\":[{\"@type\":\"ListItem\",\"position\":1,\"name\":\"In\u00edcio\",\"item\":\"https:\/\/nk7-testes.com.br\/agazeta\/\"},{\"@type\":\"ListItem\",\"position\":2,\"name\":\"Em epitaciol\u00e2ndia, vereador acusado de estupro nega crime\"}]},{\"@type\":\"WebSite\",\"@id\":\"https:\/\/nk7-testes.com.br\/agazeta\/#website\",\"url\":\"https:\/\/nk7-testes.com.br\/agazeta\/\",\"name\":\"Agazeta.net\",\"description\":\"Agazeta.net - Not\u00edcias de Rio Branco\/AC\",\"potentialAction\":[{\"@type\":\"SearchAction\",\"target\":{\"@type\":\"EntryPoint\",\"urlTemplate\":\"https:\/\/nk7-testes.com.br\/agazeta\/?s={search_term_string}\"},\"query-input\":{\"@type\":\"PropertyValueSpecification\",\"valueRequired\":true,\"valueName\":\"search_term_string\"}}],\"inLanguage\":\"pt-BR\"},{\"@type\":\"Person\",\"@id\":\"https:\/\/nk7-testes.com.br\/agazeta\/#\/schema\/person\/ff6b39d54d6973bfc57f4140f659b23f\",\"name\":\"Agazeta.Net\",\"url\":\"https:\/\/nk7-testes.com.br\/agazeta\/author\/agazeta\/\"}]}<\/script>\n<!-- \/ Yoast SEO plugin. -->","yoast_head_json":{"title":"Em epitaciol\u00e2ndia, vereador acusado de estupro nega crime - Agazeta.net","robots":{"index":"index","follow":"follow","max-snippet":"max-snippet:-1","max-image-preview":"max-image-preview:large","max-video-preview":"max-video-preview:-1"},"canonical":"https:\/\/nk7-testes.com.br\/agazeta\/em-epitaciolandia-vereador-acusado-de-estupro-nega-crime\/","og_locale":"pt_BR","og_type":"article","og_title":"Em epitaciol\u00e2ndia, vereador acusado de estupro nega crime - Agazeta.net","og_description":"Messias diz que foi extorquido pela m\u00e3e da garota","og_url":"https:\/\/nk7-testes.com.br\/agazeta\/em-epitaciolandia-vereador-acusado-de-estupro-nega-crime\/","og_site_name":"Agazeta.net","article_published_time":"2016-12-23T14:25:33+00:00","og_image":[{"width":458,"height":340,"url":"https:\/\/nk7-testes.com.br\/agazeta\/wp-content\/uploads\/2016\/12\/231216-policia-vereador-oaltoacre.jpg","type":"image\/jpeg"}],"author":"Agazeta.Net","twitter_card":"summary_large_image","twitter_misc":{"Escrito por":"Agazeta.Net","Est. tempo de leitura":"2 minutos"},"schema":{"@context":"https:\/\/schema.org","@graph":[{"@type":"WebPage","@id":"https:\/\/nk7-testes.com.br\/agazeta\/em-epitaciolandia-vereador-acusado-de-estupro-nega-crime\/","url":"https:\/\/nk7-testes.com.br\/agazeta\/em-epitaciolandia-vereador-acusado-de-estupro-nega-crime\/","name":"Em epitaciol\u00e2ndia, vereador acusado de estupro nega crime - Agazeta.net","isPartOf":{"@id":"https:\/\/nk7-testes.com.br\/agazeta\/#website"},"primaryImageOfPage":{"@id":"https:\/\/nk7-testes.com.br\/agazeta\/em-epitaciolandia-vereador-acusado-de-estupro-nega-crime\/#primaryimage"},"image":{"@id":"https:\/\/nk7-testes.com.br\/agazeta\/em-epitaciolandia-vereador-acusado-de-estupro-nega-crime\/#primaryimage"},"thumbnailUrl":"https:\/\/nk7-testes.com.br\/agazeta\/wp-content\/uploads\/2016\/12\/231216-policia-vereador-oaltoacre.jpg","datePublished":"2016-12-23T14:25:33+00:00","author":{"@id":"https:\/\/nk7-testes.com.br\/agazeta\/#\/schema\/person\/ff6b39d54d6973bfc57f4140f659b23f"},"breadcrumb":{"@id":"https:\/\/nk7-testes.com.br\/agazeta\/em-epitaciolandia-vereador-acusado-de-estupro-nega-crime\/#breadcrumb"},"inLanguage":"pt-BR","potentialAction":[{"@type":"ReadAction","target":["https:\/\/nk7-testes.com.br\/agazeta\/em-epitaciolandia-vereador-acusado-de-estupro-nega-crime\/"]}]},{"@type":"ImageObject","inLanguage":"pt-BR","@id":"https:\/\/nk7-testes.com.br\/agazeta\/em-epitaciolandia-vereador-acusado-de-estupro-nega-crime\/#primaryimage","url":"https:\/\/nk7-testes.com.br\/agazeta\/wp-content\/uploads\/2016\/12\/231216-policia-vereador-oaltoacre.jpg","contentUrl":"https:\/\/nk7-testes.com.br\/agazeta\/wp-content\/uploads\/2016\/12\/231216-policia-vereador-oaltoacre.jpg","width":458,"height":340,"caption":"231216-policia-vereador-oaltoacre"},{"@type":"BreadcrumbList","@id":"https:\/\/nk7-testes.com.br\/agazeta\/em-epitaciolandia-vereador-acusado-de-estupro-nega-crime\/#breadcrumb","itemListElement":[{"@type":"ListItem","position":1,"name":"In\u00edcio","item":"https:\/\/nk7-testes.com.br\/agazeta\/"},{"@type":"ListItem","position":2,"name":"Em epitaciol\u00e2ndia, vereador acusado de estupro nega crime"}]},{"@type":"WebSite","@id":"https:\/\/nk7-testes.com.br\/agazeta\/#website","url":"https:\/\/nk7-testes.com.br\/agazeta\/","name":"Agazeta.net","description":"Agazeta.net - Not\u00edcias de Rio Branco\/AC","potentialAction":[{"@type":"SearchAction","target":{"@type":"EntryPoint","urlTemplate":"https:\/\/nk7-testes.com.br\/agazeta\/?s={search_term_string}"},"query-input":{"@type":"PropertyValueSpecification","valueRequired":true,"valueName":"search_term_string"}}],"inLanguage":"pt-BR"},{"@type":"Person","@id":"https:\/\/nk7-testes.com.br\/agazeta\/#\/schema\/person\/ff6b39d54d6973bfc57f4140f659b23f","name":"Agazeta.Net","url":"https:\/\/nk7-testes.com.br\/agazeta\/author\/agazeta\/"}]}},"_links":{"self":[{"href":"https:\/\/nk7-testes.com.br\/agazeta\/wp-json\/wp\/v2\/posts\/27058","targetHints":{"allow":["GET"]}}],"collection":[{"href":"https:\/\/nk7-testes.com.br\/agazeta\/wp-json\/wp\/v2\/posts"}],"about":[{"href":"https:\/\/nk7-testes.com.br\/agazeta\/wp-json\/wp\/v2\/types\/post"}],"author":[{"embeddable":true,"href":"https:\/\/nk7-testes.com.br\/agazeta\/wp-json\/wp\/v2\/users\/4"}],"replies":[{"embeddable":true,"href":"https:\/\/nk7-testes.com.br\/agazeta\/wp-json\/wp\/v2\/comments?post=27058"}],"version-history":[{"count":0,"href":"https:\/\/nk7-testes.com.br\/agazeta\/wp-json\/wp\/v2\/posts\/27058\/revisions"}],"wp:featuredmedia":[{"embeddable":true,"href":"https:\/\/nk7-testes.com.br\/agazeta\/wp-json\/wp\/v2\/media\/27057"}],"wp:attachment":[{"href":"https:\/\/nk7-testes.com.br\/agazeta\/wp-json\/wp\/v2\/media?parent=27058"}],"wp:term":[{"taxonomy":"category","embeddable":true,"href":"https:\/\/nk7-testes.com.br\/agazeta\/wp-json\/wp\/v2\/categories?post=27058"},{"taxonomy":"post_tag","embeddable":true,"href":"https:\/\/nk7-testes.com.br\/agazeta\/wp-json\/wp\/v2\/tags?post=27058"}],"curies":[{"name":"wp","href":"https:\/\/api.w.org\/{rel}","templated":true}]}}