{"id":27038,"date":"2016-12-21T21:19:20","date_gmt":"2016-12-21T21:19:20","guid":{"rendered":"https:\/\/abarevegan.com.br\/index.php\/2016\/12\/21\/39-presos-serao-beneficiados-com-dispensa-natalina\/"},"modified":"2016-12-21T21:19:20","modified_gmt":"2016-12-21T21:19:20","slug":"39-presos-serao-beneficiados-com-dispensa-natalina","status":"publish","type":"post","link":"https:\/\/nk7-testes.com.br\/agazeta\/39-presos-serao-beneficiados-com-dispensa-natalina\/","title":{"rendered":"39 presos ser\u00e3o beneficiados com dispensa natalina"},"content":{"rendered":"<p style=\"text-align: justify;\">Redu\u00e7\u00e3o foi de 61,3%, comparada ao ano passado<\/p>\n<p style=\"text-align: justify;\">A ju\u00edza da Vara de Execu\u00e7\u00f5es Penais, Luana Campos, anunciou que apenas 39 detentos foram beneficiados com a dispensa natalina. O n\u00famero \u00e9 bem menor do que o do ano passando quando 101 presos passaram o per\u00edodo natalino com as fam\u00edlias. A redu\u00e7\u00e3o foi de 61,3%.<\/p>\n<p style=\"text-align: justify;\">Ela explicou quais os fatores que levaram \u00e0 redu\u00e7\u00e3o de reeducandos beneficiados pela dispensa. \u201cN\u00f3s apreciamos conforme os pedidos formulados pelos apenados. N\u00e3o houve uma ordem <em>ex officio<\/em> do ju\u00edzo. Alguns foram indeferidos porque t\u00eam v\u00e1rias faltas aos pernoites. N\u00f3s tivemos tamb\u00e9m uma grande evas\u00e3o da unidade prisional neste m\u00eas de dezembro e, aliada a isso, n\u00f3s tivemos alguns pre\u00e7os que n\u00e3o formularam pedido\u201d.<\/p>\n<p style=\"text-align: justify;\">Para o diretor da Papudinha, D\u00eanis P\u00edcolo, o n\u00famero reduzido de presos beneficiados vai garantir uma fiscaliza\u00e7\u00e3o mais r\u00edgida. \u201cA fiscaliza\u00e7\u00e3o da Pol\u00edcia Militar, ela t\u00e1 mais rigorosa. Pela quantidade de dispensa esse ano, que s\u00e3o poucos, a fiscaliza\u00e7\u00e3o vai acabar sendo maior. A gente fica aguardando: se o apenado n\u00e3o voltar, n\u00f3s informamos a ju\u00edza\u201d.<\/p>\n<p style=\"text-align: justify;\">O objetivo da dispensa natalina, de acordo com a ju\u00edza, \u00e9 ressocializar os apenados. \u201cA sa\u00edda objetiva isso: proporcionar essa inser\u00e7\u00e3o do apenado \u00e0 fam\u00edlia, na comunidade, no bairro onde mora, ajudando a\u00ed no processo de ressocializa\u00e7\u00e3o deles\u201d.<\/p>\n<p style=\"text-align: justify;\">Para ser liberado o apenado deve: ter cumprido um sexto da pena, estar no regime semiaberto, ter bom comportamento carcer\u00e1rio e estar dentro das sa\u00eddas permitidas que s\u00e3o 4 em um ano.<\/p>\n<p style=\"text-align: justify;\">Ele tamb\u00e9m deve seguir algumas regras: N\u00e3o pode ficar em lugares com reputa\u00e7\u00e3o duvidosa (bares, festas); Cumprir recolhimento domiciliar das 19h \u00e0s 6h; N\u00e3o pode beber ou fazer uso de drogas, assim como n\u00e3o pode cometer nenhum crime ou contraven\u00e7\u00e3o penal.<\/p>\n<p style=\"text-align: justify;\">Caso o reeducando n\u00e3o volte a cumprir com as obriga\u00e7\u00f5es do regime semiaberto (dormir na Papudinha) no dia determinado pela Justi\u00e7a ele ser\u00e1 considerado evadido do sistema prisional. A Justi\u00e7a, ent\u00e3o, pode expedir o mandado de pris\u00e3o e ele ser\u00e1 recolhido ao regime fechado.<\/p>\n","protected":false},"excerpt":{"rendered":"<p style=\"text-align: justify;\">Redu\u00e7\u00e3o foi de 61,3%, comparada ao ano passado<\/p>\n","protected":false},"author":4,"featured_media":27037,"comment_status":"open","ping_status":"open","sticky":false,"template":"","format":"standard","meta":{"jnews-multi-image_gallery":[],"jnews_single_post":[],"jnews_primary_category":[],"jnews_social_meta":[],"jnews_review":[],"enable_review":"","type":"","name":"","summary":"","brand":"","sku":"","good":[],"bad":[],"score_override":"","override_value":"","rating":[],"price":[],"footnotes":""},"categories":[44],"tags":[],"class_list":["post-27038","post","type-post","status-publish","format-standard","has-post-thumbnail","hentry","category-policia"],"yoast_head":"<!-- This site is optimized with the Yoast SEO plugin v26.5 - https:\/\/yoast.com\/wordpress\/plugins\/seo\/ -->\n<title>39 presos ser\u00e3o beneficiados com dispensa natalina - Agazeta.net<\/title>\n<meta name=\"robots\" content=\"index, follow, max-snippet:-1, max-image-preview:large, max-video-preview:-1\" \/>\n<link rel=\"canonical\" href=\"https:\/\/nk7-testes.com.br\/agazeta\/39-presos-serao-beneficiados-com-dispensa-natalina\/\" \/>\n<meta property=\"og:locale\" content=\"pt_BR\" \/>\n<meta property=\"og:type\" content=\"article\" \/>\n<meta property=\"og:title\" content=\"39 presos ser\u00e3o beneficiados com dispensa natalina - Agazeta.net\" \/>\n<meta property=\"og:description\" content=\"Redu\u00e7\u00e3o foi de 61,3%, comparada ao ano passado\" \/>\n<meta property=\"og:url\" content=\"https:\/\/nk7-testes.com.br\/agazeta\/39-presos-serao-beneficiados-com-dispensa-natalina\/\" \/>\n<meta property=\"og:site_name\" content=\"Agazeta.net\" \/>\n<meta property=\"article:published_time\" content=\"2016-12-21T21:19:20+00:00\" \/>\n<meta property=\"og:image\" content=\"https:\/\/nk7-testes.com.br\/agazeta\/wp-content\/uploads\/2016\/12\/211216-policia-luanacampos-taianelima.jpg\" \/>\n\t<meta property=\"og:image:width\" content=\"458\" \/>\n\t<meta property=\"og:image:height\" content=\"340\" \/>\n\t<meta property=\"og:image:type\" content=\"image\/jpeg\" \/>\n<meta name=\"author\" content=\"Agazeta.Net\" \/>\n<meta name=\"twitter:card\" content=\"summary_large_image\" \/>\n<meta name=\"twitter:label1\" content=\"Escrito por\" \/>\n\t<meta name=\"twitter:data1\" content=\"Agazeta.Net\" \/>\n\t<meta name=\"twitter:label2\" content=\"Est. tempo de leitura\" \/>\n\t<meta name=\"twitter:data2\" content=\"2 minutos\" \/>\n<script type=\"application\/ld+json\" class=\"yoast-schema-graph\">{\"@context\":\"https:\/\/schema.org\",\"@graph\":[{\"@type\":\"WebPage\",\"@id\":\"https:\/\/nk7-testes.com.br\/agazeta\/39-presos-serao-beneficiados-com-dispensa-natalina\/\",\"url\":\"https:\/\/nk7-testes.com.br\/agazeta\/39-presos-serao-beneficiados-com-dispensa-natalina\/\",\"name\":\"39 presos ser\u00e3o beneficiados com dispensa natalina - Agazeta.net\",\"isPartOf\":{\"@id\":\"https:\/\/nk7-testes.com.br\/agazeta\/#website\"},\"primaryImageOfPage\":{\"@id\":\"https:\/\/nk7-testes.com.br\/agazeta\/39-presos-serao-beneficiados-com-dispensa-natalina\/#primaryimage\"},\"image\":{\"@id\":\"https:\/\/nk7-testes.com.br\/agazeta\/39-presos-serao-beneficiados-com-dispensa-natalina\/#primaryimage\"},\"thumbnailUrl\":\"https:\/\/nk7-testes.com.br\/agazeta\/wp-content\/uploads\/2016\/12\/211216-policia-luanacampos-taianelima.jpg\",\"datePublished\":\"2016-12-21T21:19:20+00:00\",\"author\":{\"@id\":\"https:\/\/nk7-testes.com.br\/agazeta\/#\/schema\/person\/ff6b39d54d6973bfc57f4140f659b23f\"},\"breadcrumb\":{\"@id\":\"https:\/\/nk7-testes.com.br\/agazeta\/39-presos-serao-beneficiados-com-dispensa-natalina\/#breadcrumb\"},\"inLanguage\":\"pt-BR\",\"potentialAction\":[{\"@type\":\"ReadAction\",\"target\":[\"https:\/\/nk7-testes.com.br\/agazeta\/39-presos-serao-beneficiados-com-dispensa-natalina\/\"]}]},{\"@type\":\"ImageObject\",\"inLanguage\":\"pt-BR\",\"@id\":\"https:\/\/nk7-testes.com.br\/agazeta\/39-presos-serao-beneficiados-com-dispensa-natalina\/#primaryimage\",\"url\":\"https:\/\/nk7-testes.com.br\/agazeta\/wp-content\/uploads\/2016\/12\/211216-policia-luanacampos-taianelima.jpg\",\"contentUrl\":\"https:\/\/nk7-testes.com.br\/agazeta\/wp-content\/uploads\/2016\/12\/211216-policia-luanacampos-taianelima.jpg\",\"width\":458,\"height\":340,\"caption\":\"211216-policia-luanacampos-taianelima\"},{\"@type\":\"BreadcrumbList\",\"@id\":\"https:\/\/nk7-testes.com.br\/agazeta\/39-presos-serao-beneficiados-com-dispensa-natalina\/#breadcrumb\",\"itemListElement\":[{\"@type\":\"ListItem\",\"position\":1,\"name\":\"In\u00edcio\",\"item\":\"https:\/\/nk7-testes.com.br\/agazeta\/\"},{\"@type\":\"ListItem\",\"position\":2,\"name\":\"39 presos ser\u00e3o beneficiados com dispensa natalina\"}]},{\"@type\":\"WebSite\",\"@id\":\"https:\/\/nk7-testes.com.br\/agazeta\/#website\",\"url\":\"https:\/\/nk7-testes.com.br\/agazeta\/\",\"name\":\"Agazeta.net\",\"description\":\"Agazeta.net - Not\u00edcias de Rio Branco\/AC\",\"potentialAction\":[{\"@type\":\"SearchAction\",\"target\":{\"@type\":\"EntryPoint\",\"urlTemplate\":\"https:\/\/nk7-testes.com.br\/agazeta\/?s={search_term_string}\"},\"query-input\":{\"@type\":\"PropertyValueSpecification\",\"valueRequired\":true,\"valueName\":\"search_term_string\"}}],\"inLanguage\":\"pt-BR\"},{\"@type\":\"Person\",\"@id\":\"https:\/\/nk7-testes.com.br\/agazeta\/#\/schema\/person\/ff6b39d54d6973bfc57f4140f659b23f\",\"name\":\"Agazeta.Net\",\"url\":\"https:\/\/nk7-testes.com.br\/agazeta\/author\/agazeta\/\"}]}<\/script>\n<!-- \/ Yoast SEO plugin. -->","yoast_head_json":{"title":"39 presos ser\u00e3o beneficiados com dispensa natalina - Agazeta.net","robots":{"index":"index","follow":"follow","max-snippet":"max-snippet:-1","max-image-preview":"max-image-preview:large","max-video-preview":"max-video-preview:-1"},"canonical":"https:\/\/nk7-testes.com.br\/agazeta\/39-presos-serao-beneficiados-com-dispensa-natalina\/","og_locale":"pt_BR","og_type":"article","og_title":"39 presos ser\u00e3o beneficiados com dispensa natalina - Agazeta.net","og_description":"Redu\u00e7\u00e3o foi de 61,3%, comparada ao ano passado","og_url":"https:\/\/nk7-testes.com.br\/agazeta\/39-presos-serao-beneficiados-com-dispensa-natalina\/","og_site_name":"Agazeta.net","article_published_time":"2016-12-21T21:19:20+00:00","og_image":[{"width":458,"height":340,"url":"https:\/\/nk7-testes.com.br\/agazeta\/wp-content\/uploads\/2016\/12\/211216-policia-luanacampos-taianelima.jpg","type":"image\/jpeg"}],"author":"Agazeta.Net","twitter_card":"summary_large_image","twitter_misc":{"Escrito por":"Agazeta.Net","Est. tempo de leitura":"2 minutos"},"schema":{"@context":"https:\/\/schema.org","@graph":[{"@type":"WebPage","@id":"https:\/\/nk7-testes.com.br\/agazeta\/39-presos-serao-beneficiados-com-dispensa-natalina\/","url":"https:\/\/nk7-testes.com.br\/agazeta\/39-presos-serao-beneficiados-com-dispensa-natalina\/","name":"39 presos ser\u00e3o beneficiados com dispensa natalina - Agazeta.net","isPartOf":{"@id":"https:\/\/nk7-testes.com.br\/agazeta\/#website"},"primaryImageOfPage":{"@id":"https:\/\/nk7-testes.com.br\/agazeta\/39-presos-serao-beneficiados-com-dispensa-natalina\/#primaryimage"},"image":{"@id":"https:\/\/nk7-testes.com.br\/agazeta\/39-presos-serao-beneficiados-com-dispensa-natalina\/#primaryimage"},"thumbnailUrl":"https:\/\/nk7-testes.com.br\/agazeta\/wp-content\/uploads\/2016\/12\/211216-policia-luanacampos-taianelima.jpg","datePublished":"2016-12-21T21:19:20+00:00","author":{"@id":"https:\/\/nk7-testes.com.br\/agazeta\/#\/schema\/person\/ff6b39d54d6973bfc57f4140f659b23f"},"breadcrumb":{"@id":"https:\/\/nk7-testes.com.br\/agazeta\/39-presos-serao-beneficiados-com-dispensa-natalina\/#breadcrumb"},"inLanguage":"pt-BR","potentialAction":[{"@type":"ReadAction","target":["https:\/\/nk7-testes.com.br\/agazeta\/39-presos-serao-beneficiados-com-dispensa-natalina\/"]}]},{"@type":"ImageObject","inLanguage":"pt-BR","@id":"https:\/\/nk7-testes.com.br\/agazeta\/39-presos-serao-beneficiados-com-dispensa-natalina\/#primaryimage","url":"https:\/\/nk7-testes.com.br\/agazeta\/wp-content\/uploads\/2016\/12\/211216-policia-luanacampos-taianelima.jpg","contentUrl":"https:\/\/nk7-testes.com.br\/agazeta\/wp-content\/uploads\/2016\/12\/211216-policia-luanacampos-taianelima.jpg","width":458,"height":340,"caption":"211216-policia-luanacampos-taianelima"},{"@type":"BreadcrumbList","@id":"https:\/\/nk7-testes.com.br\/agazeta\/39-presos-serao-beneficiados-com-dispensa-natalina\/#breadcrumb","itemListElement":[{"@type":"ListItem","position":1,"name":"In\u00edcio","item":"https:\/\/nk7-testes.com.br\/agazeta\/"},{"@type":"ListItem","position":2,"name":"39 presos ser\u00e3o beneficiados com dispensa natalina"}]},{"@type":"WebSite","@id":"https:\/\/nk7-testes.com.br\/agazeta\/#website","url":"https:\/\/nk7-testes.com.br\/agazeta\/","name":"Agazeta.net","description":"Agazeta.net - Not\u00edcias de Rio Branco\/AC","potentialAction":[{"@type":"SearchAction","target":{"@type":"EntryPoint","urlTemplate":"https:\/\/nk7-testes.com.br\/agazeta\/?s={search_term_string}"},"query-input":{"@type":"PropertyValueSpecification","valueRequired":true,"valueName":"search_term_string"}}],"inLanguage":"pt-BR"},{"@type":"Person","@id":"https:\/\/nk7-testes.com.br\/agazeta\/#\/schema\/person\/ff6b39d54d6973bfc57f4140f659b23f","name":"Agazeta.Net","url":"https:\/\/nk7-testes.com.br\/agazeta\/author\/agazeta\/"}]}},"_links":{"self":[{"href":"https:\/\/nk7-testes.com.br\/agazeta\/wp-json\/wp\/v2\/posts\/27038","targetHints":{"allow":["GET"]}}],"collection":[{"href":"https:\/\/nk7-testes.com.br\/agazeta\/wp-json\/wp\/v2\/posts"}],"about":[{"href":"https:\/\/nk7-testes.com.br\/agazeta\/wp-json\/wp\/v2\/types\/post"}],"author":[{"embeddable":true,"href":"https:\/\/nk7-testes.com.br\/agazeta\/wp-json\/wp\/v2\/users\/4"}],"replies":[{"embeddable":true,"href":"https:\/\/nk7-testes.com.br\/agazeta\/wp-json\/wp\/v2\/comments?post=27038"}],"version-history":[{"count":0,"href":"https:\/\/nk7-testes.com.br\/agazeta\/wp-json\/wp\/v2\/posts\/27038\/revisions"}],"wp:featuredmedia":[{"embeddable":true,"href":"https:\/\/nk7-testes.com.br\/agazeta\/wp-json\/wp\/v2\/media\/27037"}],"wp:attachment":[{"href":"https:\/\/nk7-testes.com.br\/agazeta\/wp-json\/wp\/v2\/media?parent=27038"}],"wp:term":[{"taxonomy":"category","embeddable":true,"href":"https:\/\/nk7-testes.com.br\/agazeta\/wp-json\/wp\/v2\/categories?post=27038"},{"taxonomy":"post_tag","embeddable":true,"href":"https:\/\/nk7-testes.com.br\/agazeta\/wp-json\/wp\/v2\/tags?post=27038"}],"curies":[{"name":"wp","href":"https:\/\/api.w.org\/{rel}","templated":true}]}}