{"id":27012,"date":"2016-12-20T18:47:25","date_gmt":"2016-12-20T18:47:25","guid":{"rendered":"https:\/\/abarevegan.com.br\/index.php\/2016\/12\/20\/pm-prende-acusados-de-assalto-a-panificadora-no-bosque\/"},"modified":"2016-12-20T18:47:25","modified_gmt":"2016-12-20T18:47:25","slug":"pm-prende-acusados-de-assalto-a-panificadora-no-bosque","status":"publish","type":"post","link":"https:\/\/nk7-testes.com.br\/agazeta\/pm-prende-acusados-de-assalto-a-panificadora-no-bosque\/","title":{"rendered":"PM prende acusados de assalto \u00e0 panificadora no Bosque"},"content":{"rendered":"<p>Cristiano, Paulo e Cleudo confessaram o crime<\/p>\n<p>Policiais militares do 5\u00ba Batalh\u00e3o, com apoio do Bope, prenderam na tarde dessa segunda-feira (19) Cristiano de Jesus Simpl\u00edcio, 30 anos, Paulo Henrique Silva, 26, e Ant\u00f4nio Cleudo Cavalcante Pereira, 24, acusados de assaltar uma panificadora localizada no bairro Bosque.<\/p>\n<p>Segundo os policiais, eles receberam denuncia de que Cristiano ter\u00e1 mandado de pris\u00e3o em aberto, a pol\u00edcia foi averiguar e encontrou ele e os outros 6 suspeitos num apartamento na rua Dourado, bairro Conquista, 3 fugiram.<\/p>\n<p>Os tr\u00eas que foram presos confessaram que tinham participado do assalto da panificadora e em uma revista no apartamento foi encontrado R$300 d\u00f3lares, dois celulares e v\u00e1rias muni\u00e7\u00f5es de pistola 380 e revolver 38. Eles foram presos e encaminhados \u00e0 Defla.<\/p>\n","protected":false},"excerpt":{"rendered":"<p>Cristiano, Paulo e Cleudo confessaram o crime<\/p>\n","protected":false},"author":4,"featured_media":27011,"comment_status":"open","ping_status":"open","sticky":false,"template":"","format":"standard","meta":{"jnews-multi-image_gallery":[],"jnews_single_post":[],"jnews_primary_category":[],"jnews_social_meta":[],"jnews_review":[],"enable_review":"","type":"","name":"","summary":"","brand":"","sku":"","good":[],"bad":[],"score_override":"","override_value":"","rating":[],"price":[],"footnotes":""},"categories":[44],"tags":[],"class_list":["post-27012","post","type-post","status-publish","format-standard","has-post-thumbnail","hentry","category-policia"],"yoast_head":"<!-- This site is optimized with the Yoast SEO plugin v26.5 - https:\/\/yoast.com\/wordpress\/plugins\/seo\/ -->\n<title>PM prende acusados de assalto \u00e0 panificadora no Bosque - Agazeta.net<\/title>\n<meta name=\"robots\" content=\"index, follow, max-snippet:-1, max-image-preview:large, max-video-preview:-1\" \/>\n<link rel=\"canonical\" href=\"https:\/\/nk7-testes.com.br\/agazeta\/pm-prende-acusados-de-assalto-a-panificadora-no-bosque\/\" \/>\n<meta property=\"og:locale\" content=\"pt_BR\" \/>\n<meta property=\"og:type\" content=\"article\" \/>\n<meta property=\"og:title\" content=\"PM prende acusados de assalto \u00e0 panificadora no Bosque - Agazeta.net\" \/>\n<meta property=\"og:description\" content=\"Cristiano, Paulo e Cleudo confessaram o crime\" \/>\n<meta property=\"og:url\" content=\"https:\/\/nk7-testes.com.br\/agazeta\/pm-prende-acusados-de-assalto-a-panificadora-no-bosque\/\" \/>\n<meta property=\"og:site_name\" content=\"Agazeta.net\" \/>\n<meta property=\"article:published_time\" content=\"2016-12-20T18:47:25+00:00\" \/>\n<meta property=\"og:image\" content=\"https:\/\/nk7-testes.com.br\/agazeta\/wp-content\/uploads\/2016\/12\/201216-policia-assaltantes.jpg\" \/>\n\t<meta property=\"og:image:width\" content=\"458\" \/>\n\t<meta property=\"og:image:height\" content=\"340\" \/>\n\t<meta property=\"og:image:type\" content=\"image\/jpeg\" \/>\n<meta name=\"author\" content=\"Agazeta.Net\" \/>\n<meta name=\"twitter:card\" content=\"summary_large_image\" \/>\n<meta name=\"twitter:label1\" content=\"Escrito por\" \/>\n\t<meta name=\"twitter:data1\" content=\"Agazeta.Net\" \/>\n\t<meta name=\"twitter:label2\" content=\"Est. tempo de leitura\" \/>\n\t<meta name=\"twitter:data2\" content=\"1 minuto\" \/>\n<script type=\"application\/ld+json\" class=\"yoast-schema-graph\">{\"@context\":\"https:\/\/schema.org\",\"@graph\":[{\"@type\":\"WebPage\",\"@id\":\"https:\/\/nk7-testes.com.br\/agazeta\/pm-prende-acusados-de-assalto-a-panificadora-no-bosque\/\",\"url\":\"https:\/\/nk7-testes.com.br\/agazeta\/pm-prende-acusados-de-assalto-a-panificadora-no-bosque\/\",\"name\":\"PM prende acusados de assalto \u00e0 panificadora no Bosque - Agazeta.net\",\"isPartOf\":{\"@id\":\"https:\/\/nk7-testes.com.br\/agazeta\/#website\"},\"primaryImageOfPage\":{\"@id\":\"https:\/\/nk7-testes.com.br\/agazeta\/pm-prende-acusados-de-assalto-a-panificadora-no-bosque\/#primaryimage\"},\"image\":{\"@id\":\"https:\/\/nk7-testes.com.br\/agazeta\/pm-prende-acusados-de-assalto-a-panificadora-no-bosque\/#primaryimage\"},\"thumbnailUrl\":\"https:\/\/nk7-testes.com.br\/agazeta\/wp-content\/uploads\/2016\/12\/201216-policia-assaltantes.jpg\",\"datePublished\":\"2016-12-20T18:47:25+00:00\",\"author\":{\"@id\":\"https:\/\/nk7-testes.com.br\/agazeta\/#\/schema\/person\/ff6b39d54d6973bfc57f4140f659b23f\"},\"breadcrumb\":{\"@id\":\"https:\/\/nk7-testes.com.br\/agazeta\/pm-prende-acusados-de-assalto-a-panificadora-no-bosque\/#breadcrumb\"},\"inLanguage\":\"pt-BR\",\"potentialAction\":[{\"@type\":\"ReadAction\",\"target\":[\"https:\/\/nk7-testes.com.br\/agazeta\/pm-prende-acusados-de-assalto-a-panificadora-no-bosque\/\"]}]},{\"@type\":\"ImageObject\",\"inLanguage\":\"pt-BR\",\"@id\":\"https:\/\/nk7-testes.com.br\/agazeta\/pm-prende-acusados-de-assalto-a-panificadora-no-bosque\/#primaryimage\",\"url\":\"https:\/\/nk7-testes.com.br\/agazeta\/wp-content\/uploads\/2016\/12\/201216-policia-assaltantes.jpg\",\"contentUrl\":\"https:\/\/nk7-testes.com.br\/agazeta\/wp-content\/uploads\/2016\/12\/201216-policia-assaltantes.jpg\",\"width\":458,\"height\":340,\"caption\":\"201216-pol\u00edcia-assaltantes\"},{\"@type\":\"BreadcrumbList\",\"@id\":\"https:\/\/nk7-testes.com.br\/agazeta\/pm-prende-acusados-de-assalto-a-panificadora-no-bosque\/#breadcrumb\",\"itemListElement\":[{\"@type\":\"ListItem\",\"position\":1,\"name\":\"In\u00edcio\",\"item\":\"https:\/\/nk7-testes.com.br\/agazeta\/\"},{\"@type\":\"ListItem\",\"position\":2,\"name\":\"PM prende acusados de assalto \u00e0 panificadora no Bosque\"}]},{\"@type\":\"WebSite\",\"@id\":\"https:\/\/nk7-testes.com.br\/agazeta\/#website\",\"url\":\"https:\/\/nk7-testes.com.br\/agazeta\/\",\"name\":\"Agazeta.net\",\"description\":\"Agazeta.net - Not\u00edcias de Rio Branco\/AC\",\"potentialAction\":[{\"@type\":\"SearchAction\",\"target\":{\"@type\":\"EntryPoint\",\"urlTemplate\":\"https:\/\/nk7-testes.com.br\/agazeta\/?s={search_term_string}\"},\"query-input\":{\"@type\":\"PropertyValueSpecification\",\"valueRequired\":true,\"valueName\":\"search_term_string\"}}],\"inLanguage\":\"pt-BR\"},{\"@type\":\"Person\",\"@id\":\"https:\/\/nk7-testes.com.br\/agazeta\/#\/schema\/person\/ff6b39d54d6973bfc57f4140f659b23f\",\"name\":\"Agazeta.Net\",\"url\":\"https:\/\/nk7-testes.com.br\/agazeta\/author\/agazeta\/\"}]}<\/script>\n<!-- \/ Yoast SEO plugin. -->","yoast_head_json":{"title":"PM prende acusados de assalto \u00e0 panificadora no Bosque - Agazeta.net","robots":{"index":"index","follow":"follow","max-snippet":"max-snippet:-1","max-image-preview":"max-image-preview:large","max-video-preview":"max-video-preview:-1"},"canonical":"https:\/\/nk7-testes.com.br\/agazeta\/pm-prende-acusados-de-assalto-a-panificadora-no-bosque\/","og_locale":"pt_BR","og_type":"article","og_title":"PM prende acusados de assalto \u00e0 panificadora no Bosque - Agazeta.net","og_description":"Cristiano, Paulo e Cleudo confessaram o crime","og_url":"https:\/\/nk7-testes.com.br\/agazeta\/pm-prende-acusados-de-assalto-a-panificadora-no-bosque\/","og_site_name":"Agazeta.net","article_published_time":"2016-12-20T18:47:25+00:00","og_image":[{"width":458,"height":340,"url":"https:\/\/nk7-testes.com.br\/agazeta\/wp-content\/uploads\/2016\/12\/201216-policia-assaltantes.jpg","type":"image\/jpeg"}],"author":"Agazeta.Net","twitter_card":"summary_large_image","twitter_misc":{"Escrito por":"Agazeta.Net","Est. tempo de leitura":"1 minuto"},"schema":{"@context":"https:\/\/schema.org","@graph":[{"@type":"WebPage","@id":"https:\/\/nk7-testes.com.br\/agazeta\/pm-prende-acusados-de-assalto-a-panificadora-no-bosque\/","url":"https:\/\/nk7-testes.com.br\/agazeta\/pm-prende-acusados-de-assalto-a-panificadora-no-bosque\/","name":"PM prende acusados de assalto \u00e0 panificadora no Bosque - Agazeta.net","isPartOf":{"@id":"https:\/\/nk7-testes.com.br\/agazeta\/#website"},"primaryImageOfPage":{"@id":"https:\/\/nk7-testes.com.br\/agazeta\/pm-prende-acusados-de-assalto-a-panificadora-no-bosque\/#primaryimage"},"image":{"@id":"https:\/\/nk7-testes.com.br\/agazeta\/pm-prende-acusados-de-assalto-a-panificadora-no-bosque\/#primaryimage"},"thumbnailUrl":"https:\/\/nk7-testes.com.br\/agazeta\/wp-content\/uploads\/2016\/12\/201216-policia-assaltantes.jpg","datePublished":"2016-12-20T18:47:25+00:00","author":{"@id":"https:\/\/nk7-testes.com.br\/agazeta\/#\/schema\/person\/ff6b39d54d6973bfc57f4140f659b23f"},"breadcrumb":{"@id":"https:\/\/nk7-testes.com.br\/agazeta\/pm-prende-acusados-de-assalto-a-panificadora-no-bosque\/#breadcrumb"},"inLanguage":"pt-BR","potentialAction":[{"@type":"ReadAction","target":["https:\/\/nk7-testes.com.br\/agazeta\/pm-prende-acusados-de-assalto-a-panificadora-no-bosque\/"]}]},{"@type":"ImageObject","inLanguage":"pt-BR","@id":"https:\/\/nk7-testes.com.br\/agazeta\/pm-prende-acusados-de-assalto-a-panificadora-no-bosque\/#primaryimage","url":"https:\/\/nk7-testes.com.br\/agazeta\/wp-content\/uploads\/2016\/12\/201216-policia-assaltantes.jpg","contentUrl":"https:\/\/nk7-testes.com.br\/agazeta\/wp-content\/uploads\/2016\/12\/201216-policia-assaltantes.jpg","width":458,"height":340,"caption":"201216-pol\u00edcia-assaltantes"},{"@type":"BreadcrumbList","@id":"https:\/\/nk7-testes.com.br\/agazeta\/pm-prende-acusados-de-assalto-a-panificadora-no-bosque\/#breadcrumb","itemListElement":[{"@type":"ListItem","position":1,"name":"In\u00edcio","item":"https:\/\/nk7-testes.com.br\/agazeta\/"},{"@type":"ListItem","position":2,"name":"PM prende acusados de assalto \u00e0 panificadora no Bosque"}]},{"@type":"WebSite","@id":"https:\/\/nk7-testes.com.br\/agazeta\/#website","url":"https:\/\/nk7-testes.com.br\/agazeta\/","name":"Agazeta.net","description":"Agazeta.net - Not\u00edcias de Rio Branco\/AC","potentialAction":[{"@type":"SearchAction","target":{"@type":"EntryPoint","urlTemplate":"https:\/\/nk7-testes.com.br\/agazeta\/?s={search_term_string}"},"query-input":{"@type":"PropertyValueSpecification","valueRequired":true,"valueName":"search_term_string"}}],"inLanguage":"pt-BR"},{"@type":"Person","@id":"https:\/\/nk7-testes.com.br\/agazeta\/#\/schema\/person\/ff6b39d54d6973bfc57f4140f659b23f","name":"Agazeta.Net","url":"https:\/\/nk7-testes.com.br\/agazeta\/author\/agazeta\/"}]}},"_links":{"self":[{"href":"https:\/\/nk7-testes.com.br\/agazeta\/wp-json\/wp\/v2\/posts\/27012","targetHints":{"allow":["GET"]}}],"collection":[{"href":"https:\/\/nk7-testes.com.br\/agazeta\/wp-json\/wp\/v2\/posts"}],"about":[{"href":"https:\/\/nk7-testes.com.br\/agazeta\/wp-json\/wp\/v2\/types\/post"}],"author":[{"embeddable":true,"href":"https:\/\/nk7-testes.com.br\/agazeta\/wp-json\/wp\/v2\/users\/4"}],"replies":[{"embeddable":true,"href":"https:\/\/nk7-testes.com.br\/agazeta\/wp-json\/wp\/v2\/comments?post=27012"}],"version-history":[{"count":0,"href":"https:\/\/nk7-testes.com.br\/agazeta\/wp-json\/wp\/v2\/posts\/27012\/revisions"}],"wp:featuredmedia":[{"embeddable":true,"href":"https:\/\/nk7-testes.com.br\/agazeta\/wp-json\/wp\/v2\/media\/27011"}],"wp:attachment":[{"href":"https:\/\/nk7-testes.com.br\/agazeta\/wp-json\/wp\/v2\/media?parent=27012"}],"wp:term":[{"taxonomy":"category","embeddable":true,"href":"https:\/\/nk7-testes.com.br\/agazeta\/wp-json\/wp\/v2\/categories?post=27012"},{"taxonomy":"post_tag","embeddable":true,"href":"https:\/\/nk7-testes.com.br\/agazeta\/wp-json\/wp\/v2\/tags?post=27012"}],"curies":[{"name":"wp","href":"https:\/\/api.w.org\/{rel}","templated":true}]}}