{"id":26997,"date":"2016-12-19T22:44:54","date_gmt":"2016-12-19T22:44:54","guid":{"rendered":"https:\/\/abarevegan.com.br\/index.php\/2016\/12\/19\/dois-estupros-sao-registrados-em-cruzeiro-do-sul\/"},"modified":"2016-12-19T22:44:54","modified_gmt":"2016-12-19T22:44:54","slug":"dois-estupros-sao-registrados-em-cruzeiro-do-sul","status":"publish","type":"post","link":"https:\/\/nk7-testes.com.br\/agazeta\/dois-estupros-sao-registrados-em-cruzeiro-do-sul\/","title":{"rendered":"Dois estupros s\u00e3o registrados em Cruzeiro do Sul"},"content":{"rendered":"<p style=\"text-align: justify;\">Nos dois epis\u00f3dios, as v\u00edtimas s\u00e3o crian\u00e7as de 11 e 7 anos<\/p>\n<p style=\"text-align: justify;\">Cruzeiro do Sul registrou dois estupros de vulner\u00e1veis durante o final de semana. No primeiro caso, o tio de 43 anos foi acusado de estuprar a sobrinha de 11 anos. O segundo crime foi praticado por um adolescente de 15 anos e teve como v\u00edtima uma menina de 7. Os dois acusados foram detidos pela pol\u00edcia.<\/p>\n<p style=\"text-align: justify;\">O primeiro caso ocorreu no \u00faltimo s\u00e1bado (17), por volta do meio dia. Segundo a pol\u00edcia, o acusado e tio da v\u00edtima, Marcos Rodrigues, teria pegado a sobrinha na casa dos pais dela que fica no bairro da Cohab para lev\u00e1-la at\u00e9 sua resid\u00eancia localizada na zona rural. No meio do caminho, ele resolveu cometer o abuso contra a crian\u00e7a de 11 anos, que denunciou o estuprador aos familiares.<\/p>\n<p style=\"text-align: justify;\">Na delegacia, o acusado contou que n\u00e3o sabia o que tinha feito e que foi \u201ctentado por for\u00e7as sobrenaturais\u201d. \u201cFoi feito o flagrante e esse cidad\u00e3o j\u00e1 est\u00e1 sendo encaminhado para penitenciaria\u201d, afirmou o delegado de Pol\u00edcia Civil, Lindomar Ventura.<\/p>\n<p style=\"text-align: justify;\">O segundo crime aconteceu neste domingo (18) por volta das 16h no bairro do Telegrafo. Uma menina de sete anos teria sido abusada por um adolescente, que de acordo com vizinhos, toma rem\u00e9dio controlado. \u201cEssa quest\u00e3o vai certamente influenciar na fase judicial\u201d, pontuou o delegado.<\/p>\n<p style=\"text-align: justify;\">A av\u00f3 da v\u00edtima, Maria Rita, 72, conta que percebeu que tinha marcas de sangue na roupa da garota e tamb\u00e9m sangramentos entres as pernas da menina e perguntou o que havia ocorrido.<\/p>\n<p style=\"text-align: justify;\">\u201cEu j\u00e1 entreguei tudo pra pol\u00edcia. Agora t\u00e1 tudo nas m\u00e3os de voc\u00eas, voc\u00eas fa\u00e7am dele o que quiser, n\u00e3o t\u00f4 nem, a\u00ed mais. Pra ele nunca mais desrespeitar casa de fam\u00edlia, quanto mais uma crian\u00e7a desse tamanho de 7 anos\u201d, disse a idosa.<\/p>\n<p style=\"text-align: justify;\">O munic\u00edpio tem registrado o maior n\u00famero de den\u00fancias de estupros nos \u00faltimos anos em todo o estado do Acre, de acordo com a pol\u00edcia.<\/p>\n","protected":false},"excerpt":{"rendered":"<p style=\"text-align: justify;\">Nos dois epis\u00f3dios, as v\u00edtimas s\u00e3o crian\u00e7as de 11 e 7 anos<\/p>\n","protected":false},"author":4,"featured_media":26996,"comment_status":"open","ping_status":"open","sticky":false,"template":"","format":"standard","meta":{"jnews-multi-image_gallery":[],"jnews_single_post":[],"jnews_primary_category":[],"jnews_social_meta":[],"jnews_review":[],"enable_review":"","type":"","name":"","summary":"","brand":"","sku":"","good":[],"bad":[],"score_override":"","override_value":"","rating":[],"price":[],"footnotes":""},"categories":[44],"tags":[],"class_list":["post-26997","post","type-post","status-publish","format-standard","has-post-thumbnail","hentry","category-policia"],"yoast_head":"<!-- This site is optimized with the Yoast SEO plugin v26.5 - https:\/\/yoast.com\/wordpress\/plugins\/seo\/ -->\n<title>Dois estupros s\u00e3o registrados em Cruzeiro do Sul - Agazeta.net<\/title>\n<meta name=\"robots\" content=\"index, follow, max-snippet:-1, max-image-preview:large, max-video-preview:-1\" \/>\n<link rel=\"canonical\" href=\"https:\/\/nk7-testes.com.br\/agazeta\/dois-estupros-sao-registrados-em-cruzeiro-do-sul\/\" \/>\n<meta property=\"og:locale\" content=\"pt_BR\" \/>\n<meta property=\"og:type\" content=\"article\" \/>\n<meta property=\"og:title\" content=\"Dois estupros s\u00e3o registrados em Cruzeiro do Sul - Agazeta.net\" \/>\n<meta property=\"og:description\" content=\"Nos dois epis\u00f3dios, as v\u00edtimas s\u00e3o crian\u00e7as de 11 e 7 anos\" \/>\n<meta property=\"og:url\" content=\"https:\/\/nk7-testes.com.br\/agazeta\/dois-estupros-sao-registrados-em-cruzeiro-do-sul\/\" \/>\n<meta property=\"og:site_name\" content=\"Agazeta.net\" \/>\n<meta property=\"article:published_time\" content=\"2016-12-19T22:44:54+00:00\" \/>\n<meta property=\"og:image\" content=\"https:\/\/nk7-testes.com.br\/agazeta\/wp-content\/uploads\/2016\/12\/191216-policia-delegado-tvgazeta.jpg\" \/>\n\t<meta property=\"og:image:width\" content=\"458\" \/>\n\t<meta property=\"og:image:height\" content=\"340\" \/>\n\t<meta property=\"og:image:type\" content=\"image\/jpeg\" \/>\n<meta name=\"author\" content=\"Agazeta.Net\" \/>\n<meta name=\"twitter:card\" content=\"summary_large_image\" \/>\n<meta name=\"twitter:label1\" content=\"Escrito por\" \/>\n\t<meta name=\"twitter:data1\" content=\"Agazeta.Net\" \/>\n\t<meta name=\"twitter:label2\" content=\"Est. tempo de leitura\" \/>\n\t<meta name=\"twitter:data2\" content=\"2 minutos\" \/>\n<script type=\"application\/ld+json\" class=\"yoast-schema-graph\">{\"@context\":\"https:\/\/schema.org\",\"@graph\":[{\"@type\":\"WebPage\",\"@id\":\"https:\/\/nk7-testes.com.br\/agazeta\/dois-estupros-sao-registrados-em-cruzeiro-do-sul\/\",\"url\":\"https:\/\/nk7-testes.com.br\/agazeta\/dois-estupros-sao-registrados-em-cruzeiro-do-sul\/\",\"name\":\"Dois estupros s\u00e3o registrados em Cruzeiro do Sul - Agazeta.net\",\"isPartOf\":{\"@id\":\"https:\/\/nk7-testes.com.br\/agazeta\/#website\"},\"primaryImageOfPage\":{\"@id\":\"https:\/\/nk7-testes.com.br\/agazeta\/dois-estupros-sao-registrados-em-cruzeiro-do-sul\/#primaryimage\"},\"image\":{\"@id\":\"https:\/\/nk7-testes.com.br\/agazeta\/dois-estupros-sao-registrados-em-cruzeiro-do-sul\/#primaryimage\"},\"thumbnailUrl\":\"https:\/\/nk7-testes.com.br\/agazeta\/wp-content\/uploads\/2016\/12\/191216-policia-delegado-tvgazeta.jpg\",\"datePublished\":\"2016-12-19T22:44:54+00:00\",\"author\":{\"@id\":\"https:\/\/nk7-testes.com.br\/agazeta\/#\/schema\/person\/ff6b39d54d6973bfc57f4140f659b23f\"},\"breadcrumb\":{\"@id\":\"https:\/\/nk7-testes.com.br\/agazeta\/dois-estupros-sao-registrados-em-cruzeiro-do-sul\/#breadcrumb\"},\"inLanguage\":\"pt-BR\",\"potentialAction\":[{\"@type\":\"ReadAction\",\"target\":[\"https:\/\/nk7-testes.com.br\/agazeta\/dois-estupros-sao-registrados-em-cruzeiro-do-sul\/\"]}]},{\"@type\":\"ImageObject\",\"inLanguage\":\"pt-BR\",\"@id\":\"https:\/\/nk7-testes.com.br\/agazeta\/dois-estupros-sao-registrados-em-cruzeiro-do-sul\/#primaryimage\",\"url\":\"https:\/\/nk7-testes.com.br\/agazeta\/wp-content\/uploads\/2016\/12\/191216-policia-delegado-tvgazeta.jpg\",\"contentUrl\":\"https:\/\/nk7-testes.com.br\/agazeta\/wp-content\/uploads\/2016\/12\/191216-policia-delegado-tvgazeta.jpg\",\"width\":458,\"height\":340,\"caption\":\"191216-policia-delegado-tvgazeta\"},{\"@type\":\"BreadcrumbList\",\"@id\":\"https:\/\/nk7-testes.com.br\/agazeta\/dois-estupros-sao-registrados-em-cruzeiro-do-sul\/#breadcrumb\",\"itemListElement\":[{\"@type\":\"ListItem\",\"position\":1,\"name\":\"In\u00edcio\",\"item\":\"https:\/\/nk7-testes.com.br\/agazeta\/\"},{\"@type\":\"ListItem\",\"position\":2,\"name\":\"Dois estupros s\u00e3o registrados em Cruzeiro do Sul\"}]},{\"@type\":\"WebSite\",\"@id\":\"https:\/\/nk7-testes.com.br\/agazeta\/#website\",\"url\":\"https:\/\/nk7-testes.com.br\/agazeta\/\",\"name\":\"Agazeta.net\",\"description\":\"Agazeta.net - Not\u00edcias de Rio Branco\/AC\",\"potentialAction\":[{\"@type\":\"SearchAction\",\"target\":{\"@type\":\"EntryPoint\",\"urlTemplate\":\"https:\/\/nk7-testes.com.br\/agazeta\/?s={search_term_string}\"},\"query-input\":{\"@type\":\"PropertyValueSpecification\",\"valueRequired\":true,\"valueName\":\"search_term_string\"}}],\"inLanguage\":\"pt-BR\"},{\"@type\":\"Person\",\"@id\":\"https:\/\/nk7-testes.com.br\/agazeta\/#\/schema\/person\/ff6b39d54d6973bfc57f4140f659b23f\",\"name\":\"Agazeta.Net\",\"url\":\"https:\/\/nk7-testes.com.br\/agazeta\/author\/agazeta\/\"}]}<\/script>\n<!-- \/ Yoast SEO plugin. -->","yoast_head_json":{"title":"Dois estupros s\u00e3o registrados em Cruzeiro do Sul - Agazeta.net","robots":{"index":"index","follow":"follow","max-snippet":"max-snippet:-1","max-image-preview":"max-image-preview:large","max-video-preview":"max-video-preview:-1"},"canonical":"https:\/\/nk7-testes.com.br\/agazeta\/dois-estupros-sao-registrados-em-cruzeiro-do-sul\/","og_locale":"pt_BR","og_type":"article","og_title":"Dois estupros s\u00e3o registrados em Cruzeiro do Sul - Agazeta.net","og_description":"Nos dois epis\u00f3dios, as v\u00edtimas s\u00e3o crian\u00e7as de 11 e 7 anos","og_url":"https:\/\/nk7-testes.com.br\/agazeta\/dois-estupros-sao-registrados-em-cruzeiro-do-sul\/","og_site_name":"Agazeta.net","article_published_time":"2016-12-19T22:44:54+00:00","og_image":[{"width":458,"height":340,"url":"https:\/\/nk7-testes.com.br\/agazeta\/wp-content\/uploads\/2016\/12\/191216-policia-delegado-tvgazeta.jpg","type":"image\/jpeg"}],"author":"Agazeta.Net","twitter_card":"summary_large_image","twitter_misc":{"Escrito por":"Agazeta.Net","Est. tempo de leitura":"2 minutos"},"schema":{"@context":"https:\/\/schema.org","@graph":[{"@type":"WebPage","@id":"https:\/\/nk7-testes.com.br\/agazeta\/dois-estupros-sao-registrados-em-cruzeiro-do-sul\/","url":"https:\/\/nk7-testes.com.br\/agazeta\/dois-estupros-sao-registrados-em-cruzeiro-do-sul\/","name":"Dois estupros s\u00e3o registrados em Cruzeiro do Sul - Agazeta.net","isPartOf":{"@id":"https:\/\/nk7-testes.com.br\/agazeta\/#website"},"primaryImageOfPage":{"@id":"https:\/\/nk7-testes.com.br\/agazeta\/dois-estupros-sao-registrados-em-cruzeiro-do-sul\/#primaryimage"},"image":{"@id":"https:\/\/nk7-testes.com.br\/agazeta\/dois-estupros-sao-registrados-em-cruzeiro-do-sul\/#primaryimage"},"thumbnailUrl":"https:\/\/nk7-testes.com.br\/agazeta\/wp-content\/uploads\/2016\/12\/191216-policia-delegado-tvgazeta.jpg","datePublished":"2016-12-19T22:44:54+00:00","author":{"@id":"https:\/\/nk7-testes.com.br\/agazeta\/#\/schema\/person\/ff6b39d54d6973bfc57f4140f659b23f"},"breadcrumb":{"@id":"https:\/\/nk7-testes.com.br\/agazeta\/dois-estupros-sao-registrados-em-cruzeiro-do-sul\/#breadcrumb"},"inLanguage":"pt-BR","potentialAction":[{"@type":"ReadAction","target":["https:\/\/nk7-testes.com.br\/agazeta\/dois-estupros-sao-registrados-em-cruzeiro-do-sul\/"]}]},{"@type":"ImageObject","inLanguage":"pt-BR","@id":"https:\/\/nk7-testes.com.br\/agazeta\/dois-estupros-sao-registrados-em-cruzeiro-do-sul\/#primaryimage","url":"https:\/\/nk7-testes.com.br\/agazeta\/wp-content\/uploads\/2016\/12\/191216-policia-delegado-tvgazeta.jpg","contentUrl":"https:\/\/nk7-testes.com.br\/agazeta\/wp-content\/uploads\/2016\/12\/191216-policia-delegado-tvgazeta.jpg","width":458,"height":340,"caption":"191216-policia-delegado-tvgazeta"},{"@type":"BreadcrumbList","@id":"https:\/\/nk7-testes.com.br\/agazeta\/dois-estupros-sao-registrados-em-cruzeiro-do-sul\/#breadcrumb","itemListElement":[{"@type":"ListItem","position":1,"name":"In\u00edcio","item":"https:\/\/nk7-testes.com.br\/agazeta\/"},{"@type":"ListItem","position":2,"name":"Dois estupros s\u00e3o registrados em Cruzeiro do Sul"}]},{"@type":"WebSite","@id":"https:\/\/nk7-testes.com.br\/agazeta\/#website","url":"https:\/\/nk7-testes.com.br\/agazeta\/","name":"Agazeta.net","description":"Agazeta.net - Not\u00edcias de Rio Branco\/AC","potentialAction":[{"@type":"SearchAction","target":{"@type":"EntryPoint","urlTemplate":"https:\/\/nk7-testes.com.br\/agazeta\/?s={search_term_string}"},"query-input":{"@type":"PropertyValueSpecification","valueRequired":true,"valueName":"search_term_string"}}],"inLanguage":"pt-BR"},{"@type":"Person","@id":"https:\/\/nk7-testes.com.br\/agazeta\/#\/schema\/person\/ff6b39d54d6973bfc57f4140f659b23f","name":"Agazeta.Net","url":"https:\/\/nk7-testes.com.br\/agazeta\/author\/agazeta\/"}]}},"_links":{"self":[{"href":"https:\/\/nk7-testes.com.br\/agazeta\/wp-json\/wp\/v2\/posts\/26997","targetHints":{"allow":["GET"]}}],"collection":[{"href":"https:\/\/nk7-testes.com.br\/agazeta\/wp-json\/wp\/v2\/posts"}],"about":[{"href":"https:\/\/nk7-testes.com.br\/agazeta\/wp-json\/wp\/v2\/types\/post"}],"author":[{"embeddable":true,"href":"https:\/\/nk7-testes.com.br\/agazeta\/wp-json\/wp\/v2\/users\/4"}],"replies":[{"embeddable":true,"href":"https:\/\/nk7-testes.com.br\/agazeta\/wp-json\/wp\/v2\/comments?post=26997"}],"version-history":[{"count":0,"href":"https:\/\/nk7-testes.com.br\/agazeta\/wp-json\/wp\/v2\/posts\/26997\/revisions"}],"wp:featuredmedia":[{"embeddable":true,"href":"https:\/\/nk7-testes.com.br\/agazeta\/wp-json\/wp\/v2\/media\/26996"}],"wp:attachment":[{"href":"https:\/\/nk7-testes.com.br\/agazeta\/wp-json\/wp\/v2\/media?parent=26997"}],"wp:term":[{"taxonomy":"category","embeddable":true,"href":"https:\/\/nk7-testes.com.br\/agazeta\/wp-json\/wp\/v2\/categories?post=26997"},{"taxonomy":"post_tag","embeddable":true,"href":"https:\/\/nk7-testes.com.br\/agazeta\/wp-json\/wp\/v2\/tags?post=26997"}],"curies":[{"name":"wp","href":"https:\/\/api.w.org\/{rel}","templated":true}]}}