{"id":26980,"date":"2016-12-19T14:02:23","date_gmt":"2016-12-19T14:02:23","guid":{"rendered":"https:\/\/abarevegan.com.br\/index.php\/2016\/12\/19\/bando-leva-terror-a-porto-acre-fuga-e-troca-de-tiros\/"},"modified":"2016-12-19T14:02:23","modified_gmt":"2016-12-19T14:02:23","slug":"bando-leva-terror-a-porto-acre-fuga-e-troca-de-tiros","status":"publish","type":"post","link":"https:\/\/nk7-testes.com.br\/agazeta\/bando-leva-terror-a-porto-acre-fuga-e-troca-de-tiros\/","title":{"rendered":"Bando leva terror a Porto Acre: fuga e troca de tiros"},"content":{"rendered":"<p style=\"text-align: justify;\">Armamentos e muni\u00e7\u00f5es apreendidos com o grupo<\/p>\n<p style=\"text-align: justify;\">A noite deste s\u00e1bado (17) foi de muita tens\u00e3o para v\u00e1rias guarni\u00e7\u00f5es do 5\u00ba Batalh\u00e3o da Pol\u00edcia Militar, Batalh\u00e3o de Opera\u00e7\u00f5es Especiais (Bope), Batalh\u00e3o de Tr\u00e2nsito e equipes do Servi\u00e7o de Atendimento M\u00f3vel de Urg\u00eancia (Samu).<\/p>\n<p style=\"text-align: justify;\">O bando formado por tr\u00eas jovens estava com armamentos pesados e muita muni\u00e7\u00e3o. Equipes do 5\u00ba Batalh\u00e3o foram deslocadas para o munic\u00edpio, auxiliar uma equipe que j\u00e1 se encontrava na cidade.<\/p>\n<p style=\"text-align: justify;\">Al\u00e9m disso, uma equipe do Samu foi acionada para socorrer um homem que foi alvejado com um tiro no peito, efetuado pelos jovens. O bando come\u00e7ou a trocar tiros com os militares ainda na Rodovia AC 10 (Estrada de Porto Acre), em uma fuga em dire\u00e7\u00e3o \u00e0 Capital.<\/p>\n<p style=\"text-align: justify;\">Enquanto isso, as guarni\u00e7\u00f5es pediam refor\u00e7os via R\u00e1dio ao Ciosp que enviou duas equipes do Bope, Batalh\u00e3o de Tr\u00e2nsito para tentar interceptar o bando que fugia em um ve\u00edculo de cor branca de placas OXP 1361, foi interceptado na altura do Km 7 sentido Porto Acre\/Rio Branco, mas conseguiu \u201cfurar\u201d a primeira barreira.<\/p>\n<p style=\"text-align: justify;\">Na altura do Km 2, pr\u00f3ximo \u00e0 Distribuidora Karina, o bando mesmo se deparando com cinco guarni\u00e7\u00f5es da Pol\u00edcia Militar, n\u00e3o se intimidou e partiu para o confronto.<br \/>O motorista do ve\u00edculo estava em alta velocidade. Em nenhum momento reduziu a velocidade, mesmo diante da troca de tiros, at\u00e9 que perdeu a dire\u00e7\u00e3o e saiu da pista. O bando se rendeu, pois o n\u00famero de policiais militares nesse momento era de aproximadamente 20 homens.<\/p>\n<p style=\"text-align: justify;\">Na troca de tiros, um adolescente de 16 anos foi alvejado com um tiro no bra\u00e7o, que transfixou e atingiu \u00f3rg\u00e3os internos. Ele foi socorrido por uma equipe de suporte avan\u00e7ado do Samu e encaminhado ao Pronto Socorro de Rio Branco, onde foi submetido a uma cirurgia. N\u00e3o tem risco de morte.<\/p>\n<p style=\"text-align: justify;\">Foram presos Mauricio Silva de Almeida, de 30 anos, Lucas Costa da Silva e F\u00e1bio Lopes Paula, ambos de 20 anos. Segundo a pol\u00edcia, o bando pretendia cometer assaltos e executar rivais em Rio Branco.<\/p>\n<p style=\"text-align: justify;\">Foram aprendidas tr\u00eas espingardas calibre 12, mais de 40 muni\u00e7\u00f5es intactas, dois tabletes de maconha, e um papelote de coca\u00edna.<\/p>\n<p style=\"text-align: justify;\">O ve\u00edculo em que o bando se encontrava foi atingido diversas vezes por tiros efetuados pelos militares. Os tr\u00eas presos foram encaminhados para a Delegacia de Flagrantes (Defla). Eles admitiram que viriam \u00e0 Capital executar rival.<\/p>\n<p style=\"text-align: justify;\">O trio foi entregue a Pol\u00edcia Civil que dar\u00e1 continuidade na investiga\u00e7\u00e3o e tentar descobrir qual seria o alvo do bando na Capital, se todo arsenal apreendido em poder dos criminosos pertence a alguma fac\u00e7\u00e3o criminosa.<\/p>\n","protected":false},"excerpt":{"rendered":"<p style=\"text-align: justify;\">Armamentos e muni\u00e7\u00f5es apreendidos com o grupo<\/p>\n","protected":false},"author":4,"featured_media":26979,"comment_status":"open","ping_status":"open","sticky":false,"template":"","format":"standard","meta":{"jnews-multi-image_gallery":[],"jnews_single_post":[],"jnews_primary_category":[],"jnews_social_meta":[],"jnews_review":[],"enable_review":"","type":"","name":"","summary":"","brand":"","sku":"","good":[],"bad":[],"score_override":"","override_value":"","rating":[],"price":[],"footnotes":""},"categories":[44],"tags":[],"class_list":["post-26980","post","type-post","status-publish","format-standard","has-post-thumbnail","hentry","category-policia"],"yoast_head":"<!-- This site is optimized with the Yoast SEO plugin v26.5 - https:\/\/yoast.com\/wordpress\/plugins\/seo\/ -->\n<title>Bando leva terror a Porto Acre: fuga e troca de tiros - Agazeta.net<\/title>\n<meta name=\"robots\" content=\"index, follow, max-snippet:-1, max-image-preview:large, max-video-preview:-1\" \/>\n<link rel=\"canonical\" href=\"https:\/\/nk7-testes.com.br\/agazeta\/bando-leva-terror-a-porto-acre-fuga-e-troca-de-tiros\/\" \/>\n<meta property=\"og:locale\" content=\"pt_BR\" \/>\n<meta property=\"og:type\" content=\"article\" \/>\n<meta property=\"og:title\" content=\"Bando leva terror a Porto Acre: fuga e troca de tiros - Agazeta.net\" \/>\n<meta property=\"og:description\" content=\"Armamentos e muni\u00e7\u00f5es apreendidos com o grupo\" \/>\n<meta property=\"og:url\" content=\"https:\/\/nk7-testes.com.br\/agazeta\/bando-leva-terror-a-porto-acre-fuga-e-troca-de-tiros\/\" \/>\n<meta property=\"og:site_name\" content=\"Agazeta.net\" \/>\n<meta property=\"article:published_time\" content=\"2016-12-19T14:02:23+00:00\" \/>\n<meta property=\"og:image\" content=\"https:\/\/nk7-testes.com.br\/agazeta\/wp-content\/uploads\/2016\/12\/191216-policia-armasebando-cleriston.jpg\" \/>\n\t<meta property=\"og:image:width\" content=\"458\" \/>\n\t<meta property=\"og:image:height\" content=\"340\" \/>\n\t<meta property=\"og:image:type\" content=\"image\/jpeg\" \/>\n<meta name=\"author\" content=\"Agazeta.Net\" \/>\n<meta name=\"twitter:card\" content=\"summary_large_image\" \/>\n<meta name=\"twitter:label1\" content=\"Escrito por\" \/>\n\t<meta name=\"twitter:data1\" content=\"Agazeta.Net\" \/>\n\t<meta name=\"twitter:label2\" content=\"Est. tempo de leitura\" \/>\n\t<meta name=\"twitter:data2\" content=\"2 minutos\" \/>\n<script type=\"application\/ld+json\" class=\"yoast-schema-graph\">{\"@context\":\"https:\/\/schema.org\",\"@graph\":[{\"@type\":\"WebPage\",\"@id\":\"https:\/\/nk7-testes.com.br\/agazeta\/bando-leva-terror-a-porto-acre-fuga-e-troca-de-tiros\/\",\"url\":\"https:\/\/nk7-testes.com.br\/agazeta\/bando-leva-terror-a-porto-acre-fuga-e-troca-de-tiros\/\",\"name\":\"Bando leva terror a Porto Acre: fuga e troca de tiros - Agazeta.net\",\"isPartOf\":{\"@id\":\"https:\/\/nk7-testes.com.br\/agazeta\/#website\"},\"primaryImageOfPage\":{\"@id\":\"https:\/\/nk7-testes.com.br\/agazeta\/bando-leva-terror-a-porto-acre-fuga-e-troca-de-tiros\/#primaryimage\"},\"image\":{\"@id\":\"https:\/\/nk7-testes.com.br\/agazeta\/bando-leva-terror-a-porto-acre-fuga-e-troca-de-tiros\/#primaryimage\"},\"thumbnailUrl\":\"https:\/\/nk7-testes.com.br\/agazeta\/wp-content\/uploads\/2016\/12\/191216-policia-armasebando-cleriston.jpg\",\"datePublished\":\"2016-12-19T14:02:23+00:00\",\"author\":{\"@id\":\"https:\/\/nk7-testes.com.br\/agazeta\/#\/schema\/person\/ff6b39d54d6973bfc57f4140f659b23f\"},\"breadcrumb\":{\"@id\":\"https:\/\/nk7-testes.com.br\/agazeta\/bando-leva-terror-a-porto-acre-fuga-e-troca-de-tiros\/#breadcrumb\"},\"inLanguage\":\"pt-BR\",\"potentialAction\":[{\"@type\":\"ReadAction\",\"target\":[\"https:\/\/nk7-testes.com.br\/agazeta\/bando-leva-terror-a-porto-acre-fuga-e-troca-de-tiros\/\"]}]},{\"@type\":\"ImageObject\",\"inLanguage\":\"pt-BR\",\"@id\":\"https:\/\/nk7-testes.com.br\/agazeta\/bando-leva-terror-a-porto-acre-fuga-e-troca-de-tiros\/#primaryimage\",\"url\":\"https:\/\/nk7-testes.com.br\/agazeta\/wp-content\/uploads\/2016\/12\/191216-policia-armasebando-cleriston.jpg\",\"contentUrl\":\"https:\/\/nk7-testes.com.br\/agazeta\/wp-content\/uploads\/2016\/12\/191216-policia-armasebando-cleriston.jpg\",\"width\":458,\"height\":340,\"caption\":\"191216-policia-armasebando-cleriston\"},{\"@type\":\"BreadcrumbList\",\"@id\":\"https:\/\/nk7-testes.com.br\/agazeta\/bando-leva-terror-a-porto-acre-fuga-e-troca-de-tiros\/#breadcrumb\",\"itemListElement\":[{\"@type\":\"ListItem\",\"position\":1,\"name\":\"In\u00edcio\",\"item\":\"https:\/\/nk7-testes.com.br\/agazeta\/\"},{\"@type\":\"ListItem\",\"position\":2,\"name\":\"Bando leva terror a Porto Acre: fuga e troca de tiros\"}]},{\"@type\":\"WebSite\",\"@id\":\"https:\/\/nk7-testes.com.br\/agazeta\/#website\",\"url\":\"https:\/\/nk7-testes.com.br\/agazeta\/\",\"name\":\"Agazeta.net\",\"description\":\"Agazeta.net - Not\u00edcias de Rio Branco\/AC\",\"potentialAction\":[{\"@type\":\"SearchAction\",\"target\":{\"@type\":\"EntryPoint\",\"urlTemplate\":\"https:\/\/nk7-testes.com.br\/agazeta\/?s={search_term_string}\"},\"query-input\":{\"@type\":\"PropertyValueSpecification\",\"valueRequired\":true,\"valueName\":\"search_term_string\"}}],\"inLanguage\":\"pt-BR\"},{\"@type\":\"Person\",\"@id\":\"https:\/\/nk7-testes.com.br\/agazeta\/#\/schema\/person\/ff6b39d54d6973bfc57f4140f659b23f\",\"name\":\"Agazeta.Net\",\"url\":\"https:\/\/nk7-testes.com.br\/agazeta\/author\/agazeta\/\"}]}<\/script>\n<!-- \/ Yoast SEO plugin. -->","yoast_head_json":{"title":"Bando leva terror a Porto Acre: fuga e troca de tiros - Agazeta.net","robots":{"index":"index","follow":"follow","max-snippet":"max-snippet:-1","max-image-preview":"max-image-preview:large","max-video-preview":"max-video-preview:-1"},"canonical":"https:\/\/nk7-testes.com.br\/agazeta\/bando-leva-terror-a-porto-acre-fuga-e-troca-de-tiros\/","og_locale":"pt_BR","og_type":"article","og_title":"Bando leva terror a Porto Acre: fuga e troca de tiros - Agazeta.net","og_description":"Armamentos e muni\u00e7\u00f5es apreendidos com o grupo","og_url":"https:\/\/nk7-testes.com.br\/agazeta\/bando-leva-terror-a-porto-acre-fuga-e-troca-de-tiros\/","og_site_name":"Agazeta.net","article_published_time":"2016-12-19T14:02:23+00:00","og_image":[{"width":458,"height":340,"url":"https:\/\/nk7-testes.com.br\/agazeta\/wp-content\/uploads\/2016\/12\/191216-policia-armasebando-cleriston.jpg","type":"image\/jpeg"}],"author":"Agazeta.Net","twitter_card":"summary_large_image","twitter_misc":{"Escrito por":"Agazeta.Net","Est. tempo de leitura":"2 minutos"},"schema":{"@context":"https:\/\/schema.org","@graph":[{"@type":"WebPage","@id":"https:\/\/nk7-testes.com.br\/agazeta\/bando-leva-terror-a-porto-acre-fuga-e-troca-de-tiros\/","url":"https:\/\/nk7-testes.com.br\/agazeta\/bando-leva-terror-a-porto-acre-fuga-e-troca-de-tiros\/","name":"Bando leva terror a Porto Acre: fuga e troca de tiros - Agazeta.net","isPartOf":{"@id":"https:\/\/nk7-testes.com.br\/agazeta\/#website"},"primaryImageOfPage":{"@id":"https:\/\/nk7-testes.com.br\/agazeta\/bando-leva-terror-a-porto-acre-fuga-e-troca-de-tiros\/#primaryimage"},"image":{"@id":"https:\/\/nk7-testes.com.br\/agazeta\/bando-leva-terror-a-porto-acre-fuga-e-troca-de-tiros\/#primaryimage"},"thumbnailUrl":"https:\/\/nk7-testes.com.br\/agazeta\/wp-content\/uploads\/2016\/12\/191216-policia-armasebando-cleriston.jpg","datePublished":"2016-12-19T14:02:23+00:00","author":{"@id":"https:\/\/nk7-testes.com.br\/agazeta\/#\/schema\/person\/ff6b39d54d6973bfc57f4140f659b23f"},"breadcrumb":{"@id":"https:\/\/nk7-testes.com.br\/agazeta\/bando-leva-terror-a-porto-acre-fuga-e-troca-de-tiros\/#breadcrumb"},"inLanguage":"pt-BR","potentialAction":[{"@type":"ReadAction","target":["https:\/\/nk7-testes.com.br\/agazeta\/bando-leva-terror-a-porto-acre-fuga-e-troca-de-tiros\/"]}]},{"@type":"ImageObject","inLanguage":"pt-BR","@id":"https:\/\/nk7-testes.com.br\/agazeta\/bando-leva-terror-a-porto-acre-fuga-e-troca-de-tiros\/#primaryimage","url":"https:\/\/nk7-testes.com.br\/agazeta\/wp-content\/uploads\/2016\/12\/191216-policia-armasebando-cleriston.jpg","contentUrl":"https:\/\/nk7-testes.com.br\/agazeta\/wp-content\/uploads\/2016\/12\/191216-policia-armasebando-cleriston.jpg","width":458,"height":340,"caption":"191216-policia-armasebando-cleriston"},{"@type":"BreadcrumbList","@id":"https:\/\/nk7-testes.com.br\/agazeta\/bando-leva-terror-a-porto-acre-fuga-e-troca-de-tiros\/#breadcrumb","itemListElement":[{"@type":"ListItem","position":1,"name":"In\u00edcio","item":"https:\/\/nk7-testes.com.br\/agazeta\/"},{"@type":"ListItem","position":2,"name":"Bando leva terror a Porto Acre: fuga e troca de tiros"}]},{"@type":"WebSite","@id":"https:\/\/nk7-testes.com.br\/agazeta\/#website","url":"https:\/\/nk7-testes.com.br\/agazeta\/","name":"Agazeta.net","description":"Agazeta.net - Not\u00edcias de Rio Branco\/AC","potentialAction":[{"@type":"SearchAction","target":{"@type":"EntryPoint","urlTemplate":"https:\/\/nk7-testes.com.br\/agazeta\/?s={search_term_string}"},"query-input":{"@type":"PropertyValueSpecification","valueRequired":true,"valueName":"search_term_string"}}],"inLanguage":"pt-BR"},{"@type":"Person","@id":"https:\/\/nk7-testes.com.br\/agazeta\/#\/schema\/person\/ff6b39d54d6973bfc57f4140f659b23f","name":"Agazeta.Net","url":"https:\/\/nk7-testes.com.br\/agazeta\/author\/agazeta\/"}]}},"_links":{"self":[{"href":"https:\/\/nk7-testes.com.br\/agazeta\/wp-json\/wp\/v2\/posts\/26980","targetHints":{"allow":["GET"]}}],"collection":[{"href":"https:\/\/nk7-testes.com.br\/agazeta\/wp-json\/wp\/v2\/posts"}],"about":[{"href":"https:\/\/nk7-testes.com.br\/agazeta\/wp-json\/wp\/v2\/types\/post"}],"author":[{"embeddable":true,"href":"https:\/\/nk7-testes.com.br\/agazeta\/wp-json\/wp\/v2\/users\/4"}],"replies":[{"embeddable":true,"href":"https:\/\/nk7-testes.com.br\/agazeta\/wp-json\/wp\/v2\/comments?post=26980"}],"version-history":[{"count":0,"href":"https:\/\/nk7-testes.com.br\/agazeta\/wp-json\/wp\/v2\/posts\/26980\/revisions"}],"wp:featuredmedia":[{"embeddable":true,"href":"https:\/\/nk7-testes.com.br\/agazeta\/wp-json\/wp\/v2\/media\/26979"}],"wp:attachment":[{"href":"https:\/\/nk7-testes.com.br\/agazeta\/wp-json\/wp\/v2\/media?parent=26980"}],"wp:term":[{"taxonomy":"category","embeddable":true,"href":"https:\/\/nk7-testes.com.br\/agazeta\/wp-json\/wp\/v2\/categories?post=26980"},{"taxonomy":"post_tag","embeddable":true,"href":"https:\/\/nk7-testes.com.br\/agazeta\/wp-json\/wp\/v2\/tags?post=26980"}],"curies":[{"name":"wp","href":"https:\/\/api.w.org\/{rel}","templated":true}]}}