{"id":26968,"date":"2016-12-17T17:26:30","date_gmt":"2016-12-17T17:26:30","guid":{"rendered":"https:\/\/abarevegan.com.br\/index.php\/2016\/12\/17\/filho-mata-pai-e-enterra-de-cabeca-para-baixo\/"},"modified":"2016-12-17T17:26:30","modified_gmt":"2016-12-17T17:26:30","slug":"filho-mata-pai-e-enterra-de-cabeca-para-baixo","status":"publish","type":"post","link":"https:\/\/nk7-testes.com.br\/agazeta\/filho-mata-pai-e-enterra-de-cabeca-para-baixo\/","title":{"rendered":"Filho mata pai e enterra de cabe\u00e7a para baixo"},"content":{"rendered":"<p style=\"text-align: justify;\">Crime aconteceu no Ramal Gadelha, no Quinari<\/p>\n<p style=\"text-align: justify;\">Segundo a Pol\u00edcia, o crime aconteceu no \u00faltimo domingo. O corpo da v\u00edtima s\u00f3 foi encontrado nesta sexta-feira (16), depois de uma investiga\u00e7\u00e3o da Pol\u00edcia Civil junto com a Pol\u00edcia Militar.<\/p>\n<p style=\"text-align: justify;\">Segundo informa\u00e7\u00f5es do delegado de Senador Guiomard, Ricardo Casas, na \u00faltima quinta-feira, a fam\u00edlia da v\u00edtima Evan Silva dos Santos, 42, foi at\u00e9 a delegacia para registrar a queixa de desaparecimento.<\/p>\n<p style=\"text-align: justify;\">Segundo ele, o filho da v\u00edtima teria relatado que o seu pai estava bebendo na noite de domingo e teria sa\u00eddo e n\u00e3o mais teria voltado para casa. Segundo o filho, ainda teria falado \u00e0 pol\u00edcia que achava que seu pai havia ido at\u00e9 a casa de uma ex-namorada, e que \u201cela poderia te matado\u201d Evan dos Santos.<\/p>\n<p style=\"text-align: justify;\">Mas, a Pol\u00edcia Civil come\u00e7ou a investigar e procurar pela v\u00edtima. Nesta sexta feira, ao realizar busca pelo local, uma pessoa que mora em uma col\u00f4nia perto teria encontrado o corpo a acionou a pol\u00edcia.<\/p>\n<p style=\"text-align: justify;\">Segundo o delegado, o corpo estava enterrado de cabe\u00e7a para baixo com os p\u00e9s para fora em uma cova de cerca de oitenta cent\u00edmetros de profundidade. O corpo foi retirado pelo bombeiro e IML e levado para Rio Branco.<\/p>\n<p style=\"text-align: justify;\">O delegado continuou as investiga\u00e7\u00f5es e conseguiu descobrir que quem teria matado a Evan dos Santos teria sido o pr\u00f3prio filho junto com um compassa.<\/p>\n<p style=\"text-align: justify;\">Segundo o delegado, durante as investiga\u00e7\u00f5es, a pol\u00edcia descobriu que na noite de domingo a v\u00edtima estava bebendo com o seu filho Everton Silva dos Santos, 19, e um amigo do seu filho Jo\u00e3o Victor de Sousa Ferreira, 22 e duas garotas, namoradas dos acusados.<\/p>\n<p style=\"text-align: justify;\">Segundo o filho da v\u00edtima, em depoimento ao delegado, durante a bebedeira junto com o pai, Evan teria dado dinheiro para ele e o amigo irem comprar droga. Ent\u00e3o, eles sa\u00edram de moto e, no meio do caminho, a moto teria quebrado. Ent\u00e3o, eles voltaram para a casa.<\/p>\n<p style=\"text-align: justify;\">Quando chegaram, os dois acusados teriam presenciado o pai estuprando a namorada de Jo\u00e3o Victor. Segundo eles, a v\u00edtima estava com uma faca no pesco\u00e7o da jovem de 19 anos e estava obrigando ela a fazer sexo oral.<\/p>\n<p style=\"text-align: justify;\">Quando a v\u00edtima viu os acusados, teria sa\u00eddo correndo, mas, segundo o pr\u00f3prio filho, Jo\u00e3o Victor teria dado uma paulada na cabe\u00e7a da v\u00edtima que caiu e logo em seguida os dois teriam matado a v\u00edtima com pauladas e facadas. Logo em seguida teriam enterrado o corpo.<\/p>\n<p style=\"text-align: justify;\">Segundo a pol\u00edcia, durante as investiga\u00e7\u00f5es, na tentativa de atrapalhar o trabalho da pol\u00edcia, o filho ainda teria falado que \u201cquem teria matado o seu pai deveria apodrecer no pres\u00eddio\u201d. Os dois acusados v\u00e3o responder por crime de homic\u00eddio e oculta\u00e7\u00e3o de cad\u00e1ver.<\/p>\n","protected":false},"excerpt":{"rendered":"<p style=\"text-align: justify;\">Crime aconteceu no Ramal Gadelha, no Quinari<\/p>\n","protected":false},"author":4,"featured_media":26967,"comment_status":"open","ping_status":"open","sticky":false,"template":"","format":"standard","meta":{"jnews-multi-image_gallery":[],"jnews_single_post":[],"jnews_primary_category":[],"jnews_social_meta":[],"jnews_review":[],"enable_review":"","type":"","name":"","summary":"","brand":"","sku":"","good":[],"bad":[],"score_override":"","override_value":"","rating":[],"price":[],"footnotes":""},"categories":[44],"tags":[],"class_list":["post-26968","post","type-post","status-publish","format-standard","has-post-thumbnail","hentry","category-policia"],"yoast_head":"<!-- This site is optimized with the Yoast SEO plugin v26.5 - https:\/\/yoast.com\/wordpress\/plugins\/seo\/ -->\n<title>Filho mata pai e enterra de cabe\u00e7a para baixo - Agazeta.net<\/title>\n<meta name=\"robots\" content=\"index, follow, max-snippet:-1, max-image-preview:large, max-video-preview:-1\" \/>\n<link rel=\"canonical\" href=\"https:\/\/nk7-testes.com.br\/agazeta\/filho-mata-pai-e-enterra-de-cabeca-para-baixo\/\" \/>\n<meta property=\"og:locale\" content=\"pt_BR\" \/>\n<meta property=\"og:type\" content=\"article\" \/>\n<meta property=\"og:title\" content=\"Filho mata pai e enterra de cabe\u00e7a para baixo - Agazeta.net\" \/>\n<meta property=\"og:description\" content=\"Crime aconteceu no Ramal Gadelha, no Quinari\" \/>\n<meta property=\"og:url\" content=\"https:\/\/nk7-testes.com.br\/agazeta\/filho-mata-pai-e-enterra-de-cabeca-para-baixo\/\" \/>\n<meta property=\"og:site_name\" content=\"Agazeta.net\" \/>\n<meta property=\"article:published_time\" content=\"2016-12-17T17:26:30+00:00\" \/>\n<meta property=\"og:image\" content=\"https:\/\/nk7-testes.com.br\/agazeta\/wp-content\/uploads\/2016\/12\/171216-policia-matadordopai-cleriston.jpg\" \/>\n\t<meta property=\"og:image:width\" content=\"458\" \/>\n\t<meta property=\"og:image:height\" content=\"340\" \/>\n\t<meta property=\"og:image:type\" content=\"image\/jpeg\" \/>\n<meta name=\"author\" content=\"Agazeta.Net\" \/>\n<meta name=\"twitter:card\" content=\"summary_large_image\" \/>\n<meta name=\"twitter:label1\" content=\"Escrito por\" \/>\n\t<meta name=\"twitter:data1\" content=\"Agazeta.Net\" \/>\n\t<meta name=\"twitter:label2\" content=\"Est. tempo de leitura\" \/>\n\t<meta name=\"twitter:data2\" content=\"2 minutos\" \/>\n<script type=\"application\/ld+json\" class=\"yoast-schema-graph\">{\"@context\":\"https:\/\/schema.org\",\"@graph\":[{\"@type\":\"WebPage\",\"@id\":\"https:\/\/nk7-testes.com.br\/agazeta\/filho-mata-pai-e-enterra-de-cabeca-para-baixo\/\",\"url\":\"https:\/\/nk7-testes.com.br\/agazeta\/filho-mata-pai-e-enterra-de-cabeca-para-baixo\/\",\"name\":\"Filho mata pai e enterra de cabe\u00e7a para baixo - Agazeta.net\",\"isPartOf\":{\"@id\":\"https:\/\/nk7-testes.com.br\/agazeta\/#website\"},\"primaryImageOfPage\":{\"@id\":\"https:\/\/nk7-testes.com.br\/agazeta\/filho-mata-pai-e-enterra-de-cabeca-para-baixo\/#primaryimage\"},\"image\":{\"@id\":\"https:\/\/nk7-testes.com.br\/agazeta\/filho-mata-pai-e-enterra-de-cabeca-para-baixo\/#primaryimage\"},\"thumbnailUrl\":\"https:\/\/nk7-testes.com.br\/agazeta\/wp-content\/uploads\/2016\/12\/171216-policia-matadordopai-cleriston.jpg\",\"datePublished\":\"2016-12-17T17:26:30+00:00\",\"author\":{\"@id\":\"https:\/\/nk7-testes.com.br\/agazeta\/#\/schema\/person\/ff6b39d54d6973bfc57f4140f659b23f\"},\"breadcrumb\":{\"@id\":\"https:\/\/nk7-testes.com.br\/agazeta\/filho-mata-pai-e-enterra-de-cabeca-para-baixo\/#breadcrumb\"},\"inLanguage\":\"pt-BR\",\"potentialAction\":[{\"@type\":\"ReadAction\",\"target\":[\"https:\/\/nk7-testes.com.br\/agazeta\/filho-mata-pai-e-enterra-de-cabeca-para-baixo\/\"]}]},{\"@type\":\"ImageObject\",\"inLanguage\":\"pt-BR\",\"@id\":\"https:\/\/nk7-testes.com.br\/agazeta\/filho-mata-pai-e-enterra-de-cabeca-para-baixo\/#primaryimage\",\"url\":\"https:\/\/nk7-testes.com.br\/agazeta\/wp-content\/uploads\/2016\/12\/171216-policia-matadordopai-cleriston.jpg\",\"contentUrl\":\"https:\/\/nk7-testes.com.br\/agazeta\/wp-content\/uploads\/2016\/12\/171216-policia-matadordopai-cleriston.jpg\",\"width\":458,\"height\":340,\"caption\":\"171216-policia-matadordopai-cleriston\"},{\"@type\":\"BreadcrumbList\",\"@id\":\"https:\/\/nk7-testes.com.br\/agazeta\/filho-mata-pai-e-enterra-de-cabeca-para-baixo\/#breadcrumb\",\"itemListElement\":[{\"@type\":\"ListItem\",\"position\":1,\"name\":\"In\u00edcio\",\"item\":\"https:\/\/nk7-testes.com.br\/agazeta\/\"},{\"@type\":\"ListItem\",\"position\":2,\"name\":\"Filho mata pai e enterra de cabe\u00e7a para baixo\"}]},{\"@type\":\"WebSite\",\"@id\":\"https:\/\/nk7-testes.com.br\/agazeta\/#website\",\"url\":\"https:\/\/nk7-testes.com.br\/agazeta\/\",\"name\":\"Agazeta.net\",\"description\":\"Agazeta.net - Not\u00edcias de Rio Branco\/AC\",\"potentialAction\":[{\"@type\":\"SearchAction\",\"target\":{\"@type\":\"EntryPoint\",\"urlTemplate\":\"https:\/\/nk7-testes.com.br\/agazeta\/?s={search_term_string}\"},\"query-input\":{\"@type\":\"PropertyValueSpecification\",\"valueRequired\":true,\"valueName\":\"search_term_string\"}}],\"inLanguage\":\"pt-BR\"},{\"@type\":\"Person\",\"@id\":\"https:\/\/nk7-testes.com.br\/agazeta\/#\/schema\/person\/ff6b39d54d6973bfc57f4140f659b23f\",\"name\":\"Agazeta.Net\",\"url\":\"https:\/\/nk7-testes.com.br\/agazeta\/author\/agazeta\/\"}]}<\/script>\n<!-- \/ Yoast SEO plugin. -->","yoast_head_json":{"title":"Filho mata pai e enterra de cabe\u00e7a para baixo - Agazeta.net","robots":{"index":"index","follow":"follow","max-snippet":"max-snippet:-1","max-image-preview":"max-image-preview:large","max-video-preview":"max-video-preview:-1"},"canonical":"https:\/\/nk7-testes.com.br\/agazeta\/filho-mata-pai-e-enterra-de-cabeca-para-baixo\/","og_locale":"pt_BR","og_type":"article","og_title":"Filho mata pai e enterra de cabe\u00e7a para baixo - Agazeta.net","og_description":"Crime aconteceu no Ramal Gadelha, no Quinari","og_url":"https:\/\/nk7-testes.com.br\/agazeta\/filho-mata-pai-e-enterra-de-cabeca-para-baixo\/","og_site_name":"Agazeta.net","article_published_time":"2016-12-17T17:26:30+00:00","og_image":[{"width":458,"height":340,"url":"https:\/\/nk7-testes.com.br\/agazeta\/wp-content\/uploads\/2016\/12\/171216-policia-matadordopai-cleriston.jpg","type":"image\/jpeg"}],"author":"Agazeta.Net","twitter_card":"summary_large_image","twitter_misc":{"Escrito por":"Agazeta.Net","Est. tempo de leitura":"2 minutos"},"schema":{"@context":"https:\/\/schema.org","@graph":[{"@type":"WebPage","@id":"https:\/\/nk7-testes.com.br\/agazeta\/filho-mata-pai-e-enterra-de-cabeca-para-baixo\/","url":"https:\/\/nk7-testes.com.br\/agazeta\/filho-mata-pai-e-enterra-de-cabeca-para-baixo\/","name":"Filho mata pai e enterra de cabe\u00e7a para baixo - Agazeta.net","isPartOf":{"@id":"https:\/\/nk7-testes.com.br\/agazeta\/#website"},"primaryImageOfPage":{"@id":"https:\/\/nk7-testes.com.br\/agazeta\/filho-mata-pai-e-enterra-de-cabeca-para-baixo\/#primaryimage"},"image":{"@id":"https:\/\/nk7-testes.com.br\/agazeta\/filho-mata-pai-e-enterra-de-cabeca-para-baixo\/#primaryimage"},"thumbnailUrl":"https:\/\/nk7-testes.com.br\/agazeta\/wp-content\/uploads\/2016\/12\/171216-policia-matadordopai-cleriston.jpg","datePublished":"2016-12-17T17:26:30+00:00","author":{"@id":"https:\/\/nk7-testes.com.br\/agazeta\/#\/schema\/person\/ff6b39d54d6973bfc57f4140f659b23f"},"breadcrumb":{"@id":"https:\/\/nk7-testes.com.br\/agazeta\/filho-mata-pai-e-enterra-de-cabeca-para-baixo\/#breadcrumb"},"inLanguage":"pt-BR","potentialAction":[{"@type":"ReadAction","target":["https:\/\/nk7-testes.com.br\/agazeta\/filho-mata-pai-e-enterra-de-cabeca-para-baixo\/"]}]},{"@type":"ImageObject","inLanguage":"pt-BR","@id":"https:\/\/nk7-testes.com.br\/agazeta\/filho-mata-pai-e-enterra-de-cabeca-para-baixo\/#primaryimage","url":"https:\/\/nk7-testes.com.br\/agazeta\/wp-content\/uploads\/2016\/12\/171216-policia-matadordopai-cleriston.jpg","contentUrl":"https:\/\/nk7-testes.com.br\/agazeta\/wp-content\/uploads\/2016\/12\/171216-policia-matadordopai-cleriston.jpg","width":458,"height":340,"caption":"171216-policia-matadordopai-cleriston"},{"@type":"BreadcrumbList","@id":"https:\/\/nk7-testes.com.br\/agazeta\/filho-mata-pai-e-enterra-de-cabeca-para-baixo\/#breadcrumb","itemListElement":[{"@type":"ListItem","position":1,"name":"In\u00edcio","item":"https:\/\/nk7-testes.com.br\/agazeta\/"},{"@type":"ListItem","position":2,"name":"Filho mata pai e enterra de cabe\u00e7a para baixo"}]},{"@type":"WebSite","@id":"https:\/\/nk7-testes.com.br\/agazeta\/#website","url":"https:\/\/nk7-testes.com.br\/agazeta\/","name":"Agazeta.net","description":"Agazeta.net - Not\u00edcias de Rio Branco\/AC","potentialAction":[{"@type":"SearchAction","target":{"@type":"EntryPoint","urlTemplate":"https:\/\/nk7-testes.com.br\/agazeta\/?s={search_term_string}"},"query-input":{"@type":"PropertyValueSpecification","valueRequired":true,"valueName":"search_term_string"}}],"inLanguage":"pt-BR"},{"@type":"Person","@id":"https:\/\/nk7-testes.com.br\/agazeta\/#\/schema\/person\/ff6b39d54d6973bfc57f4140f659b23f","name":"Agazeta.Net","url":"https:\/\/nk7-testes.com.br\/agazeta\/author\/agazeta\/"}]}},"_links":{"self":[{"href":"https:\/\/nk7-testes.com.br\/agazeta\/wp-json\/wp\/v2\/posts\/26968","targetHints":{"allow":["GET"]}}],"collection":[{"href":"https:\/\/nk7-testes.com.br\/agazeta\/wp-json\/wp\/v2\/posts"}],"about":[{"href":"https:\/\/nk7-testes.com.br\/agazeta\/wp-json\/wp\/v2\/types\/post"}],"author":[{"embeddable":true,"href":"https:\/\/nk7-testes.com.br\/agazeta\/wp-json\/wp\/v2\/users\/4"}],"replies":[{"embeddable":true,"href":"https:\/\/nk7-testes.com.br\/agazeta\/wp-json\/wp\/v2\/comments?post=26968"}],"version-history":[{"count":0,"href":"https:\/\/nk7-testes.com.br\/agazeta\/wp-json\/wp\/v2\/posts\/26968\/revisions"}],"wp:featuredmedia":[{"embeddable":true,"href":"https:\/\/nk7-testes.com.br\/agazeta\/wp-json\/wp\/v2\/media\/26967"}],"wp:attachment":[{"href":"https:\/\/nk7-testes.com.br\/agazeta\/wp-json\/wp\/v2\/media?parent=26968"}],"wp:term":[{"taxonomy":"category","embeddable":true,"href":"https:\/\/nk7-testes.com.br\/agazeta\/wp-json\/wp\/v2\/categories?post=26968"},{"taxonomy":"post_tag","embeddable":true,"href":"https:\/\/nk7-testes.com.br\/agazeta\/wp-json\/wp\/v2\/tags?post=26968"}],"curies":[{"name":"wp","href":"https:\/\/api.w.org\/{rel}","templated":true}]}}