{"id":26948,"date":"2016-12-16T13:51:03","date_gmt":"2016-12-16T13:51:03","guid":{"rendered":"https:\/\/abarevegan.com.br\/index.php\/2016\/12\/16\/casal-ve-o-mundo-pela-janela-de-uma-kombi\/"},"modified":"2016-12-16T13:51:03","modified_gmt":"2016-12-16T13:51:03","slug":"casal-ve-o-mundo-pela-janela-de-uma-kombi","status":"publish","type":"post","link":"https:\/\/nk7-testes.com.br\/agazeta\/casal-ve-o-mundo-pela-janela-de-uma-kombi\/","title":{"rendered":"Casal v\u00ea o mundo pela janela de uma Kombi"},"content":{"rendered":"<p style=\"text-align: justify;\">300 cidades da Am\u00e9rica e muita hist\u00f3ria na bagagem<\/p>\n<p style=\"text-align: justify;\">Dois anos foi o tempo que um casal de aventureiros levou para percorrer 45 quil\u00f4metros de estrada, visitando 300 cidades da Am\u00e9rica do Sul. Mas a viagem n\u00e3o terminou. Agora a meta dos dois \u00e9 fazer uma volta pelo Brasil, num trajeto de aproximadamente 7 mil quil\u00f4metros. A aventura acontece dentro de uma Kombi ano 95, equipada com todos os utens\u00edlios de uma casa.<\/p>\n<p style=\"text-align: justify;\">Ela \u00e9 formada em publicidade e ele, em gastronomia. Ele \u00e9 de Santa Catarina e ela do Rio Grande do Sul. Por enquanto pouca coisa em comum. O que bateu mais forte al\u00e9m do amor entre os dois, j\u00e1 que s\u00e3o casados h\u00e1 12 anos foi o desejo em comum por aventura.<\/p>\n<p style=\"text-align: justify;\">Daniela Pregardier e Rodrigo Matias acabam de chegar de uma viagem de 2 anos pela Am\u00e9rica do Sul. A bordo de uma Kombi ano 95, eles rodaram 45 mil quil\u00f4metros, conhecendo 300 cidades. Uma fronteira fechada na Col\u00f4mbia fez com que a viagem ganhasse outro rumo e eles retornassem ao Brasil, passando pelo Acre.<\/p>\n<p style=\"text-align: justify;\">Segundo Rodrigo, quando a ideia de viajar surgiu, eles venderam tudo que tinham, mas em 8 meses os recursos come\u00e7aram a reduzir. Ent\u00e3o o plano B para continuar com a aventura foi fazer artesanatos e produzir fotos. A dupla tamb\u00e9m criou um site onde milhares de seguidores acompanham o roteiro por cada cidade e pa\u00eds que Rodrigo e Dani passam.<\/p>\n<p style=\"text-align: justify;\">&#8220;Na verdade, a gente foi vendo que ficava mais tempo nos lugares que a gente chegava, sempre tinha alguma coisa que fazia com que a gente ficasse mais, e a gente resolveu imprimir nossas fotos, que s\u00e3o lindas e vender elas em forma de postagem. Nosso projeto \u00e9 uma pequena casa, um grande jardim. Que sempre representa nossa casa e um jardim do tamanho do mundo&#8221;, explica Rodrigo.<\/p>\n<p style=\"text-align: justify;\">A Kombi tem todos os utens\u00edlios de uma casa. Do lado de fora, uma mesa se abre. Dentro, o assento se transforma em um colch\u00e3o de 1,80 metros ao se abrir. Tem pia, um fogareiro, uma pequena geladeira e at\u00e9 um vaso sanit\u00e1rio que funciona como banheiro qu\u00edmico.<\/p>\n<p style=\"text-align: justify;\">Mas, nem tudo s\u00e3o flores. Na Col\u00f4mbia e no Peru, o casal foi roubado. Em uma das ocasi\u00f5es, o equipamento fotogr\u00e1fico foi roubado. Pela internet, os aventureiros conseguiram arrecadar dinheiro para comprar outro material para manter os registros da viagem.<\/p>\n<p style=\"text-align: justify;\">Apesar das dificuldades, para eles, o melhor de tudo, s\u00e3o as pessoas. &#8220;O mais importante que a gente leva dessa viagem s\u00e3o os amigos. Ficamos tristes na hora da despedida, por que fizemos muitos amigos\u201d, afirma Rodrigo.<\/p>\n<p style=\"text-align: justify;\">A aventura n\u00e3o termina por a\u00ed. A meta do casal agora \u00e9 percorrer mais 7 mil km no Brasil. Ser\u00e1 uma volta pelo pa\u00eds de kombi, onde eles estimam que vai durar pelo menos um ano.<\/p>\n<p style=\"text-align: justify;\">&#8220;Antes a gente tinha tempo pra fazer tudo, tr\u00eas meses, 6 meses pelo visto e agora a gente n\u00e3o tem. Ent\u00e3o a gente quer fazer essa volta levando o tempo que for e quando chegar em Florian\u00f3polis v\u00e3o vir os frutos das nossa viagem, do trabalho como fot\u00f3grafos&#8221;, explica Daniela.<\/p>\n<p style=\"text-align: justify;\">De todo esse tempo na estrada, o casal afirma que aprendeu muitas coisas. Para Daniela, fica a certeza de que os sonhos podem se tornar realidade. &#8220;Tudo \u00e9 poss\u00edvel. Um dia a gente pensava que era muito longe sair pra viajar, realizar esse sonho, mas a gente viu que trabalhando se esfor\u00e7ando, se pode fazer isso&#8221;, conclui.<\/p>\n","protected":false},"excerpt":{"rendered":"<p style=\"text-align: justify;\">300 cidades da Am\u00e9rica e muita hist\u00f3ria na bagagem<\/p>\n","protected":false},"author":4,"featured_media":26947,"comment_status":"open","ping_status":"open","sticky":false,"template":"","format":"standard","meta":{"jnews-multi-image_gallery":[],"jnews_single_post":[],"jnews_primary_category":[],"jnews_social_meta":[],"jnews_review":[],"enable_review":"","type":"","name":"","summary":"","brand":"","sku":"","good":[],"bad":[],"score_override":"","override_value":"","rating":[],"price":[],"footnotes":""},"categories":[54],"tags":[],"class_list":["post-26948","post","type-post","status-publish","format-standard","has-post-thumbnail","hentry","category-cotidiano"],"yoast_head":"<!-- This site is optimized with the Yoast SEO plugin v26.5 - https:\/\/yoast.com\/wordpress\/plugins\/seo\/ -->\n<title>Casal v\u00ea o mundo pela janela de uma Kombi - Agazeta.net<\/title>\n<meta name=\"robots\" content=\"index, follow, max-snippet:-1, max-image-preview:large, max-video-preview:-1\" \/>\n<link rel=\"canonical\" href=\"https:\/\/nk7-testes.com.br\/agazeta\/casal-ve-o-mundo-pela-janela-de-uma-kombi\/\" \/>\n<meta property=\"og:locale\" content=\"pt_BR\" \/>\n<meta property=\"og:type\" content=\"article\" \/>\n<meta property=\"og:title\" content=\"Casal v\u00ea o mundo pela janela de uma Kombi - Agazeta.net\" \/>\n<meta property=\"og:description\" content=\"300 cidades da Am\u00e9rica e muita hist\u00f3ria na bagagem\" \/>\n<meta property=\"og:url\" content=\"https:\/\/nk7-testes.com.br\/agazeta\/casal-ve-o-mundo-pela-janela-de-uma-kombi\/\" \/>\n<meta property=\"og:site_name\" content=\"Agazeta.net\" \/>\n<meta property=\"article:published_time\" content=\"2016-12-16T13:51:03+00:00\" \/>\n<meta property=\"og:image\" content=\"https:\/\/nk7-testes.com.br\/agazeta\/wp-content\/uploads\/2016\/12\/161216-cotidiano-casalkombi-tvgazeta.jpg\" \/>\n\t<meta property=\"og:image:width\" content=\"458\" \/>\n\t<meta property=\"og:image:height\" content=\"340\" \/>\n\t<meta property=\"og:image:type\" content=\"image\/jpeg\" \/>\n<meta name=\"author\" content=\"Agazeta.Net\" \/>\n<meta name=\"twitter:card\" content=\"summary_large_image\" \/>\n<meta name=\"twitter:label1\" content=\"Escrito por\" \/>\n\t<meta name=\"twitter:data1\" content=\"Agazeta.Net\" \/>\n\t<meta name=\"twitter:label2\" content=\"Est. tempo de leitura\" \/>\n\t<meta name=\"twitter:data2\" content=\"3 minutos\" \/>\n<script type=\"application\/ld+json\" class=\"yoast-schema-graph\">{\"@context\":\"https:\/\/schema.org\",\"@graph\":[{\"@type\":\"WebPage\",\"@id\":\"https:\/\/nk7-testes.com.br\/agazeta\/casal-ve-o-mundo-pela-janela-de-uma-kombi\/\",\"url\":\"https:\/\/nk7-testes.com.br\/agazeta\/casal-ve-o-mundo-pela-janela-de-uma-kombi\/\",\"name\":\"Casal v\u00ea o mundo pela janela de uma Kombi - Agazeta.net\",\"isPartOf\":{\"@id\":\"https:\/\/nk7-testes.com.br\/agazeta\/#website\"},\"primaryImageOfPage\":{\"@id\":\"https:\/\/nk7-testes.com.br\/agazeta\/casal-ve-o-mundo-pela-janela-de-uma-kombi\/#primaryimage\"},\"image\":{\"@id\":\"https:\/\/nk7-testes.com.br\/agazeta\/casal-ve-o-mundo-pela-janela-de-uma-kombi\/#primaryimage\"},\"thumbnailUrl\":\"https:\/\/nk7-testes.com.br\/agazeta\/wp-content\/uploads\/2016\/12\/161216-cotidiano-casalkombi-tvgazeta.jpg\",\"datePublished\":\"2016-12-16T13:51:03+00:00\",\"author\":{\"@id\":\"https:\/\/nk7-testes.com.br\/agazeta\/#\/schema\/person\/ff6b39d54d6973bfc57f4140f659b23f\"},\"breadcrumb\":{\"@id\":\"https:\/\/nk7-testes.com.br\/agazeta\/casal-ve-o-mundo-pela-janela-de-uma-kombi\/#breadcrumb\"},\"inLanguage\":\"pt-BR\",\"potentialAction\":[{\"@type\":\"ReadAction\",\"target\":[\"https:\/\/nk7-testes.com.br\/agazeta\/casal-ve-o-mundo-pela-janela-de-uma-kombi\/\"]}]},{\"@type\":\"ImageObject\",\"inLanguage\":\"pt-BR\",\"@id\":\"https:\/\/nk7-testes.com.br\/agazeta\/casal-ve-o-mundo-pela-janela-de-uma-kombi\/#primaryimage\",\"url\":\"https:\/\/nk7-testes.com.br\/agazeta\/wp-content\/uploads\/2016\/12\/161216-cotidiano-casalkombi-tvgazeta.jpg\",\"contentUrl\":\"https:\/\/nk7-testes.com.br\/agazeta\/wp-content\/uploads\/2016\/12\/161216-cotidiano-casalkombi-tvgazeta.jpg\",\"width\":458,\"height\":340,\"caption\":\"161216-cotidiano-casalkombi-tvgazeta\"},{\"@type\":\"BreadcrumbList\",\"@id\":\"https:\/\/nk7-testes.com.br\/agazeta\/casal-ve-o-mundo-pela-janela-de-uma-kombi\/#breadcrumb\",\"itemListElement\":[{\"@type\":\"ListItem\",\"position\":1,\"name\":\"In\u00edcio\",\"item\":\"https:\/\/nk7-testes.com.br\/agazeta\/\"},{\"@type\":\"ListItem\",\"position\":2,\"name\":\"Casal v\u00ea o mundo pela janela de uma Kombi\"}]},{\"@type\":\"WebSite\",\"@id\":\"https:\/\/nk7-testes.com.br\/agazeta\/#website\",\"url\":\"https:\/\/nk7-testes.com.br\/agazeta\/\",\"name\":\"Agazeta.net\",\"description\":\"Agazeta.net - Not\u00edcias de Rio Branco\/AC\",\"potentialAction\":[{\"@type\":\"SearchAction\",\"target\":{\"@type\":\"EntryPoint\",\"urlTemplate\":\"https:\/\/nk7-testes.com.br\/agazeta\/?s={search_term_string}\"},\"query-input\":{\"@type\":\"PropertyValueSpecification\",\"valueRequired\":true,\"valueName\":\"search_term_string\"}}],\"inLanguage\":\"pt-BR\"},{\"@type\":\"Person\",\"@id\":\"https:\/\/nk7-testes.com.br\/agazeta\/#\/schema\/person\/ff6b39d54d6973bfc57f4140f659b23f\",\"name\":\"Agazeta.Net\",\"url\":\"https:\/\/nk7-testes.com.br\/agazeta\/author\/agazeta\/\"}]}<\/script>\n<!-- \/ Yoast SEO plugin. -->","yoast_head_json":{"title":"Casal v\u00ea o mundo pela janela de uma Kombi - Agazeta.net","robots":{"index":"index","follow":"follow","max-snippet":"max-snippet:-1","max-image-preview":"max-image-preview:large","max-video-preview":"max-video-preview:-1"},"canonical":"https:\/\/nk7-testes.com.br\/agazeta\/casal-ve-o-mundo-pela-janela-de-uma-kombi\/","og_locale":"pt_BR","og_type":"article","og_title":"Casal v\u00ea o mundo pela janela de uma Kombi - Agazeta.net","og_description":"300 cidades da Am\u00e9rica e muita hist\u00f3ria na bagagem","og_url":"https:\/\/nk7-testes.com.br\/agazeta\/casal-ve-o-mundo-pela-janela-de-uma-kombi\/","og_site_name":"Agazeta.net","article_published_time":"2016-12-16T13:51:03+00:00","og_image":[{"width":458,"height":340,"url":"https:\/\/nk7-testes.com.br\/agazeta\/wp-content\/uploads\/2016\/12\/161216-cotidiano-casalkombi-tvgazeta.jpg","type":"image\/jpeg"}],"author":"Agazeta.Net","twitter_card":"summary_large_image","twitter_misc":{"Escrito por":"Agazeta.Net","Est. tempo de leitura":"3 minutos"},"schema":{"@context":"https:\/\/schema.org","@graph":[{"@type":"WebPage","@id":"https:\/\/nk7-testes.com.br\/agazeta\/casal-ve-o-mundo-pela-janela-de-uma-kombi\/","url":"https:\/\/nk7-testes.com.br\/agazeta\/casal-ve-o-mundo-pela-janela-de-uma-kombi\/","name":"Casal v\u00ea o mundo pela janela de uma Kombi - Agazeta.net","isPartOf":{"@id":"https:\/\/nk7-testes.com.br\/agazeta\/#website"},"primaryImageOfPage":{"@id":"https:\/\/nk7-testes.com.br\/agazeta\/casal-ve-o-mundo-pela-janela-de-uma-kombi\/#primaryimage"},"image":{"@id":"https:\/\/nk7-testes.com.br\/agazeta\/casal-ve-o-mundo-pela-janela-de-uma-kombi\/#primaryimage"},"thumbnailUrl":"https:\/\/nk7-testes.com.br\/agazeta\/wp-content\/uploads\/2016\/12\/161216-cotidiano-casalkombi-tvgazeta.jpg","datePublished":"2016-12-16T13:51:03+00:00","author":{"@id":"https:\/\/nk7-testes.com.br\/agazeta\/#\/schema\/person\/ff6b39d54d6973bfc57f4140f659b23f"},"breadcrumb":{"@id":"https:\/\/nk7-testes.com.br\/agazeta\/casal-ve-o-mundo-pela-janela-de-uma-kombi\/#breadcrumb"},"inLanguage":"pt-BR","potentialAction":[{"@type":"ReadAction","target":["https:\/\/nk7-testes.com.br\/agazeta\/casal-ve-o-mundo-pela-janela-de-uma-kombi\/"]}]},{"@type":"ImageObject","inLanguage":"pt-BR","@id":"https:\/\/nk7-testes.com.br\/agazeta\/casal-ve-o-mundo-pela-janela-de-uma-kombi\/#primaryimage","url":"https:\/\/nk7-testes.com.br\/agazeta\/wp-content\/uploads\/2016\/12\/161216-cotidiano-casalkombi-tvgazeta.jpg","contentUrl":"https:\/\/nk7-testes.com.br\/agazeta\/wp-content\/uploads\/2016\/12\/161216-cotidiano-casalkombi-tvgazeta.jpg","width":458,"height":340,"caption":"161216-cotidiano-casalkombi-tvgazeta"},{"@type":"BreadcrumbList","@id":"https:\/\/nk7-testes.com.br\/agazeta\/casal-ve-o-mundo-pela-janela-de-uma-kombi\/#breadcrumb","itemListElement":[{"@type":"ListItem","position":1,"name":"In\u00edcio","item":"https:\/\/nk7-testes.com.br\/agazeta\/"},{"@type":"ListItem","position":2,"name":"Casal v\u00ea o mundo pela janela de uma Kombi"}]},{"@type":"WebSite","@id":"https:\/\/nk7-testes.com.br\/agazeta\/#website","url":"https:\/\/nk7-testes.com.br\/agazeta\/","name":"Agazeta.net","description":"Agazeta.net - Not\u00edcias de Rio Branco\/AC","potentialAction":[{"@type":"SearchAction","target":{"@type":"EntryPoint","urlTemplate":"https:\/\/nk7-testes.com.br\/agazeta\/?s={search_term_string}"},"query-input":{"@type":"PropertyValueSpecification","valueRequired":true,"valueName":"search_term_string"}}],"inLanguage":"pt-BR"},{"@type":"Person","@id":"https:\/\/nk7-testes.com.br\/agazeta\/#\/schema\/person\/ff6b39d54d6973bfc57f4140f659b23f","name":"Agazeta.Net","url":"https:\/\/nk7-testes.com.br\/agazeta\/author\/agazeta\/"}]}},"_links":{"self":[{"href":"https:\/\/nk7-testes.com.br\/agazeta\/wp-json\/wp\/v2\/posts\/26948","targetHints":{"allow":["GET"]}}],"collection":[{"href":"https:\/\/nk7-testes.com.br\/agazeta\/wp-json\/wp\/v2\/posts"}],"about":[{"href":"https:\/\/nk7-testes.com.br\/agazeta\/wp-json\/wp\/v2\/types\/post"}],"author":[{"embeddable":true,"href":"https:\/\/nk7-testes.com.br\/agazeta\/wp-json\/wp\/v2\/users\/4"}],"replies":[{"embeddable":true,"href":"https:\/\/nk7-testes.com.br\/agazeta\/wp-json\/wp\/v2\/comments?post=26948"}],"version-history":[{"count":0,"href":"https:\/\/nk7-testes.com.br\/agazeta\/wp-json\/wp\/v2\/posts\/26948\/revisions"}],"wp:featuredmedia":[{"embeddable":true,"href":"https:\/\/nk7-testes.com.br\/agazeta\/wp-json\/wp\/v2\/media\/26947"}],"wp:attachment":[{"href":"https:\/\/nk7-testes.com.br\/agazeta\/wp-json\/wp\/v2\/media?parent=26948"}],"wp:term":[{"taxonomy":"category","embeddable":true,"href":"https:\/\/nk7-testes.com.br\/agazeta\/wp-json\/wp\/v2\/categories?post=26948"},{"taxonomy":"post_tag","embeddable":true,"href":"https:\/\/nk7-testes.com.br\/agazeta\/wp-json\/wp\/v2\/tags?post=26948"}],"curies":[{"name":"wp","href":"https:\/\/api.w.org\/{rel}","templated":true}]}}