{"id":26930,"date":"2016-12-15T14:40:15","date_gmt":"2016-12-15T14:40:15","guid":{"rendered":"https:\/\/abarevegan.com.br\/index.php\/2016\/12\/15\/adolescente-acusa-policiais-militares-de-agressao\/"},"modified":"2016-12-15T14:40:15","modified_gmt":"2016-12-15T14:40:15","slug":"adolescente-acusa-policiais-militares-de-agressao","status":"publish","type":"post","link":"https:\/\/nk7-testes.com.br\/agazeta\/adolescente-acusa-policiais-militares-de-agressao\/","title":{"rendered":"Adolescente acusa policiais militares de agress\u00e3o"},"content":{"rendered":"<p style=\"text-align: justify;\">Tapas e chutes no Skate Parque, antes do futebol<\/p>\n<p style=\"text-align: justify;\">O adolescente L.R.D, 17, acusa uma guarni\u00e7\u00e3o da Pol\u00edcia Militar de agress\u00e3o. A suposta viol\u00eancia policial ocorreu, segundo o adolescente, na noite de ter\u00e7a feira, na pista de skate do Parque da Maternidade.<\/p>\n<p style=\"text-align: justify;\">A v\u00edtima, na companhia de amigos, esperava o in\u00edcio de uma partida de futebol, quando foram abordados pelos policiais. Durante a a\u00e7\u00e3o policial, o jovem afirmou que foi agredido diversas vezes pelos militares com chutes e tapas.<\/p>\n<p style=\"text-align: justify;\">Em seguida, foram liberados ap\u00f3s os PM\u2019s n\u00e3o encontrarem nada de ilegal. O adolescente disse que n\u00e3o tem passagem pela pol\u00edcia. Ap\u00f3s a agress\u00e3o foi ao pronto socorro receber atendimento m\u00e9dico.<\/p>\n<p style=\"text-align: justify;\">Acompanhado da m\u00e3e, eles se dirigiram \u00e0 Delegacia de Flagrantes na mesma noite para registrar um boletim de ocorr\u00eancia contra os policiais. Na delegacia, a m\u00e3e foi impedida pelo agente de pol\u00edcia civil de registrar a ocorr\u00eancia sendo orientada a ir \u00e0 Corregedoria da PM no quartel da Pol\u00edcia Militar.<\/p>\n<p style=\"text-align: justify;\">Caso a Corregedoria seja acionada e o corregedor, mediante avalia\u00e7\u00e3o da gravidade do fato entenda que deva ser aberto uma sindic\u00e2ncia ou abertura de inqu\u00e9rito, tem 20 dias para apresentar uma defini\u00e7\u00e3o, com possibilidade de prorrogar por mais 20 dias.<\/p>\n","protected":false},"excerpt":{"rendered":"<p style=\"text-align: justify;\">Tapas e chutes no Skate Parque, antes do futebol<\/p>\n","protected":false},"author":4,"featured_media":26929,"comment_status":"open","ping_status":"open","sticky":false,"template":"","format":"standard","meta":{"jnews-multi-image_gallery":[],"jnews_single_post":[],"jnews_primary_category":[],"jnews_social_meta":[],"jnews_review":[],"enable_review":"","type":"","name":"","summary":"","brand":"","sku":"","good":[],"bad":[],"score_override":"","override_value":"","rating":[],"price":[],"footnotes":""},"categories":[44],"tags":[],"class_list":["post-26930","post","type-post","status-publish","format-standard","has-post-thumbnail","hentry","category-policia"],"yoast_head":"<!-- This site is optimized with the Yoast SEO plugin v26.5 - https:\/\/yoast.com\/wordpress\/plugins\/seo\/ -->\n<title>Adolescente acusa policiais militares de agress\u00e3o - Agazeta.net<\/title>\n<meta name=\"robots\" content=\"index, follow, max-snippet:-1, max-image-preview:large, max-video-preview:-1\" \/>\n<link rel=\"canonical\" href=\"https:\/\/nk7-testes.com.br\/agazeta\/adolescente-acusa-policiais-militares-de-agressao\/\" \/>\n<meta property=\"og:locale\" content=\"pt_BR\" \/>\n<meta property=\"og:type\" content=\"article\" \/>\n<meta property=\"og:title\" content=\"Adolescente acusa policiais militares de agress\u00e3o - Agazeta.net\" \/>\n<meta property=\"og:description\" content=\"Tapas e chutes no Skate Parque, antes do futebol\" \/>\n<meta property=\"og:url\" content=\"https:\/\/nk7-testes.com.br\/agazeta\/adolescente-acusa-policiais-militares-de-agressao\/\" \/>\n<meta property=\"og:site_name\" content=\"Agazeta.net\" \/>\n<meta property=\"article:published_time\" content=\"2016-12-15T14:40:15+00:00\" \/>\n<meta property=\"og:image\" content=\"https:\/\/nk7-testes.com.br\/agazeta\/wp-content\/uploads\/2016\/12\/151216-policia-agressaomenor-cleriston.jpg\" \/>\n\t<meta property=\"og:image:width\" content=\"458\" \/>\n\t<meta property=\"og:image:height\" content=\"340\" \/>\n\t<meta property=\"og:image:type\" content=\"image\/jpeg\" \/>\n<meta name=\"author\" content=\"Agazeta.Net\" \/>\n<meta name=\"twitter:card\" content=\"summary_large_image\" \/>\n<meta name=\"twitter:label1\" content=\"Escrito por\" \/>\n\t<meta name=\"twitter:data1\" content=\"Agazeta.Net\" \/>\n\t<meta name=\"twitter:label2\" content=\"Est. tempo de leitura\" \/>\n\t<meta name=\"twitter:data2\" content=\"1 minuto\" \/>\n<script type=\"application\/ld+json\" class=\"yoast-schema-graph\">{\"@context\":\"https:\/\/schema.org\",\"@graph\":[{\"@type\":\"WebPage\",\"@id\":\"https:\/\/nk7-testes.com.br\/agazeta\/adolescente-acusa-policiais-militares-de-agressao\/\",\"url\":\"https:\/\/nk7-testes.com.br\/agazeta\/adolescente-acusa-policiais-militares-de-agressao\/\",\"name\":\"Adolescente acusa policiais militares de agress\u00e3o - Agazeta.net\",\"isPartOf\":{\"@id\":\"https:\/\/nk7-testes.com.br\/agazeta\/#website\"},\"primaryImageOfPage\":{\"@id\":\"https:\/\/nk7-testes.com.br\/agazeta\/adolescente-acusa-policiais-militares-de-agressao\/#primaryimage\"},\"image\":{\"@id\":\"https:\/\/nk7-testes.com.br\/agazeta\/adolescente-acusa-policiais-militares-de-agressao\/#primaryimage\"},\"thumbnailUrl\":\"https:\/\/nk7-testes.com.br\/agazeta\/wp-content\/uploads\/2016\/12\/151216-policia-agressaomenor-cleriston.jpg\",\"datePublished\":\"2016-12-15T14:40:15+00:00\",\"author\":{\"@id\":\"https:\/\/nk7-testes.com.br\/agazeta\/#\/schema\/person\/ff6b39d54d6973bfc57f4140f659b23f\"},\"breadcrumb\":{\"@id\":\"https:\/\/nk7-testes.com.br\/agazeta\/adolescente-acusa-policiais-militares-de-agressao\/#breadcrumb\"},\"inLanguage\":\"pt-BR\",\"potentialAction\":[{\"@type\":\"ReadAction\",\"target\":[\"https:\/\/nk7-testes.com.br\/agazeta\/adolescente-acusa-policiais-militares-de-agressao\/\"]}]},{\"@type\":\"ImageObject\",\"inLanguage\":\"pt-BR\",\"@id\":\"https:\/\/nk7-testes.com.br\/agazeta\/adolescente-acusa-policiais-militares-de-agressao\/#primaryimage\",\"url\":\"https:\/\/nk7-testes.com.br\/agazeta\/wp-content\/uploads\/2016\/12\/151216-policia-agressaomenor-cleriston.jpg\",\"contentUrl\":\"https:\/\/nk7-testes.com.br\/agazeta\/wp-content\/uploads\/2016\/12\/151216-policia-agressaomenor-cleriston.jpg\",\"width\":458,\"height\":340,\"caption\":\"151216-policia-agressaomenor-cleriston\"},{\"@type\":\"BreadcrumbList\",\"@id\":\"https:\/\/nk7-testes.com.br\/agazeta\/adolescente-acusa-policiais-militares-de-agressao\/#breadcrumb\",\"itemListElement\":[{\"@type\":\"ListItem\",\"position\":1,\"name\":\"In\u00edcio\",\"item\":\"https:\/\/nk7-testes.com.br\/agazeta\/\"},{\"@type\":\"ListItem\",\"position\":2,\"name\":\"Adolescente acusa policiais militares de agress\u00e3o\"}]},{\"@type\":\"WebSite\",\"@id\":\"https:\/\/nk7-testes.com.br\/agazeta\/#website\",\"url\":\"https:\/\/nk7-testes.com.br\/agazeta\/\",\"name\":\"Agazeta.net\",\"description\":\"Agazeta.net - Not\u00edcias de Rio Branco\/AC\",\"potentialAction\":[{\"@type\":\"SearchAction\",\"target\":{\"@type\":\"EntryPoint\",\"urlTemplate\":\"https:\/\/nk7-testes.com.br\/agazeta\/?s={search_term_string}\"},\"query-input\":{\"@type\":\"PropertyValueSpecification\",\"valueRequired\":true,\"valueName\":\"search_term_string\"}}],\"inLanguage\":\"pt-BR\"},{\"@type\":\"Person\",\"@id\":\"https:\/\/nk7-testes.com.br\/agazeta\/#\/schema\/person\/ff6b39d54d6973bfc57f4140f659b23f\",\"name\":\"Agazeta.Net\",\"url\":\"https:\/\/nk7-testes.com.br\/agazeta\/author\/agazeta\/\"}]}<\/script>\n<!-- \/ Yoast SEO plugin. -->","yoast_head_json":{"title":"Adolescente acusa policiais militares de agress\u00e3o - Agazeta.net","robots":{"index":"index","follow":"follow","max-snippet":"max-snippet:-1","max-image-preview":"max-image-preview:large","max-video-preview":"max-video-preview:-1"},"canonical":"https:\/\/nk7-testes.com.br\/agazeta\/adolescente-acusa-policiais-militares-de-agressao\/","og_locale":"pt_BR","og_type":"article","og_title":"Adolescente acusa policiais militares de agress\u00e3o - Agazeta.net","og_description":"Tapas e chutes no Skate Parque, antes do futebol","og_url":"https:\/\/nk7-testes.com.br\/agazeta\/adolescente-acusa-policiais-militares-de-agressao\/","og_site_name":"Agazeta.net","article_published_time":"2016-12-15T14:40:15+00:00","og_image":[{"width":458,"height":340,"url":"https:\/\/nk7-testes.com.br\/agazeta\/wp-content\/uploads\/2016\/12\/151216-policia-agressaomenor-cleriston.jpg","type":"image\/jpeg"}],"author":"Agazeta.Net","twitter_card":"summary_large_image","twitter_misc":{"Escrito por":"Agazeta.Net","Est. tempo de leitura":"1 minuto"},"schema":{"@context":"https:\/\/schema.org","@graph":[{"@type":"WebPage","@id":"https:\/\/nk7-testes.com.br\/agazeta\/adolescente-acusa-policiais-militares-de-agressao\/","url":"https:\/\/nk7-testes.com.br\/agazeta\/adolescente-acusa-policiais-militares-de-agressao\/","name":"Adolescente acusa policiais militares de agress\u00e3o - Agazeta.net","isPartOf":{"@id":"https:\/\/nk7-testes.com.br\/agazeta\/#website"},"primaryImageOfPage":{"@id":"https:\/\/nk7-testes.com.br\/agazeta\/adolescente-acusa-policiais-militares-de-agressao\/#primaryimage"},"image":{"@id":"https:\/\/nk7-testes.com.br\/agazeta\/adolescente-acusa-policiais-militares-de-agressao\/#primaryimage"},"thumbnailUrl":"https:\/\/nk7-testes.com.br\/agazeta\/wp-content\/uploads\/2016\/12\/151216-policia-agressaomenor-cleriston.jpg","datePublished":"2016-12-15T14:40:15+00:00","author":{"@id":"https:\/\/nk7-testes.com.br\/agazeta\/#\/schema\/person\/ff6b39d54d6973bfc57f4140f659b23f"},"breadcrumb":{"@id":"https:\/\/nk7-testes.com.br\/agazeta\/adolescente-acusa-policiais-militares-de-agressao\/#breadcrumb"},"inLanguage":"pt-BR","potentialAction":[{"@type":"ReadAction","target":["https:\/\/nk7-testes.com.br\/agazeta\/adolescente-acusa-policiais-militares-de-agressao\/"]}]},{"@type":"ImageObject","inLanguage":"pt-BR","@id":"https:\/\/nk7-testes.com.br\/agazeta\/adolescente-acusa-policiais-militares-de-agressao\/#primaryimage","url":"https:\/\/nk7-testes.com.br\/agazeta\/wp-content\/uploads\/2016\/12\/151216-policia-agressaomenor-cleriston.jpg","contentUrl":"https:\/\/nk7-testes.com.br\/agazeta\/wp-content\/uploads\/2016\/12\/151216-policia-agressaomenor-cleriston.jpg","width":458,"height":340,"caption":"151216-policia-agressaomenor-cleriston"},{"@type":"BreadcrumbList","@id":"https:\/\/nk7-testes.com.br\/agazeta\/adolescente-acusa-policiais-militares-de-agressao\/#breadcrumb","itemListElement":[{"@type":"ListItem","position":1,"name":"In\u00edcio","item":"https:\/\/nk7-testes.com.br\/agazeta\/"},{"@type":"ListItem","position":2,"name":"Adolescente acusa policiais militares de agress\u00e3o"}]},{"@type":"WebSite","@id":"https:\/\/nk7-testes.com.br\/agazeta\/#website","url":"https:\/\/nk7-testes.com.br\/agazeta\/","name":"Agazeta.net","description":"Agazeta.net - Not\u00edcias de Rio Branco\/AC","potentialAction":[{"@type":"SearchAction","target":{"@type":"EntryPoint","urlTemplate":"https:\/\/nk7-testes.com.br\/agazeta\/?s={search_term_string}"},"query-input":{"@type":"PropertyValueSpecification","valueRequired":true,"valueName":"search_term_string"}}],"inLanguage":"pt-BR"},{"@type":"Person","@id":"https:\/\/nk7-testes.com.br\/agazeta\/#\/schema\/person\/ff6b39d54d6973bfc57f4140f659b23f","name":"Agazeta.Net","url":"https:\/\/nk7-testes.com.br\/agazeta\/author\/agazeta\/"}]}},"_links":{"self":[{"href":"https:\/\/nk7-testes.com.br\/agazeta\/wp-json\/wp\/v2\/posts\/26930","targetHints":{"allow":["GET"]}}],"collection":[{"href":"https:\/\/nk7-testes.com.br\/agazeta\/wp-json\/wp\/v2\/posts"}],"about":[{"href":"https:\/\/nk7-testes.com.br\/agazeta\/wp-json\/wp\/v2\/types\/post"}],"author":[{"embeddable":true,"href":"https:\/\/nk7-testes.com.br\/agazeta\/wp-json\/wp\/v2\/users\/4"}],"replies":[{"embeddable":true,"href":"https:\/\/nk7-testes.com.br\/agazeta\/wp-json\/wp\/v2\/comments?post=26930"}],"version-history":[{"count":0,"href":"https:\/\/nk7-testes.com.br\/agazeta\/wp-json\/wp\/v2\/posts\/26930\/revisions"}],"wp:featuredmedia":[{"embeddable":true,"href":"https:\/\/nk7-testes.com.br\/agazeta\/wp-json\/wp\/v2\/media\/26929"}],"wp:attachment":[{"href":"https:\/\/nk7-testes.com.br\/agazeta\/wp-json\/wp\/v2\/media?parent=26930"}],"wp:term":[{"taxonomy":"category","embeddable":true,"href":"https:\/\/nk7-testes.com.br\/agazeta\/wp-json\/wp\/v2\/categories?post=26930"},{"taxonomy":"post_tag","embeddable":true,"href":"https:\/\/nk7-testes.com.br\/agazeta\/wp-json\/wp\/v2\/tags?post=26930"}],"curies":[{"name":"wp","href":"https:\/\/api.w.org\/{rel}","templated":true}]}}