{"id":26916,"date":"2016-12-14T16:01:25","date_gmt":"2016-12-14T16:01:25","guid":{"rendered":"https:\/\/abarevegan.com.br\/index.php\/2016\/12\/14\/quase-metade-dos-homicidios-no-acre-envolve-jovens\/"},"modified":"2016-12-14T16:01:25","modified_gmt":"2016-12-14T16:01:25","slug":"quase-metade-dos-homicidios-no-acre-envolve-jovens","status":"publish","type":"post","link":"https:\/\/nk7-testes.com.br\/agazeta\/quase-metade-dos-homicidios-no-acre-envolve-jovens\/","title":{"rendered":"Quase metade dos homic\u00eddios no Acre envolve jovens"},"content":{"rendered":"<p style=\"text-align: justify;\">Sexo masculino forma maioria das v\u00edtimas<\/p>\n<p style=\"text-align: justify;\">A juventude do Acre est\u00e1 se matando. Dados da Secretaria de Estado de Seguran\u00e7a P\u00fablica mostram que entre os jovens de 18 e 29 anos (crit\u00e9rio de \u201cjovem\u201d para o IBGE), morreram assassinados, 119 de janeiro a novembro deste ano.<\/p>\n<p style=\"text-align: justify;\">\u201cIsso corresponde a 44 por cento de todos os homic\u00eddios ocorridos no Acre nesse per\u00edodo de janeiro a novembro\u201d, constata o diretor de Planejamento e Gest\u00e3o Estrat\u00e9gica da Secretaria de Estado de Seguran\u00e7a P\u00fablica, Renan Biths. \u201cEstamos nos deparando com esse fen\u00f4meno essse ano\u201d.<\/p>\n<p style=\"text-align: justify;\">O quadro se agrava mais quando se soma a situa\u00e7\u00e3o dos adolescentes envolvidos com o crime. De janeiro a novembro, a Secretaria de Estado de Seguran\u00e7a P\u00fablica contabiliza 30 assassinatos: 26 meninos e 4 meninas.<\/p>\n<p style=\"text-align: justify;\">Uma diferen\u00e7a de metodologia \u00e9 preciso ser feita entre o que \u00e9 usado pela Secretaria de Estado de Seguran\u00e7a P\u00fablica e o IBGE. O instituto usa como crit\u00e9rio para quantificar \u201cjuventude\u201d o registro civil, enquanto o Governo do Acre utiliza o inqu\u00e9rito policial para a formula\u00e7\u00e3o de dados de jovens envolvidos com o crime.<\/p>\n<p style=\"text-align: justify;\">Semana passada, o IBGE divulgou dados em que mostra redu\u00e7\u00e3o do n\u00famero de mortes entre jovens no Acre. A redu\u00e7\u00e3o foi apontada em 37%, enquanto no amazonas houve aumento de 73%. Os dados referem-se a 2015.<\/p>\n<p style=\"text-align: justify;\">Em rela\u00e7\u00e3o \u00e0 execu\u00e7\u00e3o de pol\u00edticas p\u00fablicas transversais entre a Secretaria de Estado de Seguran\u00e7a P\u00fablica e a Assessoria Especial da Juventude, s\u00e3o dois programas executados: <em>Comunidade Segura<\/em> e o <em>Express\u00e3o Jovem<\/em>. O primeiro \u00e9 um programa mais pontual e atua em locais onde h\u00e1 alta incid\u00eancia de criminalidade; o segundo atua de forma mais estruturante e preventiva. Cruzeiro do Sul tamb\u00e9m \u00e9 uma cidade onde h\u00e1 atua\u00e7\u00e3o dos programas da assessoria de Juventude.<\/p>\n","protected":false},"excerpt":{"rendered":"<p style=\"text-align: justify;\">Sexo masculino forma maioria das v\u00edtimas<\/p>\n","protected":false},"author":4,"featured_media":26915,"comment_status":"open","ping_status":"open","sticky":false,"template":"","format":"standard","meta":{"jnews-multi-image_gallery":[],"jnews_single_post":[],"jnews_primary_category":[],"jnews_social_meta":[],"jnews_review":[],"enable_review":"","type":"","name":"","summary":"","brand":"","sku":"","good":[],"bad":[],"score_override":"","override_value":"","rating":[],"price":[],"footnotes":""},"categories":[44],"tags":[],"class_list":["post-26916","post","type-post","status-publish","format-standard","has-post-thumbnail","hentry","category-policia"],"yoast_head":"<!-- This site is optimized with the Yoast SEO plugin v26.5 - https:\/\/yoast.com\/wordpress\/plugins\/seo\/ -->\n<title>Quase metade dos homic\u00eddios no Acre envolve jovens - Agazeta.net<\/title>\n<meta name=\"robots\" content=\"index, follow, max-snippet:-1, max-image-preview:large, max-video-preview:-1\" \/>\n<link rel=\"canonical\" href=\"https:\/\/nk7-testes.com.br\/agazeta\/quase-metade-dos-homicidios-no-acre-envolve-jovens\/\" \/>\n<meta property=\"og:locale\" content=\"pt_BR\" \/>\n<meta property=\"og:type\" content=\"article\" \/>\n<meta property=\"og:title\" content=\"Quase metade dos homic\u00eddios no Acre envolve jovens - Agazeta.net\" \/>\n<meta property=\"og:description\" content=\"Sexo masculino forma maioria das v\u00edtimas\" \/>\n<meta property=\"og:url\" content=\"https:\/\/nk7-testes.com.br\/agazeta\/quase-metade-dos-homicidios-no-acre-envolve-jovens\/\" \/>\n<meta property=\"og:site_name\" content=\"Agazeta.net\" \/>\n<meta property=\"article:published_time\" content=\"2016-12-14T16:01:25+00:00\" \/>\n<meta property=\"og:image\" content=\"https:\/\/nk7-testes.com.br\/agazeta\/wp-content\/uploads\/2016\/12\/141216-policia-jovenssematando-cleriston.jpg\" \/>\n\t<meta property=\"og:image:width\" content=\"458\" \/>\n\t<meta property=\"og:image:height\" content=\"340\" \/>\n\t<meta property=\"og:image:type\" content=\"image\/jpeg\" \/>\n<meta name=\"author\" content=\"Agazeta.Net\" \/>\n<meta name=\"twitter:card\" content=\"summary_large_image\" \/>\n<meta name=\"twitter:label1\" content=\"Escrito por\" \/>\n\t<meta name=\"twitter:data1\" content=\"Agazeta.Net\" \/>\n\t<meta name=\"twitter:label2\" content=\"Est. tempo de leitura\" \/>\n\t<meta name=\"twitter:data2\" content=\"2 minutos\" \/>\n<script type=\"application\/ld+json\" class=\"yoast-schema-graph\">{\"@context\":\"https:\/\/schema.org\",\"@graph\":[{\"@type\":\"WebPage\",\"@id\":\"https:\/\/nk7-testes.com.br\/agazeta\/quase-metade-dos-homicidios-no-acre-envolve-jovens\/\",\"url\":\"https:\/\/nk7-testes.com.br\/agazeta\/quase-metade-dos-homicidios-no-acre-envolve-jovens\/\",\"name\":\"Quase metade dos homic\u00eddios no Acre envolve jovens - Agazeta.net\",\"isPartOf\":{\"@id\":\"https:\/\/nk7-testes.com.br\/agazeta\/#website\"},\"primaryImageOfPage\":{\"@id\":\"https:\/\/nk7-testes.com.br\/agazeta\/quase-metade-dos-homicidios-no-acre-envolve-jovens\/#primaryimage\"},\"image\":{\"@id\":\"https:\/\/nk7-testes.com.br\/agazeta\/quase-metade-dos-homicidios-no-acre-envolve-jovens\/#primaryimage\"},\"thumbnailUrl\":\"https:\/\/nk7-testes.com.br\/agazeta\/wp-content\/uploads\/2016\/12\/141216-policia-jovenssematando-cleriston.jpg\",\"datePublished\":\"2016-12-14T16:01:25+00:00\",\"author\":{\"@id\":\"https:\/\/nk7-testes.com.br\/agazeta\/#\/schema\/person\/ff6b39d54d6973bfc57f4140f659b23f\"},\"breadcrumb\":{\"@id\":\"https:\/\/nk7-testes.com.br\/agazeta\/quase-metade-dos-homicidios-no-acre-envolve-jovens\/#breadcrumb\"},\"inLanguage\":\"pt-BR\",\"potentialAction\":[{\"@type\":\"ReadAction\",\"target\":[\"https:\/\/nk7-testes.com.br\/agazeta\/quase-metade-dos-homicidios-no-acre-envolve-jovens\/\"]}]},{\"@type\":\"ImageObject\",\"inLanguage\":\"pt-BR\",\"@id\":\"https:\/\/nk7-testes.com.br\/agazeta\/quase-metade-dos-homicidios-no-acre-envolve-jovens\/#primaryimage\",\"url\":\"https:\/\/nk7-testes.com.br\/agazeta\/wp-content\/uploads\/2016\/12\/141216-policia-jovenssematando-cleriston.jpg\",\"contentUrl\":\"https:\/\/nk7-testes.com.br\/agazeta\/wp-content\/uploads\/2016\/12\/141216-policia-jovenssematando-cleriston.jpg\",\"width\":458,\"height\":340,\"caption\":\"141216-policia-jovenssematando-cleriston\"},{\"@type\":\"BreadcrumbList\",\"@id\":\"https:\/\/nk7-testes.com.br\/agazeta\/quase-metade-dos-homicidios-no-acre-envolve-jovens\/#breadcrumb\",\"itemListElement\":[{\"@type\":\"ListItem\",\"position\":1,\"name\":\"In\u00edcio\",\"item\":\"https:\/\/nk7-testes.com.br\/agazeta\/\"},{\"@type\":\"ListItem\",\"position\":2,\"name\":\"Quase metade dos homic\u00eddios no Acre envolve jovens\"}]},{\"@type\":\"WebSite\",\"@id\":\"https:\/\/nk7-testes.com.br\/agazeta\/#website\",\"url\":\"https:\/\/nk7-testes.com.br\/agazeta\/\",\"name\":\"Agazeta.net\",\"description\":\"Agazeta.net - Not\u00edcias de Rio Branco\/AC\",\"potentialAction\":[{\"@type\":\"SearchAction\",\"target\":{\"@type\":\"EntryPoint\",\"urlTemplate\":\"https:\/\/nk7-testes.com.br\/agazeta\/?s={search_term_string}\"},\"query-input\":{\"@type\":\"PropertyValueSpecification\",\"valueRequired\":true,\"valueName\":\"search_term_string\"}}],\"inLanguage\":\"pt-BR\"},{\"@type\":\"Person\",\"@id\":\"https:\/\/nk7-testes.com.br\/agazeta\/#\/schema\/person\/ff6b39d54d6973bfc57f4140f659b23f\",\"name\":\"Agazeta.Net\",\"url\":\"https:\/\/nk7-testes.com.br\/agazeta\/author\/agazeta\/\"}]}<\/script>\n<!-- \/ Yoast SEO plugin. -->","yoast_head_json":{"title":"Quase metade dos homic\u00eddios no Acre envolve jovens - Agazeta.net","robots":{"index":"index","follow":"follow","max-snippet":"max-snippet:-1","max-image-preview":"max-image-preview:large","max-video-preview":"max-video-preview:-1"},"canonical":"https:\/\/nk7-testes.com.br\/agazeta\/quase-metade-dos-homicidios-no-acre-envolve-jovens\/","og_locale":"pt_BR","og_type":"article","og_title":"Quase metade dos homic\u00eddios no Acre envolve jovens - Agazeta.net","og_description":"Sexo masculino forma maioria das v\u00edtimas","og_url":"https:\/\/nk7-testes.com.br\/agazeta\/quase-metade-dos-homicidios-no-acre-envolve-jovens\/","og_site_name":"Agazeta.net","article_published_time":"2016-12-14T16:01:25+00:00","og_image":[{"width":458,"height":340,"url":"https:\/\/nk7-testes.com.br\/agazeta\/wp-content\/uploads\/2016\/12\/141216-policia-jovenssematando-cleriston.jpg","type":"image\/jpeg"}],"author":"Agazeta.Net","twitter_card":"summary_large_image","twitter_misc":{"Escrito por":"Agazeta.Net","Est. tempo de leitura":"2 minutos"},"schema":{"@context":"https:\/\/schema.org","@graph":[{"@type":"WebPage","@id":"https:\/\/nk7-testes.com.br\/agazeta\/quase-metade-dos-homicidios-no-acre-envolve-jovens\/","url":"https:\/\/nk7-testes.com.br\/agazeta\/quase-metade-dos-homicidios-no-acre-envolve-jovens\/","name":"Quase metade dos homic\u00eddios no Acre envolve jovens - Agazeta.net","isPartOf":{"@id":"https:\/\/nk7-testes.com.br\/agazeta\/#website"},"primaryImageOfPage":{"@id":"https:\/\/nk7-testes.com.br\/agazeta\/quase-metade-dos-homicidios-no-acre-envolve-jovens\/#primaryimage"},"image":{"@id":"https:\/\/nk7-testes.com.br\/agazeta\/quase-metade-dos-homicidios-no-acre-envolve-jovens\/#primaryimage"},"thumbnailUrl":"https:\/\/nk7-testes.com.br\/agazeta\/wp-content\/uploads\/2016\/12\/141216-policia-jovenssematando-cleriston.jpg","datePublished":"2016-12-14T16:01:25+00:00","author":{"@id":"https:\/\/nk7-testes.com.br\/agazeta\/#\/schema\/person\/ff6b39d54d6973bfc57f4140f659b23f"},"breadcrumb":{"@id":"https:\/\/nk7-testes.com.br\/agazeta\/quase-metade-dos-homicidios-no-acre-envolve-jovens\/#breadcrumb"},"inLanguage":"pt-BR","potentialAction":[{"@type":"ReadAction","target":["https:\/\/nk7-testes.com.br\/agazeta\/quase-metade-dos-homicidios-no-acre-envolve-jovens\/"]}]},{"@type":"ImageObject","inLanguage":"pt-BR","@id":"https:\/\/nk7-testes.com.br\/agazeta\/quase-metade-dos-homicidios-no-acre-envolve-jovens\/#primaryimage","url":"https:\/\/nk7-testes.com.br\/agazeta\/wp-content\/uploads\/2016\/12\/141216-policia-jovenssematando-cleriston.jpg","contentUrl":"https:\/\/nk7-testes.com.br\/agazeta\/wp-content\/uploads\/2016\/12\/141216-policia-jovenssematando-cleriston.jpg","width":458,"height":340,"caption":"141216-policia-jovenssematando-cleriston"},{"@type":"BreadcrumbList","@id":"https:\/\/nk7-testes.com.br\/agazeta\/quase-metade-dos-homicidios-no-acre-envolve-jovens\/#breadcrumb","itemListElement":[{"@type":"ListItem","position":1,"name":"In\u00edcio","item":"https:\/\/nk7-testes.com.br\/agazeta\/"},{"@type":"ListItem","position":2,"name":"Quase metade dos homic\u00eddios no Acre envolve jovens"}]},{"@type":"WebSite","@id":"https:\/\/nk7-testes.com.br\/agazeta\/#website","url":"https:\/\/nk7-testes.com.br\/agazeta\/","name":"Agazeta.net","description":"Agazeta.net - Not\u00edcias de Rio Branco\/AC","potentialAction":[{"@type":"SearchAction","target":{"@type":"EntryPoint","urlTemplate":"https:\/\/nk7-testes.com.br\/agazeta\/?s={search_term_string}"},"query-input":{"@type":"PropertyValueSpecification","valueRequired":true,"valueName":"search_term_string"}}],"inLanguage":"pt-BR"},{"@type":"Person","@id":"https:\/\/nk7-testes.com.br\/agazeta\/#\/schema\/person\/ff6b39d54d6973bfc57f4140f659b23f","name":"Agazeta.Net","url":"https:\/\/nk7-testes.com.br\/agazeta\/author\/agazeta\/"}]}},"_links":{"self":[{"href":"https:\/\/nk7-testes.com.br\/agazeta\/wp-json\/wp\/v2\/posts\/26916","targetHints":{"allow":["GET"]}}],"collection":[{"href":"https:\/\/nk7-testes.com.br\/agazeta\/wp-json\/wp\/v2\/posts"}],"about":[{"href":"https:\/\/nk7-testes.com.br\/agazeta\/wp-json\/wp\/v2\/types\/post"}],"author":[{"embeddable":true,"href":"https:\/\/nk7-testes.com.br\/agazeta\/wp-json\/wp\/v2\/users\/4"}],"replies":[{"embeddable":true,"href":"https:\/\/nk7-testes.com.br\/agazeta\/wp-json\/wp\/v2\/comments?post=26916"}],"version-history":[{"count":0,"href":"https:\/\/nk7-testes.com.br\/agazeta\/wp-json\/wp\/v2\/posts\/26916\/revisions"}],"wp:featuredmedia":[{"embeddable":true,"href":"https:\/\/nk7-testes.com.br\/agazeta\/wp-json\/wp\/v2\/media\/26915"}],"wp:attachment":[{"href":"https:\/\/nk7-testes.com.br\/agazeta\/wp-json\/wp\/v2\/media?parent=26916"}],"wp:term":[{"taxonomy":"category","embeddable":true,"href":"https:\/\/nk7-testes.com.br\/agazeta\/wp-json\/wp\/v2\/categories?post=26916"},{"taxonomy":"post_tag","embeddable":true,"href":"https:\/\/nk7-testes.com.br\/agazeta\/wp-json\/wp\/v2\/tags?post=26916"}],"curies":[{"name":"wp","href":"https:\/\/api.w.org\/{rel}","templated":true}]}}