{"id":26896,"date":"2016-12-13T17:52:05","date_gmt":"2016-12-13T17:52:05","guid":{"rendered":"https:\/\/abarevegan.com.br\/index.php\/2016\/12\/13\/enem-2016-e-aplicado-as-pessoas-privadas-de-liberdade-no-pais\/"},"modified":"2016-12-13T17:52:05","modified_gmt":"2016-12-13T17:52:05","slug":"enem-2016-e-aplicado-as-pessoas-privadas-de-liberdade-no-pais","status":"publish","type":"post","link":"https:\/\/nk7-testes.com.br\/agazeta\/enem-2016-e-aplicado-as-pessoas-privadas-de-liberdade-no-pais\/","title":{"rendered":"Enem 2016 \u00e9 aplicado \u00e0s pessoas privadas de liberdade no pa\u00eds"},"content":{"rendered":"<p style=\"text-align: justify;\">Iapen \u00e9 respons\u00e1vel pela aplica\u00e7\u00e3o da prova no Acre<\/p>\n<p style=\"text-align: justify;\">Come\u00e7ou a ser realizado hoje (13) o Exame Nacional do Ensino M\u00e9dio (Enem) 2016 para as pessoas privadas de liberdade. A prova ser\u00e1 aplicada nesta ter\u00e7a e quarta em todos os pres\u00eddios do pa\u00eds.&nbsp;Segundo o Instituto Penitenci\u00e1rio do Are (Iapen), 396 presos realizam a prova.<\/p>\n<p style=\"text-align: justify;\">Para que a aplica\u00e7\u00e3o do Enem 2016 fosse poss\u00edvel, a seguran\u00e7a nos pres\u00eddios foi refor\u00e7ada, planejamento que, segundo o diretor presidente do Iapen, Martin Hessel, vem sendo feito h\u00e1 alguns meses. \u201cA gente vem h\u00e1 mais de um m\u00eas se preparando para poder ocorrer \u00e0 realiza\u00e7\u00e3o dessa prova de maneira normal. Houve refor\u00e7o da seguran\u00e7a e estamos tamb\u00e9m atentando a legisla\u00e7\u00e3o de execu\u00e7\u00e3o penal no que tange oportunizar os reeduncandos a quest\u00e3o de ensino dentro dos pres\u00eddios do Acre\u201d.<\/p>\n<p style=\"text-align: justify;\">Hessel garantiu ainda que os presos do estado tem acesso \u00e0 educa\u00e7\u00e3o. \u201cAqui em Rio Branco a gente tem sim, por exemplo, ambiente escola mesmo. Salas de aula, espa\u00e7o para leitura e todo esse espa\u00e7o hoje est\u00e1 sendo usado pra que os educandos possam fazer suas provas.\u201d<\/p>\n<p style=\"text-align: justify;\">De acordo com o Instituto Nacional de Estudos e Pesquisas Educacionais An\u00edsio Teixeira (Inep), institui\u00e7\u00e3o respons\u00e1vel pelo exame, o Enem obteve 54.358 inscritos de unidades prisionais e socioeducativas. Destes, 78% buscam a certifica\u00e7\u00e3o do Ensino M\u00e9dio. Para isso, eles devem obter pelo menos 450 pontos em cada uma das \u00e1reas de conhecimento das provas e nota acima de 500 pontos na reda\u00e7\u00e3o.<\/p>\n","protected":false},"excerpt":{"rendered":"<p style=\"text-align: justify;\">Iapen \u00e9 respons\u00e1vel pela aplica\u00e7\u00e3o da prova no Acre<\/p>\n","protected":false},"author":4,"featured_media":26895,"comment_status":"open","ping_status":"open","sticky":false,"template":"","format":"standard","meta":{"jnews-multi-image_gallery":[],"jnews_single_post":[],"jnews_primary_category":[],"jnews_social_meta":[],"jnews_review":[],"enable_review":"","type":"","name":"","summary":"","brand":"","sku":"","good":[],"bad":[],"score_override":"","override_value":"","rating":[],"price":[],"footnotes":""},"categories":[54],"tags":[],"class_list":["post-26896","post","type-post","status-publish","format-standard","has-post-thumbnail","hentry","category-cotidiano"],"yoast_head":"<!-- This site is optimized with the Yoast SEO plugin v26.5 - https:\/\/yoast.com\/wordpress\/plugins\/seo\/ -->\n<title>Enem 2016 \u00e9 aplicado \u00e0s pessoas privadas de liberdade no pa\u00eds - Agazeta.net<\/title>\n<meta name=\"robots\" content=\"index, follow, max-snippet:-1, max-image-preview:large, max-video-preview:-1\" \/>\n<link rel=\"canonical\" href=\"https:\/\/nk7-testes.com.br\/agazeta\/enem-2016-e-aplicado-as-pessoas-privadas-de-liberdade-no-pais\/\" \/>\n<meta property=\"og:locale\" content=\"pt_BR\" \/>\n<meta property=\"og:type\" content=\"article\" \/>\n<meta property=\"og:title\" content=\"Enem 2016 \u00e9 aplicado \u00e0s pessoas privadas de liberdade no pa\u00eds - Agazeta.net\" \/>\n<meta property=\"og:description\" content=\"Iapen \u00e9 respons\u00e1vel pela aplica\u00e7\u00e3o da prova no Acre\" \/>\n<meta property=\"og:url\" content=\"https:\/\/nk7-testes.com.br\/agazeta\/enem-2016-e-aplicado-as-pessoas-privadas-de-liberdade-no-pais\/\" \/>\n<meta property=\"og:site_name\" content=\"Agazeta.net\" \/>\n<meta property=\"article:published_time\" content=\"2016-12-13T17:52:05+00:00\" \/>\n<meta property=\"og:image\" content=\"https:\/\/nk7-testes.com.br\/agazeta\/wp-content\/uploads\/2016\/12\/131216-policia-prova-enem.jpg\" \/>\n\t<meta property=\"og:image:width\" content=\"458\" \/>\n\t<meta property=\"og:image:height\" content=\"340\" \/>\n\t<meta property=\"og:image:type\" content=\"image\/jpeg\" \/>\n<meta name=\"author\" content=\"Agazeta.Net\" \/>\n<meta name=\"twitter:card\" content=\"summary_large_image\" \/>\n<meta name=\"twitter:label1\" content=\"Escrito por\" \/>\n\t<meta name=\"twitter:data1\" content=\"Agazeta.Net\" \/>\n\t<meta name=\"twitter:label2\" content=\"Est. tempo de leitura\" \/>\n\t<meta name=\"twitter:data2\" content=\"1 minuto\" \/>\n<script type=\"application\/ld+json\" class=\"yoast-schema-graph\">{\"@context\":\"https:\/\/schema.org\",\"@graph\":[{\"@type\":\"WebPage\",\"@id\":\"https:\/\/nk7-testes.com.br\/agazeta\/enem-2016-e-aplicado-as-pessoas-privadas-de-liberdade-no-pais\/\",\"url\":\"https:\/\/nk7-testes.com.br\/agazeta\/enem-2016-e-aplicado-as-pessoas-privadas-de-liberdade-no-pais\/\",\"name\":\"Enem 2016 \u00e9 aplicado \u00e0s pessoas privadas de liberdade no pa\u00eds - Agazeta.net\",\"isPartOf\":{\"@id\":\"https:\/\/nk7-testes.com.br\/agazeta\/#website\"},\"primaryImageOfPage\":{\"@id\":\"https:\/\/nk7-testes.com.br\/agazeta\/enem-2016-e-aplicado-as-pessoas-privadas-de-liberdade-no-pais\/#primaryimage\"},\"image\":{\"@id\":\"https:\/\/nk7-testes.com.br\/agazeta\/enem-2016-e-aplicado-as-pessoas-privadas-de-liberdade-no-pais\/#primaryimage\"},\"thumbnailUrl\":\"https:\/\/nk7-testes.com.br\/agazeta\/wp-content\/uploads\/2016\/12\/131216-policia-prova-enem.jpg\",\"datePublished\":\"2016-12-13T17:52:05+00:00\",\"author\":{\"@id\":\"https:\/\/nk7-testes.com.br\/agazeta\/#\/schema\/person\/ff6b39d54d6973bfc57f4140f659b23f\"},\"breadcrumb\":{\"@id\":\"https:\/\/nk7-testes.com.br\/agazeta\/enem-2016-e-aplicado-as-pessoas-privadas-de-liberdade-no-pais\/#breadcrumb\"},\"inLanguage\":\"pt-BR\",\"potentialAction\":[{\"@type\":\"ReadAction\",\"target\":[\"https:\/\/nk7-testes.com.br\/agazeta\/enem-2016-e-aplicado-as-pessoas-privadas-de-liberdade-no-pais\/\"]}]},{\"@type\":\"ImageObject\",\"inLanguage\":\"pt-BR\",\"@id\":\"https:\/\/nk7-testes.com.br\/agazeta\/enem-2016-e-aplicado-as-pessoas-privadas-de-liberdade-no-pais\/#primaryimage\",\"url\":\"https:\/\/nk7-testes.com.br\/agazeta\/wp-content\/uploads\/2016\/12\/131216-policia-prova-enem.jpg\",\"contentUrl\":\"https:\/\/nk7-testes.com.br\/agazeta\/wp-content\/uploads\/2016\/12\/131216-policia-prova-enem.jpg\",\"width\":458,\"height\":340,\"caption\":\"131216-pol\u00edcia-prova-enem\"},{\"@type\":\"BreadcrumbList\",\"@id\":\"https:\/\/nk7-testes.com.br\/agazeta\/enem-2016-e-aplicado-as-pessoas-privadas-de-liberdade-no-pais\/#breadcrumb\",\"itemListElement\":[{\"@type\":\"ListItem\",\"position\":1,\"name\":\"In\u00edcio\",\"item\":\"https:\/\/nk7-testes.com.br\/agazeta\/\"},{\"@type\":\"ListItem\",\"position\":2,\"name\":\"Enem 2016 \u00e9 aplicado \u00e0s pessoas privadas de liberdade no pa\u00eds\"}]},{\"@type\":\"WebSite\",\"@id\":\"https:\/\/nk7-testes.com.br\/agazeta\/#website\",\"url\":\"https:\/\/nk7-testes.com.br\/agazeta\/\",\"name\":\"Agazeta.net\",\"description\":\"Agazeta.net - Not\u00edcias de Rio Branco\/AC\",\"potentialAction\":[{\"@type\":\"SearchAction\",\"target\":{\"@type\":\"EntryPoint\",\"urlTemplate\":\"https:\/\/nk7-testes.com.br\/agazeta\/?s={search_term_string}\"},\"query-input\":{\"@type\":\"PropertyValueSpecification\",\"valueRequired\":true,\"valueName\":\"search_term_string\"}}],\"inLanguage\":\"pt-BR\"},{\"@type\":\"Person\",\"@id\":\"https:\/\/nk7-testes.com.br\/agazeta\/#\/schema\/person\/ff6b39d54d6973bfc57f4140f659b23f\",\"name\":\"Agazeta.Net\",\"url\":\"https:\/\/nk7-testes.com.br\/agazeta\/author\/agazeta\/\"}]}<\/script>\n<!-- \/ Yoast SEO plugin. -->","yoast_head_json":{"title":"Enem 2016 \u00e9 aplicado \u00e0s pessoas privadas de liberdade no pa\u00eds - Agazeta.net","robots":{"index":"index","follow":"follow","max-snippet":"max-snippet:-1","max-image-preview":"max-image-preview:large","max-video-preview":"max-video-preview:-1"},"canonical":"https:\/\/nk7-testes.com.br\/agazeta\/enem-2016-e-aplicado-as-pessoas-privadas-de-liberdade-no-pais\/","og_locale":"pt_BR","og_type":"article","og_title":"Enem 2016 \u00e9 aplicado \u00e0s pessoas privadas de liberdade no pa\u00eds - Agazeta.net","og_description":"Iapen \u00e9 respons\u00e1vel pela aplica\u00e7\u00e3o da prova no Acre","og_url":"https:\/\/nk7-testes.com.br\/agazeta\/enem-2016-e-aplicado-as-pessoas-privadas-de-liberdade-no-pais\/","og_site_name":"Agazeta.net","article_published_time":"2016-12-13T17:52:05+00:00","og_image":[{"width":458,"height":340,"url":"https:\/\/nk7-testes.com.br\/agazeta\/wp-content\/uploads\/2016\/12\/131216-policia-prova-enem.jpg","type":"image\/jpeg"}],"author":"Agazeta.Net","twitter_card":"summary_large_image","twitter_misc":{"Escrito por":"Agazeta.Net","Est. tempo de leitura":"1 minuto"},"schema":{"@context":"https:\/\/schema.org","@graph":[{"@type":"WebPage","@id":"https:\/\/nk7-testes.com.br\/agazeta\/enem-2016-e-aplicado-as-pessoas-privadas-de-liberdade-no-pais\/","url":"https:\/\/nk7-testes.com.br\/agazeta\/enem-2016-e-aplicado-as-pessoas-privadas-de-liberdade-no-pais\/","name":"Enem 2016 \u00e9 aplicado \u00e0s pessoas privadas de liberdade no pa\u00eds - Agazeta.net","isPartOf":{"@id":"https:\/\/nk7-testes.com.br\/agazeta\/#website"},"primaryImageOfPage":{"@id":"https:\/\/nk7-testes.com.br\/agazeta\/enem-2016-e-aplicado-as-pessoas-privadas-de-liberdade-no-pais\/#primaryimage"},"image":{"@id":"https:\/\/nk7-testes.com.br\/agazeta\/enem-2016-e-aplicado-as-pessoas-privadas-de-liberdade-no-pais\/#primaryimage"},"thumbnailUrl":"https:\/\/nk7-testes.com.br\/agazeta\/wp-content\/uploads\/2016\/12\/131216-policia-prova-enem.jpg","datePublished":"2016-12-13T17:52:05+00:00","author":{"@id":"https:\/\/nk7-testes.com.br\/agazeta\/#\/schema\/person\/ff6b39d54d6973bfc57f4140f659b23f"},"breadcrumb":{"@id":"https:\/\/nk7-testes.com.br\/agazeta\/enem-2016-e-aplicado-as-pessoas-privadas-de-liberdade-no-pais\/#breadcrumb"},"inLanguage":"pt-BR","potentialAction":[{"@type":"ReadAction","target":["https:\/\/nk7-testes.com.br\/agazeta\/enem-2016-e-aplicado-as-pessoas-privadas-de-liberdade-no-pais\/"]}]},{"@type":"ImageObject","inLanguage":"pt-BR","@id":"https:\/\/nk7-testes.com.br\/agazeta\/enem-2016-e-aplicado-as-pessoas-privadas-de-liberdade-no-pais\/#primaryimage","url":"https:\/\/nk7-testes.com.br\/agazeta\/wp-content\/uploads\/2016\/12\/131216-policia-prova-enem.jpg","contentUrl":"https:\/\/nk7-testes.com.br\/agazeta\/wp-content\/uploads\/2016\/12\/131216-policia-prova-enem.jpg","width":458,"height":340,"caption":"131216-pol\u00edcia-prova-enem"},{"@type":"BreadcrumbList","@id":"https:\/\/nk7-testes.com.br\/agazeta\/enem-2016-e-aplicado-as-pessoas-privadas-de-liberdade-no-pais\/#breadcrumb","itemListElement":[{"@type":"ListItem","position":1,"name":"In\u00edcio","item":"https:\/\/nk7-testes.com.br\/agazeta\/"},{"@type":"ListItem","position":2,"name":"Enem 2016 \u00e9 aplicado \u00e0s pessoas privadas de liberdade no pa\u00eds"}]},{"@type":"WebSite","@id":"https:\/\/nk7-testes.com.br\/agazeta\/#website","url":"https:\/\/nk7-testes.com.br\/agazeta\/","name":"Agazeta.net","description":"Agazeta.net - Not\u00edcias de Rio Branco\/AC","potentialAction":[{"@type":"SearchAction","target":{"@type":"EntryPoint","urlTemplate":"https:\/\/nk7-testes.com.br\/agazeta\/?s={search_term_string}"},"query-input":{"@type":"PropertyValueSpecification","valueRequired":true,"valueName":"search_term_string"}}],"inLanguage":"pt-BR"},{"@type":"Person","@id":"https:\/\/nk7-testes.com.br\/agazeta\/#\/schema\/person\/ff6b39d54d6973bfc57f4140f659b23f","name":"Agazeta.Net","url":"https:\/\/nk7-testes.com.br\/agazeta\/author\/agazeta\/"}]}},"_links":{"self":[{"href":"https:\/\/nk7-testes.com.br\/agazeta\/wp-json\/wp\/v2\/posts\/26896","targetHints":{"allow":["GET"]}}],"collection":[{"href":"https:\/\/nk7-testes.com.br\/agazeta\/wp-json\/wp\/v2\/posts"}],"about":[{"href":"https:\/\/nk7-testes.com.br\/agazeta\/wp-json\/wp\/v2\/types\/post"}],"author":[{"embeddable":true,"href":"https:\/\/nk7-testes.com.br\/agazeta\/wp-json\/wp\/v2\/users\/4"}],"replies":[{"embeddable":true,"href":"https:\/\/nk7-testes.com.br\/agazeta\/wp-json\/wp\/v2\/comments?post=26896"}],"version-history":[{"count":0,"href":"https:\/\/nk7-testes.com.br\/agazeta\/wp-json\/wp\/v2\/posts\/26896\/revisions"}],"wp:featuredmedia":[{"embeddable":true,"href":"https:\/\/nk7-testes.com.br\/agazeta\/wp-json\/wp\/v2\/media\/26895"}],"wp:attachment":[{"href":"https:\/\/nk7-testes.com.br\/agazeta\/wp-json\/wp\/v2\/media?parent=26896"}],"wp:term":[{"taxonomy":"category","embeddable":true,"href":"https:\/\/nk7-testes.com.br\/agazeta\/wp-json\/wp\/v2\/categories?post=26896"},{"taxonomy":"post_tag","embeddable":true,"href":"https:\/\/nk7-testes.com.br\/agazeta\/wp-json\/wp\/v2\/tags?post=26896"}],"curies":[{"name":"wp","href":"https:\/\/api.w.org\/{rel}","templated":true}]}}