{"id":26885,"date":"2016-12-12T22:13:23","date_gmt":"2016-12-12T22:13:23","guid":{"rendered":"https:\/\/abarevegan.com.br\/index.php\/2016\/12\/12\/consumidores-indignados-com-novo-aumento-de-combustivel\/"},"modified":"2016-12-12T22:13:23","modified_gmt":"2016-12-12T22:13:23","slug":"consumidores-indignados-com-novo-aumento-de-combustivel","status":"publish","type":"post","link":"https:\/\/nk7-testes.com.br\/agazeta\/consumidores-indignados-com-novo-aumento-de-combustivel\/","title":{"rendered":"Consumidores indignados com novo aumento de combust\u00edvel"},"content":{"rendered":"<p style=\"text-align: justify;\">Redu\u00e7\u00e3o anunciada n\u00e3o chegou \u00e0s bombas, mas o aumento&#8230;<\/p>\n<p style=\"text-align: justify;\">Ap\u00f3s a Petrobras anunciar o reajuste no pre\u00e7o da gasolina e no diesel nas refinarias, na semana passada, os clientes de Rio Branco j\u00e1 come\u00e7aram a sentir a diferen\u00e7a. Desde s\u00e1bado, os estabelecimentos aumentaram em torno de 10 centavos o pre\u00e7o do litro da gasolina. Em lugares onde o litro da gasolina comum custava R$ 4,07 passou para R$ 4,17.<\/p>\n<p style=\"text-align: justify;\">A mudan\u00e7a revoltou os consumidores. \u201cIsso \u00e9 uma vergonha pra quem tem um carrinho. Para o cara que tem carr\u00e3o nem tanto, mas o cara que tem um carrinho \u00e9 dif\u00edcil. Esse governo corrupto que t\u00e1 acabando com o nosso Brasil\u201d, disse o vendedor, Edcarlo Cunha.<\/p>\n<p style=\"text-align: justify;\">No m\u00eas passado, a estatal reduziu os valores, mas isso n\u00e3o foi repassado para as bombas. O mesmo n\u00e3o aconteceu agora, quando foi para aumentar, o que deixou os motoristas revoltados.<\/p>\n<p style=\"text-align: justify;\">Em alguns postos de combust\u00edveis, o diesel comum pulou de R$ 3,55 para R$ 3,70 o litro. O s-10 saiu de R$ 3,65 para R$ 3,80, enquanto o etanol encontrado antes de R$ 3,40 subiu para R$ 3,75.<\/p>\n<p style=\"text-align: justify;\">Outra preocupa\u00e7\u00e3o dos clientes \u00e9 o chamado \u201cefeito cascata\u201d, quando aumenta o combust\u00edvel e todos os outros produtos que dependem direta ou indiretamente dele tamb\u00e9m t\u00eam os pre\u00e7os elevados.<\/p>\n<p style=\"text-align: justify;\">\u201cTudo aumenta. Nosso pa\u00eds gira em torno das estradas. As carretas andam o Brasil todo. Se o diesel aumenta, tudo aumenta para n\u00f3s consumidores\u201d, disse o assistente social, Gilberto Cabral.<\/p>\n<p style=\"text-align: justify;\">O prot\u00e9tico Cleucimar Vieira lembra ainda dos altos impostos pagos pela popula\u00e7\u00e3o. \u201c\u00c9 um pre\u00e7o at\u00e9 abusivo, at\u00e9 porque pelos impostos que a gente paga era pra ser um pouco mais baixo. Isso complica a vida de quem ganha pouco e precisa abastecer seu ve\u00edculo para ir ao trabalho ou deixar o filho no col\u00e9gio\u201d.<\/p>\n<p style=\"text-align: justify;\">Para ele o jeito agora \u00e9 pesquisar pre\u00e7os e tentar economizar. \u201cAgora \u00e9 procurar a redu\u00e7\u00e3o nos outros postos, \u00e0quele que t\u00e1 mais barato e a gente vai assim procurando pra tentar achar o pre\u00e7o melhor\u201d.<\/p>\n<p style=\"text-align: justify;\"><strong>Sindepac<\/strong><\/p>\n<p style=\"text-align: justify;\">O Sindicato dos Postos de Combust\u00edveis do Acre (Sindepac) confirmou o reajuste de pre\u00e7os nos estabelecimentos locais. Em nota, esclareceu:<\/p>\n<p style=\"text-align: justify;\">\u201cAp\u00f3s a Petrobras autorizar aumento nas refinarias, as distribuidoras tamb\u00e9m adotaram o reajuste e repassaram aos revendedores. Contudo, os consumidores percebem a mudan\u00e7a de pre\u00e7os aos poucos, devido ao tempo de aquisi\u00e7\u00e3o para reposi\u00e7\u00e3o de estoque. Destacamos ainda que cada posto de combust\u00edvel tem seu custo operacional e o livre com\u00e9rcio para definir sua pol\u00edtica de pre\u00e7os. O consumidor tem autonomia para pesquisar\u201d.<\/p>\n","protected":false},"excerpt":{"rendered":"<p style=\"text-align: justify;\">Redu\u00e7\u00e3o anunciada n\u00e3o chegou \u00e0s bombas, mas o aumento&#8230;<\/p>\n","protected":false},"author":4,"featured_media":26884,"comment_status":"open","ping_status":"open","sticky":false,"template":"","format":"standard","meta":{"jnews-multi-image_gallery":[],"jnews_single_post":[],"jnews_primary_category":[],"jnews_social_meta":[],"jnews_review":[],"enable_review":"","type":"","name":"","summary":"","brand":"","sku":"","good":[],"bad":[],"score_override":"","override_value":"","rating":[],"price":[],"footnotes":""},"categories":[54],"tags":[],"class_list":["post-26885","post","type-post","status-publish","format-standard","has-post-thumbnail","hentry","category-cotidiano"],"yoast_head":"<!-- This site is optimized with the Yoast SEO plugin v26.5 - https:\/\/yoast.com\/wordpress\/plugins\/seo\/ -->\n<title>Consumidores indignados com novo aumento de combust\u00edvel - Agazeta.net<\/title>\n<meta name=\"robots\" content=\"index, follow, max-snippet:-1, max-image-preview:large, max-video-preview:-1\" \/>\n<link rel=\"canonical\" href=\"https:\/\/nk7-testes.com.br\/agazeta\/consumidores-indignados-com-novo-aumento-de-combustivel\/\" \/>\n<meta property=\"og:locale\" content=\"pt_BR\" \/>\n<meta property=\"og:type\" content=\"article\" \/>\n<meta property=\"og:title\" content=\"Consumidores indignados com novo aumento de combust\u00edvel - Agazeta.net\" \/>\n<meta property=\"og:description\" content=\"Redu\u00e7\u00e3o anunciada n\u00e3o chegou \u00e0s bombas, mas o aumento...\" \/>\n<meta property=\"og:url\" content=\"https:\/\/nk7-testes.com.br\/agazeta\/consumidores-indignados-com-novo-aumento-de-combustivel\/\" \/>\n<meta property=\"og:site_name\" content=\"Agazeta.net\" \/>\n<meta property=\"article:published_time\" content=\"2016-12-12T22:13:23+00:00\" \/>\n<meta property=\"og:image\" content=\"https:\/\/nk7-testes.com.br\/agazeta\/wp-content\/uploads\/2016\/12\/171016-cotidiano-gasolinamaisbarata-tvgazeta2.jpg\" \/>\n\t<meta property=\"og:image:width\" content=\"458\" \/>\n\t<meta property=\"og:image:height\" content=\"340\" \/>\n\t<meta property=\"og:image:type\" content=\"image\/jpeg\" \/>\n<meta name=\"author\" content=\"Agazeta.Net\" \/>\n<meta name=\"twitter:card\" content=\"summary_large_image\" \/>\n<meta name=\"twitter:label1\" content=\"Escrito por\" \/>\n\t<meta name=\"twitter:data1\" content=\"Agazeta.Net\" \/>\n\t<meta name=\"twitter:label2\" content=\"Est. tempo de leitura\" \/>\n\t<meta name=\"twitter:data2\" content=\"2 minutos\" \/>\n<script type=\"application\/ld+json\" class=\"yoast-schema-graph\">{\"@context\":\"https:\/\/schema.org\",\"@graph\":[{\"@type\":\"WebPage\",\"@id\":\"https:\/\/nk7-testes.com.br\/agazeta\/consumidores-indignados-com-novo-aumento-de-combustivel\/\",\"url\":\"https:\/\/nk7-testes.com.br\/agazeta\/consumidores-indignados-com-novo-aumento-de-combustivel\/\",\"name\":\"Consumidores indignados com novo aumento de combust\u00edvel - Agazeta.net\",\"isPartOf\":{\"@id\":\"https:\/\/nk7-testes.com.br\/agazeta\/#website\"},\"primaryImageOfPage\":{\"@id\":\"https:\/\/nk7-testes.com.br\/agazeta\/consumidores-indignados-com-novo-aumento-de-combustivel\/#primaryimage\"},\"image\":{\"@id\":\"https:\/\/nk7-testes.com.br\/agazeta\/consumidores-indignados-com-novo-aumento-de-combustivel\/#primaryimage\"},\"thumbnailUrl\":\"https:\/\/nk7-testes.com.br\/agazeta\/wp-content\/uploads\/2016\/12\/171016-cotidiano-gasolinamaisbarata-tvgazeta2.jpg\",\"datePublished\":\"2016-12-12T22:13:23+00:00\",\"author\":{\"@id\":\"https:\/\/nk7-testes.com.br\/agazeta\/#\/schema\/person\/ff6b39d54d6973bfc57f4140f659b23f\"},\"breadcrumb\":{\"@id\":\"https:\/\/nk7-testes.com.br\/agazeta\/consumidores-indignados-com-novo-aumento-de-combustivel\/#breadcrumb\"},\"inLanguage\":\"pt-BR\",\"potentialAction\":[{\"@type\":\"ReadAction\",\"target\":[\"https:\/\/nk7-testes.com.br\/agazeta\/consumidores-indignados-com-novo-aumento-de-combustivel\/\"]}]},{\"@type\":\"ImageObject\",\"inLanguage\":\"pt-BR\",\"@id\":\"https:\/\/nk7-testes.com.br\/agazeta\/consumidores-indignados-com-novo-aumento-de-combustivel\/#primaryimage\",\"url\":\"https:\/\/nk7-testes.com.br\/agazeta\/wp-content\/uploads\/2016\/12\/171016-cotidiano-gasolinamaisbarata-tvgazeta2.jpg\",\"contentUrl\":\"https:\/\/nk7-testes.com.br\/agazeta\/wp-content\/uploads\/2016\/12\/171016-cotidiano-gasolinamaisbarata-tvgazeta2.jpg\",\"width\":458,\"height\":340,\"caption\":\"171016-cotidiano-gasolinamaisbarata-tvgazeta2\"},{\"@type\":\"BreadcrumbList\",\"@id\":\"https:\/\/nk7-testes.com.br\/agazeta\/consumidores-indignados-com-novo-aumento-de-combustivel\/#breadcrumb\",\"itemListElement\":[{\"@type\":\"ListItem\",\"position\":1,\"name\":\"In\u00edcio\",\"item\":\"https:\/\/nk7-testes.com.br\/agazeta\/\"},{\"@type\":\"ListItem\",\"position\":2,\"name\":\"Consumidores indignados com novo aumento de combust\u00edvel\"}]},{\"@type\":\"WebSite\",\"@id\":\"https:\/\/nk7-testes.com.br\/agazeta\/#website\",\"url\":\"https:\/\/nk7-testes.com.br\/agazeta\/\",\"name\":\"Agazeta.net\",\"description\":\"Agazeta.net - Not\u00edcias de Rio Branco\/AC\",\"potentialAction\":[{\"@type\":\"SearchAction\",\"target\":{\"@type\":\"EntryPoint\",\"urlTemplate\":\"https:\/\/nk7-testes.com.br\/agazeta\/?s={search_term_string}\"},\"query-input\":{\"@type\":\"PropertyValueSpecification\",\"valueRequired\":true,\"valueName\":\"search_term_string\"}}],\"inLanguage\":\"pt-BR\"},{\"@type\":\"Person\",\"@id\":\"https:\/\/nk7-testes.com.br\/agazeta\/#\/schema\/person\/ff6b39d54d6973bfc57f4140f659b23f\",\"name\":\"Agazeta.Net\",\"url\":\"https:\/\/nk7-testes.com.br\/agazeta\/author\/agazeta\/\"}]}<\/script>\n<!-- \/ Yoast SEO plugin. -->","yoast_head_json":{"title":"Consumidores indignados com novo aumento de combust\u00edvel - Agazeta.net","robots":{"index":"index","follow":"follow","max-snippet":"max-snippet:-1","max-image-preview":"max-image-preview:large","max-video-preview":"max-video-preview:-1"},"canonical":"https:\/\/nk7-testes.com.br\/agazeta\/consumidores-indignados-com-novo-aumento-de-combustivel\/","og_locale":"pt_BR","og_type":"article","og_title":"Consumidores indignados com novo aumento de combust\u00edvel - Agazeta.net","og_description":"Redu\u00e7\u00e3o anunciada n\u00e3o chegou \u00e0s bombas, mas o aumento...","og_url":"https:\/\/nk7-testes.com.br\/agazeta\/consumidores-indignados-com-novo-aumento-de-combustivel\/","og_site_name":"Agazeta.net","article_published_time":"2016-12-12T22:13:23+00:00","og_image":[{"width":458,"height":340,"url":"https:\/\/nk7-testes.com.br\/agazeta\/wp-content\/uploads\/2016\/12\/171016-cotidiano-gasolinamaisbarata-tvgazeta2.jpg","type":"image\/jpeg"}],"author":"Agazeta.Net","twitter_card":"summary_large_image","twitter_misc":{"Escrito por":"Agazeta.Net","Est. tempo de leitura":"2 minutos"},"schema":{"@context":"https:\/\/schema.org","@graph":[{"@type":"WebPage","@id":"https:\/\/nk7-testes.com.br\/agazeta\/consumidores-indignados-com-novo-aumento-de-combustivel\/","url":"https:\/\/nk7-testes.com.br\/agazeta\/consumidores-indignados-com-novo-aumento-de-combustivel\/","name":"Consumidores indignados com novo aumento de combust\u00edvel - Agazeta.net","isPartOf":{"@id":"https:\/\/nk7-testes.com.br\/agazeta\/#website"},"primaryImageOfPage":{"@id":"https:\/\/nk7-testes.com.br\/agazeta\/consumidores-indignados-com-novo-aumento-de-combustivel\/#primaryimage"},"image":{"@id":"https:\/\/nk7-testes.com.br\/agazeta\/consumidores-indignados-com-novo-aumento-de-combustivel\/#primaryimage"},"thumbnailUrl":"https:\/\/nk7-testes.com.br\/agazeta\/wp-content\/uploads\/2016\/12\/171016-cotidiano-gasolinamaisbarata-tvgazeta2.jpg","datePublished":"2016-12-12T22:13:23+00:00","author":{"@id":"https:\/\/nk7-testes.com.br\/agazeta\/#\/schema\/person\/ff6b39d54d6973bfc57f4140f659b23f"},"breadcrumb":{"@id":"https:\/\/nk7-testes.com.br\/agazeta\/consumidores-indignados-com-novo-aumento-de-combustivel\/#breadcrumb"},"inLanguage":"pt-BR","potentialAction":[{"@type":"ReadAction","target":["https:\/\/nk7-testes.com.br\/agazeta\/consumidores-indignados-com-novo-aumento-de-combustivel\/"]}]},{"@type":"ImageObject","inLanguage":"pt-BR","@id":"https:\/\/nk7-testes.com.br\/agazeta\/consumidores-indignados-com-novo-aumento-de-combustivel\/#primaryimage","url":"https:\/\/nk7-testes.com.br\/agazeta\/wp-content\/uploads\/2016\/12\/171016-cotidiano-gasolinamaisbarata-tvgazeta2.jpg","contentUrl":"https:\/\/nk7-testes.com.br\/agazeta\/wp-content\/uploads\/2016\/12\/171016-cotidiano-gasolinamaisbarata-tvgazeta2.jpg","width":458,"height":340,"caption":"171016-cotidiano-gasolinamaisbarata-tvgazeta2"},{"@type":"BreadcrumbList","@id":"https:\/\/nk7-testes.com.br\/agazeta\/consumidores-indignados-com-novo-aumento-de-combustivel\/#breadcrumb","itemListElement":[{"@type":"ListItem","position":1,"name":"In\u00edcio","item":"https:\/\/nk7-testes.com.br\/agazeta\/"},{"@type":"ListItem","position":2,"name":"Consumidores indignados com novo aumento de combust\u00edvel"}]},{"@type":"WebSite","@id":"https:\/\/nk7-testes.com.br\/agazeta\/#website","url":"https:\/\/nk7-testes.com.br\/agazeta\/","name":"Agazeta.net","description":"Agazeta.net - Not\u00edcias de Rio Branco\/AC","potentialAction":[{"@type":"SearchAction","target":{"@type":"EntryPoint","urlTemplate":"https:\/\/nk7-testes.com.br\/agazeta\/?s={search_term_string}"},"query-input":{"@type":"PropertyValueSpecification","valueRequired":true,"valueName":"search_term_string"}}],"inLanguage":"pt-BR"},{"@type":"Person","@id":"https:\/\/nk7-testes.com.br\/agazeta\/#\/schema\/person\/ff6b39d54d6973bfc57f4140f659b23f","name":"Agazeta.Net","url":"https:\/\/nk7-testes.com.br\/agazeta\/author\/agazeta\/"}]}},"_links":{"self":[{"href":"https:\/\/nk7-testes.com.br\/agazeta\/wp-json\/wp\/v2\/posts\/26885","targetHints":{"allow":["GET"]}}],"collection":[{"href":"https:\/\/nk7-testes.com.br\/agazeta\/wp-json\/wp\/v2\/posts"}],"about":[{"href":"https:\/\/nk7-testes.com.br\/agazeta\/wp-json\/wp\/v2\/types\/post"}],"author":[{"embeddable":true,"href":"https:\/\/nk7-testes.com.br\/agazeta\/wp-json\/wp\/v2\/users\/4"}],"replies":[{"embeddable":true,"href":"https:\/\/nk7-testes.com.br\/agazeta\/wp-json\/wp\/v2\/comments?post=26885"}],"version-history":[{"count":0,"href":"https:\/\/nk7-testes.com.br\/agazeta\/wp-json\/wp\/v2\/posts\/26885\/revisions"}],"wp:featuredmedia":[{"embeddable":true,"href":"https:\/\/nk7-testes.com.br\/agazeta\/wp-json\/wp\/v2\/media\/26884"}],"wp:attachment":[{"href":"https:\/\/nk7-testes.com.br\/agazeta\/wp-json\/wp\/v2\/media?parent=26885"}],"wp:term":[{"taxonomy":"category","embeddable":true,"href":"https:\/\/nk7-testes.com.br\/agazeta\/wp-json\/wp\/v2\/categories?post=26885"},{"taxonomy":"post_tag","embeddable":true,"href":"https:\/\/nk7-testes.com.br\/agazeta\/wp-json\/wp\/v2\/tags?post=26885"}],"curies":[{"name":"wp","href":"https:\/\/api.w.org\/{rel}","templated":true}]}}