{"id":26871,"date":"2016-12-12T13:59:00","date_gmt":"2016-12-12T13:59:00","guid":{"rendered":"https:\/\/abarevegan.com.br\/index.php\/2016\/12\/12\/jovem-e-encontrada-em-matagal-perto-da-expoacre\/"},"modified":"2016-12-12T13:59:00","modified_gmt":"2016-12-12T13:59:00","slug":"jovem-e-encontrada-em-matagal-perto-da-expoacre","status":"publish","type":"post","link":"https:\/\/nk7-testes.com.br\/agazeta\/jovem-e-encontrada-em-matagal-perto-da-expoacre\/","title":{"rendered":"Jovem \u00e9 encontrada em matagal perto da Expoacre"},"content":{"rendered":"<p style=\"text-align: justify;\">Local serviu apenas para desova do corpo<\/p>\n<p style=\"text-align: justify;\">Uma jovem foi espancada e sufocada. O corpo da jovem morta foi encontrado nas imedia\u00e7\u00f5es da Expoacre, em um matagal no Residencial Farhat.<br \/>Quem encontrou o corpo da jovem foram moradores que transitavam no local. A jovem aparenta, de acordo com os legistas, entre 16 e 19 anos. Estava jogado em um matagal.<\/p>\n<p style=\"text-align: justify;\">Policiais militares do 2\u00ba BPM e investigadores e delegado da Delegacia de Homic\u00eddio e Prote\u00e7\u00e3o \u00e0 Pessoa estiveram no local.<\/p>\n<p style=\"text-align: justify;\">Antes de ser morta, a jovem foi espancada. Havia marcas de viol\u00eancia no rosto e, aparentemente, foi sufocada. Segundo os legistas, n\u00e3o h\u00e1 sinais de viol\u00eancia sexual. De acordo com o delgado R\u00eamulo Diniz, que conduz as investiga\u00e7\u00f5es, isso pode ser um ind\u00edcio de que a morte tenha sido provocada por integrantes de uma fac\u00e7\u00e3o criminosa.<\/p>\n<p style=\"text-align: justify;\">\u201cA morte n\u00e3o aconteceu neste local. Apenas o corpo foi desovado aqui, pois \u00e9 poss\u00edvel detectar manchas de sangue na rua (de barro), o que leva a crer que a mulher foi morta em outro lugar e o corpo somente deixado aqui. Outro aspecto que nos faz ter certeza de que o crime n\u00e3o correu neste lugar \u00e9 que a jovem foi degolada e no local em que o corpo foi achado n\u00e3o existe quantidade de sangue para o tipo de crime\u201d, pontuou o delegado.<\/p>\n","protected":false},"excerpt":{"rendered":"<p style=\"text-align: justify;\">Local serviu apenas para desova do corpo<\/p>\n","protected":false},"author":4,"featured_media":26870,"comment_status":"open","ping_status":"open","sticky":false,"template":"","format":"standard","meta":{"jnews-multi-image_gallery":[],"jnews_single_post":[],"jnews_primary_category":[],"jnews_social_meta":[],"jnews_review":[],"enable_review":"","type":"","name":"","summary":"","brand":"","sku":"","good":[],"bad":[],"score_override":"","override_value":"","rating":[],"price":[],"footnotes":""},"categories":[44],"tags":[],"class_list":["post-26871","post","type-post","status-publish","format-standard","has-post-thumbnail","hentry","category-policia"],"yoast_head":"<!-- This site is optimized with the Yoast SEO plugin v26.5 - https:\/\/yoast.com\/wordpress\/plugins\/seo\/ -->\n<title>Jovem \u00e9 encontrada em matagal perto da Expoacre - Agazeta.net<\/title>\n<meta name=\"robots\" content=\"index, follow, max-snippet:-1, max-image-preview:large, max-video-preview:-1\" \/>\n<link rel=\"canonical\" href=\"https:\/\/nk7-testes.com.br\/agazeta\/jovem-e-encontrada-em-matagal-perto-da-expoacre\/\" \/>\n<meta property=\"og:locale\" content=\"pt_BR\" \/>\n<meta property=\"og:type\" content=\"article\" \/>\n<meta property=\"og:title\" content=\"Jovem \u00e9 encontrada em matagal perto da Expoacre - Agazeta.net\" \/>\n<meta property=\"og:description\" content=\"Local serviu apenas para desova do corpo\" \/>\n<meta property=\"og:url\" content=\"https:\/\/nk7-testes.com.br\/agazeta\/jovem-e-encontrada-em-matagal-perto-da-expoacre\/\" \/>\n<meta property=\"og:site_name\" content=\"Agazeta.net\" \/>\n<meta property=\"article:published_time\" content=\"2016-12-12T13:59:00+00:00\" \/>\n<meta property=\"og:image\" content=\"https:\/\/nk7-testes.com.br\/agazeta\/wp-content\/uploads\/2016\/12\/121216-policia-mulhermorta-cleriston.jpg\" \/>\n\t<meta property=\"og:image:width\" content=\"458\" \/>\n\t<meta property=\"og:image:height\" content=\"340\" \/>\n\t<meta property=\"og:image:type\" content=\"image\/jpeg\" \/>\n<meta name=\"author\" content=\"Agazeta.Net\" \/>\n<meta name=\"twitter:card\" content=\"summary_large_image\" \/>\n<meta name=\"twitter:label1\" content=\"Escrito por\" \/>\n\t<meta name=\"twitter:data1\" content=\"Agazeta.Net\" \/>\n\t<meta name=\"twitter:label2\" content=\"Est. tempo de leitura\" \/>\n\t<meta name=\"twitter:data2\" content=\"1 minuto\" \/>\n<script type=\"application\/ld+json\" class=\"yoast-schema-graph\">{\"@context\":\"https:\/\/schema.org\",\"@graph\":[{\"@type\":\"WebPage\",\"@id\":\"https:\/\/nk7-testes.com.br\/agazeta\/jovem-e-encontrada-em-matagal-perto-da-expoacre\/\",\"url\":\"https:\/\/nk7-testes.com.br\/agazeta\/jovem-e-encontrada-em-matagal-perto-da-expoacre\/\",\"name\":\"Jovem \u00e9 encontrada em matagal perto da Expoacre - Agazeta.net\",\"isPartOf\":{\"@id\":\"https:\/\/nk7-testes.com.br\/agazeta\/#website\"},\"primaryImageOfPage\":{\"@id\":\"https:\/\/nk7-testes.com.br\/agazeta\/jovem-e-encontrada-em-matagal-perto-da-expoacre\/#primaryimage\"},\"image\":{\"@id\":\"https:\/\/nk7-testes.com.br\/agazeta\/jovem-e-encontrada-em-matagal-perto-da-expoacre\/#primaryimage\"},\"thumbnailUrl\":\"https:\/\/nk7-testes.com.br\/agazeta\/wp-content\/uploads\/2016\/12\/121216-policia-mulhermorta-cleriston.jpg\",\"datePublished\":\"2016-12-12T13:59:00+00:00\",\"author\":{\"@id\":\"https:\/\/nk7-testes.com.br\/agazeta\/#\/schema\/person\/6d6e25cb0435eb4a02fd44d30b4e3020\"},\"breadcrumb\":{\"@id\":\"https:\/\/nk7-testes.com.br\/agazeta\/jovem-e-encontrada-em-matagal-perto-da-expoacre\/#breadcrumb\"},\"inLanguage\":\"pt-BR\",\"potentialAction\":[{\"@type\":\"ReadAction\",\"target\":[\"https:\/\/nk7-testes.com.br\/agazeta\/jovem-e-encontrada-em-matagal-perto-da-expoacre\/\"]}]},{\"@type\":\"ImageObject\",\"inLanguage\":\"pt-BR\",\"@id\":\"https:\/\/nk7-testes.com.br\/agazeta\/jovem-e-encontrada-em-matagal-perto-da-expoacre\/#primaryimage\",\"url\":\"https:\/\/nk7-testes.com.br\/agazeta\/wp-content\/uploads\/2016\/12\/121216-policia-mulhermorta-cleriston.jpg\",\"contentUrl\":\"https:\/\/nk7-testes.com.br\/agazeta\/wp-content\/uploads\/2016\/12\/121216-policia-mulhermorta-cleriston.jpg\",\"width\":458,\"height\":340,\"caption\":\"121216-policia--mulhermorta-cleriston\"},{\"@type\":\"BreadcrumbList\",\"@id\":\"https:\/\/nk7-testes.com.br\/agazeta\/jovem-e-encontrada-em-matagal-perto-da-expoacre\/#breadcrumb\",\"itemListElement\":[{\"@type\":\"ListItem\",\"position\":1,\"name\":\"In\u00edcio\",\"item\":\"https:\/\/nk7-testes.com.br\/agazeta\/\"},{\"@type\":\"ListItem\",\"position\":2,\"name\":\"Jovem \u00e9 encontrada em matagal perto da Expoacre\"}]},{\"@type\":\"WebSite\",\"@id\":\"https:\/\/nk7-testes.com.br\/agazeta\/#website\",\"url\":\"https:\/\/nk7-testes.com.br\/agazeta\/\",\"name\":\"Agazeta.net\",\"description\":\"Agazeta.net - Not\u00edcias de Rio Branco\/AC\",\"potentialAction\":[{\"@type\":\"SearchAction\",\"target\":{\"@type\":\"EntryPoint\",\"urlTemplate\":\"https:\/\/nk7-testes.com.br\/agazeta\/?s={search_term_string}\"},\"query-input\":{\"@type\":\"PropertyValueSpecification\",\"valueRequired\":true,\"valueName\":\"search_term_string\"}}],\"inLanguage\":\"pt-BR\"},{\"@type\":\"Person\",\"@id\":\"https:\/\/nk7-testes.com.br\/agazeta\/#\/schema\/person\/6d6e25cb0435eb4a02fd44d30b4e3020\",\"name\":\"Agazeta.Net\",\"url\":\"https:\/\/nk7-testes.com.br\/agazeta\/author\/agazeta\/\"}]}<\/script>\n<!-- \/ Yoast SEO plugin. -->","yoast_head_json":{"title":"Jovem \u00e9 encontrada em matagal perto da Expoacre - Agazeta.net","robots":{"index":"index","follow":"follow","max-snippet":"max-snippet:-1","max-image-preview":"max-image-preview:large","max-video-preview":"max-video-preview:-1"},"canonical":"https:\/\/nk7-testes.com.br\/agazeta\/jovem-e-encontrada-em-matagal-perto-da-expoacre\/","og_locale":"pt_BR","og_type":"article","og_title":"Jovem \u00e9 encontrada em matagal perto da Expoacre - Agazeta.net","og_description":"Local serviu apenas para desova do corpo","og_url":"https:\/\/nk7-testes.com.br\/agazeta\/jovem-e-encontrada-em-matagal-perto-da-expoacre\/","og_site_name":"Agazeta.net","article_published_time":"2016-12-12T13:59:00+00:00","og_image":[{"width":458,"height":340,"url":"https:\/\/nk7-testes.com.br\/agazeta\/wp-content\/uploads\/2016\/12\/121216-policia-mulhermorta-cleriston.jpg","type":"image\/jpeg"}],"author":"Agazeta.Net","twitter_card":"summary_large_image","twitter_misc":{"Escrito por":"Agazeta.Net","Est. tempo de leitura":"1 minuto"},"schema":{"@context":"https:\/\/schema.org","@graph":[{"@type":"WebPage","@id":"https:\/\/nk7-testes.com.br\/agazeta\/jovem-e-encontrada-em-matagal-perto-da-expoacre\/","url":"https:\/\/nk7-testes.com.br\/agazeta\/jovem-e-encontrada-em-matagal-perto-da-expoacre\/","name":"Jovem \u00e9 encontrada em matagal perto da Expoacre - Agazeta.net","isPartOf":{"@id":"https:\/\/nk7-testes.com.br\/agazeta\/#website"},"primaryImageOfPage":{"@id":"https:\/\/nk7-testes.com.br\/agazeta\/jovem-e-encontrada-em-matagal-perto-da-expoacre\/#primaryimage"},"image":{"@id":"https:\/\/nk7-testes.com.br\/agazeta\/jovem-e-encontrada-em-matagal-perto-da-expoacre\/#primaryimage"},"thumbnailUrl":"https:\/\/nk7-testes.com.br\/agazeta\/wp-content\/uploads\/2016\/12\/121216-policia-mulhermorta-cleriston.jpg","datePublished":"2016-12-12T13:59:00+00:00","author":{"@id":"https:\/\/nk7-testes.com.br\/agazeta\/#\/schema\/person\/6d6e25cb0435eb4a02fd44d30b4e3020"},"breadcrumb":{"@id":"https:\/\/nk7-testes.com.br\/agazeta\/jovem-e-encontrada-em-matagal-perto-da-expoacre\/#breadcrumb"},"inLanguage":"pt-BR","potentialAction":[{"@type":"ReadAction","target":["https:\/\/nk7-testes.com.br\/agazeta\/jovem-e-encontrada-em-matagal-perto-da-expoacre\/"]}]},{"@type":"ImageObject","inLanguage":"pt-BR","@id":"https:\/\/nk7-testes.com.br\/agazeta\/jovem-e-encontrada-em-matagal-perto-da-expoacre\/#primaryimage","url":"https:\/\/nk7-testes.com.br\/agazeta\/wp-content\/uploads\/2016\/12\/121216-policia-mulhermorta-cleriston.jpg","contentUrl":"https:\/\/nk7-testes.com.br\/agazeta\/wp-content\/uploads\/2016\/12\/121216-policia-mulhermorta-cleriston.jpg","width":458,"height":340,"caption":"121216-policia--mulhermorta-cleriston"},{"@type":"BreadcrumbList","@id":"https:\/\/nk7-testes.com.br\/agazeta\/jovem-e-encontrada-em-matagal-perto-da-expoacre\/#breadcrumb","itemListElement":[{"@type":"ListItem","position":1,"name":"In\u00edcio","item":"https:\/\/nk7-testes.com.br\/agazeta\/"},{"@type":"ListItem","position":2,"name":"Jovem \u00e9 encontrada em matagal perto da Expoacre"}]},{"@type":"WebSite","@id":"https:\/\/nk7-testes.com.br\/agazeta\/#website","url":"https:\/\/nk7-testes.com.br\/agazeta\/","name":"Agazeta.net","description":"Agazeta.net - Not\u00edcias de Rio Branco\/AC","potentialAction":[{"@type":"SearchAction","target":{"@type":"EntryPoint","urlTemplate":"https:\/\/nk7-testes.com.br\/agazeta\/?s={search_term_string}"},"query-input":{"@type":"PropertyValueSpecification","valueRequired":true,"valueName":"search_term_string"}}],"inLanguage":"pt-BR"},{"@type":"Person","@id":"https:\/\/nk7-testes.com.br\/agazeta\/#\/schema\/person\/6d6e25cb0435eb4a02fd44d30b4e3020","name":"Agazeta.Net","url":"https:\/\/nk7-testes.com.br\/agazeta\/author\/agazeta\/"}]}},"_links":{"self":[{"href":"https:\/\/nk7-testes.com.br\/agazeta\/wp-json\/wp\/v2\/posts\/26871","targetHints":{"allow":["GET"]}}],"collection":[{"href":"https:\/\/nk7-testes.com.br\/agazeta\/wp-json\/wp\/v2\/posts"}],"about":[{"href":"https:\/\/nk7-testes.com.br\/agazeta\/wp-json\/wp\/v2\/types\/post"}],"author":[{"embeddable":true,"href":"https:\/\/nk7-testes.com.br\/agazeta\/wp-json\/wp\/v2\/users\/4"}],"replies":[{"embeddable":true,"href":"https:\/\/nk7-testes.com.br\/agazeta\/wp-json\/wp\/v2\/comments?post=26871"}],"version-history":[{"count":0,"href":"https:\/\/nk7-testes.com.br\/agazeta\/wp-json\/wp\/v2\/posts\/26871\/revisions"}],"wp:featuredmedia":[{"embeddable":true,"href":"https:\/\/nk7-testes.com.br\/agazeta\/wp-json\/wp\/v2\/media\/26870"}],"wp:attachment":[{"href":"https:\/\/nk7-testes.com.br\/agazeta\/wp-json\/wp\/v2\/media?parent=26871"}],"wp:term":[{"taxonomy":"category","embeddable":true,"href":"https:\/\/nk7-testes.com.br\/agazeta\/wp-json\/wp\/v2\/categories?post=26871"},{"taxonomy":"post_tag","embeddable":true,"href":"https:\/\/nk7-testes.com.br\/agazeta\/wp-json\/wp\/v2\/tags?post=26871"}],"curies":[{"name":"wp","href":"https:\/\/api.w.org\/{rel}","templated":true}]}}