{"id":26822,"date":"2016-12-08T20:37:22","date_gmt":"2016-12-08T20:37:22","guid":{"rendered":"https:\/\/abarevegan.com.br\/index.php\/2016\/12\/08\/pm-prende-acusado-de-integrar-organizacao-criminosa-em-sena-madureira\/"},"modified":"2016-12-08T20:37:22","modified_gmt":"2016-12-08T20:37:22","slug":"pm-prende-acusado-de-integrar-organizacao-criminosa-em-sena-madureira","status":"publish","type":"post","link":"https:\/\/nk7-testes.com.br\/agazeta\/pm-prende-acusado-de-integrar-organizacao-criminosa-em-sena-madureira\/","title":{"rendered":"PM prende acusado de integrar organiza\u00e7\u00e3o criminosa em Sena"},"content":{"rendered":"<p style=\"text-align: justify;\">Itamar foi flagrado com 3 armas de fogo e m\u00e1scaras<\/p>\n<p style=\"text-align: justify;\">Com base numa denuncia an\u00f4nima que dava conta de que quatro suspeitos estariam manuseando armas no bairro Segundo Distrito, no munic\u00edpio de Sena Madureira, aPol\u00edcia Militar conseguiu prender Itamar dos Santos, na manh\u00e3 desta quinta-feira (8).<\/p>\n<p style=\"text-align: justify;\">De acordo coma a PM, ao chegar ao local informado tr\u00eas dos suspeitos teriam conseguido fugir. Itamar acabou sendo preso. Ele teria confessado aos agentes ser integrante da fac\u00e7\u00e3o criminosa Bonde dos 13.<\/p>\n<p style=\"text-align: justify;\">Com o suspeito a pol\u00edcia encontrou tr\u00eas armas fogo sendo duas escopetas desmontadas (calibres 20 e 32) e uma espingarda (calibre 20), todas municiadas.<\/p>\n<p style=\"text-align: justify;\">Itamar assumiu ser propriet\u00e1rio das armas e disse que estava sofrendo amea\u00e7as por parte de membros do Comando Vermelho. Al\u00e9m das armas, duas m\u00e1scaras tamb\u00e9m foram apreendidas no local.<\/p>\n","protected":false},"excerpt":{"rendered":"<p style=\"text-align: justify;\">Itamar foi flagrado com 3 armas de fogo e m\u00e1scaras<\/p>\n","protected":false},"author":4,"featured_media":26821,"comment_status":"open","ping_status":"open","sticky":false,"template":"","format":"standard","meta":{"jnews-multi-image_gallery":[],"jnews_single_post":[],"jnews_primary_category":[],"jnews_social_meta":[],"jnews_review":[],"enable_review":"","type":"","name":"","summary":"","brand":"","sku":"","good":[],"bad":[],"score_override":"","override_value":"","rating":[],"price":[],"footnotes":""},"categories":[44],"tags":[],"class_list":["post-26822","post","type-post","status-publish","format-standard","has-post-thumbnail","hentry","category-policia"],"yoast_head":"<!-- This site is optimized with the Yoast SEO plugin v26.5 - https:\/\/yoast.com\/wordpress\/plugins\/seo\/ -->\n<title>PM prende acusado de integrar organiza\u00e7\u00e3o criminosa em Sena - Agazeta.net<\/title>\n<meta name=\"robots\" content=\"index, follow, max-snippet:-1, max-image-preview:large, max-video-preview:-1\" \/>\n<link rel=\"canonical\" href=\"https:\/\/nk7-testes.com.br\/agazeta\/pm-prende-acusado-de-integrar-organizacao-criminosa-em-sena-madureira\/\" \/>\n<meta property=\"og:locale\" content=\"pt_BR\" \/>\n<meta property=\"og:type\" content=\"article\" \/>\n<meta property=\"og:title\" content=\"PM prende acusado de integrar organiza\u00e7\u00e3o criminosa em Sena - Agazeta.net\" \/>\n<meta property=\"og:description\" content=\"Itamar foi flagrado com 3 armas de fogo e m\u00e1scaras\" \/>\n<meta property=\"og:url\" content=\"https:\/\/nk7-testes.com.br\/agazeta\/pm-prende-acusado-de-integrar-organizacao-criminosa-em-sena-madureira\/\" \/>\n<meta property=\"og:site_name\" content=\"Agazeta.net\" \/>\n<meta property=\"article:published_time\" content=\"2016-12-08T20:37:22+00:00\" \/>\n<meta property=\"og:image\" content=\"https:\/\/nk7-testes.com.br\/agazeta\/wp-content\/uploads\/2016\/12\/081216-policia-suspeito-bd13sena.jpg\" \/>\n\t<meta property=\"og:image:width\" content=\"458\" \/>\n\t<meta property=\"og:image:height\" content=\"340\" \/>\n\t<meta property=\"og:image:type\" content=\"image\/jpeg\" \/>\n<meta name=\"author\" content=\"Agazeta.Net\" \/>\n<meta name=\"twitter:card\" content=\"summary_large_image\" \/>\n<meta name=\"twitter:label1\" content=\"Escrito por\" \/>\n\t<meta name=\"twitter:data1\" content=\"Agazeta.Net\" \/>\n\t<meta name=\"twitter:label2\" content=\"Est. tempo de leitura\" \/>\n\t<meta name=\"twitter:data2\" content=\"1 minuto\" \/>\n<script type=\"application\/ld+json\" class=\"yoast-schema-graph\">{\"@context\":\"https:\/\/schema.org\",\"@graph\":[{\"@type\":\"WebPage\",\"@id\":\"https:\/\/nk7-testes.com.br\/agazeta\/pm-prende-acusado-de-integrar-organizacao-criminosa-em-sena-madureira\/\",\"url\":\"https:\/\/nk7-testes.com.br\/agazeta\/pm-prende-acusado-de-integrar-organizacao-criminosa-em-sena-madureira\/\",\"name\":\"PM prende acusado de integrar organiza\u00e7\u00e3o criminosa em Sena - Agazeta.net\",\"isPartOf\":{\"@id\":\"https:\/\/nk7-testes.com.br\/agazeta\/#website\"},\"primaryImageOfPage\":{\"@id\":\"https:\/\/nk7-testes.com.br\/agazeta\/pm-prende-acusado-de-integrar-organizacao-criminosa-em-sena-madureira\/#primaryimage\"},\"image\":{\"@id\":\"https:\/\/nk7-testes.com.br\/agazeta\/pm-prende-acusado-de-integrar-organizacao-criminosa-em-sena-madureira\/#primaryimage\"},\"thumbnailUrl\":\"https:\/\/nk7-testes.com.br\/agazeta\/wp-content\/uploads\/2016\/12\/081216-policia-suspeito-bd13sena.jpg\",\"datePublished\":\"2016-12-08T20:37:22+00:00\",\"author\":{\"@id\":\"https:\/\/nk7-testes.com.br\/agazeta\/#\/schema\/person\/6d6e25cb0435eb4a02fd44d30b4e3020\"},\"breadcrumb\":{\"@id\":\"https:\/\/nk7-testes.com.br\/agazeta\/pm-prende-acusado-de-integrar-organizacao-criminosa-em-sena-madureira\/#breadcrumb\"},\"inLanguage\":\"pt-BR\",\"potentialAction\":[{\"@type\":\"ReadAction\",\"target\":[\"https:\/\/nk7-testes.com.br\/agazeta\/pm-prende-acusado-de-integrar-organizacao-criminosa-em-sena-madureira\/\"]}]},{\"@type\":\"ImageObject\",\"inLanguage\":\"pt-BR\",\"@id\":\"https:\/\/nk7-testes.com.br\/agazeta\/pm-prende-acusado-de-integrar-organizacao-criminosa-em-sena-madureira\/#primaryimage\",\"url\":\"https:\/\/nk7-testes.com.br\/agazeta\/wp-content\/uploads\/2016\/12\/081216-policia-suspeito-bd13sena.jpg\",\"contentUrl\":\"https:\/\/nk7-testes.com.br\/agazeta\/wp-content\/uploads\/2016\/12\/081216-policia-suspeito-bd13sena.jpg\",\"width\":458,\"height\":340,\"caption\":\"081216-policia-suspeito-bd13sena\"},{\"@type\":\"BreadcrumbList\",\"@id\":\"https:\/\/nk7-testes.com.br\/agazeta\/pm-prende-acusado-de-integrar-organizacao-criminosa-em-sena-madureira\/#breadcrumb\",\"itemListElement\":[{\"@type\":\"ListItem\",\"position\":1,\"name\":\"In\u00edcio\",\"item\":\"https:\/\/nk7-testes.com.br\/agazeta\/\"},{\"@type\":\"ListItem\",\"position\":2,\"name\":\"PM prende acusado de integrar organiza\u00e7\u00e3o criminosa em Sena\"}]},{\"@type\":\"WebSite\",\"@id\":\"https:\/\/nk7-testes.com.br\/agazeta\/#website\",\"url\":\"https:\/\/nk7-testes.com.br\/agazeta\/\",\"name\":\"Agazeta.net\",\"description\":\"Agazeta.net - Not\u00edcias de Rio Branco\/AC\",\"potentialAction\":[{\"@type\":\"SearchAction\",\"target\":{\"@type\":\"EntryPoint\",\"urlTemplate\":\"https:\/\/nk7-testes.com.br\/agazeta\/?s={search_term_string}\"},\"query-input\":{\"@type\":\"PropertyValueSpecification\",\"valueRequired\":true,\"valueName\":\"search_term_string\"}}],\"inLanguage\":\"pt-BR\"},{\"@type\":\"Person\",\"@id\":\"https:\/\/nk7-testes.com.br\/agazeta\/#\/schema\/person\/6d6e25cb0435eb4a02fd44d30b4e3020\",\"name\":\"Agazeta.Net\",\"url\":\"https:\/\/nk7-testes.com.br\/agazeta\/author\/agazeta\/\"}]}<\/script>\n<!-- \/ Yoast SEO plugin. -->","yoast_head_json":{"title":"PM prende acusado de integrar organiza\u00e7\u00e3o criminosa em Sena - Agazeta.net","robots":{"index":"index","follow":"follow","max-snippet":"max-snippet:-1","max-image-preview":"max-image-preview:large","max-video-preview":"max-video-preview:-1"},"canonical":"https:\/\/nk7-testes.com.br\/agazeta\/pm-prende-acusado-de-integrar-organizacao-criminosa-em-sena-madureira\/","og_locale":"pt_BR","og_type":"article","og_title":"PM prende acusado de integrar organiza\u00e7\u00e3o criminosa em Sena - Agazeta.net","og_description":"Itamar foi flagrado com 3 armas de fogo e m\u00e1scaras","og_url":"https:\/\/nk7-testes.com.br\/agazeta\/pm-prende-acusado-de-integrar-organizacao-criminosa-em-sena-madureira\/","og_site_name":"Agazeta.net","article_published_time":"2016-12-08T20:37:22+00:00","og_image":[{"width":458,"height":340,"url":"https:\/\/nk7-testes.com.br\/agazeta\/wp-content\/uploads\/2016\/12\/081216-policia-suspeito-bd13sena.jpg","type":"image\/jpeg"}],"author":"Agazeta.Net","twitter_card":"summary_large_image","twitter_misc":{"Escrito por":"Agazeta.Net","Est. tempo de leitura":"1 minuto"},"schema":{"@context":"https:\/\/schema.org","@graph":[{"@type":"WebPage","@id":"https:\/\/nk7-testes.com.br\/agazeta\/pm-prende-acusado-de-integrar-organizacao-criminosa-em-sena-madureira\/","url":"https:\/\/nk7-testes.com.br\/agazeta\/pm-prende-acusado-de-integrar-organizacao-criminosa-em-sena-madureira\/","name":"PM prende acusado de integrar organiza\u00e7\u00e3o criminosa em Sena - Agazeta.net","isPartOf":{"@id":"https:\/\/nk7-testes.com.br\/agazeta\/#website"},"primaryImageOfPage":{"@id":"https:\/\/nk7-testes.com.br\/agazeta\/pm-prende-acusado-de-integrar-organizacao-criminosa-em-sena-madureira\/#primaryimage"},"image":{"@id":"https:\/\/nk7-testes.com.br\/agazeta\/pm-prende-acusado-de-integrar-organizacao-criminosa-em-sena-madureira\/#primaryimage"},"thumbnailUrl":"https:\/\/nk7-testes.com.br\/agazeta\/wp-content\/uploads\/2016\/12\/081216-policia-suspeito-bd13sena.jpg","datePublished":"2016-12-08T20:37:22+00:00","author":{"@id":"https:\/\/nk7-testes.com.br\/agazeta\/#\/schema\/person\/6d6e25cb0435eb4a02fd44d30b4e3020"},"breadcrumb":{"@id":"https:\/\/nk7-testes.com.br\/agazeta\/pm-prende-acusado-de-integrar-organizacao-criminosa-em-sena-madureira\/#breadcrumb"},"inLanguage":"pt-BR","potentialAction":[{"@type":"ReadAction","target":["https:\/\/nk7-testes.com.br\/agazeta\/pm-prende-acusado-de-integrar-organizacao-criminosa-em-sena-madureira\/"]}]},{"@type":"ImageObject","inLanguage":"pt-BR","@id":"https:\/\/nk7-testes.com.br\/agazeta\/pm-prende-acusado-de-integrar-organizacao-criminosa-em-sena-madureira\/#primaryimage","url":"https:\/\/nk7-testes.com.br\/agazeta\/wp-content\/uploads\/2016\/12\/081216-policia-suspeito-bd13sena.jpg","contentUrl":"https:\/\/nk7-testes.com.br\/agazeta\/wp-content\/uploads\/2016\/12\/081216-policia-suspeito-bd13sena.jpg","width":458,"height":340,"caption":"081216-policia-suspeito-bd13sena"},{"@type":"BreadcrumbList","@id":"https:\/\/nk7-testes.com.br\/agazeta\/pm-prende-acusado-de-integrar-organizacao-criminosa-em-sena-madureira\/#breadcrumb","itemListElement":[{"@type":"ListItem","position":1,"name":"In\u00edcio","item":"https:\/\/nk7-testes.com.br\/agazeta\/"},{"@type":"ListItem","position":2,"name":"PM prende acusado de integrar organiza\u00e7\u00e3o criminosa em Sena"}]},{"@type":"WebSite","@id":"https:\/\/nk7-testes.com.br\/agazeta\/#website","url":"https:\/\/nk7-testes.com.br\/agazeta\/","name":"Agazeta.net","description":"Agazeta.net - Not\u00edcias de Rio Branco\/AC","potentialAction":[{"@type":"SearchAction","target":{"@type":"EntryPoint","urlTemplate":"https:\/\/nk7-testes.com.br\/agazeta\/?s={search_term_string}"},"query-input":{"@type":"PropertyValueSpecification","valueRequired":true,"valueName":"search_term_string"}}],"inLanguage":"pt-BR"},{"@type":"Person","@id":"https:\/\/nk7-testes.com.br\/agazeta\/#\/schema\/person\/6d6e25cb0435eb4a02fd44d30b4e3020","name":"Agazeta.Net","url":"https:\/\/nk7-testes.com.br\/agazeta\/author\/agazeta\/"}]}},"_links":{"self":[{"href":"https:\/\/nk7-testes.com.br\/agazeta\/wp-json\/wp\/v2\/posts\/26822","targetHints":{"allow":["GET"]}}],"collection":[{"href":"https:\/\/nk7-testes.com.br\/agazeta\/wp-json\/wp\/v2\/posts"}],"about":[{"href":"https:\/\/nk7-testes.com.br\/agazeta\/wp-json\/wp\/v2\/types\/post"}],"author":[{"embeddable":true,"href":"https:\/\/nk7-testes.com.br\/agazeta\/wp-json\/wp\/v2\/users\/4"}],"replies":[{"embeddable":true,"href":"https:\/\/nk7-testes.com.br\/agazeta\/wp-json\/wp\/v2\/comments?post=26822"}],"version-history":[{"count":0,"href":"https:\/\/nk7-testes.com.br\/agazeta\/wp-json\/wp\/v2\/posts\/26822\/revisions"}],"wp:featuredmedia":[{"embeddable":true,"href":"https:\/\/nk7-testes.com.br\/agazeta\/wp-json\/wp\/v2\/media\/26821"}],"wp:attachment":[{"href":"https:\/\/nk7-testes.com.br\/agazeta\/wp-json\/wp\/v2\/media?parent=26822"}],"wp:term":[{"taxonomy":"category","embeddable":true,"href":"https:\/\/nk7-testes.com.br\/agazeta\/wp-json\/wp\/v2\/categories?post=26822"},{"taxonomy":"post_tag","embeddable":true,"href":"https:\/\/nk7-testes.com.br\/agazeta\/wp-json\/wp\/v2\/tags?post=26822"}],"curies":[{"name":"wp","href":"https:\/\/api.w.org\/{rel}","templated":true}]}}