{"id":26808,"date":"2016-12-08T13:47:18","date_gmt":"2016-12-08T13:47:18","guid":{"rendered":"https:\/\/abarevegan.com.br\/index.php\/2016\/12\/08\/policia-prende-autores-de-video-de-esquartejamento\/"},"modified":"2016-12-08T13:47:18","modified_gmt":"2016-12-08T13:47:18","slug":"policia-prende-autores-de-video-de-esquartejamento","status":"publish","type":"post","link":"https:\/\/nk7-testes.com.br\/agazeta\/policia-prende-autores-de-video-de-esquartejamento\/","title":{"rendered":"Pol\u00edcia prende autores de v\u00eddeo de esquartejamento"},"content":{"rendered":"<p style=\"text-align: justify;\">\u201c\u00c9 a minha voz. Fui eu que filmei\u201d, diz um dos criminosos<\/p>\n<p style=\"text-align: justify;\">Pol\u00edcia prende 6 suspeitos de envolvimento em decapita\u00e7\u00f5es em Rio Branco. O autor do v\u00eddeo de esquartejamento de dois adolescentes confessou participa\u00e7\u00e3o no crime.<\/p>\n<p style=\"text-align: justify;\">No final da tarde desta quarta-feira (7) a pol\u00edcia prendeu Joalison Nascimento da Silva, 25, na Coloca\u00e7\u00e3o Tocantins, divisa do Acre com o Amazonas. O jovem, morador de Rio Branco, seria integrante da fac\u00e7\u00e3o Bonde dos 13 e confessou ter filmado a decapita\u00e7\u00e3o de dois adolescentes.<\/p>\n<p style=\"text-align: justify;\">O v\u00eddeo se espalhou na internet e mostra os jovens Richard Rodrigues, 16, e Lucas Denedi, 20, sendo decapitados vivos. Na delegacia, junto \u00e0 imprensa, Joalison confirmou o que disse a pol\u00edcia. \u201c\u00c9 a minha voz. Fui eu que filmei\u201d, disse.<\/p>\n<p style=\"text-align: justify;\">O autor do v\u00eddeo da decapita\u00e7\u00e3o tamb\u00e9m afirma que se arrependeu e fala sobre as v\u00edtimas. \u201cMe arrependo, sim. Alguma coisa fizeram, ningu\u00e9m morre de gra\u00e7a, n\u00e9\u201d, respondeu.<\/p>\n<p style=\"text-align: justify;\">De acordo com o delegado Robert Alencar, os corpos foram encontrados no bairro Adalberto Arag\u00e3o em um terreno baldio. \u201cEstavam em uma mata, no fim da principal rua do bairro, com v\u00e1rias casas pr\u00f3ximas. Os corpos estavam esquartejados, um em cima do outro\u201d, relata.<\/p>\n<p style=\"text-align: justify;\">O delegado tamb\u00e9m explica que todos os envolvidos nas decapita\u00e7\u00f5es j\u00e1 foram identificados e a pol\u00edcia deve prend\u00ea-los em breve.<\/p>\n<p style=\"text-align: justify;\">Os autores do primeiro v\u00eddeo Gabriel Nunes, 17, tamb\u00e9m \u00e9 decapitado vivo tamb\u00e9m j\u00e1 foram identificados. Anacleto dos Santos, 18, foi preso, suspeito de ter filmado a barb\u00e1rie. Em depoimento ele afirmou que ajudou a enterrar o que sobrou do corpo.<br \/>Tamb\u00e9m foram presos nesta quarta-feira, quatro jovens suspeitos de participarem de organiza\u00e7\u00e3o criminosa. Segundo o coronel Souza Filho, durante abordagem, na regi\u00e3o do Bairro Nova Esta\u00e7\u00e3o os ocupantes de um ve\u00edculo estavam armados e com materiais que seriam supostamente utilizados para novas execu\u00e7\u00f5es. \u201cEncontramos no ve\u00edculo cordas, sacos pl\u00e1sticos, capuzes, pistola e um rev\u00f3lver\u201d, explica.<\/p>\n<p style=\"text-align: justify;\">Entre os suspeitos presos est\u00e1 um menor de idade, e que segundo apurou a pol\u00edcia civil, est\u00e1 envolvido em pelo menos quatro homic\u00eddios.<\/p>\n","protected":false},"excerpt":{"rendered":"<p style=\"text-align: justify;\">\u201c\u00c9 a minha voz. Fui eu que filmei\u201d, diz um dos criminosos<\/p>\n","protected":false},"author":4,"featured_media":26807,"comment_status":"open","ping_status":"open","sticky":false,"template":"","format":"standard","meta":{"jnews-multi-image_gallery":[],"jnews_single_post":[],"jnews_primary_category":[],"jnews_social_meta":[],"jnews_review":[],"enable_review":"","type":"","name":"","summary":"","brand":"","sku":"","good":[],"bad":[],"score_override":"","override_value":"","rating":[],"price":[],"footnotes":""},"categories":[44],"tags":[],"class_list":["post-26808","post","type-post","status-publish","format-standard","has-post-thumbnail","hentry","category-policia"],"yoast_head":"<!-- This site is optimized with the Yoast SEO plugin v26.5 - https:\/\/yoast.com\/wordpress\/plugins\/seo\/ -->\n<title>Pol\u00edcia prende autores de v\u00eddeo de esquartejamento - Agazeta.net<\/title>\n<meta name=\"robots\" content=\"index, follow, max-snippet:-1, max-image-preview:large, max-video-preview:-1\" \/>\n<link rel=\"canonical\" href=\"https:\/\/nk7-testes.com.br\/agazeta\/policia-prende-autores-de-video-de-esquartejamento\/\" \/>\n<meta property=\"og:locale\" content=\"pt_BR\" \/>\n<meta property=\"og:type\" content=\"article\" \/>\n<meta property=\"og:title\" content=\"Pol\u00edcia prende autores de v\u00eddeo de esquartejamento - Agazeta.net\" \/>\n<meta property=\"og:description\" content=\"\u201c\u00c9 a minha voz. Fui eu que filmei\u201d, diz um dos criminosos\" \/>\n<meta property=\"og:url\" content=\"https:\/\/nk7-testes.com.br\/agazeta\/policia-prende-autores-de-video-de-esquartejamento\/\" \/>\n<meta property=\"og:site_name\" content=\"Agazeta.net\" \/>\n<meta property=\"article:published_time\" content=\"2016-12-08T13:47:18+00:00\" \/>\n<meta property=\"og:image\" content=\"https:\/\/nk7-testes.com.br\/agazeta\/wp-content\/uploads\/2016\/12\/081216-policia-presos-tvgazeta.jpg\" \/>\n\t<meta property=\"og:image:width\" content=\"458\" \/>\n\t<meta property=\"og:image:height\" content=\"340\" \/>\n\t<meta property=\"og:image:type\" content=\"image\/jpeg\" \/>\n<meta name=\"author\" content=\"Agazeta.Net\" \/>\n<meta name=\"twitter:card\" content=\"summary_large_image\" \/>\n<meta name=\"twitter:label1\" content=\"Escrito por\" \/>\n\t<meta name=\"twitter:data1\" content=\"Agazeta.Net\" \/>\n\t<meta name=\"twitter:label2\" content=\"Est. tempo de leitura\" \/>\n\t<meta name=\"twitter:data2\" content=\"2 minutos\" \/>\n<script type=\"application\/ld+json\" class=\"yoast-schema-graph\">{\"@context\":\"https:\/\/schema.org\",\"@graph\":[{\"@type\":\"WebPage\",\"@id\":\"https:\/\/nk7-testes.com.br\/agazeta\/policia-prende-autores-de-video-de-esquartejamento\/\",\"url\":\"https:\/\/nk7-testes.com.br\/agazeta\/policia-prende-autores-de-video-de-esquartejamento\/\",\"name\":\"Pol\u00edcia prende autores de v\u00eddeo de esquartejamento - Agazeta.net\",\"isPartOf\":{\"@id\":\"https:\/\/nk7-testes.com.br\/agazeta\/#website\"},\"primaryImageOfPage\":{\"@id\":\"https:\/\/nk7-testes.com.br\/agazeta\/policia-prende-autores-de-video-de-esquartejamento\/#primaryimage\"},\"image\":{\"@id\":\"https:\/\/nk7-testes.com.br\/agazeta\/policia-prende-autores-de-video-de-esquartejamento\/#primaryimage\"},\"thumbnailUrl\":\"https:\/\/nk7-testes.com.br\/agazeta\/wp-content\/uploads\/2016\/12\/081216-policia-presos-tvgazeta.jpg\",\"datePublished\":\"2016-12-08T13:47:18+00:00\",\"author\":{\"@id\":\"https:\/\/nk7-testes.com.br\/agazeta\/#\/schema\/person\/6d6e25cb0435eb4a02fd44d30b4e3020\"},\"breadcrumb\":{\"@id\":\"https:\/\/nk7-testes.com.br\/agazeta\/policia-prende-autores-de-video-de-esquartejamento\/#breadcrumb\"},\"inLanguage\":\"pt-BR\",\"potentialAction\":[{\"@type\":\"ReadAction\",\"target\":[\"https:\/\/nk7-testes.com.br\/agazeta\/policia-prende-autores-de-video-de-esquartejamento\/\"]}]},{\"@type\":\"ImageObject\",\"inLanguage\":\"pt-BR\",\"@id\":\"https:\/\/nk7-testes.com.br\/agazeta\/policia-prende-autores-de-video-de-esquartejamento\/#primaryimage\",\"url\":\"https:\/\/nk7-testes.com.br\/agazeta\/wp-content\/uploads\/2016\/12\/081216-policia-presos-tvgazeta.jpg\",\"contentUrl\":\"https:\/\/nk7-testes.com.br\/agazeta\/wp-content\/uploads\/2016\/12\/081216-policia-presos-tvgazeta.jpg\",\"width\":458,\"height\":340,\"caption\":\"081216-policia-presos-tvgazeta\"},{\"@type\":\"BreadcrumbList\",\"@id\":\"https:\/\/nk7-testes.com.br\/agazeta\/policia-prende-autores-de-video-de-esquartejamento\/#breadcrumb\",\"itemListElement\":[{\"@type\":\"ListItem\",\"position\":1,\"name\":\"In\u00edcio\",\"item\":\"https:\/\/nk7-testes.com.br\/agazeta\/\"},{\"@type\":\"ListItem\",\"position\":2,\"name\":\"Pol\u00edcia prende autores de v\u00eddeo de esquartejamento\"}]},{\"@type\":\"WebSite\",\"@id\":\"https:\/\/nk7-testes.com.br\/agazeta\/#website\",\"url\":\"https:\/\/nk7-testes.com.br\/agazeta\/\",\"name\":\"Agazeta.net\",\"description\":\"Agazeta.net - Not\u00edcias de Rio Branco\/AC\",\"potentialAction\":[{\"@type\":\"SearchAction\",\"target\":{\"@type\":\"EntryPoint\",\"urlTemplate\":\"https:\/\/nk7-testes.com.br\/agazeta\/?s={search_term_string}\"},\"query-input\":{\"@type\":\"PropertyValueSpecification\",\"valueRequired\":true,\"valueName\":\"search_term_string\"}}],\"inLanguage\":\"pt-BR\"},{\"@type\":\"Person\",\"@id\":\"https:\/\/nk7-testes.com.br\/agazeta\/#\/schema\/person\/6d6e25cb0435eb4a02fd44d30b4e3020\",\"name\":\"Agazeta.Net\",\"url\":\"https:\/\/nk7-testes.com.br\/agazeta\/author\/agazeta\/\"}]}<\/script>\n<!-- \/ Yoast SEO plugin. -->","yoast_head_json":{"title":"Pol\u00edcia prende autores de v\u00eddeo de esquartejamento - Agazeta.net","robots":{"index":"index","follow":"follow","max-snippet":"max-snippet:-1","max-image-preview":"max-image-preview:large","max-video-preview":"max-video-preview:-1"},"canonical":"https:\/\/nk7-testes.com.br\/agazeta\/policia-prende-autores-de-video-de-esquartejamento\/","og_locale":"pt_BR","og_type":"article","og_title":"Pol\u00edcia prende autores de v\u00eddeo de esquartejamento - Agazeta.net","og_description":"\u201c\u00c9 a minha voz. Fui eu que filmei\u201d, diz um dos criminosos","og_url":"https:\/\/nk7-testes.com.br\/agazeta\/policia-prende-autores-de-video-de-esquartejamento\/","og_site_name":"Agazeta.net","article_published_time":"2016-12-08T13:47:18+00:00","og_image":[{"width":458,"height":340,"url":"https:\/\/nk7-testes.com.br\/agazeta\/wp-content\/uploads\/2016\/12\/081216-policia-presos-tvgazeta.jpg","type":"image\/jpeg"}],"author":"Agazeta.Net","twitter_card":"summary_large_image","twitter_misc":{"Escrito por":"Agazeta.Net","Est. tempo de leitura":"2 minutos"},"schema":{"@context":"https:\/\/schema.org","@graph":[{"@type":"WebPage","@id":"https:\/\/nk7-testes.com.br\/agazeta\/policia-prende-autores-de-video-de-esquartejamento\/","url":"https:\/\/nk7-testes.com.br\/agazeta\/policia-prende-autores-de-video-de-esquartejamento\/","name":"Pol\u00edcia prende autores de v\u00eddeo de esquartejamento - Agazeta.net","isPartOf":{"@id":"https:\/\/nk7-testes.com.br\/agazeta\/#website"},"primaryImageOfPage":{"@id":"https:\/\/nk7-testes.com.br\/agazeta\/policia-prende-autores-de-video-de-esquartejamento\/#primaryimage"},"image":{"@id":"https:\/\/nk7-testes.com.br\/agazeta\/policia-prende-autores-de-video-de-esquartejamento\/#primaryimage"},"thumbnailUrl":"https:\/\/nk7-testes.com.br\/agazeta\/wp-content\/uploads\/2016\/12\/081216-policia-presos-tvgazeta.jpg","datePublished":"2016-12-08T13:47:18+00:00","author":{"@id":"https:\/\/nk7-testes.com.br\/agazeta\/#\/schema\/person\/6d6e25cb0435eb4a02fd44d30b4e3020"},"breadcrumb":{"@id":"https:\/\/nk7-testes.com.br\/agazeta\/policia-prende-autores-de-video-de-esquartejamento\/#breadcrumb"},"inLanguage":"pt-BR","potentialAction":[{"@type":"ReadAction","target":["https:\/\/nk7-testes.com.br\/agazeta\/policia-prende-autores-de-video-de-esquartejamento\/"]}]},{"@type":"ImageObject","inLanguage":"pt-BR","@id":"https:\/\/nk7-testes.com.br\/agazeta\/policia-prende-autores-de-video-de-esquartejamento\/#primaryimage","url":"https:\/\/nk7-testes.com.br\/agazeta\/wp-content\/uploads\/2016\/12\/081216-policia-presos-tvgazeta.jpg","contentUrl":"https:\/\/nk7-testes.com.br\/agazeta\/wp-content\/uploads\/2016\/12\/081216-policia-presos-tvgazeta.jpg","width":458,"height":340,"caption":"081216-policia-presos-tvgazeta"},{"@type":"BreadcrumbList","@id":"https:\/\/nk7-testes.com.br\/agazeta\/policia-prende-autores-de-video-de-esquartejamento\/#breadcrumb","itemListElement":[{"@type":"ListItem","position":1,"name":"In\u00edcio","item":"https:\/\/nk7-testes.com.br\/agazeta\/"},{"@type":"ListItem","position":2,"name":"Pol\u00edcia prende autores de v\u00eddeo de esquartejamento"}]},{"@type":"WebSite","@id":"https:\/\/nk7-testes.com.br\/agazeta\/#website","url":"https:\/\/nk7-testes.com.br\/agazeta\/","name":"Agazeta.net","description":"Agazeta.net - Not\u00edcias de Rio Branco\/AC","potentialAction":[{"@type":"SearchAction","target":{"@type":"EntryPoint","urlTemplate":"https:\/\/nk7-testes.com.br\/agazeta\/?s={search_term_string}"},"query-input":{"@type":"PropertyValueSpecification","valueRequired":true,"valueName":"search_term_string"}}],"inLanguage":"pt-BR"},{"@type":"Person","@id":"https:\/\/nk7-testes.com.br\/agazeta\/#\/schema\/person\/6d6e25cb0435eb4a02fd44d30b4e3020","name":"Agazeta.Net","url":"https:\/\/nk7-testes.com.br\/agazeta\/author\/agazeta\/"}]}},"_links":{"self":[{"href":"https:\/\/nk7-testes.com.br\/agazeta\/wp-json\/wp\/v2\/posts\/26808","targetHints":{"allow":["GET"]}}],"collection":[{"href":"https:\/\/nk7-testes.com.br\/agazeta\/wp-json\/wp\/v2\/posts"}],"about":[{"href":"https:\/\/nk7-testes.com.br\/agazeta\/wp-json\/wp\/v2\/types\/post"}],"author":[{"embeddable":true,"href":"https:\/\/nk7-testes.com.br\/agazeta\/wp-json\/wp\/v2\/users\/4"}],"replies":[{"embeddable":true,"href":"https:\/\/nk7-testes.com.br\/agazeta\/wp-json\/wp\/v2\/comments?post=26808"}],"version-history":[{"count":0,"href":"https:\/\/nk7-testes.com.br\/agazeta\/wp-json\/wp\/v2\/posts\/26808\/revisions"}],"wp:featuredmedia":[{"embeddable":true,"href":"https:\/\/nk7-testes.com.br\/agazeta\/wp-json\/wp\/v2\/media\/26807"}],"wp:attachment":[{"href":"https:\/\/nk7-testes.com.br\/agazeta\/wp-json\/wp\/v2\/media?parent=26808"}],"wp:term":[{"taxonomy":"category","embeddable":true,"href":"https:\/\/nk7-testes.com.br\/agazeta\/wp-json\/wp\/v2\/categories?post=26808"},{"taxonomy":"post_tag","embeddable":true,"href":"https:\/\/nk7-testes.com.br\/agazeta\/wp-json\/wp\/v2\/tags?post=26808"}],"curies":[{"name":"wp","href":"https:\/\/api.w.org\/{rel}","templated":true}]}}