{"id":26806,"date":"2016-12-07T22:55:30","date_gmt":"2016-12-07T22:55:30","guid":{"rendered":"https:\/\/abarevegan.com.br\/index.php\/2016\/12\/07\/upa-franco-silva-realiza-capacitacao-para-profissionais-da-unidade\/"},"modified":"2016-12-07T22:55:30","modified_gmt":"2016-12-07T22:55:30","slug":"upa-franco-silva-realiza-capacitacao-para-profissionais-da-unidade","status":"publish","type":"post","link":"https:\/\/nk7-testes.com.br\/agazeta\/upa-franco-silva-realiza-capacitacao-para-profissionais-da-unidade\/","title":{"rendered":"UPA realiza capacita\u00e7\u00e3o para profissionais da unidade"},"content":{"rendered":"<p style=\"text-align: justify;\">Proposta \u00e9 melhorar a atua\u00e7\u00e3o do profissionais<\/p>\n<p style=\"text-align: justify;\">Multiprofissionais de sa\u00fade que atuam na Unidade de Pronto Atendimento (UPA) Franco Silva, na Baixada do Sol, iniciaram na tarde de ter\u00e7a-feira, 6, a capacita\u00e7\u00e3o em Suporte B\u00e1sico e Avan\u00e7ado em Parada Cardiorrespirat\u00f3ria (PCR).<\/p>\n<p style=\"text-align: justify;\">A a\u00e7\u00e3o \u00e9 promovida pelo N\u00facleo de Educa\u00e7\u00e3o Permanente (NEP) da UPA, em parceria com a Liga Multiprofissional em Terapia Intensiva da Universidade Federal do Acre (Ufac).<\/p>\n<p style=\"text-align: justify;\">A qualifica\u00e7\u00e3o, com dura\u00e7\u00e3o de dois dias, faz parte da forma\u00e7\u00e3o continuada que est\u00e1 sendo realizada, desde o m\u00eas de julho, pela dire\u00e7\u00e3o-geral da unidade em parceria com a coordena\u00e7\u00e3o do NEP.<\/p>\n<p style=\"text-align: justify;\">A proposta \u00e9 proporcionar melhorias na atua\u00e7\u00e3o profissional dos servidores da UPA Franco Silva.<\/p>\n<p style=\"text-align: justify;\">\u201cA continuidade da capacita\u00e7\u00e3o que a dire\u00e7\u00e3o da unidade programou permite que os profissionais revejam conte\u00fados que j\u00e1 aprenderam e sejam atualizados com t\u00e9cnicas mais recentes. O resultado disso podemos ver no atendimento dos pacientes que saem satisfeitos\u201d, observou Ana Carla Clementino, diretora-geral da unidade.<\/p>\n<p style=\"text-align: justify;\">O N\u00facleo de Educa\u00e7\u00e3o Permanente (NEP) foi criado este ano para que a unidade possa formar uma equipe coesa, com mesmo n\u00edvel te\u00f3rico e pr\u00e1tico. Est\u00e3o participando da capacita\u00e7\u00e3o 68 profissionais da unidade de sa\u00fade da Baixada do Sol.<\/p>\n<p style=\"text-align: justify;\">Segundo a coordenadora do NEP, Jomara Nascimento, as capacita\u00e7\u00f5es visam ampliar o conhecimento. \u201cIsso permite que os profissionais prestem atendimento da melhor forma aos pacientes, dando um atendimento priorit\u00e1rio aos pacientes com parada cardiorrespirat\u00f3ria, de forma atualizada e correta\u201d, finalizou a coordenadora.<\/p>\n","protected":false},"excerpt":{"rendered":"<p style=\"text-align: justify;\">Proposta \u00e9 melhorar a atua\u00e7\u00e3o do profissionais<\/p>\n","protected":false},"author":4,"featured_media":26805,"comment_status":"open","ping_status":"open","sticky":false,"template":"","format":"standard","meta":{"jnews-multi-image_gallery":[],"jnews_single_post":[],"jnews_primary_category":[],"jnews_social_meta":[],"jnews_review":[],"enable_review":"","type":"","name":"","summary":"","brand":"","sku":"","good":[],"bad":[],"score_override":"","override_value":"","rating":[],"price":[],"footnotes":""},"categories":[54],"tags":[],"class_list":["post-26806","post","type-post","status-publish","format-standard","has-post-thumbnail","hentry","category-cotidiano"],"yoast_head":"<!-- This site is optimized with the Yoast SEO plugin v26.5 - https:\/\/yoast.com\/wordpress\/plugins\/seo\/ -->\n<title>UPA realiza capacita\u00e7\u00e3o para profissionais da unidade - Agazeta.net<\/title>\n<meta name=\"robots\" content=\"index, follow, max-snippet:-1, max-image-preview:large, max-video-preview:-1\" \/>\n<link rel=\"canonical\" href=\"https:\/\/nk7-testes.com.br\/agazeta\/upa-franco-silva-realiza-capacitacao-para-profissionais-da-unidade\/\" \/>\n<meta property=\"og:locale\" content=\"pt_BR\" \/>\n<meta property=\"og:type\" content=\"article\" \/>\n<meta property=\"og:title\" content=\"UPA realiza capacita\u00e7\u00e3o para profissionais da unidade - Agazeta.net\" \/>\n<meta property=\"og:description\" content=\"Proposta \u00e9 melhorar a atua\u00e7\u00e3o do profissionais\" \/>\n<meta property=\"og:url\" content=\"https:\/\/nk7-testes.com.br\/agazeta\/upa-franco-silva-realiza-capacitacao-para-profissionais-da-unidade\/\" \/>\n<meta property=\"og:site_name\" content=\"Agazeta.net\" \/>\n<meta property=\"article:published_time\" content=\"2016-12-07T22:55:30+00:00\" \/>\n<meta property=\"og:image\" content=\"https:\/\/nk7-testes.com.br\/agazeta\/wp-content\/uploads\/2016\/12\/071216-cotidiano-capacitacao.jpg\" \/>\n\t<meta property=\"og:image:width\" content=\"458\" \/>\n\t<meta property=\"og:image:height\" content=\"340\" \/>\n\t<meta property=\"og:image:type\" content=\"image\/jpeg\" \/>\n<meta name=\"author\" content=\"Agazeta.Net\" \/>\n<meta name=\"twitter:card\" content=\"summary_large_image\" \/>\n<meta name=\"twitter:label1\" content=\"Escrito por\" \/>\n\t<meta name=\"twitter:data1\" content=\"Agazeta.Net\" \/>\n\t<meta name=\"twitter:label2\" content=\"Est. tempo de leitura\" \/>\n\t<meta name=\"twitter:data2\" content=\"1 minuto\" \/>\n<script type=\"application\/ld+json\" class=\"yoast-schema-graph\">{\"@context\":\"https:\/\/schema.org\",\"@graph\":[{\"@type\":\"WebPage\",\"@id\":\"https:\/\/nk7-testes.com.br\/agazeta\/upa-franco-silva-realiza-capacitacao-para-profissionais-da-unidade\/\",\"url\":\"https:\/\/nk7-testes.com.br\/agazeta\/upa-franco-silva-realiza-capacitacao-para-profissionais-da-unidade\/\",\"name\":\"UPA realiza capacita\u00e7\u00e3o para profissionais da unidade - Agazeta.net\",\"isPartOf\":{\"@id\":\"https:\/\/nk7-testes.com.br\/agazeta\/#website\"},\"primaryImageOfPage\":{\"@id\":\"https:\/\/nk7-testes.com.br\/agazeta\/upa-franco-silva-realiza-capacitacao-para-profissionais-da-unidade\/#primaryimage\"},\"image\":{\"@id\":\"https:\/\/nk7-testes.com.br\/agazeta\/upa-franco-silva-realiza-capacitacao-para-profissionais-da-unidade\/#primaryimage\"},\"thumbnailUrl\":\"https:\/\/nk7-testes.com.br\/agazeta\/wp-content\/uploads\/2016\/12\/071216-cotidiano-capacitacao.jpg\",\"datePublished\":\"2016-12-07T22:55:30+00:00\",\"author\":{\"@id\":\"https:\/\/nk7-testes.com.br\/agazeta\/#\/schema\/person\/ff6b39d54d6973bfc57f4140f659b23f\"},\"breadcrumb\":{\"@id\":\"https:\/\/nk7-testes.com.br\/agazeta\/upa-franco-silva-realiza-capacitacao-para-profissionais-da-unidade\/#breadcrumb\"},\"inLanguage\":\"pt-BR\",\"potentialAction\":[{\"@type\":\"ReadAction\",\"target\":[\"https:\/\/nk7-testes.com.br\/agazeta\/upa-franco-silva-realiza-capacitacao-para-profissionais-da-unidade\/\"]}]},{\"@type\":\"ImageObject\",\"inLanguage\":\"pt-BR\",\"@id\":\"https:\/\/nk7-testes.com.br\/agazeta\/upa-franco-silva-realiza-capacitacao-para-profissionais-da-unidade\/#primaryimage\",\"url\":\"https:\/\/nk7-testes.com.br\/agazeta\/wp-content\/uploads\/2016\/12\/071216-cotidiano-capacitacao.jpg\",\"contentUrl\":\"https:\/\/nk7-testes.com.br\/agazeta\/wp-content\/uploads\/2016\/12\/071216-cotidiano-capacitacao.jpg\",\"width\":458,\"height\":340,\"caption\":\"071216-cotidiano-capacitacao\"},{\"@type\":\"BreadcrumbList\",\"@id\":\"https:\/\/nk7-testes.com.br\/agazeta\/upa-franco-silva-realiza-capacitacao-para-profissionais-da-unidade\/#breadcrumb\",\"itemListElement\":[{\"@type\":\"ListItem\",\"position\":1,\"name\":\"In\u00edcio\",\"item\":\"https:\/\/nk7-testes.com.br\/agazeta\/\"},{\"@type\":\"ListItem\",\"position\":2,\"name\":\"UPA realiza capacita\u00e7\u00e3o para profissionais da unidade\"}]},{\"@type\":\"WebSite\",\"@id\":\"https:\/\/nk7-testes.com.br\/agazeta\/#website\",\"url\":\"https:\/\/nk7-testes.com.br\/agazeta\/\",\"name\":\"Agazeta.net\",\"description\":\"Agazeta.net - Not\u00edcias de Rio Branco\/AC\",\"potentialAction\":[{\"@type\":\"SearchAction\",\"target\":{\"@type\":\"EntryPoint\",\"urlTemplate\":\"https:\/\/nk7-testes.com.br\/agazeta\/?s={search_term_string}\"},\"query-input\":{\"@type\":\"PropertyValueSpecification\",\"valueRequired\":true,\"valueName\":\"search_term_string\"}}],\"inLanguage\":\"pt-BR\"},{\"@type\":\"Person\",\"@id\":\"https:\/\/nk7-testes.com.br\/agazeta\/#\/schema\/person\/ff6b39d54d6973bfc57f4140f659b23f\",\"name\":\"Agazeta.Net\",\"url\":\"https:\/\/nk7-testes.com.br\/agazeta\/author\/agazeta\/\"}]}<\/script>\n<!-- \/ Yoast SEO plugin. -->","yoast_head_json":{"title":"UPA realiza capacita\u00e7\u00e3o para profissionais da unidade - Agazeta.net","robots":{"index":"index","follow":"follow","max-snippet":"max-snippet:-1","max-image-preview":"max-image-preview:large","max-video-preview":"max-video-preview:-1"},"canonical":"https:\/\/nk7-testes.com.br\/agazeta\/upa-franco-silva-realiza-capacitacao-para-profissionais-da-unidade\/","og_locale":"pt_BR","og_type":"article","og_title":"UPA realiza capacita\u00e7\u00e3o para profissionais da unidade - Agazeta.net","og_description":"Proposta \u00e9 melhorar a atua\u00e7\u00e3o do profissionais","og_url":"https:\/\/nk7-testes.com.br\/agazeta\/upa-franco-silva-realiza-capacitacao-para-profissionais-da-unidade\/","og_site_name":"Agazeta.net","article_published_time":"2016-12-07T22:55:30+00:00","og_image":[{"width":458,"height":340,"url":"https:\/\/nk7-testes.com.br\/agazeta\/wp-content\/uploads\/2016\/12\/071216-cotidiano-capacitacao.jpg","type":"image\/jpeg"}],"author":"Agazeta.Net","twitter_card":"summary_large_image","twitter_misc":{"Escrito por":"Agazeta.Net","Est. tempo de leitura":"1 minuto"},"schema":{"@context":"https:\/\/schema.org","@graph":[{"@type":"WebPage","@id":"https:\/\/nk7-testes.com.br\/agazeta\/upa-franco-silva-realiza-capacitacao-para-profissionais-da-unidade\/","url":"https:\/\/nk7-testes.com.br\/agazeta\/upa-franco-silva-realiza-capacitacao-para-profissionais-da-unidade\/","name":"UPA realiza capacita\u00e7\u00e3o para profissionais da unidade - Agazeta.net","isPartOf":{"@id":"https:\/\/nk7-testes.com.br\/agazeta\/#website"},"primaryImageOfPage":{"@id":"https:\/\/nk7-testes.com.br\/agazeta\/upa-franco-silva-realiza-capacitacao-para-profissionais-da-unidade\/#primaryimage"},"image":{"@id":"https:\/\/nk7-testes.com.br\/agazeta\/upa-franco-silva-realiza-capacitacao-para-profissionais-da-unidade\/#primaryimage"},"thumbnailUrl":"https:\/\/nk7-testes.com.br\/agazeta\/wp-content\/uploads\/2016\/12\/071216-cotidiano-capacitacao.jpg","datePublished":"2016-12-07T22:55:30+00:00","author":{"@id":"https:\/\/nk7-testes.com.br\/agazeta\/#\/schema\/person\/ff6b39d54d6973bfc57f4140f659b23f"},"breadcrumb":{"@id":"https:\/\/nk7-testes.com.br\/agazeta\/upa-franco-silva-realiza-capacitacao-para-profissionais-da-unidade\/#breadcrumb"},"inLanguage":"pt-BR","potentialAction":[{"@type":"ReadAction","target":["https:\/\/nk7-testes.com.br\/agazeta\/upa-franco-silva-realiza-capacitacao-para-profissionais-da-unidade\/"]}]},{"@type":"ImageObject","inLanguage":"pt-BR","@id":"https:\/\/nk7-testes.com.br\/agazeta\/upa-franco-silva-realiza-capacitacao-para-profissionais-da-unidade\/#primaryimage","url":"https:\/\/nk7-testes.com.br\/agazeta\/wp-content\/uploads\/2016\/12\/071216-cotidiano-capacitacao.jpg","contentUrl":"https:\/\/nk7-testes.com.br\/agazeta\/wp-content\/uploads\/2016\/12\/071216-cotidiano-capacitacao.jpg","width":458,"height":340,"caption":"071216-cotidiano-capacitacao"},{"@type":"BreadcrumbList","@id":"https:\/\/nk7-testes.com.br\/agazeta\/upa-franco-silva-realiza-capacitacao-para-profissionais-da-unidade\/#breadcrumb","itemListElement":[{"@type":"ListItem","position":1,"name":"In\u00edcio","item":"https:\/\/nk7-testes.com.br\/agazeta\/"},{"@type":"ListItem","position":2,"name":"UPA realiza capacita\u00e7\u00e3o para profissionais da unidade"}]},{"@type":"WebSite","@id":"https:\/\/nk7-testes.com.br\/agazeta\/#website","url":"https:\/\/nk7-testes.com.br\/agazeta\/","name":"Agazeta.net","description":"Agazeta.net - Not\u00edcias de Rio Branco\/AC","potentialAction":[{"@type":"SearchAction","target":{"@type":"EntryPoint","urlTemplate":"https:\/\/nk7-testes.com.br\/agazeta\/?s={search_term_string}"},"query-input":{"@type":"PropertyValueSpecification","valueRequired":true,"valueName":"search_term_string"}}],"inLanguage":"pt-BR"},{"@type":"Person","@id":"https:\/\/nk7-testes.com.br\/agazeta\/#\/schema\/person\/ff6b39d54d6973bfc57f4140f659b23f","name":"Agazeta.Net","url":"https:\/\/nk7-testes.com.br\/agazeta\/author\/agazeta\/"}]}},"_links":{"self":[{"href":"https:\/\/nk7-testes.com.br\/agazeta\/wp-json\/wp\/v2\/posts\/26806","targetHints":{"allow":["GET"]}}],"collection":[{"href":"https:\/\/nk7-testes.com.br\/agazeta\/wp-json\/wp\/v2\/posts"}],"about":[{"href":"https:\/\/nk7-testes.com.br\/agazeta\/wp-json\/wp\/v2\/types\/post"}],"author":[{"embeddable":true,"href":"https:\/\/nk7-testes.com.br\/agazeta\/wp-json\/wp\/v2\/users\/4"}],"replies":[{"embeddable":true,"href":"https:\/\/nk7-testes.com.br\/agazeta\/wp-json\/wp\/v2\/comments?post=26806"}],"version-history":[{"count":0,"href":"https:\/\/nk7-testes.com.br\/agazeta\/wp-json\/wp\/v2\/posts\/26806\/revisions"}],"wp:featuredmedia":[{"embeddable":true,"href":"https:\/\/nk7-testes.com.br\/agazeta\/wp-json\/wp\/v2\/media\/26805"}],"wp:attachment":[{"href":"https:\/\/nk7-testes.com.br\/agazeta\/wp-json\/wp\/v2\/media?parent=26806"}],"wp:term":[{"taxonomy":"category","embeddable":true,"href":"https:\/\/nk7-testes.com.br\/agazeta\/wp-json\/wp\/v2\/categories?post=26806"},{"taxonomy":"post_tag","embeddable":true,"href":"https:\/\/nk7-testes.com.br\/agazeta\/wp-json\/wp\/v2\/tags?post=26806"}],"curies":[{"name":"wp","href":"https:\/\/api.w.org\/{rel}","templated":true}]}}