{"id":26779,"date":"2016-12-06T23:07:19","date_gmt":"2016-12-06T23:07:19","guid":{"rendered":"https:\/\/abarevegan.com.br\/index.php\/2016\/12\/06\/ulisses-contradiz-nota-do-comando-da-policia-militar\/"},"modified":"2016-12-06T23:07:19","modified_gmt":"2016-12-06T23:07:19","slug":"ulisses-contradiz-nota-do-comando-da-policia-militar","status":"publish","type":"post","link":"https:\/\/nk7-testes.com.br\/agazeta\/ulisses-contradiz-nota-do-comando-da-policia-militar\/","title":{"rendered":"Ulisses contradiz nota do comando da Pol\u00edcia Militar"},"content":{"rendered":"<p style=\"text-align: justify;\">Nota do comando diz que oficial sai por &#8220;raz\u00f5es pessoais&#8221;<\/p>\n<p style=\"text-align: justify;\">Na manh\u00e3 desta ter\u00e7a-feira, o coronel Ulisses entregou o cargo de sub-comandante da Pol\u00edcia Militar do Acre. A retirada de um benef\u00edcio importante ao or\u00e7amento dos militares foi o que motivou o oficial a tomar a decis\u00e3o. Comando divulga nota a afirma que sa\u00edde a Ulisses se deve a raz\u00f5es pessoais. Mas, as declara\u00e7\u00f5es de Ulisses contradizem o nota oficial do comando divulgada na tarde desta ter\u00e7a-feira.<\/p>\n<p style=\"text-align: justify;\">Ap\u00f3s 3 anos no cargo de sub comandante da Pol\u00edcia Militar, coronel Ulisses retorna ao servi\u00e7o operacional. Com a voz embargada, ele inicia a entrevista explicando que decidiu entregar o cargo ap\u00f3s saber que um dos mais relevantes benef\u00edcios financeiros dos policiais militares seria cortado.<\/p>\n<p style=\"text-align: justify;\">&#8220;Eu tomei por quest\u00e3o de princ\u00edpios \u00e9ticos, quest\u00e3o de consci\u00eancia, eu entendo que \u00e9 prejudicial aos policiais militares, principalmente da inatividade. N\u00e3o concordo com isso&#8221;, disse.<\/p>\n<p style=\"text-align: justify;\">O principal motivo para a sa\u00edda de Ulisses do posto foi a suspens\u00e3o da &#8220;etapa alimenta\u00e7\u00e3o&#8221;, um adicional que em m\u00e9dia representa cerca de R$ 850,00, ao sal\u00e1rio dos militares.<\/p>\n<p style=\"text-align: justify;\">&#8220;Quero dar \u00eanfase que n\u00e3o estou deixando ou saindo, abandonando do barco, pelo contr\u00e1rio, agora sim, tenho mais liberdade pra trabalhar com a tropa, na rua, combatendo a criminalidade, por que deixo de me preocupar com a parte burocr\u00e1tica e posso focar mais na parte operacional&#8221;, conclui.<\/p>\n<p>Quem assume o cargo de sub-comandante da PM \u00e9 o Coronel Ricardo Brand\u00e3o, que at\u00e9 ent\u00e3o atuava como secret\u00e1rio adjunto da Secretaria de Estado de Seguran\u00e7a P\u00fablica.<\/p>\n","protected":false},"excerpt":{"rendered":"<p style=\"text-align: justify;\">Nota do comando diz que oficial sai por &#8220;raz\u00f5es pessoais&#8221;<\/p>\n","protected":false},"author":4,"featured_media":26778,"comment_status":"open","ping_status":"open","sticky":false,"template":"","format":"standard","meta":{"jnews-multi-image_gallery":[],"jnews_single_post":[],"jnews_primary_category":[],"jnews_social_meta":[],"jnews_review":[],"enable_review":"","type":"","name":"","summary":"","brand":"","sku":"","good":[],"bad":[],"score_override":"","override_value":"","rating":[],"price":[],"footnotes":""},"categories":[44],"tags":[],"class_list":["post-26779","post","type-post","status-publish","format-standard","has-post-thumbnail","hentry","category-policia"],"yoast_head":"<!-- This site is optimized with the Yoast SEO plugin v26.5 - https:\/\/yoast.com\/wordpress\/plugins\/seo\/ -->\n<title>Ulisses contradiz nota do comando da Pol\u00edcia Militar - Agazeta.net<\/title>\n<meta name=\"robots\" content=\"index, follow, max-snippet:-1, max-image-preview:large, max-video-preview:-1\" \/>\n<link rel=\"canonical\" href=\"https:\/\/nk7-testes.com.br\/agazeta\/ulisses-contradiz-nota-do-comando-da-policia-militar\/\" \/>\n<meta property=\"og:locale\" content=\"pt_BR\" \/>\n<meta property=\"og:type\" content=\"article\" \/>\n<meta property=\"og:title\" content=\"Ulisses contradiz nota do comando da Pol\u00edcia Militar - Agazeta.net\" \/>\n<meta property=\"og:description\" content=\"Nota do comando diz que oficial sai por &quot;raz\u00f5es pessoais&quot;\" \/>\n<meta property=\"og:url\" content=\"https:\/\/nk7-testes.com.br\/agazeta\/ulisses-contradiz-nota-do-comando-da-policia-militar\/\" \/>\n<meta property=\"og:site_name\" content=\"Agazeta.net\" \/>\n<meta property=\"article:published_time\" content=\"2016-12-06T23:07:19+00:00\" \/>\n<meta property=\"og:image\" content=\"https:\/\/nk7-testes.com.br\/agazeta\/wp-content\/uploads\/2016\/12\/061216-policia-ulisses-tvgazeta.jpg\" \/>\n\t<meta property=\"og:image:width\" content=\"458\" \/>\n\t<meta property=\"og:image:height\" content=\"340\" \/>\n\t<meta property=\"og:image:type\" content=\"image\/jpeg\" \/>\n<meta name=\"author\" content=\"Agazeta.Net\" \/>\n<meta name=\"twitter:card\" content=\"summary_large_image\" \/>\n<meta name=\"twitter:label1\" content=\"Escrito por\" \/>\n\t<meta name=\"twitter:data1\" content=\"Agazeta.Net\" \/>\n\t<meta name=\"twitter:label2\" content=\"Est. tempo de leitura\" \/>\n\t<meta name=\"twitter:data2\" content=\"1 minuto\" \/>\n<script type=\"application\/ld+json\" class=\"yoast-schema-graph\">{\"@context\":\"https:\/\/schema.org\",\"@graph\":[{\"@type\":\"WebPage\",\"@id\":\"https:\/\/nk7-testes.com.br\/agazeta\/ulisses-contradiz-nota-do-comando-da-policia-militar\/\",\"url\":\"https:\/\/nk7-testes.com.br\/agazeta\/ulisses-contradiz-nota-do-comando-da-policia-militar\/\",\"name\":\"Ulisses contradiz nota do comando da Pol\u00edcia Militar - Agazeta.net\",\"isPartOf\":{\"@id\":\"https:\/\/nk7-testes.com.br\/agazeta\/#website\"},\"primaryImageOfPage\":{\"@id\":\"https:\/\/nk7-testes.com.br\/agazeta\/ulisses-contradiz-nota-do-comando-da-policia-militar\/#primaryimage\"},\"image\":{\"@id\":\"https:\/\/nk7-testes.com.br\/agazeta\/ulisses-contradiz-nota-do-comando-da-policia-militar\/#primaryimage\"},\"thumbnailUrl\":\"https:\/\/nk7-testes.com.br\/agazeta\/wp-content\/uploads\/2016\/12\/061216-policia-ulisses-tvgazeta.jpg\",\"datePublished\":\"2016-12-06T23:07:19+00:00\",\"author\":{\"@id\":\"https:\/\/nk7-testes.com.br\/agazeta\/#\/schema\/person\/6d6e25cb0435eb4a02fd44d30b4e3020\"},\"breadcrumb\":{\"@id\":\"https:\/\/nk7-testes.com.br\/agazeta\/ulisses-contradiz-nota-do-comando-da-policia-militar\/#breadcrumb\"},\"inLanguage\":\"pt-BR\",\"potentialAction\":[{\"@type\":\"ReadAction\",\"target\":[\"https:\/\/nk7-testes.com.br\/agazeta\/ulisses-contradiz-nota-do-comando-da-policia-militar\/\"]}]},{\"@type\":\"ImageObject\",\"inLanguage\":\"pt-BR\",\"@id\":\"https:\/\/nk7-testes.com.br\/agazeta\/ulisses-contradiz-nota-do-comando-da-policia-militar\/#primaryimage\",\"url\":\"https:\/\/nk7-testes.com.br\/agazeta\/wp-content\/uploads\/2016\/12\/061216-policia-ulisses-tvgazeta.jpg\",\"contentUrl\":\"https:\/\/nk7-testes.com.br\/agazeta\/wp-content\/uploads\/2016\/12\/061216-policia-ulisses-tvgazeta.jpg\",\"width\":458,\"height\":340,\"caption\":\"061216-policia-ulisses-tvgazeta\"},{\"@type\":\"BreadcrumbList\",\"@id\":\"https:\/\/nk7-testes.com.br\/agazeta\/ulisses-contradiz-nota-do-comando-da-policia-militar\/#breadcrumb\",\"itemListElement\":[{\"@type\":\"ListItem\",\"position\":1,\"name\":\"In\u00edcio\",\"item\":\"https:\/\/nk7-testes.com.br\/agazeta\/\"},{\"@type\":\"ListItem\",\"position\":2,\"name\":\"Ulisses contradiz nota do comando da Pol\u00edcia Militar\"}]},{\"@type\":\"WebSite\",\"@id\":\"https:\/\/nk7-testes.com.br\/agazeta\/#website\",\"url\":\"https:\/\/nk7-testes.com.br\/agazeta\/\",\"name\":\"Agazeta.net\",\"description\":\"Agazeta.net - Not\u00edcias de Rio Branco\/AC\",\"potentialAction\":[{\"@type\":\"SearchAction\",\"target\":{\"@type\":\"EntryPoint\",\"urlTemplate\":\"https:\/\/nk7-testes.com.br\/agazeta\/?s={search_term_string}\"},\"query-input\":{\"@type\":\"PropertyValueSpecification\",\"valueRequired\":true,\"valueName\":\"search_term_string\"}}],\"inLanguage\":\"pt-BR\"},{\"@type\":\"Person\",\"@id\":\"https:\/\/nk7-testes.com.br\/agazeta\/#\/schema\/person\/6d6e25cb0435eb4a02fd44d30b4e3020\",\"name\":\"Agazeta.Net\",\"url\":\"https:\/\/nk7-testes.com.br\/agazeta\/author\/agazeta\/\"}]}<\/script>\n<!-- \/ Yoast SEO plugin. -->","yoast_head_json":{"title":"Ulisses contradiz nota do comando da Pol\u00edcia Militar - Agazeta.net","robots":{"index":"index","follow":"follow","max-snippet":"max-snippet:-1","max-image-preview":"max-image-preview:large","max-video-preview":"max-video-preview:-1"},"canonical":"https:\/\/nk7-testes.com.br\/agazeta\/ulisses-contradiz-nota-do-comando-da-policia-militar\/","og_locale":"pt_BR","og_type":"article","og_title":"Ulisses contradiz nota do comando da Pol\u00edcia Militar - Agazeta.net","og_description":"Nota do comando diz que oficial sai por \"raz\u00f5es pessoais\"","og_url":"https:\/\/nk7-testes.com.br\/agazeta\/ulisses-contradiz-nota-do-comando-da-policia-militar\/","og_site_name":"Agazeta.net","article_published_time":"2016-12-06T23:07:19+00:00","og_image":[{"width":458,"height":340,"url":"https:\/\/nk7-testes.com.br\/agazeta\/wp-content\/uploads\/2016\/12\/061216-policia-ulisses-tvgazeta.jpg","type":"image\/jpeg"}],"author":"Agazeta.Net","twitter_card":"summary_large_image","twitter_misc":{"Escrito por":"Agazeta.Net","Est. tempo de leitura":"1 minuto"},"schema":{"@context":"https:\/\/schema.org","@graph":[{"@type":"WebPage","@id":"https:\/\/nk7-testes.com.br\/agazeta\/ulisses-contradiz-nota-do-comando-da-policia-militar\/","url":"https:\/\/nk7-testes.com.br\/agazeta\/ulisses-contradiz-nota-do-comando-da-policia-militar\/","name":"Ulisses contradiz nota do comando da Pol\u00edcia Militar - Agazeta.net","isPartOf":{"@id":"https:\/\/nk7-testes.com.br\/agazeta\/#website"},"primaryImageOfPage":{"@id":"https:\/\/nk7-testes.com.br\/agazeta\/ulisses-contradiz-nota-do-comando-da-policia-militar\/#primaryimage"},"image":{"@id":"https:\/\/nk7-testes.com.br\/agazeta\/ulisses-contradiz-nota-do-comando-da-policia-militar\/#primaryimage"},"thumbnailUrl":"https:\/\/nk7-testes.com.br\/agazeta\/wp-content\/uploads\/2016\/12\/061216-policia-ulisses-tvgazeta.jpg","datePublished":"2016-12-06T23:07:19+00:00","author":{"@id":"https:\/\/nk7-testes.com.br\/agazeta\/#\/schema\/person\/6d6e25cb0435eb4a02fd44d30b4e3020"},"breadcrumb":{"@id":"https:\/\/nk7-testes.com.br\/agazeta\/ulisses-contradiz-nota-do-comando-da-policia-militar\/#breadcrumb"},"inLanguage":"pt-BR","potentialAction":[{"@type":"ReadAction","target":["https:\/\/nk7-testes.com.br\/agazeta\/ulisses-contradiz-nota-do-comando-da-policia-militar\/"]}]},{"@type":"ImageObject","inLanguage":"pt-BR","@id":"https:\/\/nk7-testes.com.br\/agazeta\/ulisses-contradiz-nota-do-comando-da-policia-militar\/#primaryimage","url":"https:\/\/nk7-testes.com.br\/agazeta\/wp-content\/uploads\/2016\/12\/061216-policia-ulisses-tvgazeta.jpg","contentUrl":"https:\/\/nk7-testes.com.br\/agazeta\/wp-content\/uploads\/2016\/12\/061216-policia-ulisses-tvgazeta.jpg","width":458,"height":340,"caption":"061216-policia-ulisses-tvgazeta"},{"@type":"BreadcrumbList","@id":"https:\/\/nk7-testes.com.br\/agazeta\/ulisses-contradiz-nota-do-comando-da-policia-militar\/#breadcrumb","itemListElement":[{"@type":"ListItem","position":1,"name":"In\u00edcio","item":"https:\/\/nk7-testes.com.br\/agazeta\/"},{"@type":"ListItem","position":2,"name":"Ulisses contradiz nota do comando da Pol\u00edcia Militar"}]},{"@type":"WebSite","@id":"https:\/\/nk7-testes.com.br\/agazeta\/#website","url":"https:\/\/nk7-testes.com.br\/agazeta\/","name":"Agazeta.net","description":"Agazeta.net - Not\u00edcias de Rio Branco\/AC","potentialAction":[{"@type":"SearchAction","target":{"@type":"EntryPoint","urlTemplate":"https:\/\/nk7-testes.com.br\/agazeta\/?s={search_term_string}"},"query-input":{"@type":"PropertyValueSpecification","valueRequired":true,"valueName":"search_term_string"}}],"inLanguage":"pt-BR"},{"@type":"Person","@id":"https:\/\/nk7-testes.com.br\/agazeta\/#\/schema\/person\/6d6e25cb0435eb4a02fd44d30b4e3020","name":"Agazeta.Net","url":"https:\/\/nk7-testes.com.br\/agazeta\/author\/agazeta\/"}]}},"_links":{"self":[{"href":"https:\/\/nk7-testes.com.br\/agazeta\/wp-json\/wp\/v2\/posts\/26779","targetHints":{"allow":["GET"]}}],"collection":[{"href":"https:\/\/nk7-testes.com.br\/agazeta\/wp-json\/wp\/v2\/posts"}],"about":[{"href":"https:\/\/nk7-testes.com.br\/agazeta\/wp-json\/wp\/v2\/types\/post"}],"author":[{"embeddable":true,"href":"https:\/\/nk7-testes.com.br\/agazeta\/wp-json\/wp\/v2\/users\/4"}],"replies":[{"embeddable":true,"href":"https:\/\/nk7-testes.com.br\/agazeta\/wp-json\/wp\/v2\/comments?post=26779"}],"version-history":[{"count":0,"href":"https:\/\/nk7-testes.com.br\/agazeta\/wp-json\/wp\/v2\/posts\/26779\/revisions"}],"wp:featuredmedia":[{"embeddable":true,"href":"https:\/\/nk7-testes.com.br\/agazeta\/wp-json\/wp\/v2\/media\/26778"}],"wp:attachment":[{"href":"https:\/\/nk7-testes.com.br\/agazeta\/wp-json\/wp\/v2\/media?parent=26779"}],"wp:term":[{"taxonomy":"category","embeddable":true,"href":"https:\/\/nk7-testes.com.br\/agazeta\/wp-json\/wp\/v2\/categories?post=26779"},{"taxonomy":"post_tag","embeddable":true,"href":"https:\/\/nk7-testes.com.br\/agazeta\/wp-json\/wp\/v2\/tags?post=26779"}],"curies":[{"name":"wp","href":"https:\/\/api.w.org\/{rel}","templated":true}]}}