{"id":26775,"date":"2016-12-06T21:30:47","date_gmt":"2016-12-06T21:30:47","guid":{"rendered":"https:\/\/abarevegan.com.br\/index.php\/2016\/12\/06\/surreal-presos-exigem-seguranca-em-presidio\/"},"modified":"2016-12-06T21:30:47","modified_gmt":"2016-12-06T21:30:47","slug":"surreal-presos-exigem-seguranca-em-presidio","status":"publish","type":"post","link":"https:\/\/nk7-testes.com.br\/agazeta\/surreal-presos-exigem-seguranca-em-presidio\/","title":{"rendered":"Surreal: presos exigem seguran\u00e7a em pres\u00eddio"},"content":{"rendered":"<p style=\"text-align: justify;\">Eles pedem uso de tornozeleira eletr\u00f4nica<\/p>\n<p style=\"text-align: justify;\">A frente do F\u00f3rum Criminal foi alvo de um protesto incomum. Presos beneficiados pelo regime semiaberto exigem da Justi\u00e7a mais seguran\u00e7a. Eles entendem que a inseguran\u00e7a na Papudinha poderia ser resolvida se a Justi\u00e7a determinasse uso de tornozeleiras eletr\u00f4nicas.<\/p>\n<p style=\"text-align: justify;\">Na segunda-feira \u00e0 noite (5), a frente da Papudinha ficou lotada de detentos do regime semiaberto. Os 342 presos que cumprem pena nessa unidade penitenci\u00e1ria est\u00e3o preocupados com as constantes amea\u00e7as de chacina entre as fac\u00e7\u00f5es criminosas do lado de dentro ou fora do pr\u00e9dio.<\/p>\n<p style=\"text-align: justify;\">Com isso, eles alegaram falta de seguran\u00e7a e decidiram n\u00e3o dormir no local na noite da segunda-feira. \u201cN\u00f3s j\u00e1 fomos amea\u00e7ados de, a qualquer hora, ter uma chacina aqui. Os policiais s\u00f3 chegam, d\u00e1 bacu [revista] na gente e sai fora (sic)\u201d, disse o preso Francisco Ferreira.<\/p>\n<p style=\"text-align: justify;\">Diante dessas den\u00fancias, a ju\u00edza da Vara de Execu\u00e7\u00f5es Penais j\u00e1 havia liberado os presos no s\u00e1bado para dormirem em suas casas. Para refor\u00e7ar o pedido a ju\u00edza, os detentos fizeram um manifesto na manh\u00e3 desta ter\u00e7a-feira em frente ao f\u00f3rum criminal.<\/p>\n<p style=\"text-align: justify;\">Eles desejam n\u00e3o retornar mais \u00e0 unidade e para isso pedem que seja realizado o monitoramento eletr\u00f4nico. \u201cN\u00f3s temos seguran\u00e7a l\u00e1 dentro. Mas, fora, n\u00f3s n\u00e3o temos seguran\u00e7a\u201d, disse Francisco Nascimento, um dos participantes do protesto.<\/p>\n<p style=\"text-align: justify;\">O grupo alega n\u00e3o fazer parte de nenhuma fac\u00e7\u00e3o criminosa e, por isso, vira alvo f\u00e1cil dos outros presos, j\u00e1 que a unidade n\u00e3o possui qualquer divis\u00e3o entre os alojamentos. O diretor da Papudinha, Denis P\u00edcolo, afirma que medidas j\u00e1 est\u00e3o sendo tomadas para resolver essa situa\u00e7\u00e3o.<\/p>\n<p style=\"text-align: justify;\">\u201cN\u00f3s temos um projeto ideal, que n\u00e3o vai poss\u00edvel ser executado, e temos um plano B que vamos trabalhar nele\u201d, afirmou P\u00edcolo. O diretor disse que o policiamento vai ser refor\u00e7ado, inclusive com agentes treinados para garantir vigil\u00e2ncia dos detentos.<\/p>\n","protected":false},"excerpt":{"rendered":"<p style=\"text-align: justify;\">Eles pedem uso de tornozeleira eletr\u00f4nica<\/p>\n","protected":false},"author":4,"featured_media":26774,"comment_status":"open","ping_status":"open","sticky":false,"template":"","format":"standard","meta":{"jnews-multi-image_gallery":[],"jnews_single_post":[],"jnews_primary_category":[],"jnews_social_meta":[],"jnews_review":[],"enable_review":"","type":"","name":"","summary":"","brand":"","sku":"","good":[],"bad":[],"score_override":"","override_value":"","rating":[],"price":[],"footnotes":""},"categories":[44],"tags":[],"class_list":["post-26775","post","type-post","status-publish","format-standard","has-post-thumbnail","hentry","category-policia"],"yoast_head":"<!-- This site is optimized with the Yoast SEO plugin v26.5 - https:\/\/yoast.com\/wordpress\/plugins\/seo\/ -->\n<title>Surreal: presos exigem seguran\u00e7a em pres\u00eddio - Agazeta.net<\/title>\n<meta name=\"robots\" content=\"index, follow, max-snippet:-1, max-image-preview:large, max-video-preview:-1\" \/>\n<link rel=\"canonical\" href=\"https:\/\/nk7-testes.com.br\/agazeta\/surreal-presos-exigem-seguranca-em-presidio\/\" \/>\n<meta property=\"og:locale\" content=\"pt_BR\" \/>\n<meta property=\"og:type\" content=\"article\" \/>\n<meta property=\"og:title\" content=\"Surreal: presos exigem seguran\u00e7a em pres\u00eddio - Agazeta.net\" \/>\n<meta property=\"og:description\" content=\"Eles pedem uso de tornozeleira eletr\u00f4nica\" \/>\n<meta property=\"og:url\" content=\"https:\/\/nk7-testes.com.br\/agazeta\/surreal-presos-exigem-seguranca-em-presidio\/\" \/>\n<meta property=\"og:site_name\" content=\"Agazeta.net\" \/>\n<meta property=\"article:published_time\" content=\"2016-12-06T21:30:47+00:00\" \/>\n<meta property=\"og:image\" content=\"https:\/\/nk7-testes.com.br\/agazeta\/wp-content\/uploads\/2016\/12\/061216-policia-protestopresos-tvgazeta.jpg\" \/>\n\t<meta property=\"og:image:width\" content=\"458\" \/>\n\t<meta property=\"og:image:height\" content=\"340\" \/>\n\t<meta property=\"og:image:type\" content=\"image\/jpeg\" \/>\n<meta name=\"author\" content=\"Agazeta.Net\" \/>\n<meta name=\"twitter:card\" content=\"summary_large_image\" \/>\n<meta name=\"twitter:label1\" content=\"Escrito por\" \/>\n\t<meta name=\"twitter:data1\" content=\"Agazeta.Net\" \/>\n\t<meta name=\"twitter:label2\" content=\"Est. tempo de leitura\" \/>\n\t<meta name=\"twitter:data2\" content=\"2 minutos\" \/>\n<script type=\"application\/ld+json\" class=\"yoast-schema-graph\">{\"@context\":\"https:\/\/schema.org\",\"@graph\":[{\"@type\":\"WebPage\",\"@id\":\"https:\/\/nk7-testes.com.br\/agazeta\/surreal-presos-exigem-seguranca-em-presidio\/\",\"url\":\"https:\/\/nk7-testes.com.br\/agazeta\/surreal-presos-exigem-seguranca-em-presidio\/\",\"name\":\"Surreal: presos exigem seguran\u00e7a em pres\u00eddio - Agazeta.net\",\"isPartOf\":{\"@id\":\"https:\/\/nk7-testes.com.br\/agazeta\/#website\"},\"primaryImageOfPage\":{\"@id\":\"https:\/\/nk7-testes.com.br\/agazeta\/surreal-presos-exigem-seguranca-em-presidio\/#primaryimage\"},\"image\":{\"@id\":\"https:\/\/nk7-testes.com.br\/agazeta\/surreal-presos-exigem-seguranca-em-presidio\/#primaryimage\"},\"thumbnailUrl\":\"https:\/\/nk7-testes.com.br\/agazeta\/wp-content\/uploads\/2016\/12\/061216-policia-protestopresos-tvgazeta.jpg\",\"datePublished\":\"2016-12-06T21:30:47+00:00\",\"author\":{\"@id\":\"https:\/\/nk7-testes.com.br\/agazeta\/#\/schema\/person\/6d6e25cb0435eb4a02fd44d30b4e3020\"},\"breadcrumb\":{\"@id\":\"https:\/\/nk7-testes.com.br\/agazeta\/surreal-presos-exigem-seguranca-em-presidio\/#breadcrumb\"},\"inLanguage\":\"pt-BR\",\"potentialAction\":[{\"@type\":\"ReadAction\",\"target\":[\"https:\/\/nk7-testes.com.br\/agazeta\/surreal-presos-exigem-seguranca-em-presidio\/\"]}]},{\"@type\":\"ImageObject\",\"inLanguage\":\"pt-BR\",\"@id\":\"https:\/\/nk7-testes.com.br\/agazeta\/surreal-presos-exigem-seguranca-em-presidio\/#primaryimage\",\"url\":\"https:\/\/nk7-testes.com.br\/agazeta\/wp-content\/uploads\/2016\/12\/061216-policia-protestopresos-tvgazeta.jpg\",\"contentUrl\":\"https:\/\/nk7-testes.com.br\/agazeta\/wp-content\/uploads\/2016\/12\/061216-policia-protestopresos-tvgazeta.jpg\",\"width\":458,\"height\":340,\"caption\":\"061216-policia-protestopresos-tvgazeta\"},{\"@type\":\"BreadcrumbList\",\"@id\":\"https:\/\/nk7-testes.com.br\/agazeta\/surreal-presos-exigem-seguranca-em-presidio\/#breadcrumb\",\"itemListElement\":[{\"@type\":\"ListItem\",\"position\":1,\"name\":\"In\u00edcio\",\"item\":\"https:\/\/nk7-testes.com.br\/agazeta\/\"},{\"@type\":\"ListItem\",\"position\":2,\"name\":\"Surreal: presos exigem seguran\u00e7a em pres\u00eddio\"}]},{\"@type\":\"WebSite\",\"@id\":\"https:\/\/nk7-testes.com.br\/agazeta\/#website\",\"url\":\"https:\/\/nk7-testes.com.br\/agazeta\/\",\"name\":\"Agazeta.net\",\"description\":\"Agazeta.net - Not\u00edcias de Rio Branco\/AC\",\"potentialAction\":[{\"@type\":\"SearchAction\",\"target\":{\"@type\":\"EntryPoint\",\"urlTemplate\":\"https:\/\/nk7-testes.com.br\/agazeta\/?s={search_term_string}\"},\"query-input\":{\"@type\":\"PropertyValueSpecification\",\"valueRequired\":true,\"valueName\":\"search_term_string\"}}],\"inLanguage\":\"pt-BR\"},{\"@type\":\"Person\",\"@id\":\"https:\/\/nk7-testes.com.br\/agazeta\/#\/schema\/person\/6d6e25cb0435eb4a02fd44d30b4e3020\",\"name\":\"Agazeta.Net\",\"url\":\"https:\/\/nk7-testes.com.br\/agazeta\/author\/agazeta\/\"}]}<\/script>\n<!-- \/ Yoast SEO plugin. -->","yoast_head_json":{"title":"Surreal: presos exigem seguran\u00e7a em pres\u00eddio - Agazeta.net","robots":{"index":"index","follow":"follow","max-snippet":"max-snippet:-1","max-image-preview":"max-image-preview:large","max-video-preview":"max-video-preview:-1"},"canonical":"https:\/\/nk7-testes.com.br\/agazeta\/surreal-presos-exigem-seguranca-em-presidio\/","og_locale":"pt_BR","og_type":"article","og_title":"Surreal: presos exigem seguran\u00e7a em pres\u00eddio - Agazeta.net","og_description":"Eles pedem uso de tornozeleira eletr\u00f4nica","og_url":"https:\/\/nk7-testes.com.br\/agazeta\/surreal-presos-exigem-seguranca-em-presidio\/","og_site_name":"Agazeta.net","article_published_time":"2016-12-06T21:30:47+00:00","og_image":[{"width":458,"height":340,"url":"https:\/\/nk7-testes.com.br\/agazeta\/wp-content\/uploads\/2016\/12\/061216-policia-protestopresos-tvgazeta.jpg","type":"image\/jpeg"}],"author":"Agazeta.Net","twitter_card":"summary_large_image","twitter_misc":{"Escrito por":"Agazeta.Net","Est. tempo de leitura":"2 minutos"},"schema":{"@context":"https:\/\/schema.org","@graph":[{"@type":"WebPage","@id":"https:\/\/nk7-testes.com.br\/agazeta\/surreal-presos-exigem-seguranca-em-presidio\/","url":"https:\/\/nk7-testes.com.br\/agazeta\/surreal-presos-exigem-seguranca-em-presidio\/","name":"Surreal: presos exigem seguran\u00e7a em pres\u00eddio - Agazeta.net","isPartOf":{"@id":"https:\/\/nk7-testes.com.br\/agazeta\/#website"},"primaryImageOfPage":{"@id":"https:\/\/nk7-testes.com.br\/agazeta\/surreal-presos-exigem-seguranca-em-presidio\/#primaryimage"},"image":{"@id":"https:\/\/nk7-testes.com.br\/agazeta\/surreal-presos-exigem-seguranca-em-presidio\/#primaryimage"},"thumbnailUrl":"https:\/\/nk7-testes.com.br\/agazeta\/wp-content\/uploads\/2016\/12\/061216-policia-protestopresos-tvgazeta.jpg","datePublished":"2016-12-06T21:30:47+00:00","author":{"@id":"https:\/\/nk7-testes.com.br\/agazeta\/#\/schema\/person\/6d6e25cb0435eb4a02fd44d30b4e3020"},"breadcrumb":{"@id":"https:\/\/nk7-testes.com.br\/agazeta\/surreal-presos-exigem-seguranca-em-presidio\/#breadcrumb"},"inLanguage":"pt-BR","potentialAction":[{"@type":"ReadAction","target":["https:\/\/nk7-testes.com.br\/agazeta\/surreal-presos-exigem-seguranca-em-presidio\/"]}]},{"@type":"ImageObject","inLanguage":"pt-BR","@id":"https:\/\/nk7-testes.com.br\/agazeta\/surreal-presos-exigem-seguranca-em-presidio\/#primaryimage","url":"https:\/\/nk7-testes.com.br\/agazeta\/wp-content\/uploads\/2016\/12\/061216-policia-protestopresos-tvgazeta.jpg","contentUrl":"https:\/\/nk7-testes.com.br\/agazeta\/wp-content\/uploads\/2016\/12\/061216-policia-protestopresos-tvgazeta.jpg","width":458,"height":340,"caption":"061216-policia-protestopresos-tvgazeta"},{"@type":"BreadcrumbList","@id":"https:\/\/nk7-testes.com.br\/agazeta\/surreal-presos-exigem-seguranca-em-presidio\/#breadcrumb","itemListElement":[{"@type":"ListItem","position":1,"name":"In\u00edcio","item":"https:\/\/nk7-testes.com.br\/agazeta\/"},{"@type":"ListItem","position":2,"name":"Surreal: presos exigem seguran\u00e7a em pres\u00eddio"}]},{"@type":"WebSite","@id":"https:\/\/nk7-testes.com.br\/agazeta\/#website","url":"https:\/\/nk7-testes.com.br\/agazeta\/","name":"Agazeta.net","description":"Agazeta.net - Not\u00edcias de Rio Branco\/AC","potentialAction":[{"@type":"SearchAction","target":{"@type":"EntryPoint","urlTemplate":"https:\/\/nk7-testes.com.br\/agazeta\/?s={search_term_string}"},"query-input":{"@type":"PropertyValueSpecification","valueRequired":true,"valueName":"search_term_string"}}],"inLanguage":"pt-BR"},{"@type":"Person","@id":"https:\/\/nk7-testes.com.br\/agazeta\/#\/schema\/person\/6d6e25cb0435eb4a02fd44d30b4e3020","name":"Agazeta.Net","url":"https:\/\/nk7-testes.com.br\/agazeta\/author\/agazeta\/"}]}},"_links":{"self":[{"href":"https:\/\/nk7-testes.com.br\/agazeta\/wp-json\/wp\/v2\/posts\/26775","targetHints":{"allow":["GET"]}}],"collection":[{"href":"https:\/\/nk7-testes.com.br\/agazeta\/wp-json\/wp\/v2\/posts"}],"about":[{"href":"https:\/\/nk7-testes.com.br\/agazeta\/wp-json\/wp\/v2\/types\/post"}],"author":[{"embeddable":true,"href":"https:\/\/nk7-testes.com.br\/agazeta\/wp-json\/wp\/v2\/users\/4"}],"replies":[{"embeddable":true,"href":"https:\/\/nk7-testes.com.br\/agazeta\/wp-json\/wp\/v2\/comments?post=26775"}],"version-history":[{"count":0,"href":"https:\/\/nk7-testes.com.br\/agazeta\/wp-json\/wp\/v2\/posts\/26775\/revisions"}],"wp:featuredmedia":[{"embeddable":true,"href":"https:\/\/nk7-testes.com.br\/agazeta\/wp-json\/wp\/v2\/media\/26774"}],"wp:attachment":[{"href":"https:\/\/nk7-testes.com.br\/agazeta\/wp-json\/wp\/v2\/media?parent=26775"}],"wp:term":[{"taxonomy":"category","embeddable":true,"href":"https:\/\/nk7-testes.com.br\/agazeta\/wp-json\/wp\/v2\/categories?post=26775"},{"taxonomy":"post_tag","embeddable":true,"href":"https:\/\/nk7-testes.com.br\/agazeta\/wp-json\/wp\/v2\/tags?post=26775"}],"curies":[{"name":"wp","href":"https:\/\/api.w.org\/{rel}","templated":true}]}}