{"id":26765,"date":"2016-12-06T16:58:09","date_gmt":"2016-12-06T16:58:09","guid":{"rendered":"https:\/\/abarevegan.com.br\/index.php\/2016\/12\/06\/jovem-tem-faca-cravada-nas-costas-em-tarauaca\/"},"modified":"2016-12-06T16:58:09","modified_gmt":"2016-12-06T16:58:09","slug":"jovem-tem-faca-cravada-nas-costas-em-tarauaca","status":"publish","type":"post","link":"https:\/\/nk7-testes.com.br\/agazeta\/jovem-tem-faca-cravada-nas-costas-em-tarauaca\/","title":{"rendered":"Jovem tem faca cravada nas costas em Tarauac\u00e1"},"content":{"rendered":"<p style=\"text-align: justify;\">N\u00e3o se sabe a motiva\u00e7\u00e3o do crime<\/p>\n<p style=\"text-align: justify;\">Jos\u00e9 Lucas Fontenele, 22, mais conhecido como \u201cPez\u00e3o\u201d, foi v\u00edtima de uma tentativa de homic\u00eddio em Tarauac\u00e1. Ele estava sentado na varanda da resid\u00eancia onde mora, na Rua Isaura Borges, no bairro Tri\u00e2ngulo, quando foi esfaqueado nas costas. A faca ficou cravada no corpo do jovem. A fam\u00edlia suspeita do envolvimento de um comparsa na tentativa de assassinar.<\/p>\n<p style=\"text-align: justify;\">\u201cPez\u00e3o\u201d foi socorrido e levado para o hospital da cidade. Os m\u00e9dicos realizam exames para saber as poss\u00edveis les\u00f5es, principalmente nos pulm\u00f5es. S\u00f3 ap\u00f3s, ser\u00e1 poss\u00edvel retirar a faca ou enviar para o Hospital do Juru\u00e1, em Cruzeiro do Sul.<\/p>\n","protected":false},"excerpt":{"rendered":"<p style=\"text-align: justify;\">N\u00e3o se sabe a motiva\u00e7\u00e3o do crime<\/p>\n","protected":false},"author":4,"featured_media":26764,"comment_status":"open","ping_status":"open","sticky":false,"template":"","format":"standard","meta":{"jnews-multi-image_gallery":[],"jnews_single_post":[],"jnews_primary_category":[],"jnews_social_meta":[],"jnews_review":[],"enable_review":"","type":"","name":"","summary":"","brand":"","sku":"","good":[],"bad":[],"score_override":"","override_value":"","rating":[],"price":[],"footnotes":""},"categories":[44],"tags":[],"class_list":["post-26765","post","type-post","status-publish","format-standard","has-post-thumbnail","hentry","category-policia"],"yoast_head":"<!-- This site is optimized with the Yoast SEO plugin v26.5 - https:\/\/yoast.com\/wordpress\/plugins\/seo\/ -->\n<title>Jovem tem faca cravada nas costas em Tarauac\u00e1 - Agazeta.net<\/title>\n<meta name=\"robots\" content=\"index, follow, max-snippet:-1, max-image-preview:large, max-video-preview:-1\" \/>\n<link rel=\"canonical\" href=\"https:\/\/nk7-testes.com.br\/agazeta\/jovem-tem-faca-cravada-nas-costas-em-tarauaca\/\" \/>\n<meta property=\"og:locale\" content=\"pt_BR\" \/>\n<meta property=\"og:type\" content=\"article\" \/>\n<meta property=\"og:title\" content=\"Jovem tem faca cravada nas costas em Tarauac\u00e1 - Agazeta.net\" \/>\n<meta property=\"og:description\" content=\"N\u00e3o se sabe a motiva\u00e7\u00e3o do crime\" \/>\n<meta property=\"og:url\" content=\"https:\/\/nk7-testes.com.br\/agazeta\/jovem-tem-faca-cravada-nas-costas-em-tarauaca\/\" \/>\n<meta property=\"og:site_name\" content=\"Agazeta.net\" \/>\n<meta property=\"article:published_time\" content=\"2016-12-06T16:58:09+00:00\" \/>\n<meta property=\"og:image\" content=\"https:\/\/nk7-testes.com.br\/agazeta\/wp-content\/uploads\/2016\/12\/061216-policia-homemesfaqueado-cedida.jpg\" \/>\n\t<meta property=\"og:image:width\" content=\"458\" \/>\n\t<meta property=\"og:image:height\" content=\"340\" \/>\n\t<meta property=\"og:image:type\" content=\"image\/jpeg\" \/>\n<meta name=\"author\" content=\"Agazeta.Net\" \/>\n<meta name=\"twitter:card\" content=\"summary_large_image\" \/>\n<meta name=\"twitter:label1\" content=\"Escrito por\" \/>\n\t<meta name=\"twitter:data1\" content=\"Agazeta.Net\" \/>\n\t<meta name=\"twitter:label2\" content=\"Est. tempo de leitura\" \/>\n\t<meta name=\"twitter:data2\" content=\"1 minuto\" \/>\n<script type=\"application\/ld+json\" class=\"yoast-schema-graph\">{\"@context\":\"https:\/\/schema.org\",\"@graph\":[{\"@type\":\"WebPage\",\"@id\":\"https:\/\/nk7-testes.com.br\/agazeta\/jovem-tem-faca-cravada-nas-costas-em-tarauaca\/\",\"url\":\"https:\/\/nk7-testes.com.br\/agazeta\/jovem-tem-faca-cravada-nas-costas-em-tarauaca\/\",\"name\":\"Jovem tem faca cravada nas costas em Tarauac\u00e1 - Agazeta.net\",\"isPartOf\":{\"@id\":\"https:\/\/nk7-testes.com.br\/agazeta\/#website\"},\"primaryImageOfPage\":{\"@id\":\"https:\/\/nk7-testes.com.br\/agazeta\/jovem-tem-faca-cravada-nas-costas-em-tarauaca\/#primaryimage\"},\"image\":{\"@id\":\"https:\/\/nk7-testes.com.br\/agazeta\/jovem-tem-faca-cravada-nas-costas-em-tarauaca\/#primaryimage\"},\"thumbnailUrl\":\"https:\/\/nk7-testes.com.br\/agazeta\/wp-content\/uploads\/2016\/12\/061216-policia-homemesfaqueado-cedida.jpg\",\"datePublished\":\"2016-12-06T16:58:09+00:00\",\"author\":{\"@id\":\"https:\/\/nk7-testes.com.br\/agazeta\/#\/schema\/person\/6d6e25cb0435eb4a02fd44d30b4e3020\"},\"breadcrumb\":{\"@id\":\"https:\/\/nk7-testes.com.br\/agazeta\/jovem-tem-faca-cravada-nas-costas-em-tarauaca\/#breadcrumb\"},\"inLanguage\":\"pt-BR\",\"potentialAction\":[{\"@type\":\"ReadAction\",\"target\":[\"https:\/\/nk7-testes.com.br\/agazeta\/jovem-tem-faca-cravada-nas-costas-em-tarauaca\/\"]}]},{\"@type\":\"ImageObject\",\"inLanguage\":\"pt-BR\",\"@id\":\"https:\/\/nk7-testes.com.br\/agazeta\/jovem-tem-faca-cravada-nas-costas-em-tarauaca\/#primaryimage\",\"url\":\"https:\/\/nk7-testes.com.br\/agazeta\/wp-content\/uploads\/2016\/12\/061216-policia-homemesfaqueado-cedida.jpg\",\"contentUrl\":\"https:\/\/nk7-testes.com.br\/agazeta\/wp-content\/uploads\/2016\/12\/061216-policia-homemesfaqueado-cedida.jpg\",\"width\":458,\"height\":340,\"caption\":\"061216-policia-homemesfaqueado-cedida\"},{\"@type\":\"BreadcrumbList\",\"@id\":\"https:\/\/nk7-testes.com.br\/agazeta\/jovem-tem-faca-cravada-nas-costas-em-tarauaca\/#breadcrumb\",\"itemListElement\":[{\"@type\":\"ListItem\",\"position\":1,\"name\":\"In\u00edcio\",\"item\":\"https:\/\/nk7-testes.com.br\/agazeta\/\"},{\"@type\":\"ListItem\",\"position\":2,\"name\":\"Jovem tem faca cravada nas costas em Tarauac\u00e1\"}]},{\"@type\":\"WebSite\",\"@id\":\"https:\/\/nk7-testes.com.br\/agazeta\/#website\",\"url\":\"https:\/\/nk7-testes.com.br\/agazeta\/\",\"name\":\"Agazeta.net\",\"description\":\"Agazeta.net - Not\u00edcias de Rio Branco\/AC\",\"potentialAction\":[{\"@type\":\"SearchAction\",\"target\":{\"@type\":\"EntryPoint\",\"urlTemplate\":\"https:\/\/nk7-testes.com.br\/agazeta\/?s={search_term_string}\"},\"query-input\":{\"@type\":\"PropertyValueSpecification\",\"valueRequired\":true,\"valueName\":\"search_term_string\"}}],\"inLanguage\":\"pt-BR\"},{\"@type\":\"Person\",\"@id\":\"https:\/\/nk7-testes.com.br\/agazeta\/#\/schema\/person\/6d6e25cb0435eb4a02fd44d30b4e3020\",\"name\":\"Agazeta.Net\",\"url\":\"https:\/\/nk7-testes.com.br\/agazeta\/author\/agazeta\/\"}]}<\/script>\n<!-- \/ Yoast SEO plugin. -->","yoast_head_json":{"title":"Jovem tem faca cravada nas costas em Tarauac\u00e1 - Agazeta.net","robots":{"index":"index","follow":"follow","max-snippet":"max-snippet:-1","max-image-preview":"max-image-preview:large","max-video-preview":"max-video-preview:-1"},"canonical":"https:\/\/nk7-testes.com.br\/agazeta\/jovem-tem-faca-cravada-nas-costas-em-tarauaca\/","og_locale":"pt_BR","og_type":"article","og_title":"Jovem tem faca cravada nas costas em Tarauac\u00e1 - Agazeta.net","og_description":"N\u00e3o se sabe a motiva\u00e7\u00e3o do crime","og_url":"https:\/\/nk7-testes.com.br\/agazeta\/jovem-tem-faca-cravada-nas-costas-em-tarauaca\/","og_site_name":"Agazeta.net","article_published_time":"2016-12-06T16:58:09+00:00","og_image":[{"width":458,"height":340,"url":"https:\/\/nk7-testes.com.br\/agazeta\/wp-content\/uploads\/2016\/12\/061216-policia-homemesfaqueado-cedida.jpg","type":"image\/jpeg"}],"author":"Agazeta.Net","twitter_card":"summary_large_image","twitter_misc":{"Escrito por":"Agazeta.Net","Est. tempo de leitura":"1 minuto"},"schema":{"@context":"https:\/\/schema.org","@graph":[{"@type":"WebPage","@id":"https:\/\/nk7-testes.com.br\/agazeta\/jovem-tem-faca-cravada-nas-costas-em-tarauaca\/","url":"https:\/\/nk7-testes.com.br\/agazeta\/jovem-tem-faca-cravada-nas-costas-em-tarauaca\/","name":"Jovem tem faca cravada nas costas em Tarauac\u00e1 - Agazeta.net","isPartOf":{"@id":"https:\/\/nk7-testes.com.br\/agazeta\/#website"},"primaryImageOfPage":{"@id":"https:\/\/nk7-testes.com.br\/agazeta\/jovem-tem-faca-cravada-nas-costas-em-tarauaca\/#primaryimage"},"image":{"@id":"https:\/\/nk7-testes.com.br\/agazeta\/jovem-tem-faca-cravada-nas-costas-em-tarauaca\/#primaryimage"},"thumbnailUrl":"https:\/\/nk7-testes.com.br\/agazeta\/wp-content\/uploads\/2016\/12\/061216-policia-homemesfaqueado-cedida.jpg","datePublished":"2016-12-06T16:58:09+00:00","author":{"@id":"https:\/\/nk7-testes.com.br\/agazeta\/#\/schema\/person\/6d6e25cb0435eb4a02fd44d30b4e3020"},"breadcrumb":{"@id":"https:\/\/nk7-testes.com.br\/agazeta\/jovem-tem-faca-cravada-nas-costas-em-tarauaca\/#breadcrumb"},"inLanguage":"pt-BR","potentialAction":[{"@type":"ReadAction","target":["https:\/\/nk7-testes.com.br\/agazeta\/jovem-tem-faca-cravada-nas-costas-em-tarauaca\/"]}]},{"@type":"ImageObject","inLanguage":"pt-BR","@id":"https:\/\/nk7-testes.com.br\/agazeta\/jovem-tem-faca-cravada-nas-costas-em-tarauaca\/#primaryimage","url":"https:\/\/nk7-testes.com.br\/agazeta\/wp-content\/uploads\/2016\/12\/061216-policia-homemesfaqueado-cedida.jpg","contentUrl":"https:\/\/nk7-testes.com.br\/agazeta\/wp-content\/uploads\/2016\/12\/061216-policia-homemesfaqueado-cedida.jpg","width":458,"height":340,"caption":"061216-policia-homemesfaqueado-cedida"},{"@type":"BreadcrumbList","@id":"https:\/\/nk7-testes.com.br\/agazeta\/jovem-tem-faca-cravada-nas-costas-em-tarauaca\/#breadcrumb","itemListElement":[{"@type":"ListItem","position":1,"name":"In\u00edcio","item":"https:\/\/nk7-testes.com.br\/agazeta\/"},{"@type":"ListItem","position":2,"name":"Jovem tem faca cravada nas costas em Tarauac\u00e1"}]},{"@type":"WebSite","@id":"https:\/\/nk7-testes.com.br\/agazeta\/#website","url":"https:\/\/nk7-testes.com.br\/agazeta\/","name":"Agazeta.net","description":"Agazeta.net - Not\u00edcias de Rio Branco\/AC","potentialAction":[{"@type":"SearchAction","target":{"@type":"EntryPoint","urlTemplate":"https:\/\/nk7-testes.com.br\/agazeta\/?s={search_term_string}"},"query-input":{"@type":"PropertyValueSpecification","valueRequired":true,"valueName":"search_term_string"}}],"inLanguage":"pt-BR"},{"@type":"Person","@id":"https:\/\/nk7-testes.com.br\/agazeta\/#\/schema\/person\/6d6e25cb0435eb4a02fd44d30b4e3020","name":"Agazeta.Net","url":"https:\/\/nk7-testes.com.br\/agazeta\/author\/agazeta\/"}]}},"_links":{"self":[{"href":"https:\/\/nk7-testes.com.br\/agazeta\/wp-json\/wp\/v2\/posts\/26765","targetHints":{"allow":["GET"]}}],"collection":[{"href":"https:\/\/nk7-testes.com.br\/agazeta\/wp-json\/wp\/v2\/posts"}],"about":[{"href":"https:\/\/nk7-testes.com.br\/agazeta\/wp-json\/wp\/v2\/types\/post"}],"author":[{"embeddable":true,"href":"https:\/\/nk7-testes.com.br\/agazeta\/wp-json\/wp\/v2\/users\/4"}],"replies":[{"embeddable":true,"href":"https:\/\/nk7-testes.com.br\/agazeta\/wp-json\/wp\/v2\/comments?post=26765"}],"version-history":[{"count":0,"href":"https:\/\/nk7-testes.com.br\/agazeta\/wp-json\/wp\/v2\/posts\/26765\/revisions"}],"wp:featuredmedia":[{"embeddable":true,"href":"https:\/\/nk7-testes.com.br\/agazeta\/wp-json\/wp\/v2\/media\/26764"}],"wp:attachment":[{"href":"https:\/\/nk7-testes.com.br\/agazeta\/wp-json\/wp\/v2\/media?parent=26765"}],"wp:term":[{"taxonomy":"category","embeddable":true,"href":"https:\/\/nk7-testes.com.br\/agazeta\/wp-json\/wp\/v2\/categories?post=26765"},{"taxonomy":"post_tag","embeddable":true,"href":"https:\/\/nk7-testes.com.br\/agazeta\/wp-json\/wp\/v2\/tags?post=26765"}],"curies":[{"name":"wp","href":"https:\/\/api.w.org\/{rel}","templated":true}]}}