{"id":26762,"date":"2016-12-06T13:58:54","date_gmt":"2016-12-06T13:58:54","guid":{"rendered":"https:\/\/abarevegan.com.br\/index.php\/2016\/12\/06\/presos-do-semiaberto-se-negam-a-dormir-na-papudinha\/"},"modified":"2016-12-06T13:58:54","modified_gmt":"2016-12-06T13:58:54","slug":"presos-do-semiaberto-se-negam-a-dormir-na-papudinha","status":"publish","type":"post","link":"https:\/\/nk7-testes.com.br\/agazeta\/presos-do-semiaberto-se-negam-a-dormir-na-papudinha\/","title":{"rendered":"Presos do semiaberto se negam a dormir na Papudinha"},"content":{"rendered":"<p style=\"text-align: justify;\">Decis\u00e3o foi comunicada \u00e0 ju\u00edza Luana Campos<\/p>\n<p style=\"text-align: justify;\">Os 362 presos beneficiados com o cumprimento da pena em regime semiaberto n\u00e3o dormiram na Unidade Prisional 4, a Papudinha. O motivo alegado foi um s\u00f3: medo de morrer.<\/p>\n<p style=\"text-align: justify;\">No fim da tarde de segunda-feira, uma reuni\u00e3o entre representantes do Tribunal de Justi\u00e7a, do Minist\u00e9rio P\u00fablico e do Governo (dire\u00e7\u00e3o da unidade prisional) pontuou o cen\u00e1rio de vulnerabilidade. Foi nesse instante que os pr\u00f3prios presos comunicaram \u00e0 ju\u00edza Luana Campos que n\u00e3o dormiriam l\u00e1.<\/p>\n<p style=\"text-align: justify;\">Ainda n\u00e3o se sabe exatamente quais medidas a Vara de Execu\u00e7\u00f5es Penais vai executar. O fato \u00e9 que houve o descumprimento de uma decis\u00e3o judicial. Ao mesmo tempo, o Estado n\u00e3o oferece garantias de preserva\u00e7\u00e3o da vida dos presos porque n\u00e3o realizou nenhuma das obras exigidas pela ju\u00edza no que se refere \u00e0 separa\u00e7\u00e3o da unidade de maneira a manter isoladas as fac\u00e7\u00f5es criminosas rivais.<\/p>\n<p style=\"text-align: justify;\">\u201cEles falaram que v\u00e3o jogar at\u00e9 uma dinamite\u201d, desesperaram-se os presos em conversas com a ju\u00edza.<\/p>\n<p style=\"text-align: justify;\">Nesta ter\u00e7a-feira, a dire\u00e7\u00e3o da Papudinha vai refor\u00e7ar a vigil\u00e2ncia com a presen\u00e7a de 16 agentes penitenci\u00e1rios exclusivos para garantir a seguran\u00e7a no entorno da unidade, durante a chegada e sa\u00edda dos detentos. Esses agentes, de acordo com a dire\u00e7\u00e3o da Papudinha, s\u00e3o homens treinados para fazer esse tipo de trabalho.<\/p>\n<p style=\"text-align: justify;\">Est\u00e1 marcado um protesto de presos da Papudinha na manh\u00e3 desta ter\u00e7a-feira na sede do F\u00f3rum Criminal, na Cidade da Justi\u00e7a.<\/p>\n","protected":false},"excerpt":{"rendered":"<p style=\"text-align: justify;\">Decis\u00e3o foi comunicada \u00e0 ju\u00edza Luana Campos<\/p>\n","protected":false},"author":4,"featured_media":26761,"comment_status":"open","ping_status":"open","sticky":false,"template":"","format":"standard","meta":{"jnews-multi-image_gallery":[],"jnews_single_post":[],"jnews_primary_category":[],"jnews_social_meta":[],"jnews_review":[],"enable_review":"","type":"","name":"","summary":"","brand":"","sku":"","good":[],"bad":[],"score_override":"","override_value":"","rating":[],"price":[],"footnotes":""},"categories":[44],"tags":[],"class_list":["post-26762","post","type-post","status-publish","format-standard","has-post-thumbnail","hentry","category-policia"],"yoast_head":"<!-- This site is optimized with the Yoast SEO plugin v26.5 - https:\/\/yoast.com\/wordpress\/plugins\/seo\/ -->\n<title>Presos do semiaberto se negam a dormir na Papudinha - Agazeta.net<\/title>\n<meta name=\"robots\" content=\"index, follow, max-snippet:-1, max-image-preview:large, max-video-preview:-1\" \/>\n<link rel=\"canonical\" href=\"https:\/\/nk7-testes.com.br\/agazeta\/presos-do-semiaberto-se-negam-a-dormir-na-papudinha\/\" \/>\n<meta property=\"og:locale\" content=\"pt_BR\" \/>\n<meta property=\"og:type\" content=\"article\" \/>\n<meta property=\"og:title\" content=\"Presos do semiaberto se negam a dormir na Papudinha - Agazeta.net\" \/>\n<meta property=\"og:description\" content=\"Decis\u00e3o foi comunicada \u00e0 ju\u00edza Luana Campos\" \/>\n<meta property=\"og:url\" content=\"https:\/\/nk7-testes.com.br\/agazeta\/presos-do-semiaberto-se-negam-a-dormir-na-papudinha\/\" \/>\n<meta property=\"og:site_name\" content=\"Agazeta.net\" \/>\n<meta property=\"article:published_time\" content=\"2016-12-06T13:58:54+00:00\" \/>\n<meta property=\"og:image\" content=\"https:\/\/nk7-testes.com.br\/agazeta\/wp-content\/uploads\/2016\/12\/061216-policia-presospapudinha-tvgazeta.jpg\" \/>\n\t<meta property=\"og:image:width\" content=\"458\" \/>\n\t<meta property=\"og:image:height\" content=\"340\" \/>\n\t<meta property=\"og:image:type\" content=\"image\/jpeg\" \/>\n<meta name=\"author\" content=\"Agazeta.Net\" \/>\n<meta name=\"twitter:card\" content=\"summary_large_image\" \/>\n<meta name=\"twitter:label1\" content=\"Escrito por\" \/>\n\t<meta name=\"twitter:data1\" content=\"Agazeta.Net\" \/>\n\t<meta name=\"twitter:label2\" content=\"Est. tempo de leitura\" \/>\n\t<meta name=\"twitter:data2\" content=\"1 minuto\" \/>\n<script type=\"application\/ld+json\" class=\"yoast-schema-graph\">{\"@context\":\"https:\/\/schema.org\",\"@graph\":[{\"@type\":\"WebPage\",\"@id\":\"https:\/\/nk7-testes.com.br\/agazeta\/presos-do-semiaberto-se-negam-a-dormir-na-papudinha\/\",\"url\":\"https:\/\/nk7-testes.com.br\/agazeta\/presos-do-semiaberto-se-negam-a-dormir-na-papudinha\/\",\"name\":\"Presos do semiaberto se negam a dormir na Papudinha - Agazeta.net\",\"isPartOf\":{\"@id\":\"https:\/\/nk7-testes.com.br\/agazeta\/#website\"},\"primaryImageOfPage\":{\"@id\":\"https:\/\/nk7-testes.com.br\/agazeta\/presos-do-semiaberto-se-negam-a-dormir-na-papudinha\/#primaryimage\"},\"image\":{\"@id\":\"https:\/\/nk7-testes.com.br\/agazeta\/presos-do-semiaberto-se-negam-a-dormir-na-papudinha\/#primaryimage\"},\"thumbnailUrl\":\"https:\/\/nk7-testes.com.br\/agazeta\/wp-content\/uploads\/2016\/12\/061216-policia-presospapudinha-tvgazeta.jpg\",\"datePublished\":\"2016-12-06T13:58:54+00:00\",\"author\":{\"@id\":\"https:\/\/nk7-testes.com.br\/agazeta\/#\/schema\/person\/6d6e25cb0435eb4a02fd44d30b4e3020\"},\"breadcrumb\":{\"@id\":\"https:\/\/nk7-testes.com.br\/agazeta\/presos-do-semiaberto-se-negam-a-dormir-na-papudinha\/#breadcrumb\"},\"inLanguage\":\"pt-BR\",\"potentialAction\":[{\"@type\":\"ReadAction\",\"target\":[\"https:\/\/nk7-testes.com.br\/agazeta\/presos-do-semiaberto-se-negam-a-dormir-na-papudinha\/\"]}]},{\"@type\":\"ImageObject\",\"inLanguage\":\"pt-BR\",\"@id\":\"https:\/\/nk7-testes.com.br\/agazeta\/presos-do-semiaberto-se-negam-a-dormir-na-papudinha\/#primaryimage\",\"url\":\"https:\/\/nk7-testes.com.br\/agazeta\/wp-content\/uploads\/2016\/12\/061216-policia-presospapudinha-tvgazeta.jpg\",\"contentUrl\":\"https:\/\/nk7-testes.com.br\/agazeta\/wp-content\/uploads\/2016\/12\/061216-policia-presospapudinha-tvgazeta.jpg\",\"width\":458,\"height\":340,\"caption\":\"061216-policia-presospapudinha-tvgazeta\"},{\"@type\":\"BreadcrumbList\",\"@id\":\"https:\/\/nk7-testes.com.br\/agazeta\/presos-do-semiaberto-se-negam-a-dormir-na-papudinha\/#breadcrumb\",\"itemListElement\":[{\"@type\":\"ListItem\",\"position\":1,\"name\":\"In\u00edcio\",\"item\":\"https:\/\/nk7-testes.com.br\/agazeta\/\"},{\"@type\":\"ListItem\",\"position\":2,\"name\":\"Presos do semiaberto se negam a dormir na Papudinha\"}]},{\"@type\":\"WebSite\",\"@id\":\"https:\/\/nk7-testes.com.br\/agazeta\/#website\",\"url\":\"https:\/\/nk7-testes.com.br\/agazeta\/\",\"name\":\"Agazeta.net\",\"description\":\"Agazeta.net - Not\u00edcias de Rio Branco\/AC\",\"potentialAction\":[{\"@type\":\"SearchAction\",\"target\":{\"@type\":\"EntryPoint\",\"urlTemplate\":\"https:\/\/nk7-testes.com.br\/agazeta\/?s={search_term_string}\"},\"query-input\":{\"@type\":\"PropertyValueSpecification\",\"valueRequired\":true,\"valueName\":\"search_term_string\"}}],\"inLanguage\":\"pt-BR\"},{\"@type\":\"Person\",\"@id\":\"https:\/\/nk7-testes.com.br\/agazeta\/#\/schema\/person\/6d6e25cb0435eb4a02fd44d30b4e3020\",\"name\":\"Agazeta.Net\",\"url\":\"https:\/\/nk7-testes.com.br\/agazeta\/author\/agazeta\/\"}]}<\/script>\n<!-- \/ Yoast SEO plugin. -->","yoast_head_json":{"title":"Presos do semiaberto se negam a dormir na Papudinha - Agazeta.net","robots":{"index":"index","follow":"follow","max-snippet":"max-snippet:-1","max-image-preview":"max-image-preview:large","max-video-preview":"max-video-preview:-1"},"canonical":"https:\/\/nk7-testes.com.br\/agazeta\/presos-do-semiaberto-se-negam-a-dormir-na-papudinha\/","og_locale":"pt_BR","og_type":"article","og_title":"Presos do semiaberto se negam a dormir na Papudinha - Agazeta.net","og_description":"Decis\u00e3o foi comunicada \u00e0 ju\u00edza Luana Campos","og_url":"https:\/\/nk7-testes.com.br\/agazeta\/presos-do-semiaberto-se-negam-a-dormir-na-papudinha\/","og_site_name":"Agazeta.net","article_published_time":"2016-12-06T13:58:54+00:00","og_image":[{"width":458,"height":340,"url":"https:\/\/nk7-testes.com.br\/agazeta\/wp-content\/uploads\/2016\/12\/061216-policia-presospapudinha-tvgazeta.jpg","type":"image\/jpeg"}],"author":"Agazeta.Net","twitter_card":"summary_large_image","twitter_misc":{"Escrito por":"Agazeta.Net","Est. tempo de leitura":"1 minuto"},"schema":{"@context":"https:\/\/schema.org","@graph":[{"@type":"WebPage","@id":"https:\/\/nk7-testes.com.br\/agazeta\/presos-do-semiaberto-se-negam-a-dormir-na-papudinha\/","url":"https:\/\/nk7-testes.com.br\/agazeta\/presos-do-semiaberto-se-negam-a-dormir-na-papudinha\/","name":"Presos do semiaberto se negam a dormir na Papudinha - Agazeta.net","isPartOf":{"@id":"https:\/\/nk7-testes.com.br\/agazeta\/#website"},"primaryImageOfPage":{"@id":"https:\/\/nk7-testes.com.br\/agazeta\/presos-do-semiaberto-se-negam-a-dormir-na-papudinha\/#primaryimage"},"image":{"@id":"https:\/\/nk7-testes.com.br\/agazeta\/presos-do-semiaberto-se-negam-a-dormir-na-papudinha\/#primaryimage"},"thumbnailUrl":"https:\/\/nk7-testes.com.br\/agazeta\/wp-content\/uploads\/2016\/12\/061216-policia-presospapudinha-tvgazeta.jpg","datePublished":"2016-12-06T13:58:54+00:00","author":{"@id":"https:\/\/nk7-testes.com.br\/agazeta\/#\/schema\/person\/6d6e25cb0435eb4a02fd44d30b4e3020"},"breadcrumb":{"@id":"https:\/\/nk7-testes.com.br\/agazeta\/presos-do-semiaberto-se-negam-a-dormir-na-papudinha\/#breadcrumb"},"inLanguage":"pt-BR","potentialAction":[{"@type":"ReadAction","target":["https:\/\/nk7-testes.com.br\/agazeta\/presos-do-semiaberto-se-negam-a-dormir-na-papudinha\/"]}]},{"@type":"ImageObject","inLanguage":"pt-BR","@id":"https:\/\/nk7-testes.com.br\/agazeta\/presos-do-semiaberto-se-negam-a-dormir-na-papudinha\/#primaryimage","url":"https:\/\/nk7-testes.com.br\/agazeta\/wp-content\/uploads\/2016\/12\/061216-policia-presospapudinha-tvgazeta.jpg","contentUrl":"https:\/\/nk7-testes.com.br\/agazeta\/wp-content\/uploads\/2016\/12\/061216-policia-presospapudinha-tvgazeta.jpg","width":458,"height":340,"caption":"061216-policia-presospapudinha-tvgazeta"},{"@type":"BreadcrumbList","@id":"https:\/\/nk7-testes.com.br\/agazeta\/presos-do-semiaberto-se-negam-a-dormir-na-papudinha\/#breadcrumb","itemListElement":[{"@type":"ListItem","position":1,"name":"In\u00edcio","item":"https:\/\/nk7-testes.com.br\/agazeta\/"},{"@type":"ListItem","position":2,"name":"Presos do semiaberto se negam a dormir na Papudinha"}]},{"@type":"WebSite","@id":"https:\/\/nk7-testes.com.br\/agazeta\/#website","url":"https:\/\/nk7-testes.com.br\/agazeta\/","name":"Agazeta.net","description":"Agazeta.net - Not\u00edcias de Rio Branco\/AC","potentialAction":[{"@type":"SearchAction","target":{"@type":"EntryPoint","urlTemplate":"https:\/\/nk7-testes.com.br\/agazeta\/?s={search_term_string}"},"query-input":{"@type":"PropertyValueSpecification","valueRequired":true,"valueName":"search_term_string"}}],"inLanguage":"pt-BR"},{"@type":"Person","@id":"https:\/\/nk7-testes.com.br\/agazeta\/#\/schema\/person\/6d6e25cb0435eb4a02fd44d30b4e3020","name":"Agazeta.Net","url":"https:\/\/nk7-testes.com.br\/agazeta\/author\/agazeta\/"}]}},"_links":{"self":[{"href":"https:\/\/nk7-testes.com.br\/agazeta\/wp-json\/wp\/v2\/posts\/26762","targetHints":{"allow":["GET"]}}],"collection":[{"href":"https:\/\/nk7-testes.com.br\/agazeta\/wp-json\/wp\/v2\/posts"}],"about":[{"href":"https:\/\/nk7-testes.com.br\/agazeta\/wp-json\/wp\/v2\/types\/post"}],"author":[{"embeddable":true,"href":"https:\/\/nk7-testes.com.br\/agazeta\/wp-json\/wp\/v2\/users\/4"}],"replies":[{"embeddable":true,"href":"https:\/\/nk7-testes.com.br\/agazeta\/wp-json\/wp\/v2\/comments?post=26762"}],"version-history":[{"count":0,"href":"https:\/\/nk7-testes.com.br\/agazeta\/wp-json\/wp\/v2\/posts\/26762\/revisions"}],"wp:featuredmedia":[{"embeddable":true,"href":"https:\/\/nk7-testes.com.br\/agazeta\/wp-json\/wp\/v2\/media\/26761"}],"wp:attachment":[{"href":"https:\/\/nk7-testes.com.br\/agazeta\/wp-json\/wp\/v2\/media?parent=26762"}],"wp:term":[{"taxonomy":"category","embeddable":true,"href":"https:\/\/nk7-testes.com.br\/agazeta\/wp-json\/wp\/v2\/categories?post=26762"},{"taxonomy":"post_tag","embeddable":true,"href":"https:\/\/nk7-testes.com.br\/agazeta\/wp-json\/wp\/v2\/tags?post=26762"}],"curies":[{"name":"wp","href":"https:\/\/api.w.org\/{rel}","templated":true}]}}