{"id":26756,"date":"2016-12-05T20:02:58","date_gmt":"2016-12-05T20:02:58","guid":{"rendered":"https:\/\/abarevegan.com.br\/index.php\/2016\/12\/05\/a-situacao-nunca-esteve-tao-tensa-constata-luana-campos\/"},"modified":"2016-12-05T20:02:58","modified_gmt":"2016-12-05T20:02:58","slug":"a-situacao-nunca-esteve-tao-tensa-constata-luana-campos","status":"publish","type":"post","link":"https:\/\/nk7-testes.com.br\/agazeta\/a-situacao-nunca-esteve-tao-tensa-constata-luana-campos\/","title":{"rendered":"\u201cA situa\u00e7\u00e3o nunca esteve t\u00e3o tensa\u201d, constata Luana Campos"},"content":{"rendered":"<p style=\"text-align: justify;\">Ju\u00edza entende que Papudinha est\u00e1 sem controle<\/p>\n<p style=\"text-align: justify;\"><span style=\"font-size: 13.2px;\">Com as novas amea\u00e7as das fac\u00e7\u00f5es criminosas de invadir o pres\u00eddio da Papudinha o retorno das execu\u00e7\u00f5es em s\u00e9rie na cidade, a ju\u00edza da Vara de Execu\u00e7\u00f5es Penais, Luana Campos, declarou que a situa\u00e7\u00e3o do sistema prisional no Acre est\u00e1 incontrol\u00e1vel.<\/span><\/p>\n<p style=\"text-align: justify;\">Em outubro desse ano, uma briga entre membros de fac\u00e7\u00f5es trouxe terror aos presos do pres\u00eddio da Papudinha. Homens fortemente armados tentaram invadir o complexo. N\u00e3o conseguiram por causa da a\u00e7\u00e3o dos agentes penitenci\u00e1rios. Dois detentos sa\u00edram feridos.<\/p>\n<p style=\"text-align: justify;\">Dois meses depois, a Papudinha ainda \u00e9 alvo da guerra entre os criminosos. Desde outubro, 98 detentos deixaram de cumprir pena e hoje s\u00e3o foragidos. As faltas t\u00eam um motivo: eles est\u00e3o na lista para morrer.<\/p>\n<p style=\"text-align: justify;\">H\u00e1 duas semanas, as fac\u00e7\u00f5es prometem novos ataques ao complexo que \u00e9 desprovido de seguran\u00e7a. Na sexta-feira passada, 80 detentos faltaram: havia a amea\u00e7a de nova invas\u00e3o.<\/p>\n<p style=\"text-align: justify;\">No s\u00e1bado, a Vara de Execu\u00e7\u00f5es Penais liberou os presos. Eles podiam ficar em casa. Nessa segunda-feira, eles v\u00e3o ter que retornar. Com medo, eles correram na manh\u00e3 dessa segunda \u2013 feira, para o gabinete da Ju\u00edza Luana Campos. A magistrada informou que pouco pode se fazer sem recursos. \u201cN\u00e3o existe outro local para abrig\u00e1-los. A situa\u00e7\u00e3o nunca esteve t\u00e3o tensa\u201d, declarou.<\/p>\n<p style=\"text-align: justify;\">As marcas das fac\u00e7\u00f5es v\u00e3o aparecendo na periferia da cidade. Foram cinco execu\u00e7\u00f5es nesse final de semana. Dois mortos eram adolescentes.<\/p>\n<p style=\"text-align: justify;\">Terror mesmo s\u00e3o imagens de um grupo decepando os membros de um homem. A cabe\u00e7a \u00e9 separada do corpo e mostrada como trof\u00e9u. No v\u00eddeo, um dos assassinos, que se diz do Bonde dos 13, pede para retirar o cora\u00e7\u00e3o da v\u00edtima.<\/p>\n<p style=\"text-align: justify;\">Por enquanto, foi informado inicialmente que a vitima chamava-se <em>\u201cEvil\u00e1sio\u201d<\/em>, estava no regime semiaberto, e, era, um dos detentos que pernoitava na Papudinha. Mas, depois, a Pol\u00edcia confirmou que o corpo \u00e9 de Gabriel Nunes da Silva.<\/p>\n<p style=\"text-align: justify;\">A ju\u00edza Luana Campos chegou a dizer que a Papudinha n\u00e3o tem mais condi\u00e7\u00f5es de abrigar os presos do semiaberto. A magistrada vai propor ao Governo do Estado que recupera uma ala onde ficava as mulheres no pres\u00eddio Francisco de Oliveira Conde.<br \/>O detento que n\u00e3o conseguir emprego n\u00e3o vai mais poder ficar em casa, dever\u00e1 passar per\u00edodo integral no pres\u00eddio onde \u00e9 mais seguro.<\/p>\n<p style=\"text-align: justify;\">&nbsp;<\/p>\n<p style=\"text-align: justify;\">O secret\u00e1rio de Estado de Seguran\u00e7a P\u00fablica, Emylson Farias, informou que est\u00e1 buscando uma sa\u00edda. Junto com o servi\u00e7o de intelig\u00eancia da pol\u00edcia, pretende reduzir a a\u00e7\u00e3o das fac\u00e7\u00f5es nos pres\u00eddios.<\/p>\n<p style=\"text-align: justify;\">&nbsp;<\/p>\n<p style=\"text-align: justify;\">A seguran\u00e7a interna foi refor\u00e7ada. \u201cN\u00e3o estamos descartando que uma das medidas que podemos tomar \u00e9 enviar esses l\u00edderes de fac\u00e7\u00f5es para pres\u00eddios fora do estado\u201d, alertou.<\/p>\n<p style=\"text-align: justify;\">&nbsp;<\/p>\n<p style=\"text-align: justify;\">O governador Ti\u00e3o Viana tamb\u00e9m falou sobre a crise nos pres\u00eddios. Convocou Minist\u00e9rio P\u00fablico, Judici\u00e1rio e o Legislativo a ajudar no combate aos crimes. \u201cTodos precisam ajudar nesse momento, apresentando alternativas vi\u00e1veis para o problema\u201d, disse.<\/p>\n","protected":false},"excerpt":{"rendered":"<p style=\"text-align: justify;\">Ju\u00edza entende que Papudinha est\u00e1 sem controle<\/p>\n","protected":false},"author":4,"featured_media":26025,"comment_status":"open","ping_status":"open","sticky":false,"template":"","format":"standard","meta":{"jnews-multi-image_gallery":[],"jnews_single_post":[],"jnews_primary_category":[],"jnews_social_meta":[],"jnews_review":[],"enable_review":"","type":"","name":"","summary":"","brand":"","sku":"","good":[],"bad":[],"score_override":"","override_value":"","rating":[],"price":[],"footnotes":""},"categories":[44],"tags":[],"class_list":["post-26756","post","type-post","status-publish","format-standard","has-post-thumbnail","hentry","category-policia"],"yoast_head":"<!-- This site is optimized with the Yoast SEO plugin v26.5 - https:\/\/yoast.com\/wordpress\/plugins\/seo\/ -->\n<title>\u201cA situa\u00e7\u00e3o nunca esteve t\u00e3o tensa\u201d, constata Luana Campos - Agazeta.net<\/title>\n<meta name=\"robots\" content=\"index, follow, max-snippet:-1, max-image-preview:large, max-video-preview:-1\" \/>\n<link rel=\"canonical\" href=\"https:\/\/nk7-testes.com.br\/agazeta\/a-situacao-nunca-esteve-tao-tensa-constata-luana-campos\/\" \/>\n<meta property=\"og:locale\" content=\"pt_BR\" \/>\n<meta property=\"og:type\" content=\"article\" \/>\n<meta property=\"og:title\" content=\"\u201cA situa\u00e7\u00e3o nunca esteve t\u00e3o tensa\u201d, constata Luana Campos - Agazeta.net\" \/>\n<meta property=\"og:description\" content=\"Ju\u00edza entende que Papudinha est\u00e1 sem controle\" \/>\n<meta property=\"og:url\" content=\"https:\/\/nk7-testes.com.br\/agazeta\/a-situacao-nunca-esteve-tao-tensa-constata-luana-campos\/\" \/>\n<meta property=\"og:site_name\" content=\"Agazeta.net\" \/>\n<meta property=\"article:published_time\" content=\"2016-12-05T20:02:58+00:00\" \/>\n<meta property=\"og:image\" content=\"https:\/\/nk7-testes.com.br\/agazeta\/wp-content\/uploads\/2016\/10\/211016-policia-luanacampos-tvgazeta.jpg\" \/>\n\t<meta property=\"og:image:width\" content=\"458\" \/>\n\t<meta property=\"og:image:height\" content=\"340\" \/>\n\t<meta property=\"og:image:type\" content=\"image\/jpeg\" \/>\n<meta name=\"author\" content=\"Agazeta.Net\" \/>\n<meta name=\"twitter:card\" content=\"summary_large_image\" \/>\n<meta name=\"twitter:label1\" content=\"Escrito por\" \/>\n\t<meta name=\"twitter:data1\" content=\"Agazeta.Net\" \/>\n\t<meta name=\"twitter:label2\" content=\"Est. tempo de leitura\" \/>\n\t<meta name=\"twitter:data2\" content=\"3 minutos\" \/>\n<script type=\"application\/ld+json\" class=\"yoast-schema-graph\">{\"@context\":\"https:\/\/schema.org\",\"@graph\":[{\"@type\":\"WebPage\",\"@id\":\"https:\/\/nk7-testes.com.br\/agazeta\/a-situacao-nunca-esteve-tao-tensa-constata-luana-campos\/\",\"url\":\"https:\/\/nk7-testes.com.br\/agazeta\/a-situacao-nunca-esteve-tao-tensa-constata-luana-campos\/\",\"name\":\"\u201cA situa\u00e7\u00e3o nunca esteve t\u00e3o tensa\u201d, constata Luana Campos - Agazeta.net\",\"isPartOf\":{\"@id\":\"https:\/\/nk7-testes.com.br\/agazeta\/#website\"},\"primaryImageOfPage\":{\"@id\":\"https:\/\/nk7-testes.com.br\/agazeta\/a-situacao-nunca-esteve-tao-tensa-constata-luana-campos\/#primaryimage\"},\"image\":{\"@id\":\"https:\/\/nk7-testes.com.br\/agazeta\/a-situacao-nunca-esteve-tao-tensa-constata-luana-campos\/#primaryimage\"},\"thumbnailUrl\":\"https:\/\/nk7-testes.com.br\/agazeta\/wp-content\/uploads\/2016\/10\/211016-policia-luanacampos-tvgazeta.jpg\",\"datePublished\":\"2016-12-05T20:02:58+00:00\",\"author\":{\"@id\":\"https:\/\/nk7-testes.com.br\/agazeta\/#\/schema\/person\/6d6e25cb0435eb4a02fd44d30b4e3020\"},\"breadcrumb\":{\"@id\":\"https:\/\/nk7-testes.com.br\/agazeta\/a-situacao-nunca-esteve-tao-tensa-constata-luana-campos\/#breadcrumb\"},\"inLanguage\":\"pt-BR\",\"potentialAction\":[{\"@type\":\"ReadAction\",\"target\":[\"https:\/\/nk7-testes.com.br\/agazeta\/a-situacao-nunca-esteve-tao-tensa-constata-luana-campos\/\"]}]},{\"@type\":\"ImageObject\",\"inLanguage\":\"pt-BR\",\"@id\":\"https:\/\/nk7-testes.com.br\/agazeta\/a-situacao-nunca-esteve-tao-tensa-constata-luana-campos\/#primaryimage\",\"url\":\"https:\/\/nk7-testes.com.br\/agazeta\/wp-content\/uploads\/2016\/10\/211016-policia-luanacampos-tvgazeta.jpg\",\"contentUrl\":\"https:\/\/nk7-testes.com.br\/agazeta\/wp-content\/uploads\/2016\/10\/211016-policia-luanacampos-tvgazeta.jpg\",\"width\":458,\"height\":340,\"caption\":\"211016-policia-luanacampos-tvgazeta\"},{\"@type\":\"BreadcrumbList\",\"@id\":\"https:\/\/nk7-testes.com.br\/agazeta\/a-situacao-nunca-esteve-tao-tensa-constata-luana-campos\/#breadcrumb\",\"itemListElement\":[{\"@type\":\"ListItem\",\"position\":1,\"name\":\"In\u00edcio\",\"item\":\"https:\/\/nk7-testes.com.br\/agazeta\/\"},{\"@type\":\"ListItem\",\"position\":2,\"name\":\"\u201cA situa\u00e7\u00e3o nunca esteve t\u00e3o tensa\u201d, constata Luana Campos\"}]},{\"@type\":\"WebSite\",\"@id\":\"https:\/\/nk7-testes.com.br\/agazeta\/#website\",\"url\":\"https:\/\/nk7-testes.com.br\/agazeta\/\",\"name\":\"Agazeta.net\",\"description\":\"Agazeta.net - Not\u00edcias de Rio Branco\/AC\",\"potentialAction\":[{\"@type\":\"SearchAction\",\"target\":{\"@type\":\"EntryPoint\",\"urlTemplate\":\"https:\/\/nk7-testes.com.br\/agazeta\/?s={search_term_string}\"},\"query-input\":{\"@type\":\"PropertyValueSpecification\",\"valueRequired\":true,\"valueName\":\"search_term_string\"}}],\"inLanguage\":\"pt-BR\"},{\"@type\":\"Person\",\"@id\":\"https:\/\/nk7-testes.com.br\/agazeta\/#\/schema\/person\/6d6e25cb0435eb4a02fd44d30b4e3020\",\"name\":\"Agazeta.Net\",\"url\":\"https:\/\/nk7-testes.com.br\/agazeta\/author\/agazeta\/\"}]}<\/script>\n<!-- \/ Yoast SEO plugin. -->","yoast_head_json":{"title":"\u201cA situa\u00e7\u00e3o nunca esteve t\u00e3o tensa\u201d, constata Luana Campos - Agazeta.net","robots":{"index":"index","follow":"follow","max-snippet":"max-snippet:-1","max-image-preview":"max-image-preview:large","max-video-preview":"max-video-preview:-1"},"canonical":"https:\/\/nk7-testes.com.br\/agazeta\/a-situacao-nunca-esteve-tao-tensa-constata-luana-campos\/","og_locale":"pt_BR","og_type":"article","og_title":"\u201cA situa\u00e7\u00e3o nunca esteve t\u00e3o tensa\u201d, constata Luana Campos - Agazeta.net","og_description":"Ju\u00edza entende que Papudinha est\u00e1 sem controle","og_url":"https:\/\/nk7-testes.com.br\/agazeta\/a-situacao-nunca-esteve-tao-tensa-constata-luana-campos\/","og_site_name":"Agazeta.net","article_published_time":"2016-12-05T20:02:58+00:00","og_image":[{"width":458,"height":340,"url":"https:\/\/nk7-testes.com.br\/agazeta\/wp-content\/uploads\/2016\/10\/211016-policia-luanacampos-tvgazeta.jpg","type":"image\/jpeg"}],"author":"Agazeta.Net","twitter_card":"summary_large_image","twitter_misc":{"Escrito por":"Agazeta.Net","Est. tempo de leitura":"3 minutos"},"schema":{"@context":"https:\/\/schema.org","@graph":[{"@type":"WebPage","@id":"https:\/\/nk7-testes.com.br\/agazeta\/a-situacao-nunca-esteve-tao-tensa-constata-luana-campos\/","url":"https:\/\/nk7-testes.com.br\/agazeta\/a-situacao-nunca-esteve-tao-tensa-constata-luana-campos\/","name":"\u201cA situa\u00e7\u00e3o nunca esteve t\u00e3o tensa\u201d, constata Luana Campos - Agazeta.net","isPartOf":{"@id":"https:\/\/nk7-testes.com.br\/agazeta\/#website"},"primaryImageOfPage":{"@id":"https:\/\/nk7-testes.com.br\/agazeta\/a-situacao-nunca-esteve-tao-tensa-constata-luana-campos\/#primaryimage"},"image":{"@id":"https:\/\/nk7-testes.com.br\/agazeta\/a-situacao-nunca-esteve-tao-tensa-constata-luana-campos\/#primaryimage"},"thumbnailUrl":"https:\/\/nk7-testes.com.br\/agazeta\/wp-content\/uploads\/2016\/10\/211016-policia-luanacampos-tvgazeta.jpg","datePublished":"2016-12-05T20:02:58+00:00","author":{"@id":"https:\/\/nk7-testes.com.br\/agazeta\/#\/schema\/person\/6d6e25cb0435eb4a02fd44d30b4e3020"},"breadcrumb":{"@id":"https:\/\/nk7-testes.com.br\/agazeta\/a-situacao-nunca-esteve-tao-tensa-constata-luana-campos\/#breadcrumb"},"inLanguage":"pt-BR","potentialAction":[{"@type":"ReadAction","target":["https:\/\/nk7-testes.com.br\/agazeta\/a-situacao-nunca-esteve-tao-tensa-constata-luana-campos\/"]}]},{"@type":"ImageObject","inLanguage":"pt-BR","@id":"https:\/\/nk7-testes.com.br\/agazeta\/a-situacao-nunca-esteve-tao-tensa-constata-luana-campos\/#primaryimage","url":"https:\/\/nk7-testes.com.br\/agazeta\/wp-content\/uploads\/2016\/10\/211016-policia-luanacampos-tvgazeta.jpg","contentUrl":"https:\/\/nk7-testes.com.br\/agazeta\/wp-content\/uploads\/2016\/10\/211016-policia-luanacampos-tvgazeta.jpg","width":458,"height":340,"caption":"211016-policia-luanacampos-tvgazeta"},{"@type":"BreadcrumbList","@id":"https:\/\/nk7-testes.com.br\/agazeta\/a-situacao-nunca-esteve-tao-tensa-constata-luana-campos\/#breadcrumb","itemListElement":[{"@type":"ListItem","position":1,"name":"In\u00edcio","item":"https:\/\/nk7-testes.com.br\/agazeta\/"},{"@type":"ListItem","position":2,"name":"\u201cA situa\u00e7\u00e3o nunca esteve t\u00e3o tensa\u201d, constata Luana Campos"}]},{"@type":"WebSite","@id":"https:\/\/nk7-testes.com.br\/agazeta\/#website","url":"https:\/\/nk7-testes.com.br\/agazeta\/","name":"Agazeta.net","description":"Agazeta.net - Not\u00edcias de Rio Branco\/AC","potentialAction":[{"@type":"SearchAction","target":{"@type":"EntryPoint","urlTemplate":"https:\/\/nk7-testes.com.br\/agazeta\/?s={search_term_string}"},"query-input":{"@type":"PropertyValueSpecification","valueRequired":true,"valueName":"search_term_string"}}],"inLanguage":"pt-BR"},{"@type":"Person","@id":"https:\/\/nk7-testes.com.br\/agazeta\/#\/schema\/person\/6d6e25cb0435eb4a02fd44d30b4e3020","name":"Agazeta.Net","url":"https:\/\/nk7-testes.com.br\/agazeta\/author\/agazeta\/"}]}},"_links":{"self":[{"href":"https:\/\/nk7-testes.com.br\/agazeta\/wp-json\/wp\/v2\/posts\/26756","targetHints":{"allow":["GET"]}}],"collection":[{"href":"https:\/\/nk7-testes.com.br\/agazeta\/wp-json\/wp\/v2\/posts"}],"about":[{"href":"https:\/\/nk7-testes.com.br\/agazeta\/wp-json\/wp\/v2\/types\/post"}],"author":[{"embeddable":true,"href":"https:\/\/nk7-testes.com.br\/agazeta\/wp-json\/wp\/v2\/users\/4"}],"replies":[{"embeddable":true,"href":"https:\/\/nk7-testes.com.br\/agazeta\/wp-json\/wp\/v2\/comments?post=26756"}],"version-history":[{"count":0,"href":"https:\/\/nk7-testes.com.br\/agazeta\/wp-json\/wp\/v2\/posts\/26756\/revisions"}],"wp:featuredmedia":[{"embeddable":true,"href":"https:\/\/nk7-testes.com.br\/agazeta\/wp-json\/wp\/v2\/media\/26025"}],"wp:attachment":[{"href":"https:\/\/nk7-testes.com.br\/agazeta\/wp-json\/wp\/v2\/media?parent=26756"}],"wp:term":[{"taxonomy":"category","embeddable":true,"href":"https:\/\/nk7-testes.com.br\/agazeta\/wp-json\/wp\/v2\/categories?post=26756"},{"taxonomy":"post_tag","embeddable":true,"href":"https:\/\/nk7-testes.com.br\/agazeta\/wp-json\/wp\/v2\/tags?post=26756"}],"curies":[{"name":"wp","href":"https:\/\/api.w.org\/{rel}","templated":true}]}}