{"id":26737,"date":"2016-12-05T00:34:51","date_gmt":"2016-12-05T00:34:51","guid":{"rendered":"https:\/\/abarevegan.com.br\/index.php\/2016\/12\/05\/reajuste-de-8-37-na-energia-ja-entrou-em-vigor\/"},"modified":"2016-12-05T00:34:51","modified_gmt":"2016-12-05T00:34:51","slug":"reajuste-de-8-37-na-energia-ja-entrou-em-vigor","status":"publish","type":"post","link":"https:\/\/nk7-testes.com.br\/agazeta\/reajuste-de-8-37-na-energia-ja-entrou-em-vigor\/","title":{"rendered":"Reajuste de 8,37% na energia j\u00e1 entrou em vigor"},"content":{"rendered":"<p style=\"text-align: justify;\">Consumidor s\u00f3 sentir\u00e1 no bolso em janeiro<\/p>\n<p style=\"text-align: justify;\">J\u00e1 entrou em vigou o novo reajuste na conta de energia el\u00e9trica dos acrianos. O aumento de 8,37% \u00e9 motivo de muita reclama\u00e7\u00e3o da popula\u00e7\u00e3o que alega, por exemplo, que a falta de investimentos \u00e9 incoerente com o aumento.<\/p>\n<p style=\"text-align: justify;\">O reajuste m\u00e9dio de 8,37% foi aprovado pela Ag\u00eancia Nacional de Energia El\u00e9trica (Aneel). O aumento j\u00e1 est\u00e1 em vigor, mas o consumidor s\u00f3 deve senti-lo a partir de janeiro.<\/p>\n<p style=\"text-align: justify;\">O reajuste \u00e9 menor do que o registrado no ano passado, que foi de 9,5%. Contudo, para o consumidor, \u00e9 praticamente a mesma coisa, e em se tratando de aumento, ele nunca \u00e9 bem vindo.<\/p>\n<p style=\"text-align: justify;\">\u201c\u00c9 um absurdo! Nosso sal\u00e1rio est\u00e1 defasado h\u00e1 n\u00e3o sei quantos anos e as coisas s\u00f3 aumentam. Como a gente necessita de energia, \u00e9 trabalhar pra pagar energia\u201d, opina a funcion\u00e1ria p\u00fablica Edite Nogueira.<\/p>\n<p style=\"text-align: justify;\">Para o eletrot\u00e9cnico Pablo Sales e a estudante Cleiciane Brito, h\u00e1 uma incoer\u00eancia entre os investimentos do setor e os aumentos na tarifa. \u201cPagamos uma das tarifas mais altas j\u00e1 e com p\u00e9ssima qualidade do servi\u00e7o\u201d, afirma o trabalhador.<\/p>\n<p style=\"text-align: justify;\">\u201cPrincipalmente no meu bairro a luz apaga direito, os postes n\u00e3o tem benef\u00edcio em nada. \u00c9 roubo, assalto e tudo, e o nosso dinheiro vai pra onde? Eles t\u00eam que ter consci\u00eancia de que n\u00f3s n\u00e3o temos culpa de pagar pelos erros deles e o nosso sal\u00e1rio, o nosso bolso sempre diminui\u201d, contesta Cleiciane.<\/p>\n<p style=\"text-align: justify;\">Diante o cen\u00e1rio de crise, Bruna Pereira lembra que muita gente, como ela, perdeu o emprego e a conta de luz mais cara, vem para desestruturar ainda mais muitas fam\u00edlias. \u201cA gente j\u00e1 paga IPTU, \u00e1gua, e agora com a luz mais cara, \u00e9 ainda mais dif\u00edcil\u201d, lamenta.<\/p>\n<p style=\"text-align: justify;\">Em dezembro a bandeira tarif\u00e1ria do Acre passou a ser verde, ou seja, sem custos adicionais para o consumidor. Um al\u00edvio moment\u00e2neo ao or\u00e7amento do trabalhador, que precisa, al\u00e9m das contas previstas para o in\u00edcio do ano, guardar mais reservas para pagar a tarifa de luz mais cara.<\/p>\n","protected":false},"excerpt":{"rendered":"<p style=\"text-align: justify;\">Consumidor s\u00f3 sentir\u00e1 no bolso em janeiro<\/p>\n","protected":false},"author":4,"featured_media":13661,"comment_status":"open","ping_status":"open","sticky":false,"template":"","format":"standard","meta":{"jnews-multi-image_gallery":[],"jnews_single_post":[],"jnews_primary_category":[],"jnews_social_meta":[],"jnews_review":[],"enable_review":"","type":"","name":"","summary":"","brand":"","sku":"","good":[],"bad":[],"score_override":"","override_value":"","rating":[],"price":[],"footnotes":""},"categories":[54],"tags":[],"class_list":["post-26737","post","type-post","status-publish","format-standard","has-post-thumbnail","hentry","category-cotidiano"],"yoast_head":"<!-- This site is optimized with the Yoast SEO plugin v26.5 - https:\/\/yoast.com\/wordpress\/plugins\/seo\/ -->\n<title>Reajuste de 8,37% na energia j\u00e1 entrou em vigor - Agazeta.net<\/title>\n<meta name=\"robots\" content=\"index, follow, max-snippet:-1, max-image-preview:large, max-video-preview:-1\" \/>\n<link rel=\"canonical\" href=\"https:\/\/nk7-testes.com.br\/agazeta\/reajuste-de-8-37-na-energia-ja-entrou-em-vigor\/\" \/>\n<meta property=\"og:locale\" content=\"pt_BR\" \/>\n<meta property=\"og:type\" content=\"article\" \/>\n<meta property=\"og:title\" content=\"Reajuste de 8,37% na energia j\u00e1 entrou em vigor - Agazeta.net\" \/>\n<meta property=\"og:description\" content=\"Consumidor s\u00f3 sentir\u00e1 no bolso em janeiro\" \/>\n<meta property=\"og:url\" content=\"https:\/\/nk7-testes.com.br\/agazeta\/reajuste-de-8-37-na-energia-ja-entrou-em-vigor\/\" \/>\n<meta property=\"og:site_name\" content=\"Agazeta.net\" \/>\n<meta property=\"article:published_time\" content=\"2016-12-05T00:34:51+00:00\" \/>\n<meta property=\"og:image\" content=\"https:\/\/nk7-testes.com.br\/agazeta\/wp-content\/uploads\/2015\/03\/280215-cotidiano-eletrobras-agazetadoacre.jpg\" \/>\n\t<meta property=\"og:image:width\" content=\"458\" \/>\n\t<meta property=\"og:image:height\" content=\"340\" \/>\n\t<meta property=\"og:image:type\" content=\"image\/jpeg\" \/>\n<meta name=\"author\" content=\"Agazeta.Net\" \/>\n<meta name=\"twitter:card\" content=\"summary_large_image\" \/>\n<meta name=\"twitter:label1\" content=\"Escrito por\" \/>\n\t<meta name=\"twitter:data1\" content=\"Agazeta.Net\" \/>\n\t<meta name=\"twitter:label2\" content=\"Est. tempo de leitura\" \/>\n\t<meta name=\"twitter:data2\" content=\"2 minutos\" \/>\n<script type=\"application\/ld+json\" class=\"yoast-schema-graph\">{\"@context\":\"https:\/\/schema.org\",\"@graph\":[{\"@type\":\"WebPage\",\"@id\":\"https:\/\/nk7-testes.com.br\/agazeta\/reajuste-de-8-37-na-energia-ja-entrou-em-vigor\/\",\"url\":\"https:\/\/nk7-testes.com.br\/agazeta\/reajuste-de-8-37-na-energia-ja-entrou-em-vigor\/\",\"name\":\"Reajuste de 8,37% na energia j\u00e1 entrou em vigor - Agazeta.net\",\"isPartOf\":{\"@id\":\"https:\/\/nk7-testes.com.br\/agazeta\/#website\"},\"primaryImageOfPage\":{\"@id\":\"https:\/\/nk7-testes.com.br\/agazeta\/reajuste-de-8-37-na-energia-ja-entrou-em-vigor\/#primaryimage\"},\"image\":{\"@id\":\"https:\/\/nk7-testes.com.br\/agazeta\/reajuste-de-8-37-na-energia-ja-entrou-em-vigor\/#primaryimage\"},\"thumbnailUrl\":\"https:\/\/nk7-testes.com.br\/agazeta\/wp-content\/uploads\/2015\/03\/280215-cotidiano-eletrobras-agazetadoacre.jpg\",\"datePublished\":\"2016-12-05T00:34:51+00:00\",\"author\":{\"@id\":\"https:\/\/nk7-testes.com.br\/agazeta\/#\/schema\/person\/ff6b39d54d6973bfc57f4140f659b23f\"},\"breadcrumb\":{\"@id\":\"https:\/\/nk7-testes.com.br\/agazeta\/reajuste-de-8-37-na-energia-ja-entrou-em-vigor\/#breadcrumb\"},\"inLanguage\":\"pt-BR\",\"potentialAction\":[{\"@type\":\"ReadAction\",\"target\":[\"https:\/\/nk7-testes.com.br\/agazeta\/reajuste-de-8-37-na-energia-ja-entrou-em-vigor\/\"]}]},{\"@type\":\"ImageObject\",\"inLanguage\":\"pt-BR\",\"@id\":\"https:\/\/nk7-testes.com.br\/agazeta\/reajuste-de-8-37-na-energia-ja-entrou-em-vigor\/#primaryimage\",\"url\":\"https:\/\/nk7-testes.com.br\/agazeta\/wp-content\/uploads\/2015\/03\/280215-cotidiano-eletrobras-agazetadoacre.jpg\",\"contentUrl\":\"https:\/\/nk7-testes.com.br\/agazeta\/wp-content\/uploads\/2015\/03\/280215-cotidiano-eletrobras-agazetadoacre.jpg\",\"width\":458,\"height\":340,\"caption\":\"280215-cotidiano-eletrobras-agazetadoacre\"},{\"@type\":\"BreadcrumbList\",\"@id\":\"https:\/\/nk7-testes.com.br\/agazeta\/reajuste-de-8-37-na-energia-ja-entrou-em-vigor\/#breadcrumb\",\"itemListElement\":[{\"@type\":\"ListItem\",\"position\":1,\"name\":\"In\u00edcio\",\"item\":\"https:\/\/nk7-testes.com.br\/agazeta\/\"},{\"@type\":\"ListItem\",\"position\":2,\"name\":\"Reajuste de 8,37% na energia j\u00e1 entrou em vigor\"}]},{\"@type\":\"WebSite\",\"@id\":\"https:\/\/nk7-testes.com.br\/agazeta\/#website\",\"url\":\"https:\/\/nk7-testes.com.br\/agazeta\/\",\"name\":\"Agazeta.net\",\"description\":\"Agazeta.net - Not\u00edcias de Rio Branco\/AC\",\"potentialAction\":[{\"@type\":\"SearchAction\",\"target\":{\"@type\":\"EntryPoint\",\"urlTemplate\":\"https:\/\/nk7-testes.com.br\/agazeta\/?s={search_term_string}\"},\"query-input\":{\"@type\":\"PropertyValueSpecification\",\"valueRequired\":true,\"valueName\":\"search_term_string\"}}],\"inLanguage\":\"pt-BR\"},{\"@type\":\"Person\",\"@id\":\"https:\/\/nk7-testes.com.br\/agazeta\/#\/schema\/person\/ff6b39d54d6973bfc57f4140f659b23f\",\"name\":\"Agazeta.Net\",\"url\":\"https:\/\/nk7-testes.com.br\/agazeta\/author\/agazeta\/\"}]}<\/script>\n<!-- \/ Yoast SEO plugin. -->","yoast_head_json":{"title":"Reajuste de 8,37% na energia j\u00e1 entrou em vigor - Agazeta.net","robots":{"index":"index","follow":"follow","max-snippet":"max-snippet:-1","max-image-preview":"max-image-preview:large","max-video-preview":"max-video-preview:-1"},"canonical":"https:\/\/nk7-testes.com.br\/agazeta\/reajuste-de-8-37-na-energia-ja-entrou-em-vigor\/","og_locale":"pt_BR","og_type":"article","og_title":"Reajuste de 8,37% na energia j\u00e1 entrou em vigor - Agazeta.net","og_description":"Consumidor s\u00f3 sentir\u00e1 no bolso em janeiro","og_url":"https:\/\/nk7-testes.com.br\/agazeta\/reajuste-de-8-37-na-energia-ja-entrou-em-vigor\/","og_site_name":"Agazeta.net","article_published_time":"2016-12-05T00:34:51+00:00","og_image":[{"width":458,"height":340,"url":"https:\/\/nk7-testes.com.br\/agazeta\/wp-content\/uploads\/2015\/03\/280215-cotidiano-eletrobras-agazetadoacre.jpg","type":"image\/jpeg"}],"author":"Agazeta.Net","twitter_card":"summary_large_image","twitter_misc":{"Escrito por":"Agazeta.Net","Est. tempo de leitura":"2 minutos"},"schema":{"@context":"https:\/\/schema.org","@graph":[{"@type":"WebPage","@id":"https:\/\/nk7-testes.com.br\/agazeta\/reajuste-de-8-37-na-energia-ja-entrou-em-vigor\/","url":"https:\/\/nk7-testes.com.br\/agazeta\/reajuste-de-8-37-na-energia-ja-entrou-em-vigor\/","name":"Reajuste de 8,37% na energia j\u00e1 entrou em vigor - Agazeta.net","isPartOf":{"@id":"https:\/\/nk7-testes.com.br\/agazeta\/#website"},"primaryImageOfPage":{"@id":"https:\/\/nk7-testes.com.br\/agazeta\/reajuste-de-8-37-na-energia-ja-entrou-em-vigor\/#primaryimage"},"image":{"@id":"https:\/\/nk7-testes.com.br\/agazeta\/reajuste-de-8-37-na-energia-ja-entrou-em-vigor\/#primaryimage"},"thumbnailUrl":"https:\/\/nk7-testes.com.br\/agazeta\/wp-content\/uploads\/2015\/03\/280215-cotidiano-eletrobras-agazetadoacre.jpg","datePublished":"2016-12-05T00:34:51+00:00","author":{"@id":"https:\/\/nk7-testes.com.br\/agazeta\/#\/schema\/person\/ff6b39d54d6973bfc57f4140f659b23f"},"breadcrumb":{"@id":"https:\/\/nk7-testes.com.br\/agazeta\/reajuste-de-8-37-na-energia-ja-entrou-em-vigor\/#breadcrumb"},"inLanguage":"pt-BR","potentialAction":[{"@type":"ReadAction","target":["https:\/\/nk7-testes.com.br\/agazeta\/reajuste-de-8-37-na-energia-ja-entrou-em-vigor\/"]}]},{"@type":"ImageObject","inLanguage":"pt-BR","@id":"https:\/\/nk7-testes.com.br\/agazeta\/reajuste-de-8-37-na-energia-ja-entrou-em-vigor\/#primaryimage","url":"https:\/\/nk7-testes.com.br\/agazeta\/wp-content\/uploads\/2015\/03\/280215-cotidiano-eletrobras-agazetadoacre.jpg","contentUrl":"https:\/\/nk7-testes.com.br\/agazeta\/wp-content\/uploads\/2015\/03\/280215-cotidiano-eletrobras-agazetadoacre.jpg","width":458,"height":340,"caption":"280215-cotidiano-eletrobras-agazetadoacre"},{"@type":"BreadcrumbList","@id":"https:\/\/nk7-testes.com.br\/agazeta\/reajuste-de-8-37-na-energia-ja-entrou-em-vigor\/#breadcrumb","itemListElement":[{"@type":"ListItem","position":1,"name":"In\u00edcio","item":"https:\/\/nk7-testes.com.br\/agazeta\/"},{"@type":"ListItem","position":2,"name":"Reajuste de 8,37% na energia j\u00e1 entrou em vigor"}]},{"@type":"WebSite","@id":"https:\/\/nk7-testes.com.br\/agazeta\/#website","url":"https:\/\/nk7-testes.com.br\/agazeta\/","name":"Agazeta.net","description":"Agazeta.net - Not\u00edcias de Rio Branco\/AC","potentialAction":[{"@type":"SearchAction","target":{"@type":"EntryPoint","urlTemplate":"https:\/\/nk7-testes.com.br\/agazeta\/?s={search_term_string}"},"query-input":{"@type":"PropertyValueSpecification","valueRequired":true,"valueName":"search_term_string"}}],"inLanguage":"pt-BR"},{"@type":"Person","@id":"https:\/\/nk7-testes.com.br\/agazeta\/#\/schema\/person\/ff6b39d54d6973bfc57f4140f659b23f","name":"Agazeta.Net","url":"https:\/\/nk7-testes.com.br\/agazeta\/author\/agazeta\/"}]}},"_links":{"self":[{"href":"https:\/\/nk7-testes.com.br\/agazeta\/wp-json\/wp\/v2\/posts\/26737","targetHints":{"allow":["GET"]}}],"collection":[{"href":"https:\/\/nk7-testes.com.br\/agazeta\/wp-json\/wp\/v2\/posts"}],"about":[{"href":"https:\/\/nk7-testes.com.br\/agazeta\/wp-json\/wp\/v2\/types\/post"}],"author":[{"embeddable":true,"href":"https:\/\/nk7-testes.com.br\/agazeta\/wp-json\/wp\/v2\/users\/4"}],"replies":[{"embeddable":true,"href":"https:\/\/nk7-testes.com.br\/agazeta\/wp-json\/wp\/v2\/comments?post=26737"}],"version-history":[{"count":0,"href":"https:\/\/nk7-testes.com.br\/agazeta\/wp-json\/wp\/v2\/posts\/26737\/revisions"}],"wp:featuredmedia":[{"embeddable":true,"href":"https:\/\/nk7-testes.com.br\/agazeta\/wp-json\/wp\/v2\/media\/13661"}],"wp:attachment":[{"href":"https:\/\/nk7-testes.com.br\/agazeta\/wp-json\/wp\/v2\/media?parent=26737"}],"wp:term":[{"taxonomy":"category","embeddable":true,"href":"https:\/\/nk7-testes.com.br\/agazeta\/wp-json\/wp\/v2\/categories?post=26737"},{"taxonomy":"post_tag","embeddable":true,"href":"https:\/\/nk7-testes.com.br\/agazeta\/wp-json\/wp\/v2\/tags?post=26737"}],"curies":[{"name":"wp","href":"https:\/\/api.w.org\/{rel}","templated":true}]}}