{"id":26732,"date":"2016-12-04T23:24:52","date_gmt":"2016-12-04T23:24:52","guid":{"rendered":"https:\/\/abarevegan.com.br\/index.php\/2016\/12\/04\/iria-haver-uma-chacina-interna-diz-diretor-da-papudinha\/"},"modified":"2016-12-04T23:24:52","modified_gmt":"2016-12-04T23:24:52","slug":"iria-haver-uma-chacina-interna-diz-diretor-da-papudinha","status":"publish","type":"post","link":"https:\/\/nk7-testes.com.br\/agazeta\/iria-haver-uma-chacina-interna-diz-diretor-da-papudinha\/","title":{"rendered":"\u201cHaveria uma chacina interna\u201d, diz diretor da Papudinha"},"content":{"rendered":"<p style=\"text-align: justify;\">Libera\u00e7\u00e3o de 380 presos exp\u00f5e fragilidade do sistema<\/p>\n<p style=\"text-align: justify;\">O diretor da Unidade Prisional 4 (Papudinha), Denis P\u00edcolo, afirmou que j\u00e1 administra a possibilidade de haver novos ataques \u00e0 unidade h\u00e1 aproximadamente quatro semanas. Sem alternativas, solicitou \u00e0 ju\u00edza da Vara de Execu\u00e7\u00f5es Penais, Luana Campos a libera\u00e7\u00e3o de 380 presos que cumprem pena no regime semiaberto.<\/p>\n<p style=\"text-align: justify;\">\u201cA ju\u00edza Luana Campo n\u00e3o gosta desse tipo de situa\u00e7\u00e3o e de ter que tomar essa decis\u00e3o, mas eu mostrei a ela que n\u00e3o havia alternativa: haveria uma chacina interna\u201d, disse. \u201cO ambiente \u00e9 de muita tens\u00e3o e eu tinha que tomar alguma decis\u00e3o\u201d.<\/p>\n<p style=\"text-align: justify;\">Um v\u00eddeo que circula em redes sociais mostra um grupo expondo a cabe\u00e7a de um homem. A decapita\u00e7\u00e3o e o esquartejamento ocorreram no s\u00e1bado (3), confirmada pela pol\u00edcia. O diretor da unidade Papudinha, Denis P\u00edcolo, chegou a conversar com a v\u00edtima dias antes. Identificado apenas como &#8220;Evil\u00e1sio&#8221;, o jovem era um dos integrantes do Comando Vermelho.<\/p>\n<p style=\"text-align: justify;\">As autoridades policiais acreditam que esse v\u00eddeo e as provoca\u00e7\u00f5es e viol\u00eancias nele contidas podem ter como consequ\u00eancia uma niova sequ\u00eancia de execu\u00e7\u00f5es na Capital. \u00c9 nesse cen\u00e1rio que a Papudinha passa a ser o ambiente mais vulner\u00e1vel para ocorr\u00eancia de crimes ligados \u00e0s fac\u00e7\u00f5es criminosas.<\/p>\n<p style=\"text-align: justify;\">Al\u00e9m do Bonde dos 13, Comando Vermelho e PCC, entra em cena outra fac\u00e7\u00e3o regional, a Infra. Esse grupo \u00e9 uma dissid\u00eancia do Bonde dos 13 e j\u00e1 tem representantes tamb\u00e9m na Papudinha.<\/p>\n<p style=\"text-align: justify;\">Neste domingo pela manh\u00e3 (4), teve uma revista na unidade. Foram encontrados dois \u201cstocks\u201d (facas artesanais). A separa\u00e7\u00e3o dos ambientes, j\u00e1 exigida pela Vara de Execu\u00e7\u00f5es Penais, n\u00e3o foi executada pelo Governo do Acre.<\/p>\n<p style=\"text-align: justify;\">A dire\u00e7\u00e3o da Papudinha entende que essa separa\u00e7\u00e3o \u201cresolveria o problema\u201d ou, no m\u00ednimo, aliviaria a tens\u00e3o que existe na unidade. \u201cEstamos da mesma forma de outubro\u201d, pontua P\u00edcolo, lembrando o ataque que a unidade sofreu de integrantes do Comando Vermelho.<\/p>\n","protected":false},"excerpt":{"rendered":"<p style=\"text-align: justify;\">Libera\u00e7\u00e3o de 380 presos exp\u00f5e fragilidade do sistema<\/p>\n","protected":false},"author":4,"featured_media":26731,"comment_status":"open","ping_status":"open","sticky":false,"template":"","format":"standard","meta":{"jnews-multi-image_gallery":[],"jnews_single_post":[],"jnews_primary_category":[],"jnews_social_meta":[],"jnews_review":[],"enable_review":"","type":"","name":"","summary":"","brand":"","sku":"","good":[],"bad":[],"score_override":"","override_value":"","rating":[],"price":[],"footnotes":""},"categories":[44],"tags":[],"class_list":["post-26732","post","type-post","status-publish","format-standard","has-post-thumbnail","hentry","category-policia"],"yoast_head":"<!-- This site is optimized with the Yoast SEO plugin v26.5 - https:\/\/yoast.com\/wordpress\/plugins\/seo\/ -->\n<title>\u201cHaveria uma chacina interna\u201d, diz diretor da Papudinha - Agazeta.net<\/title>\n<meta name=\"robots\" content=\"index, follow, max-snippet:-1, max-image-preview:large, max-video-preview:-1\" \/>\n<link rel=\"canonical\" href=\"https:\/\/nk7-testes.com.br\/agazeta\/iria-haver-uma-chacina-interna-diz-diretor-da-papudinha\/\" \/>\n<meta property=\"og:locale\" content=\"pt_BR\" \/>\n<meta property=\"og:type\" content=\"article\" \/>\n<meta property=\"og:title\" content=\"\u201cHaveria uma chacina interna\u201d, diz diretor da Papudinha - Agazeta.net\" \/>\n<meta property=\"og:description\" content=\"Libera\u00e7\u00e3o de 380 presos exp\u00f5e fragilidade do sistema\" \/>\n<meta property=\"og:url\" content=\"https:\/\/nk7-testes.com.br\/agazeta\/iria-haver-uma-chacina-interna-diz-diretor-da-papudinha\/\" \/>\n<meta property=\"og:site_name\" content=\"Agazeta.net\" \/>\n<meta property=\"article:published_time\" content=\"2016-12-04T23:24:52+00:00\" \/>\n<meta property=\"og:image\" content=\"https:\/\/nk7-testes.com.br\/agazeta\/wp-content\/uploads\/2016\/12\/041216-policia-papudinha-cleriston.jpg\" \/>\n\t<meta property=\"og:image:width\" content=\"454\" \/>\n\t<meta property=\"og:image:height\" content=\"340\" \/>\n\t<meta property=\"og:image:type\" content=\"image\/jpeg\" \/>\n<meta name=\"author\" content=\"Agazeta.Net\" \/>\n<meta name=\"twitter:card\" content=\"summary_large_image\" \/>\n<meta name=\"twitter:label1\" content=\"Escrito por\" \/>\n\t<meta name=\"twitter:data1\" content=\"Agazeta.Net\" \/>\n\t<meta name=\"twitter:label2\" content=\"Est. tempo de leitura\" \/>\n\t<meta name=\"twitter:data2\" content=\"2 minutos\" \/>\n<script type=\"application\/ld+json\" class=\"yoast-schema-graph\">{\"@context\":\"https:\/\/schema.org\",\"@graph\":[{\"@type\":\"WebPage\",\"@id\":\"https:\/\/nk7-testes.com.br\/agazeta\/iria-haver-uma-chacina-interna-diz-diretor-da-papudinha\/\",\"url\":\"https:\/\/nk7-testes.com.br\/agazeta\/iria-haver-uma-chacina-interna-diz-diretor-da-papudinha\/\",\"name\":\"\u201cHaveria uma chacina interna\u201d, diz diretor da Papudinha - Agazeta.net\",\"isPartOf\":{\"@id\":\"https:\/\/nk7-testes.com.br\/agazeta\/#website\"},\"primaryImageOfPage\":{\"@id\":\"https:\/\/nk7-testes.com.br\/agazeta\/iria-haver-uma-chacina-interna-diz-diretor-da-papudinha\/#primaryimage\"},\"image\":{\"@id\":\"https:\/\/nk7-testes.com.br\/agazeta\/iria-haver-uma-chacina-interna-diz-diretor-da-papudinha\/#primaryimage\"},\"thumbnailUrl\":\"https:\/\/nk7-testes.com.br\/agazeta\/wp-content\/uploads\/2016\/12\/041216-policia-papudinha-cleriston.jpg\",\"datePublished\":\"2016-12-04T23:24:52+00:00\",\"author\":{\"@id\":\"https:\/\/nk7-testes.com.br\/agazeta\/#\/schema\/person\/6d6e25cb0435eb4a02fd44d30b4e3020\"},\"breadcrumb\":{\"@id\":\"https:\/\/nk7-testes.com.br\/agazeta\/iria-haver-uma-chacina-interna-diz-diretor-da-papudinha\/#breadcrumb\"},\"inLanguage\":\"pt-BR\",\"potentialAction\":[{\"@type\":\"ReadAction\",\"target\":[\"https:\/\/nk7-testes.com.br\/agazeta\/iria-haver-uma-chacina-interna-diz-diretor-da-papudinha\/\"]}]},{\"@type\":\"ImageObject\",\"inLanguage\":\"pt-BR\",\"@id\":\"https:\/\/nk7-testes.com.br\/agazeta\/iria-haver-uma-chacina-interna-diz-diretor-da-papudinha\/#primaryimage\",\"url\":\"https:\/\/nk7-testes.com.br\/agazeta\/wp-content\/uploads\/2016\/12\/041216-policia-papudinha-cleriston.jpg\",\"contentUrl\":\"https:\/\/nk7-testes.com.br\/agazeta\/wp-content\/uploads\/2016\/12\/041216-policia-papudinha-cleriston.jpg\",\"width\":454,\"height\":340,\"caption\":\"041216-policia-papudinha-cleriston\"},{\"@type\":\"BreadcrumbList\",\"@id\":\"https:\/\/nk7-testes.com.br\/agazeta\/iria-haver-uma-chacina-interna-diz-diretor-da-papudinha\/#breadcrumb\",\"itemListElement\":[{\"@type\":\"ListItem\",\"position\":1,\"name\":\"In\u00edcio\",\"item\":\"https:\/\/nk7-testes.com.br\/agazeta\/\"},{\"@type\":\"ListItem\",\"position\":2,\"name\":\"\u201cHaveria uma chacina interna\u201d, diz diretor da Papudinha\"}]},{\"@type\":\"WebSite\",\"@id\":\"https:\/\/nk7-testes.com.br\/agazeta\/#website\",\"url\":\"https:\/\/nk7-testes.com.br\/agazeta\/\",\"name\":\"Agazeta.net\",\"description\":\"Agazeta.net - Not\u00edcias de Rio Branco\/AC\",\"potentialAction\":[{\"@type\":\"SearchAction\",\"target\":{\"@type\":\"EntryPoint\",\"urlTemplate\":\"https:\/\/nk7-testes.com.br\/agazeta\/?s={search_term_string}\"},\"query-input\":{\"@type\":\"PropertyValueSpecification\",\"valueRequired\":true,\"valueName\":\"search_term_string\"}}],\"inLanguage\":\"pt-BR\"},{\"@type\":\"Person\",\"@id\":\"https:\/\/nk7-testes.com.br\/agazeta\/#\/schema\/person\/6d6e25cb0435eb4a02fd44d30b4e3020\",\"name\":\"Agazeta.Net\",\"url\":\"https:\/\/nk7-testes.com.br\/agazeta\/author\/agazeta\/\"}]}<\/script>\n<!-- \/ Yoast SEO plugin. -->","yoast_head_json":{"title":"\u201cHaveria uma chacina interna\u201d, diz diretor da Papudinha - Agazeta.net","robots":{"index":"index","follow":"follow","max-snippet":"max-snippet:-1","max-image-preview":"max-image-preview:large","max-video-preview":"max-video-preview:-1"},"canonical":"https:\/\/nk7-testes.com.br\/agazeta\/iria-haver-uma-chacina-interna-diz-diretor-da-papudinha\/","og_locale":"pt_BR","og_type":"article","og_title":"\u201cHaveria uma chacina interna\u201d, diz diretor da Papudinha - Agazeta.net","og_description":"Libera\u00e7\u00e3o de 380 presos exp\u00f5e fragilidade do sistema","og_url":"https:\/\/nk7-testes.com.br\/agazeta\/iria-haver-uma-chacina-interna-diz-diretor-da-papudinha\/","og_site_name":"Agazeta.net","article_published_time":"2016-12-04T23:24:52+00:00","og_image":[{"width":454,"height":340,"url":"https:\/\/nk7-testes.com.br\/agazeta\/wp-content\/uploads\/2016\/12\/041216-policia-papudinha-cleriston.jpg","type":"image\/jpeg"}],"author":"Agazeta.Net","twitter_card":"summary_large_image","twitter_misc":{"Escrito por":"Agazeta.Net","Est. tempo de leitura":"2 minutos"},"schema":{"@context":"https:\/\/schema.org","@graph":[{"@type":"WebPage","@id":"https:\/\/nk7-testes.com.br\/agazeta\/iria-haver-uma-chacina-interna-diz-diretor-da-papudinha\/","url":"https:\/\/nk7-testes.com.br\/agazeta\/iria-haver-uma-chacina-interna-diz-diretor-da-papudinha\/","name":"\u201cHaveria uma chacina interna\u201d, diz diretor da Papudinha - Agazeta.net","isPartOf":{"@id":"https:\/\/nk7-testes.com.br\/agazeta\/#website"},"primaryImageOfPage":{"@id":"https:\/\/nk7-testes.com.br\/agazeta\/iria-haver-uma-chacina-interna-diz-diretor-da-papudinha\/#primaryimage"},"image":{"@id":"https:\/\/nk7-testes.com.br\/agazeta\/iria-haver-uma-chacina-interna-diz-diretor-da-papudinha\/#primaryimage"},"thumbnailUrl":"https:\/\/nk7-testes.com.br\/agazeta\/wp-content\/uploads\/2016\/12\/041216-policia-papudinha-cleriston.jpg","datePublished":"2016-12-04T23:24:52+00:00","author":{"@id":"https:\/\/nk7-testes.com.br\/agazeta\/#\/schema\/person\/6d6e25cb0435eb4a02fd44d30b4e3020"},"breadcrumb":{"@id":"https:\/\/nk7-testes.com.br\/agazeta\/iria-haver-uma-chacina-interna-diz-diretor-da-papudinha\/#breadcrumb"},"inLanguage":"pt-BR","potentialAction":[{"@type":"ReadAction","target":["https:\/\/nk7-testes.com.br\/agazeta\/iria-haver-uma-chacina-interna-diz-diretor-da-papudinha\/"]}]},{"@type":"ImageObject","inLanguage":"pt-BR","@id":"https:\/\/nk7-testes.com.br\/agazeta\/iria-haver-uma-chacina-interna-diz-diretor-da-papudinha\/#primaryimage","url":"https:\/\/nk7-testes.com.br\/agazeta\/wp-content\/uploads\/2016\/12\/041216-policia-papudinha-cleriston.jpg","contentUrl":"https:\/\/nk7-testes.com.br\/agazeta\/wp-content\/uploads\/2016\/12\/041216-policia-papudinha-cleriston.jpg","width":454,"height":340,"caption":"041216-policia-papudinha-cleriston"},{"@type":"BreadcrumbList","@id":"https:\/\/nk7-testes.com.br\/agazeta\/iria-haver-uma-chacina-interna-diz-diretor-da-papudinha\/#breadcrumb","itemListElement":[{"@type":"ListItem","position":1,"name":"In\u00edcio","item":"https:\/\/nk7-testes.com.br\/agazeta\/"},{"@type":"ListItem","position":2,"name":"\u201cHaveria uma chacina interna\u201d, diz diretor da Papudinha"}]},{"@type":"WebSite","@id":"https:\/\/nk7-testes.com.br\/agazeta\/#website","url":"https:\/\/nk7-testes.com.br\/agazeta\/","name":"Agazeta.net","description":"Agazeta.net - Not\u00edcias de Rio Branco\/AC","potentialAction":[{"@type":"SearchAction","target":{"@type":"EntryPoint","urlTemplate":"https:\/\/nk7-testes.com.br\/agazeta\/?s={search_term_string}"},"query-input":{"@type":"PropertyValueSpecification","valueRequired":true,"valueName":"search_term_string"}}],"inLanguage":"pt-BR"},{"@type":"Person","@id":"https:\/\/nk7-testes.com.br\/agazeta\/#\/schema\/person\/6d6e25cb0435eb4a02fd44d30b4e3020","name":"Agazeta.Net","url":"https:\/\/nk7-testes.com.br\/agazeta\/author\/agazeta\/"}]}},"_links":{"self":[{"href":"https:\/\/nk7-testes.com.br\/agazeta\/wp-json\/wp\/v2\/posts\/26732","targetHints":{"allow":["GET"]}}],"collection":[{"href":"https:\/\/nk7-testes.com.br\/agazeta\/wp-json\/wp\/v2\/posts"}],"about":[{"href":"https:\/\/nk7-testes.com.br\/agazeta\/wp-json\/wp\/v2\/types\/post"}],"author":[{"embeddable":true,"href":"https:\/\/nk7-testes.com.br\/agazeta\/wp-json\/wp\/v2\/users\/4"}],"replies":[{"embeddable":true,"href":"https:\/\/nk7-testes.com.br\/agazeta\/wp-json\/wp\/v2\/comments?post=26732"}],"version-history":[{"count":0,"href":"https:\/\/nk7-testes.com.br\/agazeta\/wp-json\/wp\/v2\/posts\/26732\/revisions"}],"wp:featuredmedia":[{"embeddable":true,"href":"https:\/\/nk7-testes.com.br\/agazeta\/wp-json\/wp\/v2\/media\/26731"}],"wp:attachment":[{"href":"https:\/\/nk7-testes.com.br\/agazeta\/wp-json\/wp\/v2\/media?parent=26732"}],"wp:term":[{"taxonomy":"category","embeddable":true,"href":"https:\/\/nk7-testes.com.br\/agazeta\/wp-json\/wp\/v2\/categories?post=26732"},{"taxonomy":"post_tag","embeddable":true,"href":"https:\/\/nk7-testes.com.br\/agazeta\/wp-json\/wp\/v2\/tags?post=26732"}],"curies":[{"name":"wp","href":"https:\/\/api.w.org\/{rel}","templated":true}]}}