{"id":26724,"date":"2016-12-04T21:27:05","date_gmt":"2016-12-04T21:27:05","guid":{"rendered":"https:\/\/abarevegan.com.br\/index.php\/2016\/12\/04\/tentativa-de-homicidio-de-jovem-na-seis-de-agosto\/"},"modified":"2016-12-04T21:27:05","modified_gmt":"2016-12-04T21:27:05","slug":"tentativa-de-homicidio-de-jovem-na-seis-de-agosto","status":"publish","type":"post","link":"https:\/\/nk7-testes.com.br\/agazeta\/tentativa-de-homicidio-de-jovem-na-seis-de-agosto\/","title":{"rendered":"Tentativa de homic\u00eddio de jovem na Seis de Agosto"},"content":{"rendered":"<p style=\"text-align: justify;\">Jovem levou tr\u00eas tiros, inclusive um atingiu a nuca<\/p>\n<p style=\"text-align: justify;\">Edison Jos\u00e9 da Silva Barbosa, 21, foi v\u00edtima de uma tentativa de homic\u00eddio na noite de s\u00e1bado (3), no bairro Seis de Agosto. A v\u00edtima estava perto de uma quadra de areia do bairro nas proximidades da 4\u00aa ponte quando um homem chegou e efetuou v\u00e1rios disparos de arma de fogo.<\/p>\n<p style=\"text-align: justify;\">Edilson foi atingido com tr\u00eas tiros. Um dos disparos atingiu o pesco\u00e7o, outro nas costas e outro na nuca. O jovem foi socorrido por uma equipe do Samu e conduzido ao Pronto Socorro do Hospital de Urg\u00eancia e Emerg\u00eancia de Rio Branco em estado grave. A pol\u00edcia esteve no local, mas ningu\u00e9m foi preso.<\/p>\n","protected":false},"excerpt":{"rendered":"<p style=\"text-align: justify;\">Jovem levou tr\u00eas tiros, inclusive um atingiu a nuca<\/p>\n","protected":false},"author":4,"featured_media":26723,"comment_status":"open","ping_status":"open","sticky":false,"template":"","format":"standard","meta":{"jnews-multi-image_gallery":[],"jnews_single_post":[],"jnews_primary_category":[],"jnews_social_meta":[],"jnews_review":[],"enable_review":"","type":"","name":"","summary":"","brand":"","sku":"","good":[],"bad":[],"score_override":"","override_value":"","rating":[],"price":[],"footnotes":""},"categories":[44],"tags":[],"class_list":["post-26724","post","type-post","status-publish","format-standard","has-post-thumbnail","hentry","category-policia"],"yoast_head":"<!-- This site is optimized with the Yoast SEO plugin v26.5 - https:\/\/yoast.com\/wordpress\/plugins\/seo\/ -->\n<title>Tentativa de homic\u00eddio de jovem na Seis de Agosto - Agazeta.net<\/title>\n<meta name=\"robots\" content=\"index, follow, max-snippet:-1, max-image-preview:large, max-video-preview:-1\" \/>\n<link rel=\"canonical\" href=\"https:\/\/nk7-testes.com.br\/agazeta\/tentativa-de-homicidio-de-jovem-na-seis-de-agosto\/\" \/>\n<meta property=\"og:locale\" content=\"pt_BR\" \/>\n<meta property=\"og:type\" content=\"article\" \/>\n<meta property=\"og:title\" content=\"Tentativa de homic\u00eddio de jovem na Seis de Agosto - Agazeta.net\" \/>\n<meta property=\"og:description\" content=\"Jovem levou tr\u00eas tiros, inclusive um atingiu a nuca\" \/>\n<meta property=\"og:url\" content=\"https:\/\/nk7-testes.com.br\/agazeta\/tentativa-de-homicidio-de-jovem-na-seis-de-agosto\/\" \/>\n<meta property=\"og:site_name\" content=\"Agazeta.net\" \/>\n<meta property=\"article:published_time\" content=\"2016-12-04T21:27:05+00:00\" \/>\n<meta property=\"og:image\" content=\"https:\/\/nk7-testes.com.br\/agazeta\/wp-content\/uploads\/2016\/12\/041216-policia-tentativahomicidio-cleriston.jpg\" \/>\n\t<meta property=\"og:image:width\" content=\"454\" \/>\n\t<meta property=\"og:image:height\" content=\"340\" \/>\n\t<meta property=\"og:image:type\" content=\"image\/jpeg\" \/>\n<meta name=\"author\" content=\"Agazeta.Net\" \/>\n<meta name=\"twitter:card\" content=\"summary_large_image\" \/>\n<meta name=\"twitter:label1\" content=\"Escrito por\" \/>\n\t<meta name=\"twitter:data1\" content=\"Agazeta.Net\" \/>\n\t<meta name=\"twitter:label2\" content=\"Est. tempo de leitura\" \/>\n\t<meta name=\"twitter:data2\" content=\"1 minuto\" \/>\n<script type=\"application\/ld+json\" class=\"yoast-schema-graph\">{\"@context\":\"https:\/\/schema.org\",\"@graph\":[{\"@type\":\"WebPage\",\"@id\":\"https:\/\/nk7-testes.com.br\/agazeta\/tentativa-de-homicidio-de-jovem-na-seis-de-agosto\/\",\"url\":\"https:\/\/nk7-testes.com.br\/agazeta\/tentativa-de-homicidio-de-jovem-na-seis-de-agosto\/\",\"name\":\"Tentativa de homic\u00eddio de jovem na Seis de Agosto - Agazeta.net\",\"isPartOf\":{\"@id\":\"https:\/\/nk7-testes.com.br\/agazeta\/#website\"},\"primaryImageOfPage\":{\"@id\":\"https:\/\/nk7-testes.com.br\/agazeta\/tentativa-de-homicidio-de-jovem-na-seis-de-agosto\/#primaryimage\"},\"image\":{\"@id\":\"https:\/\/nk7-testes.com.br\/agazeta\/tentativa-de-homicidio-de-jovem-na-seis-de-agosto\/#primaryimage\"},\"thumbnailUrl\":\"https:\/\/nk7-testes.com.br\/agazeta\/wp-content\/uploads\/2016\/12\/041216-policia-tentativahomicidio-cleriston.jpg\",\"datePublished\":\"2016-12-04T21:27:05+00:00\",\"author\":{\"@id\":\"https:\/\/nk7-testes.com.br\/agazeta\/#\/schema\/person\/6d6e25cb0435eb4a02fd44d30b4e3020\"},\"breadcrumb\":{\"@id\":\"https:\/\/nk7-testes.com.br\/agazeta\/tentativa-de-homicidio-de-jovem-na-seis-de-agosto\/#breadcrumb\"},\"inLanguage\":\"pt-BR\",\"potentialAction\":[{\"@type\":\"ReadAction\",\"target\":[\"https:\/\/nk7-testes.com.br\/agazeta\/tentativa-de-homicidio-de-jovem-na-seis-de-agosto\/\"]}]},{\"@type\":\"ImageObject\",\"inLanguage\":\"pt-BR\",\"@id\":\"https:\/\/nk7-testes.com.br\/agazeta\/tentativa-de-homicidio-de-jovem-na-seis-de-agosto\/#primaryimage\",\"url\":\"https:\/\/nk7-testes.com.br\/agazeta\/wp-content\/uploads\/2016\/12\/041216-policia-tentativahomicidio-cleriston.jpg\",\"contentUrl\":\"https:\/\/nk7-testes.com.br\/agazeta\/wp-content\/uploads\/2016\/12\/041216-policia-tentativahomicidio-cleriston.jpg\",\"width\":454,\"height\":340,\"caption\":\"041216-policia-tentativahomicidio-cleriston\"},{\"@type\":\"BreadcrumbList\",\"@id\":\"https:\/\/nk7-testes.com.br\/agazeta\/tentativa-de-homicidio-de-jovem-na-seis-de-agosto\/#breadcrumb\",\"itemListElement\":[{\"@type\":\"ListItem\",\"position\":1,\"name\":\"In\u00edcio\",\"item\":\"https:\/\/nk7-testes.com.br\/agazeta\/\"},{\"@type\":\"ListItem\",\"position\":2,\"name\":\"Tentativa de homic\u00eddio de jovem na Seis de Agosto\"}]},{\"@type\":\"WebSite\",\"@id\":\"https:\/\/nk7-testes.com.br\/agazeta\/#website\",\"url\":\"https:\/\/nk7-testes.com.br\/agazeta\/\",\"name\":\"Agazeta.net\",\"description\":\"Agazeta.net - Not\u00edcias de Rio Branco\/AC\",\"potentialAction\":[{\"@type\":\"SearchAction\",\"target\":{\"@type\":\"EntryPoint\",\"urlTemplate\":\"https:\/\/nk7-testes.com.br\/agazeta\/?s={search_term_string}\"},\"query-input\":{\"@type\":\"PropertyValueSpecification\",\"valueRequired\":true,\"valueName\":\"search_term_string\"}}],\"inLanguage\":\"pt-BR\"},{\"@type\":\"Person\",\"@id\":\"https:\/\/nk7-testes.com.br\/agazeta\/#\/schema\/person\/6d6e25cb0435eb4a02fd44d30b4e3020\",\"name\":\"Agazeta.Net\",\"url\":\"https:\/\/nk7-testes.com.br\/agazeta\/author\/agazeta\/\"}]}<\/script>\n<!-- \/ Yoast SEO plugin. -->","yoast_head_json":{"title":"Tentativa de homic\u00eddio de jovem na Seis de Agosto - Agazeta.net","robots":{"index":"index","follow":"follow","max-snippet":"max-snippet:-1","max-image-preview":"max-image-preview:large","max-video-preview":"max-video-preview:-1"},"canonical":"https:\/\/nk7-testes.com.br\/agazeta\/tentativa-de-homicidio-de-jovem-na-seis-de-agosto\/","og_locale":"pt_BR","og_type":"article","og_title":"Tentativa de homic\u00eddio de jovem na Seis de Agosto - Agazeta.net","og_description":"Jovem levou tr\u00eas tiros, inclusive um atingiu a nuca","og_url":"https:\/\/nk7-testes.com.br\/agazeta\/tentativa-de-homicidio-de-jovem-na-seis-de-agosto\/","og_site_name":"Agazeta.net","article_published_time":"2016-12-04T21:27:05+00:00","og_image":[{"width":454,"height":340,"url":"https:\/\/nk7-testes.com.br\/agazeta\/wp-content\/uploads\/2016\/12\/041216-policia-tentativahomicidio-cleriston.jpg","type":"image\/jpeg"}],"author":"Agazeta.Net","twitter_card":"summary_large_image","twitter_misc":{"Escrito por":"Agazeta.Net","Est. tempo de leitura":"1 minuto"},"schema":{"@context":"https:\/\/schema.org","@graph":[{"@type":"WebPage","@id":"https:\/\/nk7-testes.com.br\/agazeta\/tentativa-de-homicidio-de-jovem-na-seis-de-agosto\/","url":"https:\/\/nk7-testes.com.br\/agazeta\/tentativa-de-homicidio-de-jovem-na-seis-de-agosto\/","name":"Tentativa de homic\u00eddio de jovem na Seis de Agosto - Agazeta.net","isPartOf":{"@id":"https:\/\/nk7-testes.com.br\/agazeta\/#website"},"primaryImageOfPage":{"@id":"https:\/\/nk7-testes.com.br\/agazeta\/tentativa-de-homicidio-de-jovem-na-seis-de-agosto\/#primaryimage"},"image":{"@id":"https:\/\/nk7-testes.com.br\/agazeta\/tentativa-de-homicidio-de-jovem-na-seis-de-agosto\/#primaryimage"},"thumbnailUrl":"https:\/\/nk7-testes.com.br\/agazeta\/wp-content\/uploads\/2016\/12\/041216-policia-tentativahomicidio-cleriston.jpg","datePublished":"2016-12-04T21:27:05+00:00","author":{"@id":"https:\/\/nk7-testes.com.br\/agazeta\/#\/schema\/person\/6d6e25cb0435eb4a02fd44d30b4e3020"},"breadcrumb":{"@id":"https:\/\/nk7-testes.com.br\/agazeta\/tentativa-de-homicidio-de-jovem-na-seis-de-agosto\/#breadcrumb"},"inLanguage":"pt-BR","potentialAction":[{"@type":"ReadAction","target":["https:\/\/nk7-testes.com.br\/agazeta\/tentativa-de-homicidio-de-jovem-na-seis-de-agosto\/"]}]},{"@type":"ImageObject","inLanguage":"pt-BR","@id":"https:\/\/nk7-testes.com.br\/agazeta\/tentativa-de-homicidio-de-jovem-na-seis-de-agosto\/#primaryimage","url":"https:\/\/nk7-testes.com.br\/agazeta\/wp-content\/uploads\/2016\/12\/041216-policia-tentativahomicidio-cleriston.jpg","contentUrl":"https:\/\/nk7-testes.com.br\/agazeta\/wp-content\/uploads\/2016\/12\/041216-policia-tentativahomicidio-cleriston.jpg","width":454,"height":340,"caption":"041216-policia-tentativahomicidio-cleriston"},{"@type":"BreadcrumbList","@id":"https:\/\/nk7-testes.com.br\/agazeta\/tentativa-de-homicidio-de-jovem-na-seis-de-agosto\/#breadcrumb","itemListElement":[{"@type":"ListItem","position":1,"name":"In\u00edcio","item":"https:\/\/nk7-testes.com.br\/agazeta\/"},{"@type":"ListItem","position":2,"name":"Tentativa de homic\u00eddio de jovem na Seis de Agosto"}]},{"@type":"WebSite","@id":"https:\/\/nk7-testes.com.br\/agazeta\/#website","url":"https:\/\/nk7-testes.com.br\/agazeta\/","name":"Agazeta.net","description":"Agazeta.net - Not\u00edcias de Rio Branco\/AC","potentialAction":[{"@type":"SearchAction","target":{"@type":"EntryPoint","urlTemplate":"https:\/\/nk7-testes.com.br\/agazeta\/?s={search_term_string}"},"query-input":{"@type":"PropertyValueSpecification","valueRequired":true,"valueName":"search_term_string"}}],"inLanguage":"pt-BR"},{"@type":"Person","@id":"https:\/\/nk7-testes.com.br\/agazeta\/#\/schema\/person\/6d6e25cb0435eb4a02fd44d30b4e3020","name":"Agazeta.Net","url":"https:\/\/nk7-testes.com.br\/agazeta\/author\/agazeta\/"}]}},"_links":{"self":[{"href":"https:\/\/nk7-testes.com.br\/agazeta\/wp-json\/wp\/v2\/posts\/26724","targetHints":{"allow":["GET"]}}],"collection":[{"href":"https:\/\/nk7-testes.com.br\/agazeta\/wp-json\/wp\/v2\/posts"}],"about":[{"href":"https:\/\/nk7-testes.com.br\/agazeta\/wp-json\/wp\/v2\/types\/post"}],"author":[{"embeddable":true,"href":"https:\/\/nk7-testes.com.br\/agazeta\/wp-json\/wp\/v2\/users\/4"}],"replies":[{"embeddable":true,"href":"https:\/\/nk7-testes.com.br\/agazeta\/wp-json\/wp\/v2\/comments?post=26724"}],"version-history":[{"count":0,"href":"https:\/\/nk7-testes.com.br\/agazeta\/wp-json\/wp\/v2\/posts\/26724\/revisions"}],"wp:featuredmedia":[{"embeddable":true,"href":"https:\/\/nk7-testes.com.br\/agazeta\/wp-json\/wp\/v2\/media\/26723"}],"wp:attachment":[{"href":"https:\/\/nk7-testes.com.br\/agazeta\/wp-json\/wp\/v2\/media?parent=26724"}],"wp:term":[{"taxonomy":"category","embeddable":true,"href":"https:\/\/nk7-testes.com.br\/agazeta\/wp-json\/wp\/v2\/categories?post=26724"},{"taxonomy":"post_tag","embeddable":true,"href":"https:\/\/nk7-testes.com.br\/agazeta\/wp-json\/wp\/v2\/tags?post=26724"}],"curies":[{"name":"wp","href":"https:\/\/api.w.org\/{rel}","templated":true}]}}