{"id":26702,"date":"2016-12-02T20:10:23","date_gmt":"2016-12-02T20:10:23","guid":{"rendered":"https:\/\/abarevegan.com.br\/index.php\/2016\/12\/02\/detento-garante-que-teriam-ataques-a-papudinha\/"},"modified":"2016-12-02T20:10:23","modified_gmt":"2016-12-02T20:10:23","slug":"detento-garante-que-teriam-ataques-a-papudinha","status":"publish","type":"post","link":"https:\/\/nk7-testes.com.br\/agazeta\/detento-garante-que-teriam-ataques-a-papudinha\/","title":{"rendered":"Detento garante que teriam ataques \u00e0 Papudinha"},"content":{"rendered":"<p style=\"text-align: justify;\">80 presos n\u00e3o dormiram no complexo penitenci\u00e1rio<\/p>\n<p style=\"text-align: justify;\">Um detento que n\u00e3o quis se identificar informou que estava marcado para a noite dessa quinta-feira mais um ataque ao pres\u00eddio da Papudinha, onde ficam mais de 300 presos do regime semiaberto.<\/p>\n<p style=\"text-align: justify;\">Havia at\u00e9 a amea\u00e7a de bombas. Por isso, 80 detentos n\u00e3o foram dormir no complexo. A dire\u00e7\u00e3o do Iapen informou que enviou a lista dos faltosos para a vara de execu\u00e7\u00f5es penais que vai cobrar explica\u00e7\u00f5es daqueles que quebraram as regras do benef\u00edcio.<\/p>\n<p style=\"text-align: justify;\">O diretor presidente do Iapen, Martim Hessel, relatou que desconhece o motivo para a falta em massa e n\u00e3o foi informado se haveria um novo ataque de fac\u00e7\u00f5es. \u201cAlgo ocorreu, mas n\u00e3o sei precisar o que houve. Agora cabe \u00e0 pol\u00edcia investigar se estava marcada alguma a\u00e7\u00e3o de fac\u00e7\u00f5es. Quanto aos presos, v\u00e3o ter que se explicar na Justi\u00e7a porque deixaram de pernoitar na papudinha\u201d, disse.<\/p>\n<p style=\"text-align: justify;\">Na mesma noite em que os 80 presos do semiaberto faltaram, um \u00f4nibus foi incendiado quando estava na parada final do bairro Recanto dos Buritis. Segundo moradores, j\u00e1 passava das 2 horas da manh\u00e3 quando v\u00e2ndalos chegaram e jogaram bombas caseiras.<\/p>\n<p style=\"text-align: justify;\">Logo as chamas se espalharam. Quando o Corpo de Bombeiros chegou nada pode fazer para evitar a perda total do ve\u00edculo.<\/p>\n<p style=\"text-align: justify;\">O ataque ao coletivo pode ser uma repres\u00e1lia \u00e0 Opera\u00e7\u00e3o Hydra, da Pol\u00edcia Federal, que na manh\u00e3 de quinta-feira prendeu 50 pessoas acusadas de fazerem parte de fac\u00e7\u00f5es criminosas.<\/p>\n<p style=\"text-align: justify;\">O secret\u00e1rio de Estado de Seguran\u00e7a P\u00fablica, Emylson Farias, disse que n\u00e3o existe risco de novos ataques e n\u00e3o h\u00e1 repres\u00e1lias quanto \u00e0 opera\u00e7\u00e3o da Pol\u00edcia Federal, o inc\u00eandio ao \u00f4nibus foi a\u00e7\u00e3o de um grupo isolado que logo ser\u00e1 identificado e preso.<\/p>\n<p style=\"text-align: justify;\">\u201cN\u00e3o vejo liga\u00e7\u00e3o do inc\u00eandio com a opera\u00e7\u00e3o contra as fac\u00e7\u00f5es. As lideran\u00e7as na \u00e9poca dos ataques, em outubro, pediram que n\u00e3o queimassem \u00f4nibus. Por isso, n\u00e3o fa\u00e7o essa liga\u00e7\u00e3o. Nesse caso, foram v\u00e2ndalos e logos vamos encontr\u00e1-los\u201d, alertou.<\/p>\n<p style=\"text-align: justify;\">O coordenador de Policiamento Ostensivo, coronel Ulisses, informou que o inc\u00eandio pode, sim, ter sido uma resposta \u00e0s pris\u00f5es de membros de fac\u00e7\u00f5es. Mas, ressaltou que n\u00e3o h\u00e1 motivo para a popula\u00e7\u00e3o ter medo, \u201cpois a pol\u00edcia est\u00e1 monitorando os l\u00edderes dessas organiza\u00e7\u00f5es criminosas\u201d.<\/p>\n","protected":false},"excerpt":{"rendered":"<p style=\"text-align: justify;\">80 presos n\u00e3o dormiram no complexo penitenci\u00e1rio<\/p>\n","protected":false},"author":4,"featured_media":26073,"comment_status":"open","ping_status":"open","sticky":false,"template":"","format":"standard","meta":{"jnews-multi-image_gallery":[],"jnews_single_post":[],"jnews_primary_category":[],"jnews_social_meta":[],"jnews_review":[],"enable_review":"","type":"","name":"","summary":"","brand":"","sku":"","good":[],"bad":[],"score_override":"","override_value":"","rating":[],"price":[],"footnotes":""},"categories":[44],"tags":[],"class_list":["post-26702","post","type-post","status-publish","format-standard","has-post-thumbnail","hentry","category-policia"],"yoast_head":"<!-- This site is optimized with the Yoast SEO plugin v26.5 - https:\/\/yoast.com\/wordpress\/plugins\/seo\/ -->\n<title>Detento garante que teriam ataques \u00e0 Papudinha - Agazeta.net<\/title>\n<meta name=\"robots\" content=\"index, follow, max-snippet:-1, max-image-preview:large, max-video-preview:-1\" \/>\n<link rel=\"canonical\" href=\"https:\/\/nk7-testes.com.br\/agazeta\/detento-garante-que-teriam-ataques-a-papudinha\/\" \/>\n<meta property=\"og:locale\" content=\"pt_BR\" \/>\n<meta property=\"og:type\" content=\"article\" \/>\n<meta property=\"og:title\" content=\"Detento garante que teriam ataques \u00e0 Papudinha - Agazeta.net\" \/>\n<meta property=\"og:description\" content=\"80 presos n\u00e3o dormiram no complexo penitenci\u00e1rio\" \/>\n<meta property=\"og:url\" content=\"https:\/\/nk7-testes.com.br\/agazeta\/detento-garante-que-teriam-ataques-a-papudinha\/\" \/>\n<meta property=\"og:site_name\" content=\"Agazeta.net\" \/>\n<meta property=\"article:published_time\" content=\"2016-12-02T20:10:23+00:00\" \/>\n<meta property=\"og:image\" content=\"https:\/\/nk7-testes.com.br\/agazeta\/wp-content\/uploads\/2016\/10\/251016-policia-papudinhapordentro-tvgazeta.jpg\" \/>\n\t<meta property=\"og:image:width\" content=\"458\" \/>\n\t<meta property=\"og:image:height\" content=\"340\" \/>\n\t<meta property=\"og:image:type\" content=\"image\/jpeg\" \/>\n<meta name=\"author\" content=\"Agazeta.Net\" \/>\n<meta name=\"twitter:card\" content=\"summary_large_image\" \/>\n<meta name=\"twitter:label1\" content=\"Escrito por\" \/>\n\t<meta name=\"twitter:data1\" content=\"Agazeta.Net\" \/>\n\t<meta name=\"twitter:label2\" content=\"Est. tempo de leitura\" \/>\n\t<meta name=\"twitter:data2\" content=\"2 minutos\" \/>\n<script type=\"application\/ld+json\" class=\"yoast-schema-graph\">{\"@context\":\"https:\/\/schema.org\",\"@graph\":[{\"@type\":\"WebPage\",\"@id\":\"https:\/\/nk7-testes.com.br\/agazeta\/detento-garante-que-teriam-ataques-a-papudinha\/\",\"url\":\"https:\/\/nk7-testes.com.br\/agazeta\/detento-garante-que-teriam-ataques-a-papudinha\/\",\"name\":\"Detento garante que teriam ataques \u00e0 Papudinha - Agazeta.net\",\"isPartOf\":{\"@id\":\"https:\/\/nk7-testes.com.br\/agazeta\/#website\"},\"primaryImageOfPage\":{\"@id\":\"https:\/\/nk7-testes.com.br\/agazeta\/detento-garante-que-teriam-ataques-a-papudinha\/#primaryimage\"},\"image\":{\"@id\":\"https:\/\/nk7-testes.com.br\/agazeta\/detento-garante-que-teriam-ataques-a-papudinha\/#primaryimage\"},\"thumbnailUrl\":\"https:\/\/nk7-testes.com.br\/agazeta\/wp-content\/uploads\/2016\/10\/251016-policia-papudinhapordentro-tvgazeta.jpg\",\"datePublished\":\"2016-12-02T20:10:23+00:00\",\"author\":{\"@id\":\"https:\/\/nk7-testes.com.br\/agazeta\/#\/schema\/person\/6d6e25cb0435eb4a02fd44d30b4e3020\"},\"breadcrumb\":{\"@id\":\"https:\/\/nk7-testes.com.br\/agazeta\/detento-garante-que-teriam-ataques-a-papudinha\/#breadcrumb\"},\"inLanguage\":\"pt-BR\",\"potentialAction\":[{\"@type\":\"ReadAction\",\"target\":[\"https:\/\/nk7-testes.com.br\/agazeta\/detento-garante-que-teriam-ataques-a-papudinha\/\"]}]},{\"@type\":\"ImageObject\",\"inLanguage\":\"pt-BR\",\"@id\":\"https:\/\/nk7-testes.com.br\/agazeta\/detento-garante-que-teriam-ataques-a-papudinha\/#primaryimage\",\"url\":\"https:\/\/nk7-testes.com.br\/agazeta\/wp-content\/uploads\/2016\/10\/251016-policia-papudinhapordentro-tvgazeta.jpg\",\"contentUrl\":\"https:\/\/nk7-testes.com.br\/agazeta\/wp-content\/uploads\/2016\/10\/251016-policia-papudinhapordentro-tvgazeta.jpg\",\"width\":458,\"height\":340,\"caption\":\"251016-policia-papudinhapordentro-tvgazeta\"},{\"@type\":\"BreadcrumbList\",\"@id\":\"https:\/\/nk7-testes.com.br\/agazeta\/detento-garante-que-teriam-ataques-a-papudinha\/#breadcrumb\",\"itemListElement\":[{\"@type\":\"ListItem\",\"position\":1,\"name\":\"In\u00edcio\",\"item\":\"https:\/\/nk7-testes.com.br\/agazeta\/\"},{\"@type\":\"ListItem\",\"position\":2,\"name\":\"Detento garante que teriam ataques \u00e0 Papudinha\"}]},{\"@type\":\"WebSite\",\"@id\":\"https:\/\/nk7-testes.com.br\/agazeta\/#website\",\"url\":\"https:\/\/nk7-testes.com.br\/agazeta\/\",\"name\":\"Agazeta.net\",\"description\":\"Agazeta.net - Not\u00edcias de Rio Branco\/AC\",\"potentialAction\":[{\"@type\":\"SearchAction\",\"target\":{\"@type\":\"EntryPoint\",\"urlTemplate\":\"https:\/\/nk7-testes.com.br\/agazeta\/?s={search_term_string}\"},\"query-input\":{\"@type\":\"PropertyValueSpecification\",\"valueRequired\":true,\"valueName\":\"search_term_string\"}}],\"inLanguage\":\"pt-BR\"},{\"@type\":\"Person\",\"@id\":\"https:\/\/nk7-testes.com.br\/agazeta\/#\/schema\/person\/6d6e25cb0435eb4a02fd44d30b4e3020\",\"name\":\"Agazeta.Net\",\"url\":\"https:\/\/nk7-testes.com.br\/agazeta\/author\/agazeta\/\"}]}<\/script>\n<!-- \/ Yoast SEO plugin. -->","yoast_head_json":{"title":"Detento garante que teriam ataques \u00e0 Papudinha - Agazeta.net","robots":{"index":"index","follow":"follow","max-snippet":"max-snippet:-1","max-image-preview":"max-image-preview:large","max-video-preview":"max-video-preview:-1"},"canonical":"https:\/\/nk7-testes.com.br\/agazeta\/detento-garante-que-teriam-ataques-a-papudinha\/","og_locale":"pt_BR","og_type":"article","og_title":"Detento garante que teriam ataques \u00e0 Papudinha - Agazeta.net","og_description":"80 presos n\u00e3o dormiram no complexo penitenci\u00e1rio","og_url":"https:\/\/nk7-testes.com.br\/agazeta\/detento-garante-que-teriam-ataques-a-papudinha\/","og_site_name":"Agazeta.net","article_published_time":"2016-12-02T20:10:23+00:00","og_image":[{"width":458,"height":340,"url":"https:\/\/nk7-testes.com.br\/agazeta\/wp-content\/uploads\/2016\/10\/251016-policia-papudinhapordentro-tvgazeta.jpg","type":"image\/jpeg"}],"author":"Agazeta.Net","twitter_card":"summary_large_image","twitter_misc":{"Escrito por":"Agazeta.Net","Est. tempo de leitura":"2 minutos"},"schema":{"@context":"https:\/\/schema.org","@graph":[{"@type":"WebPage","@id":"https:\/\/nk7-testes.com.br\/agazeta\/detento-garante-que-teriam-ataques-a-papudinha\/","url":"https:\/\/nk7-testes.com.br\/agazeta\/detento-garante-que-teriam-ataques-a-papudinha\/","name":"Detento garante que teriam ataques \u00e0 Papudinha - Agazeta.net","isPartOf":{"@id":"https:\/\/nk7-testes.com.br\/agazeta\/#website"},"primaryImageOfPage":{"@id":"https:\/\/nk7-testes.com.br\/agazeta\/detento-garante-que-teriam-ataques-a-papudinha\/#primaryimage"},"image":{"@id":"https:\/\/nk7-testes.com.br\/agazeta\/detento-garante-que-teriam-ataques-a-papudinha\/#primaryimage"},"thumbnailUrl":"https:\/\/nk7-testes.com.br\/agazeta\/wp-content\/uploads\/2016\/10\/251016-policia-papudinhapordentro-tvgazeta.jpg","datePublished":"2016-12-02T20:10:23+00:00","author":{"@id":"https:\/\/nk7-testes.com.br\/agazeta\/#\/schema\/person\/6d6e25cb0435eb4a02fd44d30b4e3020"},"breadcrumb":{"@id":"https:\/\/nk7-testes.com.br\/agazeta\/detento-garante-que-teriam-ataques-a-papudinha\/#breadcrumb"},"inLanguage":"pt-BR","potentialAction":[{"@type":"ReadAction","target":["https:\/\/nk7-testes.com.br\/agazeta\/detento-garante-que-teriam-ataques-a-papudinha\/"]}]},{"@type":"ImageObject","inLanguage":"pt-BR","@id":"https:\/\/nk7-testes.com.br\/agazeta\/detento-garante-que-teriam-ataques-a-papudinha\/#primaryimage","url":"https:\/\/nk7-testes.com.br\/agazeta\/wp-content\/uploads\/2016\/10\/251016-policia-papudinhapordentro-tvgazeta.jpg","contentUrl":"https:\/\/nk7-testes.com.br\/agazeta\/wp-content\/uploads\/2016\/10\/251016-policia-papudinhapordentro-tvgazeta.jpg","width":458,"height":340,"caption":"251016-policia-papudinhapordentro-tvgazeta"},{"@type":"BreadcrumbList","@id":"https:\/\/nk7-testes.com.br\/agazeta\/detento-garante-que-teriam-ataques-a-papudinha\/#breadcrumb","itemListElement":[{"@type":"ListItem","position":1,"name":"In\u00edcio","item":"https:\/\/nk7-testes.com.br\/agazeta\/"},{"@type":"ListItem","position":2,"name":"Detento garante que teriam ataques \u00e0 Papudinha"}]},{"@type":"WebSite","@id":"https:\/\/nk7-testes.com.br\/agazeta\/#website","url":"https:\/\/nk7-testes.com.br\/agazeta\/","name":"Agazeta.net","description":"Agazeta.net - Not\u00edcias de Rio Branco\/AC","potentialAction":[{"@type":"SearchAction","target":{"@type":"EntryPoint","urlTemplate":"https:\/\/nk7-testes.com.br\/agazeta\/?s={search_term_string}"},"query-input":{"@type":"PropertyValueSpecification","valueRequired":true,"valueName":"search_term_string"}}],"inLanguage":"pt-BR"},{"@type":"Person","@id":"https:\/\/nk7-testes.com.br\/agazeta\/#\/schema\/person\/6d6e25cb0435eb4a02fd44d30b4e3020","name":"Agazeta.Net","url":"https:\/\/nk7-testes.com.br\/agazeta\/author\/agazeta\/"}]}},"_links":{"self":[{"href":"https:\/\/nk7-testes.com.br\/agazeta\/wp-json\/wp\/v2\/posts\/26702","targetHints":{"allow":["GET"]}}],"collection":[{"href":"https:\/\/nk7-testes.com.br\/agazeta\/wp-json\/wp\/v2\/posts"}],"about":[{"href":"https:\/\/nk7-testes.com.br\/agazeta\/wp-json\/wp\/v2\/types\/post"}],"author":[{"embeddable":true,"href":"https:\/\/nk7-testes.com.br\/agazeta\/wp-json\/wp\/v2\/users\/4"}],"replies":[{"embeddable":true,"href":"https:\/\/nk7-testes.com.br\/agazeta\/wp-json\/wp\/v2\/comments?post=26702"}],"version-history":[{"count":0,"href":"https:\/\/nk7-testes.com.br\/agazeta\/wp-json\/wp\/v2\/posts\/26702\/revisions"}],"wp:featuredmedia":[{"embeddable":true,"href":"https:\/\/nk7-testes.com.br\/agazeta\/wp-json\/wp\/v2\/media\/26073"}],"wp:attachment":[{"href":"https:\/\/nk7-testes.com.br\/agazeta\/wp-json\/wp\/v2\/media?parent=26702"}],"wp:term":[{"taxonomy":"category","embeddable":true,"href":"https:\/\/nk7-testes.com.br\/agazeta\/wp-json\/wp\/v2\/categories?post=26702"},{"taxonomy":"post_tag","embeddable":true,"href":"https:\/\/nk7-testes.com.br\/agazeta\/wp-json\/wp\/v2\/tags?post=26702"}],"curies":[{"name":"wp","href":"https:\/\/api.w.org\/{rel}","templated":true}]}}