{"id":26691,"date":"2016-12-02T12:41:30","date_gmt":"2016-12-02T12:41:30","guid":{"rendered":"https:\/\/abarevegan.com.br\/index.php\/2016\/12\/02\/comercio-pessimista-com-natal-sem-contratacoes\/"},"modified":"2016-12-02T12:41:30","modified_gmt":"2016-12-02T12:41:30","slug":"comercio-pessimista-com-natal-sem-contratacoes","status":"publish","type":"post","link":"https:\/\/nk7-testes.com.br\/agazeta\/comercio-pessimista-com-natal-sem-contratacoes\/","title":{"rendered":"Com\u00e9rcio pessimista com Natal: sem contrata\u00e7\u00f5es"},"content":{"rendered":"<p style=\"text-align: justify;\">Expectativa \u00e9 de baixa nas vendas: estoques altos<\/p>\n<p style=\"text-align: justify;\">Comerciantes est\u00e3o pessimistas em rela\u00e7\u00e3o \u00e0s vendas de Natal e fim de ano. Pesquisa da Fecomercio aponta o clima do setor, que vive uma das piores crises da hist\u00f3ria.<\/p>\n<p style=\"text-align: justify;\">Luiz Gomes trabalha no com\u00e9rcio varejista h\u00e1 mais de 35 anos e nunca viu o consumidor t\u00e3o retra\u00eddo. A loja est\u00e1 com o estoque abarrotado de roupas, mas n\u00e3o \u00e9 porque ele se prepara para as vendas de Natal, mas porque n\u00e3o est\u00e1 vendendo. As expectativas para o melhor per\u00edodo do ano, segundo ele, tamb\u00e9m n\u00e3o s\u00e3o boas.<\/p>\n<p style=\"text-align: justify;\">A avalia\u00e7\u00e3o da Fecomercio mostra que esse \u00e9 o clima entre os comerciantes do Acre. O pessimismo afeta 44% dos empreendedores varejistas. Apenas 34% dos comerciantes acreditam em resultados positivos para o per\u00edodo.<\/p>\n<p style=\"text-align: justify;\">Para a Fecomercio, esse ambiente est\u00e1 ligado \u00e0 incerteza do pagamento do 13\u00ba sal\u00e1rio dos funcion\u00e1rios p\u00fablicos. \u201cEssa d\u00favida \u00e9 preocupante e \u00e9 prejudicial para o momento em que vivemos que \u00e9 de crise de confian\u00e7a, tanto por parte do consumidor quanto por parte do empres\u00e1rio\u201d, afirma o superintendente da Fecomercio, Aur\u00e9lio Cruz.<\/p>\n<p style=\"text-align: justify;\">Segundo outro estudo da Fecomercio, 25% dos comerciantes pretendem fazer contrata\u00e7\u00f5es tempor\u00e1rias de fim de ano. Contudo, mesmo sendo um percentual reduzido em rela\u00e7\u00e3o a outros anos, esta \u00e9 uma expectativa do empresariado e n\u00e3o uma garantia de que v\u00e1 contratar.<\/p>\n<p style=\"text-align: justify;\">Antes da crise Luiz contratava at\u00e9 4 pessoas para trabalhar no per\u00edodo de natal. Este ano ele pensa em admitir apenas 2 vendedores. \u201cNo m\u00e1ximo contratar duas pessoas, talvez vou contratar s\u00f3 uma. Ainda vou pensar. \u00c9 a realidade que a gente vive no com\u00e9rcio, que n\u00e3o \u00e9 boa como a gente vivia em anos anteriores\u201d, explica o comerciante.<\/p>\n","protected":false},"excerpt":{"rendered":"<p style=\"text-align: justify;\">Expectativa \u00e9 de baixa nas vendas: estoques altos<\/p>\n","protected":false},"author":4,"featured_media":12070,"comment_status":"open","ping_status":"open","sticky":false,"template":"","format":"standard","meta":{"jnews-multi-image_gallery":[],"jnews_single_post":[],"jnews_primary_category":[],"jnews_social_meta":[],"jnews_review":[],"enable_review":"","type":"","name":"","summary":"","brand":"","sku":"","good":[],"bad":[],"score_override":"","override_value":"","rating":[],"price":[],"footnotes":""},"categories":[54],"tags":[],"class_list":["post-26691","post","type-post","status-publish","format-standard","has-post-thumbnail","hentry","category-cotidiano"],"yoast_head":"<!-- This site is optimized with the Yoast SEO plugin v26.5 - https:\/\/yoast.com\/wordpress\/plugins\/seo\/ -->\n<title>Com\u00e9rcio pessimista com Natal: sem contrata\u00e7\u00f5es - Agazeta.net<\/title>\n<meta name=\"robots\" content=\"index, follow, max-snippet:-1, max-image-preview:large, max-video-preview:-1\" \/>\n<link rel=\"canonical\" href=\"https:\/\/nk7-testes.com.br\/agazeta\/comercio-pessimista-com-natal-sem-contratacoes\/\" \/>\n<meta property=\"og:locale\" content=\"pt_BR\" \/>\n<meta property=\"og:type\" content=\"article\" \/>\n<meta property=\"og:title\" content=\"Com\u00e9rcio pessimista com Natal: sem contrata\u00e7\u00f5es - Agazeta.net\" \/>\n<meta property=\"og:description\" content=\"Expectativa \u00e9 de baixa nas vendas: estoques altos\" \/>\n<meta property=\"og:url\" content=\"https:\/\/nk7-testes.com.br\/agazeta\/comercio-pessimista-com-natal-sem-contratacoes\/\" \/>\n<meta property=\"og:site_name\" content=\"Agazeta.net\" \/>\n<meta property=\"article:published_time\" content=\"2016-12-02T12:41:30+00:00\" \/>\n<meta property=\"og:image\" content=\"https:\/\/nk7-testes.com.br\/agazeta\/wp-content\/uploads\/2014\/12\/0511-cotidiano-comercio13salario-tvgazeta.jpg\" \/>\n\t<meta property=\"og:image:width\" content=\"458\" \/>\n\t<meta property=\"og:image:height\" content=\"340\" \/>\n\t<meta property=\"og:image:type\" content=\"image\/jpeg\" \/>\n<meta name=\"author\" content=\"Agazeta.Net\" \/>\n<meta name=\"twitter:card\" content=\"summary_large_image\" \/>\n<meta name=\"twitter:label1\" content=\"Escrito por\" \/>\n\t<meta name=\"twitter:data1\" content=\"Agazeta.Net\" \/>\n\t<meta name=\"twitter:label2\" content=\"Est. tempo de leitura\" \/>\n\t<meta name=\"twitter:data2\" content=\"1 minuto\" \/>\n<script type=\"application\/ld+json\" class=\"yoast-schema-graph\">{\"@context\":\"https:\/\/schema.org\",\"@graph\":[{\"@type\":\"WebPage\",\"@id\":\"https:\/\/nk7-testes.com.br\/agazeta\/comercio-pessimista-com-natal-sem-contratacoes\/\",\"url\":\"https:\/\/nk7-testes.com.br\/agazeta\/comercio-pessimista-com-natal-sem-contratacoes\/\",\"name\":\"Com\u00e9rcio pessimista com Natal: sem contrata\u00e7\u00f5es - Agazeta.net\",\"isPartOf\":{\"@id\":\"https:\/\/nk7-testes.com.br\/agazeta\/#website\"},\"primaryImageOfPage\":{\"@id\":\"https:\/\/nk7-testes.com.br\/agazeta\/comercio-pessimista-com-natal-sem-contratacoes\/#primaryimage\"},\"image\":{\"@id\":\"https:\/\/nk7-testes.com.br\/agazeta\/comercio-pessimista-com-natal-sem-contratacoes\/#primaryimage\"},\"thumbnailUrl\":\"https:\/\/nk7-testes.com.br\/agazeta\/wp-content\/uploads\/2014\/12\/0511-cotidiano-comercio13salario-tvgazeta.jpg\",\"datePublished\":\"2016-12-02T12:41:30+00:00\",\"author\":{\"@id\":\"https:\/\/nk7-testes.com.br\/agazeta\/#\/schema\/person\/ff6b39d54d6973bfc57f4140f659b23f\"},\"breadcrumb\":{\"@id\":\"https:\/\/nk7-testes.com.br\/agazeta\/comercio-pessimista-com-natal-sem-contratacoes\/#breadcrumb\"},\"inLanguage\":\"pt-BR\",\"potentialAction\":[{\"@type\":\"ReadAction\",\"target\":[\"https:\/\/nk7-testes.com.br\/agazeta\/comercio-pessimista-com-natal-sem-contratacoes\/\"]}]},{\"@type\":\"ImageObject\",\"inLanguage\":\"pt-BR\",\"@id\":\"https:\/\/nk7-testes.com.br\/agazeta\/comercio-pessimista-com-natal-sem-contratacoes\/#primaryimage\",\"url\":\"https:\/\/nk7-testes.com.br\/agazeta\/wp-content\/uploads\/2014\/12\/0511-cotidiano-comercio13salario-tvgazeta.jpg\",\"contentUrl\":\"https:\/\/nk7-testes.com.br\/agazeta\/wp-content\/uploads\/2014\/12\/0511-cotidiano-comercio13salario-tvgazeta.jpg\",\"width\":458,\"height\":340,\"caption\":\"0511-cotidiano-comercio13salario-tvgazeta\"},{\"@type\":\"BreadcrumbList\",\"@id\":\"https:\/\/nk7-testes.com.br\/agazeta\/comercio-pessimista-com-natal-sem-contratacoes\/#breadcrumb\",\"itemListElement\":[{\"@type\":\"ListItem\",\"position\":1,\"name\":\"In\u00edcio\",\"item\":\"https:\/\/nk7-testes.com.br\/agazeta\/\"},{\"@type\":\"ListItem\",\"position\":2,\"name\":\"Com\u00e9rcio pessimista com Natal: sem contrata\u00e7\u00f5es\"}]},{\"@type\":\"WebSite\",\"@id\":\"https:\/\/nk7-testes.com.br\/agazeta\/#website\",\"url\":\"https:\/\/nk7-testes.com.br\/agazeta\/\",\"name\":\"Agazeta.net\",\"description\":\"Agazeta.net - Not\u00edcias de Rio Branco\/AC\",\"potentialAction\":[{\"@type\":\"SearchAction\",\"target\":{\"@type\":\"EntryPoint\",\"urlTemplate\":\"https:\/\/nk7-testes.com.br\/agazeta\/?s={search_term_string}\"},\"query-input\":{\"@type\":\"PropertyValueSpecification\",\"valueRequired\":true,\"valueName\":\"search_term_string\"}}],\"inLanguage\":\"pt-BR\"},{\"@type\":\"Person\",\"@id\":\"https:\/\/nk7-testes.com.br\/agazeta\/#\/schema\/person\/ff6b39d54d6973bfc57f4140f659b23f\",\"name\":\"Agazeta.Net\",\"url\":\"https:\/\/nk7-testes.com.br\/agazeta\/author\/agazeta\/\"}]}<\/script>\n<!-- \/ Yoast SEO plugin. -->","yoast_head_json":{"title":"Com\u00e9rcio pessimista com Natal: sem contrata\u00e7\u00f5es - Agazeta.net","robots":{"index":"index","follow":"follow","max-snippet":"max-snippet:-1","max-image-preview":"max-image-preview:large","max-video-preview":"max-video-preview:-1"},"canonical":"https:\/\/nk7-testes.com.br\/agazeta\/comercio-pessimista-com-natal-sem-contratacoes\/","og_locale":"pt_BR","og_type":"article","og_title":"Com\u00e9rcio pessimista com Natal: sem contrata\u00e7\u00f5es - Agazeta.net","og_description":"Expectativa \u00e9 de baixa nas vendas: estoques altos","og_url":"https:\/\/nk7-testes.com.br\/agazeta\/comercio-pessimista-com-natal-sem-contratacoes\/","og_site_name":"Agazeta.net","article_published_time":"2016-12-02T12:41:30+00:00","og_image":[{"width":458,"height":340,"url":"https:\/\/nk7-testes.com.br\/agazeta\/wp-content\/uploads\/2014\/12\/0511-cotidiano-comercio13salario-tvgazeta.jpg","type":"image\/jpeg"}],"author":"Agazeta.Net","twitter_card":"summary_large_image","twitter_misc":{"Escrito por":"Agazeta.Net","Est. tempo de leitura":"1 minuto"},"schema":{"@context":"https:\/\/schema.org","@graph":[{"@type":"WebPage","@id":"https:\/\/nk7-testes.com.br\/agazeta\/comercio-pessimista-com-natal-sem-contratacoes\/","url":"https:\/\/nk7-testes.com.br\/agazeta\/comercio-pessimista-com-natal-sem-contratacoes\/","name":"Com\u00e9rcio pessimista com Natal: sem contrata\u00e7\u00f5es - Agazeta.net","isPartOf":{"@id":"https:\/\/nk7-testes.com.br\/agazeta\/#website"},"primaryImageOfPage":{"@id":"https:\/\/nk7-testes.com.br\/agazeta\/comercio-pessimista-com-natal-sem-contratacoes\/#primaryimage"},"image":{"@id":"https:\/\/nk7-testes.com.br\/agazeta\/comercio-pessimista-com-natal-sem-contratacoes\/#primaryimage"},"thumbnailUrl":"https:\/\/nk7-testes.com.br\/agazeta\/wp-content\/uploads\/2014\/12\/0511-cotidiano-comercio13salario-tvgazeta.jpg","datePublished":"2016-12-02T12:41:30+00:00","author":{"@id":"https:\/\/nk7-testes.com.br\/agazeta\/#\/schema\/person\/ff6b39d54d6973bfc57f4140f659b23f"},"breadcrumb":{"@id":"https:\/\/nk7-testes.com.br\/agazeta\/comercio-pessimista-com-natal-sem-contratacoes\/#breadcrumb"},"inLanguage":"pt-BR","potentialAction":[{"@type":"ReadAction","target":["https:\/\/nk7-testes.com.br\/agazeta\/comercio-pessimista-com-natal-sem-contratacoes\/"]}]},{"@type":"ImageObject","inLanguage":"pt-BR","@id":"https:\/\/nk7-testes.com.br\/agazeta\/comercio-pessimista-com-natal-sem-contratacoes\/#primaryimage","url":"https:\/\/nk7-testes.com.br\/agazeta\/wp-content\/uploads\/2014\/12\/0511-cotidiano-comercio13salario-tvgazeta.jpg","contentUrl":"https:\/\/nk7-testes.com.br\/agazeta\/wp-content\/uploads\/2014\/12\/0511-cotidiano-comercio13salario-tvgazeta.jpg","width":458,"height":340,"caption":"0511-cotidiano-comercio13salario-tvgazeta"},{"@type":"BreadcrumbList","@id":"https:\/\/nk7-testes.com.br\/agazeta\/comercio-pessimista-com-natal-sem-contratacoes\/#breadcrumb","itemListElement":[{"@type":"ListItem","position":1,"name":"In\u00edcio","item":"https:\/\/nk7-testes.com.br\/agazeta\/"},{"@type":"ListItem","position":2,"name":"Com\u00e9rcio pessimista com Natal: sem contrata\u00e7\u00f5es"}]},{"@type":"WebSite","@id":"https:\/\/nk7-testes.com.br\/agazeta\/#website","url":"https:\/\/nk7-testes.com.br\/agazeta\/","name":"Agazeta.net","description":"Agazeta.net - Not\u00edcias de Rio Branco\/AC","potentialAction":[{"@type":"SearchAction","target":{"@type":"EntryPoint","urlTemplate":"https:\/\/nk7-testes.com.br\/agazeta\/?s={search_term_string}"},"query-input":{"@type":"PropertyValueSpecification","valueRequired":true,"valueName":"search_term_string"}}],"inLanguage":"pt-BR"},{"@type":"Person","@id":"https:\/\/nk7-testes.com.br\/agazeta\/#\/schema\/person\/ff6b39d54d6973bfc57f4140f659b23f","name":"Agazeta.Net","url":"https:\/\/nk7-testes.com.br\/agazeta\/author\/agazeta\/"}]}},"_links":{"self":[{"href":"https:\/\/nk7-testes.com.br\/agazeta\/wp-json\/wp\/v2\/posts\/26691","targetHints":{"allow":["GET"]}}],"collection":[{"href":"https:\/\/nk7-testes.com.br\/agazeta\/wp-json\/wp\/v2\/posts"}],"about":[{"href":"https:\/\/nk7-testes.com.br\/agazeta\/wp-json\/wp\/v2\/types\/post"}],"author":[{"embeddable":true,"href":"https:\/\/nk7-testes.com.br\/agazeta\/wp-json\/wp\/v2\/users\/4"}],"replies":[{"embeddable":true,"href":"https:\/\/nk7-testes.com.br\/agazeta\/wp-json\/wp\/v2\/comments?post=26691"}],"version-history":[{"count":0,"href":"https:\/\/nk7-testes.com.br\/agazeta\/wp-json\/wp\/v2\/posts\/26691\/revisions"}],"wp:featuredmedia":[{"embeddable":true,"href":"https:\/\/nk7-testes.com.br\/agazeta\/wp-json\/wp\/v2\/media\/12070"}],"wp:attachment":[{"href":"https:\/\/nk7-testes.com.br\/agazeta\/wp-json\/wp\/v2\/media?parent=26691"}],"wp:term":[{"taxonomy":"category","embeddable":true,"href":"https:\/\/nk7-testes.com.br\/agazeta\/wp-json\/wp\/v2\/categories?post=26691"},{"taxonomy":"post_tag","embeddable":true,"href":"https:\/\/nk7-testes.com.br\/agazeta\/wp-json\/wp\/v2\/tags?post=26691"}],"curies":[{"name":"wp","href":"https:\/\/api.w.org\/{rel}","templated":true}]}}