{"id":26688,"date":"2016-12-01T21:56:26","date_gmt":"2016-12-01T21:56:26","guid":{"rendered":"https:\/\/abarevegan.com.br\/index.php\/2016\/12\/01\/agente-penitenciario-e-acusado-de-envolvimento-com-faccao\/"},"modified":"2016-12-01T21:56:26","modified_gmt":"2016-12-01T21:56:26","slug":"agente-penitenciario-e-acusado-de-envolvimento-com-faccao","status":"publish","type":"post","link":"https:\/\/nk7-testes.com.br\/agazeta\/agente-penitenciario-e-acusado-de-envolvimento-com-faccao\/","title":{"rendered":"Agente penitenci\u00e1rio \u00e9 acusado de envolvimento com fac\u00e7\u00e3o"},"content":{"rendered":"<p style=\"text-align: justify;\">Tales pode ter facilitado entrada de celulares e armas<\/p>\n<p style=\"text-align: justify;\">Durante a opera\u00e7\u00e3o da Pol\u00edcia Federal para prender membros de fac\u00e7\u00f5es criminosas um agente penitenci\u00e1rio lotado no pres\u00eddio Francisco de Oliveira Conde, foi preso, acusado de facilitar a entrada de armas e aparelhos celulares para os detentos.<\/p>\n<p style=\"text-align: justify;\">O agente Tales Keuno vinha sendo investigado pela Pol\u00edcia Civil e, durante a investiga\u00e7\u00e3o da Pol\u00edcia Federal, foi confirmada a aproxima\u00e7\u00e3o dele com l\u00edderes de fac\u00e7\u00f5es criminosas que est\u00e3o presos.<\/p>\n<p style=\"text-align: justify;\">A pol\u00edcia n\u00e3o informou como funcionava o esquema do agente, se era membro da fac\u00e7\u00e3o ou apenas negociava as armas e aparelhos celulares.<\/p>\n<p style=\"text-align: justify;\">A pris\u00e3o de Keuno aconteceu durante a opera\u00e7\u00e3o Hidra, que come\u00e7ou \u00e0s 5:00 hs dessa quinta- feira. Ao todo, 150 agentes foram convocados de outros estados para cumprir 66 mandados sendo 52 de pris\u00e3o e 11 de busca e apreens\u00e3o.<\/p>\n<p style=\"text-align: justify;\">Dos mandatos, apenas dois n\u00e3o foram cumpridos porque os acusados n\u00e3o foram encontrados. Segundo o delegado Daniel Cola, coordenador da Delegacia de Combate ao Crime Organizado, as pessoas presas s\u00e3o acusadas de fazer parte de tr\u00eas fac\u00e7\u00f5es criminosas que atuaram diretamente nos ataques a ve\u00edculos e pr\u00e9dios p\u00fablicos em 2015 e 2016.<\/p>\n<p style=\"text-align: justify;\">A Pol\u00edcia Federal precisou de ajuda do Iapen, o Instituto de Administra\u00e7\u00e3o Penitenci\u00e1ria, porque boa parte dos pedidos de pris\u00f5es era para pessoas que j\u00e1 se encontram no sistema prisional ou no regime fechado ou semiaberto.<\/p>\n<p style=\"text-align: justify;\">\u201cEram l\u00edderes de fac\u00e7\u00f5es e partiram deles as ordens para os ataques. Por isso, tivemos que usar um grupo maior de agentes para cumprir todas as pris\u00f5es. Sab\u00edamos que algumas pessoas s\u00e3o perigosas\u201d, relatou Cola.<\/p>\n<p style=\"text-align: justify;\">Durante a opera\u00e7\u00e3o dessa quinta-feira, a policia encontrou um rev\u00f3lver calibre 38 e apreendeu quatro ve\u00edculos e R$ 25 mil. No per\u00edodo de investiga\u00e7\u00e3o, que durou um ano, a PF aprendeu 10 quilos de coca\u00edna, e como os bandidos estavam sendo monitorados chegou a evitar v\u00e1rios crimes.<\/p>\n","protected":false},"excerpt":{"rendered":"<p style=\"text-align: justify;\">Tales pode ter facilitado entrada de celulares e armas<\/p>\n","protected":false},"author":4,"featured_media":26687,"comment_status":"open","ping_status":"open","sticky":false,"template":"","format":"standard","meta":{"jnews-multi-image_gallery":[],"jnews_single_post":[],"jnews_primary_category":[],"jnews_social_meta":[],"jnews_review":[],"enable_review":"","type":"","name":"","summary":"","brand":"","sku":"","good":[],"bad":[],"score_override":"","override_value":"","rating":[],"price":[],"footnotes":""},"categories":[44],"tags":[],"class_list":["post-26688","post","type-post","status-publish","format-standard","has-post-thumbnail","hentry","category-policia"],"yoast_head":"<!-- This site is optimized with the Yoast SEO plugin v26.5 - https:\/\/yoast.com\/wordpress\/plugins\/seo\/ -->\n<title>Agente penitenci\u00e1rio \u00e9 acusado de envolvimento com fac\u00e7\u00e3o - Agazeta.net<\/title>\n<meta name=\"robots\" content=\"index, follow, max-snippet:-1, max-image-preview:large, max-video-preview:-1\" \/>\n<link rel=\"canonical\" href=\"https:\/\/nk7-testes.com.br\/agazeta\/agente-penitenciario-e-acusado-de-envolvimento-com-faccao\/\" \/>\n<meta property=\"og:locale\" content=\"pt_BR\" \/>\n<meta property=\"og:type\" content=\"article\" \/>\n<meta property=\"og:title\" content=\"Agente penitenci\u00e1rio \u00e9 acusado de envolvimento com fac\u00e7\u00e3o - Agazeta.net\" \/>\n<meta property=\"og:description\" content=\"Tales pode ter facilitado entrada de celulares e armas\" \/>\n<meta property=\"og:url\" content=\"https:\/\/nk7-testes.com.br\/agazeta\/agente-penitenciario-e-acusado-de-envolvimento-com-faccao\/\" \/>\n<meta property=\"og:site_name\" content=\"Agazeta.net\" \/>\n<meta property=\"article:published_time\" content=\"2016-12-01T21:56:26+00:00\" \/>\n<meta property=\"og:image\" content=\"https:\/\/nk7-testes.com.br\/agazeta\/wp-content\/uploads\/2016\/12\/011216-policia-operacaohidra-tvgazeta.jpg\" \/>\n\t<meta property=\"og:image:width\" content=\"454\" \/>\n\t<meta property=\"og:image:height\" content=\"340\" \/>\n\t<meta property=\"og:image:type\" content=\"image\/jpeg\" \/>\n<meta name=\"author\" content=\"Agazeta.Net\" \/>\n<meta name=\"twitter:card\" content=\"summary_large_image\" \/>\n<meta name=\"twitter:label1\" content=\"Escrito por\" \/>\n\t<meta name=\"twitter:data1\" content=\"Agazeta.Net\" \/>\n\t<meta name=\"twitter:label2\" content=\"Est. tempo de leitura\" \/>\n\t<meta name=\"twitter:data2\" content=\"2 minutos\" \/>\n<script type=\"application\/ld+json\" class=\"yoast-schema-graph\">{\"@context\":\"https:\/\/schema.org\",\"@graph\":[{\"@type\":\"WebPage\",\"@id\":\"https:\/\/nk7-testes.com.br\/agazeta\/agente-penitenciario-e-acusado-de-envolvimento-com-faccao\/\",\"url\":\"https:\/\/nk7-testes.com.br\/agazeta\/agente-penitenciario-e-acusado-de-envolvimento-com-faccao\/\",\"name\":\"Agente penitenci\u00e1rio \u00e9 acusado de envolvimento com fac\u00e7\u00e3o - Agazeta.net\",\"isPartOf\":{\"@id\":\"https:\/\/nk7-testes.com.br\/agazeta\/#website\"},\"primaryImageOfPage\":{\"@id\":\"https:\/\/nk7-testes.com.br\/agazeta\/agente-penitenciario-e-acusado-de-envolvimento-com-faccao\/#primaryimage\"},\"image\":{\"@id\":\"https:\/\/nk7-testes.com.br\/agazeta\/agente-penitenciario-e-acusado-de-envolvimento-com-faccao\/#primaryimage\"},\"thumbnailUrl\":\"https:\/\/nk7-testes.com.br\/agazeta\/wp-content\/uploads\/2016\/12\/011216-policia-operacaohidra-tvgazeta.jpg\",\"datePublished\":\"2016-12-01T21:56:26+00:00\",\"author\":{\"@id\":\"https:\/\/nk7-testes.com.br\/agazeta\/#\/schema\/person\/6d6e25cb0435eb4a02fd44d30b4e3020\"},\"breadcrumb\":{\"@id\":\"https:\/\/nk7-testes.com.br\/agazeta\/agente-penitenciario-e-acusado-de-envolvimento-com-faccao\/#breadcrumb\"},\"inLanguage\":\"pt-BR\",\"potentialAction\":[{\"@type\":\"ReadAction\",\"target\":[\"https:\/\/nk7-testes.com.br\/agazeta\/agente-penitenciario-e-acusado-de-envolvimento-com-faccao\/\"]}]},{\"@type\":\"ImageObject\",\"inLanguage\":\"pt-BR\",\"@id\":\"https:\/\/nk7-testes.com.br\/agazeta\/agente-penitenciario-e-acusado-de-envolvimento-com-faccao\/#primaryimage\",\"url\":\"https:\/\/nk7-testes.com.br\/agazeta\/wp-content\/uploads\/2016\/12\/011216-policia-operacaohidra-tvgazeta.jpg\",\"contentUrl\":\"https:\/\/nk7-testes.com.br\/agazeta\/wp-content\/uploads\/2016\/12\/011216-policia-operacaohidra-tvgazeta.jpg\",\"width\":454,\"height\":340,\"caption\":\"011216-policia-operacaohidra-tvgazeta\"},{\"@type\":\"BreadcrumbList\",\"@id\":\"https:\/\/nk7-testes.com.br\/agazeta\/agente-penitenciario-e-acusado-de-envolvimento-com-faccao\/#breadcrumb\",\"itemListElement\":[{\"@type\":\"ListItem\",\"position\":1,\"name\":\"In\u00edcio\",\"item\":\"https:\/\/nk7-testes.com.br\/agazeta\/\"},{\"@type\":\"ListItem\",\"position\":2,\"name\":\"Agente penitenci\u00e1rio \u00e9 acusado de envolvimento com fac\u00e7\u00e3o\"}]},{\"@type\":\"WebSite\",\"@id\":\"https:\/\/nk7-testes.com.br\/agazeta\/#website\",\"url\":\"https:\/\/nk7-testes.com.br\/agazeta\/\",\"name\":\"Agazeta.net\",\"description\":\"Agazeta.net - Not\u00edcias de Rio Branco\/AC\",\"potentialAction\":[{\"@type\":\"SearchAction\",\"target\":{\"@type\":\"EntryPoint\",\"urlTemplate\":\"https:\/\/nk7-testes.com.br\/agazeta\/?s={search_term_string}\"},\"query-input\":{\"@type\":\"PropertyValueSpecification\",\"valueRequired\":true,\"valueName\":\"search_term_string\"}}],\"inLanguage\":\"pt-BR\"},{\"@type\":\"Person\",\"@id\":\"https:\/\/nk7-testes.com.br\/agazeta\/#\/schema\/person\/6d6e25cb0435eb4a02fd44d30b4e3020\",\"name\":\"Agazeta.Net\",\"url\":\"https:\/\/nk7-testes.com.br\/agazeta\/author\/agazeta\/\"}]}<\/script>\n<!-- \/ Yoast SEO plugin. -->","yoast_head_json":{"title":"Agente penitenci\u00e1rio \u00e9 acusado de envolvimento com fac\u00e7\u00e3o - Agazeta.net","robots":{"index":"index","follow":"follow","max-snippet":"max-snippet:-1","max-image-preview":"max-image-preview:large","max-video-preview":"max-video-preview:-1"},"canonical":"https:\/\/nk7-testes.com.br\/agazeta\/agente-penitenciario-e-acusado-de-envolvimento-com-faccao\/","og_locale":"pt_BR","og_type":"article","og_title":"Agente penitenci\u00e1rio \u00e9 acusado de envolvimento com fac\u00e7\u00e3o - Agazeta.net","og_description":"Tales pode ter facilitado entrada de celulares e armas","og_url":"https:\/\/nk7-testes.com.br\/agazeta\/agente-penitenciario-e-acusado-de-envolvimento-com-faccao\/","og_site_name":"Agazeta.net","article_published_time":"2016-12-01T21:56:26+00:00","og_image":[{"width":454,"height":340,"url":"https:\/\/nk7-testes.com.br\/agazeta\/wp-content\/uploads\/2016\/12\/011216-policia-operacaohidra-tvgazeta.jpg","type":"image\/jpeg"}],"author":"Agazeta.Net","twitter_card":"summary_large_image","twitter_misc":{"Escrito por":"Agazeta.Net","Est. tempo de leitura":"2 minutos"},"schema":{"@context":"https:\/\/schema.org","@graph":[{"@type":"WebPage","@id":"https:\/\/nk7-testes.com.br\/agazeta\/agente-penitenciario-e-acusado-de-envolvimento-com-faccao\/","url":"https:\/\/nk7-testes.com.br\/agazeta\/agente-penitenciario-e-acusado-de-envolvimento-com-faccao\/","name":"Agente penitenci\u00e1rio \u00e9 acusado de envolvimento com fac\u00e7\u00e3o - Agazeta.net","isPartOf":{"@id":"https:\/\/nk7-testes.com.br\/agazeta\/#website"},"primaryImageOfPage":{"@id":"https:\/\/nk7-testes.com.br\/agazeta\/agente-penitenciario-e-acusado-de-envolvimento-com-faccao\/#primaryimage"},"image":{"@id":"https:\/\/nk7-testes.com.br\/agazeta\/agente-penitenciario-e-acusado-de-envolvimento-com-faccao\/#primaryimage"},"thumbnailUrl":"https:\/\/nk7-testes.com.br\/agazeta\/wp-content\/uploads\/2016\/12\/011216-policia-operacaohidra-tvgazeta.jpg","datePublished":"2016-12-01T21:56:26+00:00","author":{"@id":"https:\/\/nk7-testes.com.br\/agazeta\/#\/schema\/person\/6d6e25cb0435eb4a02fd44d30b4e3020"},"breadcrumb":{"@id":"https:\/\/nk7-testes.com.br\/agazeta\/agente-penitenciario-e-acusado-de-envolvimento-com-faccao\/#breadcrumb"},"inLanguage":"pt-BR","potentialAction":[{"@type":"ReadAction","target":["https:\/\/nk7-testes.com.br\/agazeta\/agente-penitenciario-e-acusado-de-envolvimento-com-faccao\/"]}]},{"@type":"ImageObject","inLanguage":"pt-BR","@id":"https:\/\/nk7-testes.com.br\/agazeta\/agente-penitenciario-e-acusado-de-envolvimento-com-faccao\/#primaryimage","url":"https:\/\/nk7-testes.com.br\/agazeta\/wp-content\/uploads\/2016\/12\/011216-policia-operacaohidra-tvgazeta.jpg","contentUrl":"https:\/\/nk7-testes.com.br\/agazeta\/wp-content\/uploads\/2016\/12\/011216-policia-operacaohidra-tvgazeta.jpg","width":454,"height":340,"caption":"011216-policia-operacaohidra-tvgazeta"},{"@type":"BreadcrumbList","@id":"https:\/\/nk7-testes.com.br\/agazeta\/agente-penitenciario-e-acusado-de-envolvimento-com-faccao\/#breadcrumb","itemListElement":[{"@type":"ListItem","position":1,"name":"In\u00edcio","item":"https:\/\/nk7-testes.com.br\/agazeta\/"},{"@type":"ListItem","position":2,"name":"Agente penitenci\u00e1rio \u00e9 acusado de envolvimento com fac\u00e7\u00e3o"}]},{"@type":"WebSite","@id":"https:\/\/nk7-testes.com.br\/agazeta\/#website","url":"https:\/\/nk7-testes.com.br\/agazeta\/","name":"Agazeta.net","description":"Agazeta.net - Not\u00edcias de Rio Branco\/AC","potentialAction":[{"@type":"SearchAction","target":{"@type":"EntryPoint","urlTemplate":"https:\/\/nk7-testes.com.br\/agazeta\/?s={search_term_string}"},"query-input":{"@type":"PropertyValueSpecification","valueRequired":true,"valueName":"search_term_string"}}],"inLanguage":"pt-BR"},{"@type":"Person","@id":"https:\/\/nk7-testes.com.br\/agazeta\/#\/schema\/person\/6d6e25cb0435eb4a02fd44d30b4e3020","name":"Agazeta.Net","url":"https:\/\/nk7-testes.com.br\/agazeta\/author\/agazeta\/"}]}},"_links":{"self":[{"href":"https:\/\/nk7-testes.com.br\/agazeta\/wp-json\/wp\/v2\/posts\/26688","targetHints":{"allow":["GET"]}}],"collection":[{"href":"https:\/\/nk7-testes.com.br\/agazeta\/wp-json\/wp\/v2\/posts"}],"about":[{"href":"https:\/\/nk7-testes.com.br\/agazeta\/wp-json\/wp\/v2\/types\/post"}],"author":[{"embeddable":true,"href":"https:\/\/nk7-testes.com.br\/agazeta\/wp-json\/wp\/v2\/users\/4"}],"replies":[{"embeddable":true,"href":"https:\/\/nk7-testes.com.br\/agazeta\/wp-json\/wp\/v2\/comments?post=26688"}],"version-history":[{"count":0,"href":"https:\/\/nk7-testes.com.br\/agazeta\/wp-json\/wp\/v2\/posts\/26688\/revisions"}],"wp:featuredmedia":[{"embeddable":true,"href":"https:\/\/nk7-testes.com.br\/agazeta\/wp-json\/wp\/v2\/media\/26687"}],"wp:attachment":[{"href":"https:\/\/nk7-testes.com.br\/agazeta\/wp-json\/wp\/v2\/media?parent=26688"}],"wp:term":[{"taxonomy":"category","embeddable":true,"href":"https:\/\/nk7-testes.com.br\/agazeta\/wp-json\/wp\/v2\/categories?post=26688"},{"taxonomy":"post_tag","embeddable":true,"href":"https:\/\/nk7-testes.com.br\/agazeta\/wp-json\/wp\/v2\/tags?post=26688"}],"curies":[{"name":"wp","href":"https:\/\/api.w.org\/{rel}","templated":true}]}}