{"id":26681,"date":"2016-12-01T19:46:21","date_gmt":"2016-12-01T19:46:21","guid":{"rendered":"https:\/\/abarevegan.com.br\/index.php\/2016\/12\/01\/eletrobras-suspende-e-fornecimento-de-energia-em-12-bairros\/"},"modified":"2016-12-01T19:46:21","modified_gmt":"2016-12-01T19:46:21","slug":"eletrobras-suspende-e-fornecimento-de-energia-em-12-bairros","status":"publish","type":"post","link":"https:\/\/nk7-testes.com.br\/agazeta\/eletrobras-suspende-e-fornecimento-de-energia-em-12-bairros\/","title":{"rendered":"Fornecimento de energia ser\u00e1 suspenso em 12 bairros"},"content":{"rendered":"<p style=\"text-align: justify;\">Eletrobras far\u00e1 manuten\u00e7\u00e3o na rede nos pr\u00f3ximos dois dias<\/p>\n<p style=\"text-align: justify;\">A Eletrobras Distribui\u00e7\u00e3o Acre divulgou em seu site oficial a informa\u00e7\u00e3o da interrup\u00e7\u00e3o de fornecimento de energia em alguns bairros da capital durante os dias 2 e 3 (sexta e s\u00e1bado). A a\u00e7\u00e3o ser\u00e1 em virtude da manuten\u00e7\u00e3o no sistema de distribui\u00e7\u00e3o.<\/p>\n<p style=\"text-align: justify;\">De acordo com o gerente de Departamento de Servi\u00e7os, Thiago Alencar, as medidas s\u00e3o corriqueiras e fazem parte do cotidiano da empresa. \u201cS\u00e3o manuten\u00e7\u00f5es preventivas e corretivas que a gente est\u00e1 sempre realizando n\u00e3o s\u00f3 nesta sexta e s\u00e1bado, mas todos os dias a gente tem isso. Normalmente s\u00e3o substitui\u00e7\u00f5es de cruzetas e final de vida \u00fatil, substitui\u00e7\u00f5es de equipamentos que com o passar do tempo eles precisam ser substitu\u00eddos mesmo.\u201d Explicou Alencar.<\/p>\n<p style=\"text-align: justify;\">O gerente disse ainda, que o servi\u00e7o n\u00e3o \u00e9 demorado e dura, geralmente, 4 horas. \u201cComo \u00e9 um trabalho que envolve riscos ent\u00e3o tem que s\u00e9rum trabalho feito com cautela e sempre em torno de 4 horas o desligamento.\u201d<\/p>\n<p style=\"text-align: justify;\">Veja se o seu bairro passar\u00e1 pela manuten\u00e7\u00e3o na tabela a seguir:<\/p>\n<table border=\"0\" cellspacing=\"0\" cellpadding=\"0\" style=\"width: 101%; border-collapse: collapse;\">\n<tbody>\n<tr style=\"height: 18.7pt;\">\n<td width=\"18%\" style=\"width: 18%; border: 1pt solid windowtext; padding: 0cm 3.5pt; height: 18.7pt;\">\n<p align=\"center\" style=\"margin-bottom: 9pt; text-align: center;\"><strong><span style=\"font-size: 12pt;\">Data<\/span><\/strong><\/p>\n<\/td>\n<td width=\"18%\" style=\"width: 18%; border-top: 1pt solid windowtext; border-right: 1pt solid windowtext; border-bottom: 1pt solid windowtext; border-left: none; padding: 0cm 3.5pt; height: 18.7pt;\">\n<p align=\"center\" style=\"margin-bottom: 9pt; text-align: center;\"><strong><span style=\"font-size: 12pt;\">Hor\u00e1rio<\/span><\/strong><\/p>\n<\/td>\n<td width=\"62%\" style=\"width: 62%; border-top: 1pt solid windowtext; border-right: 1pt solid windowtext; border-bottom: 1pt solid windowtext; border-left: none; padding: 0cm 3.5pt; height: 18.7pt;\">\n<p align=\"center\" style=\"margin-bottom: 9pt; text-align: center;\"><strong><span style=\"font-size: 12pt;\">Local<\/span><\/strong><\/p>\n<\/td>\n<\/tr>\n<tr style=\"height: 62.9pt;\">\n<td width=\"18%\" style=\"width: 18%; border-right: 1pt solid windowtext; border-bottom: 1pt solid windowtext; border-left: 1pt solid windowtext; border-top: none; padding: 0cm 3.5pt; height: 62.9pt;\">\n<p align=\"center\" style=\"margin-bottom: 9pt; text-align: center; line-height: 18pt;\">02\/12\/2016<\/p>\n<p align=\"center\" style=\"margin-bottom: 9pt; text-align: center; line-height: 18pt;\"><strong>SEXTA-FEIRA<\/strong><\/p>\n<\/td>\n<td width=\"18%\" style=\"width: 18%; border-top: none; border-left: none; border-bottom: 1pt solid windowtext; border-right: 1pt solid windowtext; padding: 0cm 3.5pt; height: 62.9pt;\">\n<p align=\"center\" style=\"margin-bottom: 9pt; text-align: center;\"><strong><span style=\"font-size: 12pt;\">08:00 \u00e0s 12:00<\/span><\/strong><\/p>\n<\/td>\n<td width=\"62%\" style=\"width: 62%; border-top: none; border-left: none; border-bottom: 1pt solid windowtext; border-right: 1pt solid windowtext; padding: 0cm 3.5pt; height: 62.9pt;\">\n<p style=\"margin-bottom: 9pt; text-align: justify;\"><strong><span style=\"font-size: 12pt;\">RAMAIS:&nbsp;<\/span><\/strong><span style=\"font-size: 12pt;\">EST DO AMAP\u00c1 (6325 \u2013 7000), BEIRA RIO (200 \u2013 1026), SANTA HELENA (91 \u2013 102), SAU (1125 \u2013 2500) E TV SANTA HELENA (10 \u2013 30)<strong>, NOS BAIRROS:&nbsp;<\/strong>AMAPA, PRAIA DO AMAPA E TRANSACREANA\u2013 NO MUNIC\u00cdPIO DE RIO BRANCO\u2013 AC.<\/span><\/p>\n<\/td>\n<\/tr>\n<tr style=\"height: 52.55pt;\">\n<td width=\"18%\" style=\"width: 18%; border-right: 1pt solid windowtext; border-bottom: 1pt solid windowtext; border-left: 1pt solid windowtext; border-top: none; padding: 0cm 3.5pt; height: 52.55pt;\">\n<p align=\"center\" style=\"margin-bottom: 9pt; text-align: center; line-height: 18pt;\">02\/12\/2016<\/p>\n<p align=\"center\" style=\"margin-bottom: 9pt; text-align: center; line-height: 18pt;\"><strong>SEXTA-FEIRA<\/strong><\/p>\n<\/td>\n<td width=\"18%\" style=\"width: 18%; border-top: none; border-left: none; border-bottom: 1pt solid windowtext; border-right: 1pt solid windowtext; padding: 0cm 3.5pt; height: 52.55pt;\">\n<p align=\"center\" style=\"margin-bottom: 9pt; text-align: center;\"><strong><span style=\"font-size: 12pt;\">13:30 \u00e0s 17:00<\/span><\/strong><\/p>\n<\/td>\n<td width=\"62%\" style=\"width: 62%; border-top: none; border-left: none; border-bottom: 1pt solid windowtext; border-right: 1pt solid windowtext; padding: 0cm 3.5pt; height: 52.55pt;\">\n<p style=\"margin-bottom: 9pt; text-align: justify;\"><strong><span style=\"font-size: 12pt;\">RAMAL:&nbsp;<\/span><\/strong><span style=\"font-size: 12pt;\">DO A\u00c7UCE (790 \u2013 2050),<strong>NO BAIRRO:&nbsp;<\/strong>FLORESTA SUL\u2013 NO MUNIC\u00cdPIO DE RIO BRANCO\u2013 AC.<\/span><\/p>\n<\/td>\n<\/tr>\n<tr style=\"height: 76.65pt;\">\n<td width=\"18%\" style=\"width: 18%; border-right: 1pt solid windowtext; border-bottom: 1pt solid windowtext; border-left: 1pt solid windowtext; border-top: none; padding: 0cm 3.5pt; height: 76.65pt;\">\n<p align=\"center\" style=\"margin-bottom: 9pt; text-align: center; line-height: 18pt;\">03\/12\/2016<\/p>\n<p align=\"center\" style=\"margin-bottom: 9pt; text-align: center; line-height: 18pt;\"><strong>S\u00c1BADO<\/strong><\/p>\n<\/td>\n<td width=\"18%\" style=\"width: 18%; border-top: none; border-left: none; border-bottom: 1pt solid windowtext; border-right: 1pt solid windowtext; padding: 0cm 3.5pt; height: 76.65pt;\">\n<p align=\"center\" style=\"margin-bottom: 9pt; text-align: center;\"><strong><span style=\"font-size: 12pt;\">08:00 \u00e0s 12:00<\/span><\/strong><\/p>\n<\/td>\n<td width=\"62%\" style=\"width: 62%; border-top: none; border-left: none; border-bottom: 1pt solid windowtext; border-right: 1pt solid windowtext; padding: 0cm 3.5pt; height: 76.65pt;\">\n<p style=\"margin-bottom: 9pt; text-align: justify;\"><strong><span style=\"font-size: 12pt;\">RUAS:&nbsp;<\/span><\/strong><span style=\"font-size: 12pt;\">AMAZONAS (96), BR 364 (6299), RM DA UNI\u00c3O (98 \u2013 115), TV PL\u00c1CIDO DE CASTRO (5 \u2013 15), TV S\u00c3O FRANCISCO (1 \u2013 66), TV 19 DE SETEMBRO (20 \u2013 42) E TV 25 DE DEZEMBRO (10 \u2013 67),<strong>&nbsp;NOS BAIRROS:&nbsp;<\/strong>BELO JARDIM II, RECANTO DOS BURITIS E SANTA IN\u00caS \u2013 NO MUNIC\u00cdPIO DE RIO BRANCO\u2013 AC.<\/span><\/p>\n<\/td>\n<\/tr>\n<tr style=\"height: 62.9pt;\">\n<td width=\"18%\" style=\"width: 18%; border-right: 1pt solid windowtext; border-bottom: 1pt solid windowtext; border-left: 1pt solid windowtext; border-top: none; padding: 0cm 3.5pt; height: 62.9pt;\">\n<p align=\"center\" style=\"margin-bottom: 9pt; text-align: center; line-height: 18pt;\">03\/12\/2016<\/p>\n<p align=\"center\" style=\"margin-bottom: 9pt; text-align: center; line-height: 18pt;\"><strong>S\u00c1BADO<\/strong><\/p>\n<\/td>\n<td width=\"18%\" style=\"width: 18%; border-top: none; border-left: none; border-bottom: 1pt solid windowtext; border-right: 1pt solid windowtext; padding: 0cm 3.5pt; height: 62.9pt;\">\n<p align=\"center\" style=\"margin-bottom: 9pt; text-align: center;\"><strong><span style=\"font-size: 12pt;\">08:00 \u00e0s 12:00<\/span><\/strong><\/p>\n<\/td>\n<td width=\"62%\" style=\"width: 62%; border-top: none; border-left: none; border-bottom: 1pt solid windowtext; border-right: 1pt solid windowtext; padding: 0cm 3.5pt; height: 62.9pt;\">\n<p style=\"margin-bottom: 9pt; text-align: justify;\"><strong><span style=\"font-size: 12pt;\">RUAS:&nbsp;<\/span><\/strong><span style=\"font-size: 12pt;\">AURELIANO LOPES (460 \u2013 510), CONQUISTA (136 \u2013 361), MARACANA (94 \u2013 102), NOSSA SRA APARECIDA (653), TV CONQUISTA (93 \u2013 579) E TV PARAIBA (89 \u2013 121),<strong>NOS BAIRROS:&nbsp;<\/strong>CONJ. MANOEL JULI\u00c3O, GERALDO FLEMING E RES. IOLANDA \u2013 NO MUNIC\u00cdPIO DE RIO BRANCO\u2013 AC.<\/span><\/p>\n<\/td>\n<\/tr>\n<tr style=\"height: 62.9pt;\">\n<td width=\"18%\" style=\"width: 18%; border-right: 1pt solid windowtext; border-bottom: 1pt solid windowtext; border-left: 1pt solid windowtext; border-top: none; padding: 0cm 3.5pt; height: 62.9pt;\">\n<p align=\"center\" style=\"margin-bottom: 9pt; text-align: center; line-height: 18pt;\">03\/12\/2016<\/p>\n<p align=\"center\" style=\"margin-bottom: 9pt; text-align: center; line-height: 18pt;\"><strong>S\u00c1BADO<\/strong><\/p>\n<\/td>\n<td width=\"18%\" style=\"width: 18%; border-top: none; border-left: none; border-bottom: 1pt solid windowtext; border-right: 1pt solid windowtext; padding: 0cm 3.5pt; height: 62.9pt;\">\n<p align=\"center\" style=\"margin-bottom: 9pt; text-align: center;\"><strong><span style=\"font-size: 12pt;\">08:00 \u00e0s 12:00<\/span><\/strong><\/p>\n<\/td>\n<td width=\"62%\" style=\"width: 62%; border-top: none; border-left: none; border-bottom: 1pt solid windowtext; border-right: 1pt solid windowtext; padding: 0cm 3.5pt; height: 62.9pt;\">\n<p style=\"margin-bottom: 9pt; text-align: justify;\"><strong><span style=\"font-size: 12pt;\">RUAS:&nbsp;<\/span><\/strong><span style=\"font-size: 12pt;\">AV. GETULIO VARGAS (1522, 1554), BC DA CAGEACRE (14 \u2013 72), BC PROJETADA (1 \u2013 14), CEL. ALEXANDRINO (580), CEL. BRAND\u00c3O (82 \u2013 109), CEL. JOSE GALDINO (594 \u2013 598), CUSTODIO FREIRE (16 \u2013 86), DOM BOSCO 1 (90 \u2013 100), DOM BOSCO 2 (97 \u2013 107), DOS MILITARES (124 \u2013 168) E TV MILITAR (41),<strong>&nbsp;NO BAIRRO:&nbsp;<\/strong>BOSQUE&nbsp;<strong>\u2013 NO MUNIC\u00cdPIO DE RIO BRANCO\u2013 AC.<\/strong><\/span><\/p>\n<\/td>\n<\/tr>\n<tr style=\"height: 62.9pt;\">\n<td width=\"18%\" style=\"width: 18%; border-right: 1pt solid windowtext; border-bottom: 1pt solid windowtext; border-left: 1pt solid windowtext; border-top: none; padding: 0cm 3.5pt; height: 62.9pt;\">\n<p align=\"center\" style=\"margin-bottom: 9pt; text-align: center; line-height: 18pt;\">03\/12\/2016<\/p>\n<p align=\"center\" style=\"margin-bottom: 9pt; text-align: center; line-height: 18pt;\"><strong>S\u00c1BADO<\/strong><\/p>\n<\/td>\n<td width=\"18%\" style=\"width: 18%; border-top: none; border-left: none; border-bottom: 1pt solid windowtext; border-right: 1pt solid windowtext; padding: 0cm 3.5pt; height: 62.9pt;\">\n<p align=\"center\" style=\"margin-bottom: 9pt; text-align: center;\"><strong><span style=\"font-size: 12pt;\">13:00 \u00e0s 17:00<\/span><\/strong><\/p>\n<\/td>\n<td width=\"62%\" style=\"width: 62%; border-top: none; border-left: none; border-bottom: 1pt solid windowtext; border-right: 1pt solid windowtext; padding: 0cm 3.5pt; height: 62.9pt;\">\n<p style=\"margin-bottom: 9pt; text-align: justify;\"><strong><span style=\"font-size: 12pt;\">RUAS:&nbsp;<\/span><\/strong><span style=\"font-size: 12pt;\">DO BOLA PRETA (65 \u2013 105), LEBLON (100 \u2013 171) E RIO GRANDE DO SUL (1601 \u2013 1882),<strong>&nbsp;NOS BAIRROS:&nbsp;<\/strong>CONJ. CASTELO BRANCO, IVETE VARGAS, PREVENT\u00d3RIO E VOLTA SECA\u2013 NO MUNIC\u00cdPIO DE RIO BRANCO\u2013 AC.<\/span><\/p>\n<\/td>\n<\/tr>\n<\/tbody>\n<\/table>\n","protected":false},"excerpt":{"rendered":"<p style=\"text-align: justify;\">Eletrobras far\u00e1 manuten\u00e7\u00e3o na rede nos pr\u00f3ximos dois dias<\/p>\n","protected":false},"author":4,"featured_media":23963,"comment_status":"open","ping_status":"open","sticky":false,"template":"","format":"standard","meta":{"jnews-multi-image_gallery":[],"jnews_single_post":[],"jnews_primary_category":[],"jnews_social_meta":[],"jnews_review":[],"enable_review":"","type":"","name":"","summary":"","brand":"","sku":"","good":[],"bad":[],"score_override":"","override_value":"","rating":[],"price":[],"footnotes":""},"categories":[54],"tags":[],"class_list":["post-26681","post","type-post","status-publish","format-standard","has-post-thumbnail","hentry","category-cotidiano"],"yoast_head":"<!-- This site is optimized with the Yoast SEO plugin v26.5 - https:\/\/yoast.com\/wordpress\/plugins\/seo\/ -->\n<title>Fornecimento de energia ser\u00e1 suspenso em 12 bairros - Agazeta.net<\/title>\n<meta name=\"robots\" content=\"index, follow, max-snippet:-1, max-image-preview:large, max-video-preview:-1\" \/>\n<link rel=\"canonical\" href=\"https:\/\/nk7-testes.com.br\/agazeta\/eletrobras-suspende-e-fornecimento-de-energia-em-12-bairros\/\" \/>\n<meta property=\"og:locale\" content=\"pt_BR\" \/>\n<meta property=\"og:type\" content=\"article\" \/>\n<meta property=\"og:title\" content=\"Fornecimento de energia ser\u00e1 suspenso em 12 bairros - Agazeta.net\" \/>\n<meta property=\"og:description\" content=\"Eletrobras far\u00e1 manuten\u00e7\u00e3o na rede nos pr\u00f3ximos dois dias\" \/>\n<meta property=\"og:url\" content=\"https:\/\/nk7-testes.com.br\/agazeta\/eletrobras-suspende-e-fornecimento-de-energia-em-12-bairros\/\" \/>\n<meta property=\"og:site_name\" content=\"Agazeta.net\" \/>\n<meta property=\"article:published_time\" content=\"2016-12-01T19:46:21+00:00\" \/>\n<meta property=\"og:image\" content=\"https:\/\/nk7-testes.com.br\/agazeta\/wp-content\/uploads\/2016\/07\/270416-cotidiano-eletrobras-cleriston_410_305.jpg\" \/>\n\t<meta property=\"og:image:width\" content=\"410\" \/>\n\t<meta property=\"og:image:height\" content=\"305\" \/>\n\t<meta property=\"og:image:type\" content=\"image\/jpeg\" \/>\n<meta name=\"author\" content=\"Agazeta.Net\" \/>\n<meta name=\"twitter:card\" content=\"summary_large_image\" \/>\n<meta name=\"twitter:label1\" content=\"Escrito por\" \/>\n\t<meta name=\"twitter:data1\" content=\"Agazeta.Net\" \/>\n\t<meta name=\"twitter:label2\" content=\"Est. tempo de leitura\" \/>\n\t<meta name=\"twitter:data2\" content=\"2 minutos\" \/>\n<script type=\"application\/ld+json\" class=\"yoast-schema-graph\">{\"@context\":\"https:\/\/schema.org\",\"@graph\":[{\"@type\":\"WebPage\",\"@id\":\"https:\/\/nk7-testes.com.br\/agazeta\/eletrobras-suspende-e-fornecimento-de-energia-em-12-bairros\/\",\"url\":\"https:\/\/nk7-testes.com.br\/agazeta\/eletrobras-suspende-e-fornecimento-de-energia-em-12-bairros\/\",\"name\":\"Fornecimento de energia ser\u00e1 suspenso em 12 bairros - Agazeta.net\",\"isPartOf\":{\"@id\":\"https:\/\/nk7-testes.com.br\/agazeta\/#website\"},\"primaryImageOfPage\":{\"@id\":\"https:\/\/nk7-testes.com.br\/agazeta\/eletrobras-suspende-e-fornecimento-de-energia-em-12-bairros\/#primaryimage\"},\"image\":{\"@id\":\"https:\/\/nk7-testes.com.br\/agazeta\/eletrobras-suspende-e-fornecimento-de-energia-em-12-bairros\/#primaryimage\"},\"thumbnailUrl\":\"https:\/\/nk7-testes.com.br\/agazeta\/wp-content\/uploads\/2016\/07\/270416-cotidiano-eletrobras-cleriston_410_305.jpg\",\"datePublished\":\"2016-12-01T19:46:21+00:00\",\"author\":{\"@id\":\"https:\/\/nk7-testes.com.br\/agazeta\/#\/schema\/person\/ff6b39d54d6973bfc57f4140f659b23f\"},\"breadcrumb\":{\"@id\":\"https:\/\/nk7-testes.com.br\/agazeta\/eletrobras-suspende-e-fornecimento-de-energia-em-12-bairros\/#breadcrumb\"},\"inLanguage\":\"pt-BR\",\"potentialAction\":[{\"@type\":\"ReadAction\",\"target\":[\"https:\/\/nk7-testes.com.br\/agazeta\/eletrobras-suspende-e-fornecimento-de-energia-em-12-bairros\/\"]}]},{\"@type\":\"ImageObject\",\"inLanguage\":\"pt-BR\",\"@id\":\"https:\/\/nk7-testes.com.br\/agazeta\/eletrobras-suspende-e-fornecimento-de-energia-em-12-bairros\/#primaryimage\",\"url\":\"https:\/\/nk7-testes.com.br\/agazeta\/wp-content\/uploads\/2016\/07\/270416-cotidiano-eletrobras-cleriston_410_305.jpg\",\"contentUrl\":\"https:\/\/nk7-testes.com.br\/agazeta\/wp-content\/uploads\/2016\/07\/270416-cotidiano-eletrobras-cleriston_410_305.jpg\",\"width\":410,\"height\":305,\"caption\":\"270416-cotidiano-eletrobras-cleriston 410 305\"},{\"@type\":\"BreadcrumbList\",\"@id\":\"https:\/\/nk7-testes.com.br\/agazeta\/eletrobras-suspende-e-fornecimento-de-energia-em-12-bairros\/#breadcrumb\",\"itemListElement\":[{\"@type\":\"ListItem\",\"position\":1,\"name\":\"In\u00edcio\",\"item\":\"https:\/\/nk7-testes.com.br\/agazeta\/\"},{\"@type\":\"ListItem\",\"position\":2,\"name\":\"Fornecimento de energia ser\u00e1 suspenso em 12 bairros\"}]},{\"@type\":\"WebSite\",\"@id\":\"https:\/\/nk7-testes.com.br\/agazeta\/#website\",\"url\":\"https:\/\/nk7-testes.com.br\/agazeta\/\",\"name\":\"Agazeta.net\",\"description\":\"Agazeta.net - Not\u00edcias de Rio Branco\/AC\",\"potentialAction\":[{\"@type\":\"SearchAction\",\"target\":{\"@type\":\"EntryPoint\",\"urlTemplate\":\"https:\/\/nk7-testes.com.br\/agazeta\/?s={search_term_string}\"},\"query-input\":{\"@type\":\"PropertyValueSpecification\",\"valueRequired\":true,\"valueName\":\"search_term_string\"}}],\"inLanguage\":\"pt-BR\"},{\"@type\":\"Person\",\"@id\":\"https:\/\/nk7-testes.com.br\/agazeta\/#\/schema\/person\/ff6b39d54d6973bfc57f4140f659b23f\",\"name\":\"Agazeta.Net\",\"url\":\"https:\/\/nk7-testes.com.br\/agazeta\/author\/agazeta\/\"}]}<\/script>\n<!-- \/ Yoast SEO plugin. -->","yoast_head_json":{"title":"Fornecimento de energia ser\u00e1 suspenso em 12 bairros - Agazeta.net","robots":{"index":"index","follow":"follow","max-snippet":"max-snippet:-1","max-image-preview":"max-image-preview:large","max-video-preview":"max-video-preview:-1"},"canonical":"https:\/\/nk7-testes.com.br\/agazeta\/eletrobras-suspende-e-fornecimento-de-energia-em-12-bairros\/","og_locale":"pt_BR","og_type":"article","og_title":"Fornecimento de energia ser\u00e1 suspenso em 12 bairros - Agazeta.net","og_description":"Eletrobras far\u00e1 manuten\u00e7\u00e3o na rede nos pr\u00f3ximos dois dias","og_url":"https:\/\/nk7-testes.com.br\/agazeta\/eletrobras-suspende-e-fornecimento-de-energia-em-12-bairros\/","og_site_name":"Agazeta.net","article_published_time":"2016-12-01T19:46:21+00:00","og_image":[{"width":410,"height":305,"url":"https:\/\/nk7-testes.com.br\/agazeta\/wp-content\/uploads\/2016\/07\/270416-cotidiano-eletrobras-cleriston_410_305.jpg","type":"image\/jpeg"}],"author":"Agazeta.Net","twitter_card":"summary_large_image","twitter_misc":{"Escrito por":"Agazeta.Net","Est. tempo de leitura":"2 minutos"},"schema":{"@context":"https:\/\/schema.org","@graph":[{"@type":"WebPage","@id":"https:\/\/nk7-testes.com.br\/agazeta\/eletrobras-suspende-e-fornecimento-de-energia-em-12-bairros\/","url":"https:\/\/nk7-testes.com.br\/agazeta\/eletrobras-suspende-e-fornecimento-de-energia-em-12-bairros\/","name":"Fornecimento de energia ser\u00e1 suspenso em 12 bairros - Agazeta.net","isPartOf":{"@id":"https:\/\/nk7-testes.com.br\/agazeta\/#website"},"primaryImageOfPage":{"@id":"https:\/\/nk7-testes.com.br\/agazeta\/eletrobras-suspende-e-fornecimento-de-energia-em-12-bairros\/#primaryimage"},"image":{"@id":"https:\/\/nk7-testes.com.br\/agazeta\/eletrobras-suspende-e-fornecimento-de-energia-em-12-bairros\/#primaryimage"},"thumbnailUrl":"https:\/\/nk7-testes.com.br\/agazeta\/wp-content\/uploads\/2016\/07\/270416-cotidiano-eletrobras-cleriston_410_305.jpg","datePublished":"2016-12-01T19:46:21+00:00","author":{"@id":"https:\/\/nk7-testes.com.br\/agazeta\/#\/schema\/person\/ff6b39d54d6973bfc57f4140f659b23f"},"breadcrumb":{"@id":"https:\/\/nk7-testes.com.br\/agazeta\/eletrobras-suspende-e-fornecimento-de-energia-em-12-bairros\/#breadcrumb"},"inLanguage":"pt-BR","potentialAction":[{"@type":"ReadAction","target":["https:\/\/nk7-testes.com.br\/agazeta\/eletrobras-suspende-e-fornecimento-de-energia-em-12-bairros\/"]}]},{"@type":"ImageObject","inLanguage":"pt-BR","@id":"https:\/\/nk7-testes.com.br\/agazeta\/eletrobras-suspende-e-fornecimento-de-energia-em-12-bairros\/#primaryimage","url":"https:\/\/nk7-testes.com.br\/agazeta\/wp-content\/uploads\/2016\/07\/270416-cotidiano-eletrobras-cleriston_410_305.jpg","contentUrl":"https:\/\/nk7-testes.com.br\/agazeta\/wp-content\/uploads\/2016\/07\/270416-cotidiano-eletrobras-cleriston_410_305.jpg","width":410,"height":305,"caption":"270416-cotidiano-eletrobras-cleriston 410 305"},{"@type":"BreadcrumbList","@id":"https:\/\/nk7-testes.com.br\/agazeta\/eletrobras-suspende-e-fornecimento-de-energia-em-12-bairros\/#breadcrumb","itemListElement":[{"@type":"ListItem","position":1,"name":"In\u00edcio","item":"https:\/\/nk7-testes.com.br\/agazeta\/"},{"@type":"ListItem","position":2,"name":"Fornecimento de energia ser\u00e1 suspenso em 12 bairros"}]},{"@type":"WebSite","@id":"https:\/\/nk7-testes.com.br\/agazeta\/#website","url":"https:\/\/nk7-testes.com.br\/agazeta\/","name":"Agazeta.net","description":"Agazeta.net - Not\u00edcias de Rio Branco\/AC","potentialAction":[{"@type":"SearchAction","target":{"@type":"EntryPoint","urlTemplate":"https:\/\/nk7-testes.com.br\/agazeta\/?s={search_term_string}"},"query-input":{"@type":"PropertyValueSpecification","valueRequired":true,"valueName":"search_term_string"}}],"inLanguage":"pt-BR"},{"@type":"Person","@id":"https:\/\/nk7-testes.com.br\/agazeta\/#\/schema\/person\/ff6b39d54d6973bfc57f4140f659b23f","name":"Agazeta.Net","url":"https:\/\/nk7-testes.com.br\/agazeta\/author\/agazeta\/"}]}},"_links":{"self":[{"href":"https:\/\/nk7-testes.com.br\/agazeta\/wp-json\/wp\/v2\/posts\/26681","targetHints":{"allow":["GET"]}}],"collection":[{"href":"https:\/\/nk7-testes.com.br\/agazeta\/wp-json\/wp\/v2\/posts"}],"about":[{"href":"https:\/\/nk7-testes.com.br\/agazeta\/wp-json\/wp\/v2\/types\/post"}],"author":[{"embeddable":true,"href":"https:\/\/nk7-testes.com.br\/agazeta\/wp-json\/wp\/v2\/users\/4"}],"replies":[{"embeddable":true,"href":"https:\/\/nk7-testes.com.br\/agazeta\/wp-json\/wp\/v2\/comments?post=26681"}],"version-history":[{"count":0,"href":"https:\/\/nk7-testes.com.br\/agazeta\/wp-json\/wp\/v2\/posts\/26681\/revisions"}],"wp:featuredmedia":[{"embeddable":true,"href":"https:\/\/nk7-testes.com.br\/agazeta\/wp-json\/wp\/v2\/media\/23963"}],"wp:attachment":[{"href":"https:\/\/nk7-testes.com.br\/agazeta\/wp-json\/wp\/v2\/media?parent=26681"}],"wp:term":[{"taxonomy":"category","embeddable":true,"href":"https:\/\/nk7-testes.com.br\/agazeta\/wp-json\/wp\/v2\/categories?post=26681"},{"taxonomy":"post_tag","embeddable":true,"href":"https:\/\/nk7-testes.com.br\/agazeta\/wp-json\/wp\/v2\/tags?post=26681"}],"curies":[{"name":"wp","href":"https:\/\/api.w.org\/{rel}","templated":true}]}}