{"id":26678,"date":"2016-12-01T13:08:57","date_gmt":"2016-12-01T13:08:57","guid":{"rendered":"https:\/\/abarevegan.com.br\/index.php\/2016\/12\/01\/igualdade-racial-e-intolerancia-religiosa-debatidas\/"},"modified":"2016-12-01T13:08:57","modified_gmt":"2016-12-01T13:08:57","slug":"igualdade-racial-e-intolerancia-religiosa-debatidas","status":"publish","type":"post","link":"https:\/\/nk7-testes.com.br\/agazeta\/igualdade-racial-e-intolerancia-religiosa-debatidas\/","title":{"rendered":"Igualdade racial e intoler\u00e2ncia religiosa debatidas"},"content":{"rendered":"<p style=\"text-align: justify;\">Gestores p\u00fablicos debatem temas como preven\u00e7\u00e3o<\/p>\n<p style=\"text-align: justify;\">Oficina de capacita\u00e7\u00e3o para promo\u00e7\u00e3o da igualdade racial re\u00fane gestores de todo estado. Nesta quarta-feira (30) entrou em debate o tema intoler\u00e2ncia religiosa.<br \/>Fortalecimento e interioriza\u00e7\u00e3o das pol\u00edticas de promo\u00e7\u00e3o da igualdade racial no Acre. Esse \u00e9 o objetivo da oficina de capacita\u00e7\u00e3o que acontece at\u00e9 o dia 3 de dezembro em Rio Branco, atrav\u00e9s da Secretaria de Justi\u00e7a e Direitos Humanos. <br \/>Gestores de todo estado participam das discuss\u00f5es que acontecem no audit\u00f3rio do Instituto Federal do Acre (IFAC).<\/p>\n<p style=\"text-align: justify;\">Segundo o secret\u00e1rio Nilson Mour\u00e3o, a ideia \u00e9 que cada um leve para o reduto onde atua, o conceito de fortalecer a pol\u00edtica de igualdade racial.<\/p>\n<p style=\"text-align: justify;\">\u201cExistem pessoas que acham que no Brasil n\u00e3o existe racismo. Discordamos disso e entendemos que existe e n\u00e3o pode ser jogado pra debaixo do tapete. As pessoas s\u00e3o discriminadas e muitas vezes violentadas por causa de sua cor. Isso \u00e9 crime e queremos popularizar o m\u00e1ximo dessa realidade para que possamos ter um pa\u00eds sem discrimina\u00e7\u00e3o&#8221;, afirma o secret\u00e1rio.<\/p>\n<p style=\"text-align: justify;\">Entre os convidados que participam do evento est\u00e1 o coordenador de pol\u00edtica institucional do Coletivo de entidades negras da Bahia, M\u00e1rcio Alexandre. A organiza\u00e7\u00e3o combate a intoler\u00e2ncia religiosa. E foi esse o tema discutido nesta quarta-feira, durante a oficina.<\/p>\n<p style=\"text-align: justify;\">&#8220;\u00c9 importante que as grandes tradi\u00e7\u00f5es religiosas criem propostas contra a intoler\u00e2ncia religiosa, al\u00e9m disso um grande investimento em educa\u00e7\u00e3o e no conhecimento da pr\u00e1tica religiosa do outro. Na verdade o que gera intoler\u00e2ncia religiosa \u00e9 a ignor\u00e2ncia sobre a pr\u00e1tica religiosa do outro. Se eu n\u00e3o conhe\u00e7o o que o outro faz eu j\u00e1 discrimino&#8221;, opinou.<\/p>\n","protected":false},"excerpt":{"rendered":"<p style=\"text-align: justify;\">Gestores p\u00fablicos debatem temas como preven\u00e7\u00e3o<\/p>\n","protected":false},"author":4,"featured_media":26677,"comment_status":"open","ping_status":"open","sticky":false,"template":"","format":"standard","meta":{"jnews-multi-image_gallery":[],"jnews_single_post":[],"jnews_primary_category":[],"jnews_social_meta":[],"jnews_review":[],"enable_review":"","type":"","name":"","summary":"","brand":"","sku":"","good":[],"bad":[],"score_override":"","override_value":"","rating":[],"price":[],"footnotes":""},"categories":[54],"tags":[],"class_list":["post-26678","post","type-post","status-publish","format-standard","has-post-thumbnail","hentry","category-cotidiano"],"yoast_head":"<!-- This site is optimized with the Yoast SEO plugin v26.5 - https:\/\/yoast.com\/wordpress\/plugins\/seo\/ -->\n<title>Igualdade racial e intoler\u00e2ncia religiosa debatidas - Agazeta.net<\/title>\n<meta name=\"robots\" content=\"index, follow, max-snippet:-1, max-image-preview:large, max-video-preview:-1\" \/>\n<link rel=\"canonical\" href=\"https:\/\/nk7-testes.com.br\/agazeta\/igualdade-racial-e-intolerancia-religiosa-debatidas\/\" \/>\n<meta property=\"og:locale\" content=\"pt_BR\" \/>\n<meta property=\"og:type\" content=\"article\" \/>\n<meta property=\"og:title\" content=\"Igualdade racial e intoler\u00e2ncia religiosa debatidas - Agazeta.net\" \/>\n<meta property=\"og:description\" content=\"Gestores p\u00fablicos debatem temas como preven\u00e7\u00e3o\" \/>\n<meta property=\"og:url\" content=\"https:\/\/nk7-testes.com.br\/agazeta\/igualdade-racial-e-intolerancia-religiosa-debatidas\/\" \/>\n<meta property=\"og:site_name\" content=\"Agazeta.net\" \/>\n<meta property=\"article:published_time\" content=\"2016-12-01T13:08:57+00:00\" \/>\n<meta property=\"og:image\" content=\"https:\/\/nk7-testes.com.br\/agazeta\/wp-content\/uploads\/2016\/12\/011216-cotidiano-igualdaderacial-tvgazeta.jpg\" \/>\n\t<meta property=\"og:image:width\" content=\"454\" \/>\n\t<meta property=\"og:image:height\" content=\"340\" \/>\n\t<meta property=\"og:image:type\" content=\"image\/jpeg\" \/>\n<meta name=\"author\" content=\"Agazeta.Net\" \/>\n<meta name=\"twitter:card\" content=\"summary_large_image\" \/>\n<meta name=\"twitter:label1\" content=\"Escrito por\" \/>\n\t<meta name=\"twitter:data1\" content=\"Agazeta.Net\" \/>\n\t<meta name=\"twitter:label2\" content=\"Est. tempo de leitura\" \/>\n\t<meta name=\"twitter:data2\" content=\"1 minuto\" \/>\n<script type=\"application\/ld+json\" class=\"yoast-schema-graph\">{\"@context\":\"https:\/\/schema.org\",\"@graph\":[{\"@type\":\"WebPage\",\"@id\":\"https:\/\/nk7-testes.com.br\/agazeta\/igualdade-racial-e-intolerancia-religiosa-debatidas\/\",\"url\":\"https:\/\/nk7-testes.com.br\/agazeta\/igualdade-racial-e-intolerancia-religiosa-debatidas\/\",\"name\":\"Igualdade racial e intoler\u00e2ncia religiosa debatidas - Agazeta.net\",\"isPartOf\":{\"@id\":\"https:\/\/nk7-testes.com.br\/agazeta\/#website\"},\"primaryImageOfPage\":{\"@id\":\"https:\/\/nk7-testes.com.br\/agazeta\/igualdade-racial-e-intolerancia-religiosa-debatidas\/#primaryimage\"},\"image\":{\"@id\":\"https:\/\/nk7-testes.com.br\/agazeta\/igualdade-racial-e-intolerancia-religiosa-debatidas\/#primaryimage\"},\"thumbnailUrl\":\"https:\/\/nk7-testes.com.br\/agazeta\/wp-content\/uploads\/2016\/12\/011216-cotidiano-igualdaderacial-tvgazeta.jpg\",\"datePublished\":\"2016-12-01T13:08:57+00:00\",\"author\":{\"@id\":\"https:\/\/nk7-testes.com.br\/agazeta\/#\/schema\/person\/ff6b39d54d6973bfc57f4140f659b23f\"},\"breadcrumb\":{\"@id\":\"https:\/\/nk7-testes.com.br\/agazeta\/igualdade-racial-e-intolerancia-religiosa-debatidas\/#breadcrumb\"},\"inLanguage\":\"pt-BR\",\"potentialAction\":[{\"@type\":\"ReadAction\",\"target\":[\"https:\/\/nk7-testes.com.br\/agazeta\/igualdade-racial-e-intolerancia-religiosa-debatidas\/\"]}]},{\"@type\":\"ImageObject\",\"inLanguage\":\"pt-BR\",\"@id\":\"https:\/\/nk7-testes.com.br\/agazeta\/igualdade-racial-e-intolerancia-religiosa-debatidas\/#primaryimage\",\"url\":\"https:\/\/nk7-testes.com.br\/agazeta\/wp-content\/uploads\/2016\/12\/011216-cotidiano-igualdaderacial-tvgazeta.jpg\",\"contentUrl\":\"https:\/\/nk7-testes.com.br\/agazeta\/wp-content\/uploads\/2016\/12\/011216-cotidiano-igualdaderacial-tvgazeta.jpg\",\"width\":454,\"height\":340,\"caption\":\"011216-cotidiano-igualdaderacial-tvgazeta\"},{\"@type\":\"BreadcrumbList\",\"@id\":\"https:\/\/nk7-testes.com.br\/agazeta\/igualdade-racial-e-intolerancia-religiosa-debatidas\/#breadcrumb\",\"itemListElement\":[{\"@type\":\"ListItem\",\"position\":1,\"name\":\"In\u00edcio\",\"item\":\"https:\/\/nk7-testes.com.br\/agazeta\/\"},{\"@type\":\"ListItem\",\"position\":2,\"name\":\"Igualdade racial e intoler\u00e2ncia religiosa debatidas\"}]},{\"@type\":\"WebSite\",\"@id\":\"https:\/\/nk7-testes.com.br\/agazeta\/#website\",\"url\":\"https:\/\/nk7-testes.com.br\/agazeta\/\",\"name\":\"Agazeta.net\",\"description\":\"Agazeta.net - Not\u00edcias de Rio Branco\/AC\",\"potentialAction\":[{\"@type\":\"SearchAction\",\"target\":{\"@type\":\"EntryPoint\",\"urlTemplate\":\"https:\/\/nk7-testes.com.br\/agazeta\/?s={search_term_string}\"},\"query-input\":{\"@type\":\"PropertyValueSpecification\",\"valueRequired\":true,\"valueName\":\"search_term_string\"}}],\"inLanguage\":\"pt-BR\"},{\"@type\":\"Person\",\"@id\":\"https:\/\/nk7-testes.com.br\/agazeta\/#\/schema\/person\/ff6b39d54d6973bfc57f4140f659b23f\",\"name\":\"Agazeta.Net\",\"url\":\"https:\/\/nk7-testes.com.br\/agazeta\/author\/agazeta\/\"}]}<\/script>\n<!-- \/ Yoast SEO plugin. -->","yoast_head_json":{"title":"Igualdade racial e intoler\u00e2ncia religiosa debatidas - Agazeta.net","robots":{"index":"index","follow":"follow","max-snippet":"max-snippet:-1","max-image-preview":"max-image-preview:large","max-video-preview":"max-video-preview:-1"},"canonical":"https:\/\/nk7-testes.com.br\/agazeta\/igualdade-racial-e-intolerancia-religiosa-debatidas\/","og_locale":"pt_BR","og_type":"article","og_title":"Igualdade racial e intoler\u00e2ncia religiosa debatidas - Agazeta.net","og_description":"Gestores p\u00fablicos debatem temas como preven\u00e7\u00e3o","og_url":"https:\/\/nk7-testes.com.br\/agazeta\/igualdade-racial-e-intolerancia-religiosa-debatidas\/","og_site_name":"Agazeta.net","article_published_time":"2016-12-01T13:08:57+00:00","og_image":[{"width":454,"height":340,"url":"https:\/\/nk7-testes.com.br\/agazeta\/wp-content\/uploads\/2016\/12\/011216-cotidiano-igualdaderacial-tvgazeta.jpg","type":"image\/jpeg"}],"author":"Agazeta.Net","twitter_card":"summary_large_image","twitter_misc":{"Escrito por":"Agazeta.Net","Est. tempo de leitura":"1 minuto"},"schema":{"@context":"https:\/\/schema.org","@graph":[{"@type":"WebPage","@id":"https:\/\/nk7-testes.com.br\/agazeta\/igualdade-racial-e-intolerancia-religiosa-debatidas\/","url":"https:\/\/nk7-testes.com.br\/agazeta\/igualdade-racial-e-intolerancia-religiosa-debatidas\/","name":"Igualdade racial e intoler\u00e2ncia religiosa debatidas - Agazeta.net","isPartOf":{"@id":"https:\/\/nk7-testes.com.br\/agazeta\/#website"},"primaryImageOfPage":{"@id":"https:\/\/nk7-testes.com.br\/agazeta\/igualdade-racial-e-intolerancia-religiosa-debatidas\/#primaryimage"},"image":{"@id":"https:\/\/nk7-testes.com.br\/agazeta\/igualdade-racial-e-intolerancia-religiosa-debatidas\/#primaryimage"},"thumbnailUrl":"https:\/\/nk7-testes.com.br\/agazeta\/wp-content\/uploads\/2016\/12\/011216-cotidiano-igualdaderacial-tvgazeta.jpg","datePublished":"2016-12-01T13:08:57+00:00","author":{"@id":"https:\/\/nk7-testes.com.br\/agazeta\/#\/schema\/person\/ff6b39d54d6973bfc57f4140f659b23f"},"breadcrumb":{"@id":"https:\/\/nk7-testes.com.br\/agazeta\/igualdade-racial-e-intolerancia-religiosa-debatidas\/#breadcrumb"},"inLanguage":"pt-BR","potentialAction":[{"@type":"ReadAction","target":["https:\/\/nk7-testes.com.br\/agazeta\/igualdade-racial-e-intolerancia-religiosa-debatidas\/"]}]},{"@type":"ImageObject","inLanguage":"pt-BR","@id":"https:\/\/nk7-testes.com.br\/agazeta\/igualdade-racial-e-intolerancia-religiosa-debatidas\/#primaryimage","url":"https:\/\/nk7-testes.com.br\/agazeta\/wp-content\/uploads\/2016\/12\/011216-cotidiano-igualdaderacial-tvgazeta.jpg","contentUrl":"https:\/\/nk7-testes.com.br\/agazeta\/wp-content\/uploads\/2016\/12\/011216-cotidiano-igualdaderacial-tvgazeta.jpg","width":454,"height":340,"caption":"011216-cotidiano-igualdaderacial-tvgazeta"},{"@type":"BreadcrumbList","@id":"https:\/\/nk7-testes.com.br\/agazeta\/igualdade-racial-e-intolerancia-religiosa-debatidas\/#breadcrumb","itemListElement":[{"@type":"ListItem","position":1,"name":"In\u00edcio","item":"https:\/\/nk7-testes.com.br\/agazeta\/"},{"@type":"ListItem","position":2,"name":"Igualdade racial e intoler\u00e2ncia religiosa debatidas"}]},{"@type":"WebSite","@id":"https:\/\/nk7-testes.com.br\/agazeta\/#website","url":"https:\/\/nk7-testes.com.br\/agazeta\/","name":"Agazeta.net","description":"Agazeta.net - Not\u00edcias de Rio Branco\/AC","potentialAction":[{"@type":"SearchAction","target":{"@type":"EntryPoint","urlTemplate":"https:\/\/nk7-testes.com.br\/agazeta\/?s={search_term_string}"},"query-input":{"@type":"PropertyValueSpecification","valueRequired":true,"valueName":"search_term_string"}}],"inLanguage":"pt-BR"},{"@type":"Person","@id":"https:\/\/nk7-testes.com.br\/agazeta\/#\/schema\/person\/ff6b39d54d6973bfc57f4140f659b23f","name":"Agazeta.Net","url":"https:\/\/nk7-testes.com.br\/agazeta\/author\/agazeta\/"}]}},"_links":{"self":[{"href":"https:\/\/nk7-testes.com.br\/agazeta\/wp-json\/wp\/v2\/posts\/26678","targetHints":{"allow":["GET"]}}],"collection":[{"href":"https:\/\/nk7-testes.com.br\/agazeta\/wp-json\/wp\/v2\/posts"}],"about":[{"href":"https:\/\/nk7-testes.com.br\/agazeta\/wp-json\/wp\/v2\/types\/post"}],"author":[{"embeddable":true,"href":"https:\/\/nk7-testes.com.br\/agazeta\/wp-json\/wp\/v2\/users\/4"}],"replies":[{"embeddable":true,"href":"https:\/\/nk7-testes.com.br\/agazeta\/wp-json\/wp\/v2\/comments?post=26678"}],"version-history":[{"count":0,"href":"https:\/\/nk7-testes.com.br\/agazeta\/wp-json\/wp\/v2\/posts\/26678\/revisions"}],"wp:featuredmedia":[{"embeddable":true,"href":"https:\/\/nk7-testes.com.br\/agazeta\/wp-json\/wp\/v2\/media\/26677"}],"wp:attachment":[{"href":"https:\/\/nk7-testes.com.br\/agazeta\/wp-json\/wp\/v2\/media?parent=26678"}],"wp:term":[{"taxonomy":"category","embeddable":true,"href":"https:\/\/nk7-testes.com.br\/agazeta\/wp-json\/wp\/v2\/categories?post=26678"},{"taxonomy":"post_tag","embeddable":true,"href":"https:\/\/nk7-testes.com.br\/agazeta\/wp-json\/wp\/v2\/tags?post=26678"}],"curies":[{"name":"wp","href":"https:\/\/api.w.org\/{rel}","templated":true}]}}