{"id":26676,"date":"2016-12-01T13:06:14","date_gmt":"2016-12-01T13:06:14","guid":{"rendered":"https:\/\/abarevegan.com.br\/index.php\/2016\/12\/01\/policia-federal-deflagra-operacao-hidra\/"},"modified":"2016-12-01T13:06:14","modified_gmt":"2016-12-01T13:06:14","slug":"policia-federal-deflagra-operacao-hidra","status":"publish","type":"post","link":"https:\/\/nk7-testes.com.br\/agazeta\/policia-federal-deflagra-operacao-hidra\/","title":{"rendered":"Pol\u00edcia Federal deflagra Opera\u00e7\u00e3o Hidra"},"content":{"rendered":"<p style=\"text-align: justify;\">52 mandados de pris\u00e3o s\u00e3o cumpridos<\/p>\n<p style=\"text-align: justify;\">A Pol\u00edcia Federal deflagrou, na manh\u00e3 desta quinta-feira, a Opera\u00e7\u00e3o Hidra com o objetivo de desarticular fac\u00e7\u00f5es criminosas que t\u00eam atuado no Estado do Acre.<br \/>Essas fac\u00e7\u00f5es foram respons\u00e1veis por uma s\u00e9rie de ataques a \u00f4nibus e pr\u00e9dios p\u00fablicos nos meses de outubro de 2015 e 2016. Recentemente, esses grupos criminosos tamb\u00e9m foram respons\u00e1veis por rebeli\u00f5es no Pres\u00eddio de Rio Branco\/AC.<\/p>\n<p style=\"text-align: justify;\">No per\u00edodo da investiga\u00e7\u00e3o, foi poss\u00edvel constatar a participa\u00e7\u00e3o dos membros das fac\u00e7\u00f5es em crimes de homic\u00eddio, tr\u00e1fico de drogas, associa\u00e7\u00e3o para o tr\u00e1fico, latroc\u00ednio, roubo, recepta\u00e7\u00e3o, porte ilegal de arma de fogo, corrup\u00e7\u00e3o ativa e passiva, bem como o delito de integrar organiza\u00e7\u00e3o criminosa.<\/p>\n<p style=\"text-align: justify;\">Em rela\u00e7\u00e3o ao tr\u00e1fico de drogas, foram tr\u00eas apreens\u00f5es, totalizando mais de 10 quilos de coca\u00edna, al\u00e9m da descoberta de um laborat\u00f3rio utilizado por uma das fac\u00e7\u00f5es para adultera\u00e7\u00e3o da droga.<\/p>\n<p style=\"text-align: justify;\">Foram apreendidas tr\u00eas armas de fogo. Dentre os crimes praticas pelos grupos criminosos, ainda podemos destacar uma tentativa de latroc\u00ednio ocorrida em uma ag\u00eancia do Banco do Brasil localizada no Campus da UFAC, na cidade de Rio Branco\/AC e dois furtos em lojas de eletrodom\u00e9stico. Em um desses furtos, o grupo criminoso invadiu a casa de uma idosa que morava ao lado da loja e manteve-a ref\u00e9m enquanto os criminosos quebravam a parede da casa dela para ter acesso ao interior da loja.<\/p>\n<p style=\"text-align: justify;\">Integrando uma das organiza\u00e7\u00f5es criminosas, havia um Agente Penitenci\u00e1rio que facilitava a entrada de armas e aparelhos celulares no interior do Pres\u00eddio. Em rela\u00e7\u00e3o ao referido servidor, a Pol\u00edcia Federal cumprir\u00e1 um mandado de pris\u00e3o e um mandado de busca e apreens\u00e3o. Para a identifica\u00e7\u00e3o desse Agente Penitenci\u00e1rio, a Pol\u00edcia Federal contou com a colabora\u00e7\u00e3o do Instituto de Administra\u00e7\u00e3o Penitenci\u00e1ria.<\/p>\n<p style=\"text-align: justify;\">Al\u00e9m da produ\u00e7\u00e3o de provas da materialidade e autoria dos crimes citados, ainda foi poss\u00edvel agir de forma preventiva evitando a consuma\u00e7\u00e3o de diversos outros crimes. Para isso, a Pol\u00edcia Federal contou com o apoio da Pol\u00edcia Militar, da Pol\u00edcia Civil, da Pol\u00edcia Rodovi\u00e1ria Federal e do Instituto de Administra\u00e7\u00e3o Penitenci\u00e1ria.<\/p>\n<p style=\"text-align: justify;\">A forma de atua\u00e7\u00e3o dessas fac\u00e7\u00f5es \u00e9 marcada pela viol\u00eancia e pelo intuito de obten\u00e7\u00e3o de lucro decorrente das pr\u00e1ticas criminosas. Os l\u00edderes dessas fac\u00e7\u00f5es v\u00eam recrutando adolescentes e jovens de comunidades carentes, bem como obrigam os detentos do sistema penitenci\u00e1rio a integrarem as fac\u00e7\u00f5es.<\/p>\n<p style=\"text-align: justify;\">Essas pessoas s\u00e3o atra\u00eddas pela promessa de \u201cstatus\u201d no mundo do crime, prote\u00e7\u00e3o oferecida pelas fac\u00e7\u00f5es e pela oportunidade de obten\u00e7\u00e3o de lucro com pr\u00e1tica de crimes.<\/p>\n<p style=\"text-align: justify;\">Mais de 150 policiais federais cumpriram 63 mandados judiciais: 52 de pris\u00e3o e 11 de busca e apreens\u00e3o nas cidades de Rio Branco, Sena Madureira e Senador Guiomard.<br \/>Hidra \u00e9 um animal da mitologia grega que possui v\u00e1rias cabe\u00e7as de serpente e deu nome \u00e0 opera\u00e7\u00e3o como uma refer\u00eancia \u00e0 forma de organiza\u00e7\u00e3o das fac\u00e7\u00f5es investigadas, as quais contam com v\u00e1rios criminosos dividindo as fun\u00e7\u00f5es de comando.<\/p>\n","protected":false},"excerpt":{"rendered":"<p style=\"text-align: justify;\">52 mandados de pris\u00e3o s\u00e3o cumpridos<\/p>\n","protected":false},"author":4,"featured_media":16660,"comment_status":"open","ping_status":"open","sticky":false,"template":"","format":"standard","meta":{"jnews-multi-image_gallery":[],"jnews_single_post":[],"jnews_primary_category":[],"jnews_social_meta":[],"jnews_review":[],"enable_review":"","type":"","name":"","summary":"","brand":"","sku":"","good":[],"bad":[],"score_override":"","override_value":"","rating":[],"price":[],"footnotes":""},"categories":[44],"tags":[],"class_list":["post-26676","post","type-post","status-publish","format-standard","has-post-thumbnail","hentry","category-policia"],"yoast_head":"<!-- This site is optimized with the Yoast SEO plugin v26.5 - https:\/\/yoast.com\/wordpress\/plugins\/seo\/ -->\n<title>Pol\u00edcia Federal deflagra Opera\u00e7\u00e3o Hidra - Agazeta.net<\/title>\n<meta name=\"robots\" content=\"index, follow, max-snippet:-1, max-image-preview:large, max-video-preview:-1\" \/>\n<link rel=\"canonical\" href=\"https:\/\/nk7-testes.com.br\/agazeta\/policia-federal-deflagra-operacao-hidra\/\" \/>\n<meta property=\"og:locale\" content=\"pt_BR\" \/>\n<meta property=\"og:type\" content=\"article\" \/>\n<meta property=\"og:title\" content=\"Pol\u00edcia Federal deflagra Opera\u00e7\u00e3o Hidra - Agazeta.net\" \/>\n<meta property=\"og:description\" content=\"52 mandados de pris\u00e3o s\u00e3o cumpridos\" \/>\n<meta property=\"og:url\" content=\"https:\/\/nk7-testes.com.br\/agazeta\/policia-federal-deflagra-operacao-hidra\/\" \/>\n<meta property=\"og:site_name\" content=\"Agazeta.net\" \/>\n<meta property=\"article:published_time\" content=\"2016-12-01T13:06:14+00:00\" \/>\n<meta property=\"og:image\" content=\"https:\/\/nk7-testes.com.br\/agazeta\/wp-content\/uploads\/2015\/07\/200515-policia-policiafederal-tvgazeta.jpg\" \/>\n\t<meta property=\"og:image:width\" content=\"458\" \/>\n\t<meta property=\"og:image:height\" content=\"340\" \/>\n\t<meta property=\"og:image:type\" content=\"image\/jpeg\" \/>\n<meta name=\"author\" content=\"Agazeta.Net\" \/>\n<meta name=\"twitter:card\" content=\"summary_large_image\" \/>\n<meta name=\"twitter:label1\" content=\"Escrito por\" \/>\n\t<meta name=\"twitter:data1\" content=\"Agazeta.Net\" \/>\n\t<meta name=\"twitter:label2\" content=\"Est. tempo de leitura\" \/>\n\t<meta name=\"twitter:data2\" content=\"3 minutos\" \/>\n<script type=\"application\/ld+json\" class=\"yoast-schema-graph\">{\"@context\":\"https:\/\/schema.org\",\"@graph\":[{\"@type\":\"WebPage\",\"@id\":\"https:\/\/nk7-testes.com.br\/agazeta\/policia-federal-deflagra-operacao-hidra\/\",\"url\":\"https:\/\/nk7-testes.com.br\/agazeta\/policia-federal-deflagra-operacao-hidra\/\",\"name\":\"Pol\u00edcia Federal deflagra Opera\u00e7\u00e3o Hidra - Agazeta.net\",\"isPartOf\":{\"@id\":\"https:\/\/nk7-testes.com.br\/agazeta\/#website\"},\"primaryImageOfPage\":{\"@id\":\"https:\/\/nk7-testes.com.br\/agazeta\/policia-federal-deflagra-operacao-hidra\/#primaryimage\"},\"image\":{\"@id\":\"https:\/\/nk7-testes.com.br\/agazeta\/policia-federal-deflagra-operacao-hidra\/#primaryimage\"},\"thumbnailUrl\":\"https:\/\/nk7-testes.com.br\/agazeta\/wp-content\/uploads\/2015\/07\/200515-policia-policiafederal-tvgazeta.jpg\",\"datePublished\":\"2016-12-01T13:06:14+00:00\",\"author\":{\"@id\":\"https:\/\/nk7-testes.com.br\/agazeta\/#\/schema\/person\/6d6e25cb0435eb4a02fd44d30b4e3020\"},\"breadcrumb\":{\"@id\":\"https:\/\/nk7-testes.com.br\/agazeta\/policia-federal-deflagra-operacao-hidra\/#breadcrumb\"},\"inLanguage\":\"pt-BR\",\"potentialAction\":[{\"@type\":\"ReadAction\",\"target\":[\"https:\/\/nk7-testes.com.br\/agazeta\/policia-federal-deflagra-operacao-hidra\/\"]}]},{\"@type\":\"ImageObject\",\"inLanguage\":\"pt-BR\",\"@id\":\"https:\/\/nk7-testes.com.br\/agazeta\/policia-federal-deflagra-operacao-hidra\/#primaryimage\",\"url\":\"https:\/\/nk7-testes.com.br\/agazeta\/wp-content\/uploads\/2015\/07\/200515-policia-policiafederal-tvgazeta.jpg\",\"contentUrl\":\"https:\/\/nk7-testes.com.br\/agazeta\/wp-content\/uploads\/2015\/07\/200515-policia-policiafederal-tvgazeta.jpg\",\"width\":458,\"height\":340,\"caption\":\"200515-policia-policiafederal-tvgazeta\"},{\"@type\":\"BreadcrumbList\",\"@id\":\"https:\/\/nk7-testes.com.br\/agazeta\/policia-federal-deflagra-operacao-hidra\/#breadcrumb\",\"itemListElement\":[{\"@type\":\"ListItem\",\"position\":1,\"name\":\"In\u00edcio\",\"item\":\"https:\/\/nk7-testes.com.br\/agazeta\/\"},{\"@type\":\"ListItem\",\"position\":2,\"name\":\"Pol\u00edcia Federal deflagra Opera\u00e7\u00e3o Hidra\"}]},{\"@type\":\"WebSite\",\"@id\":\"https:\/\/nk7-testes.com.br\/agazeta\/#website\",\"url\":\"https:\/\/nk7-testes.com.br\/agazeta\/\",\"name\":\"Agazeta.net\",\"description\":\"Agazeta.net - Not\u00edcias de Rio Branco\/AC\",\"potentialAction\":[{\"@type\":\"SearchAction\",\"target\":{\"@type\":\"EntryPoint\",\"urlTemplate\":\"https:\/\/nk7-testes.com.br\/agazeta\/?s={search_term_string}\"},\"query-input\":{\"@type\":\"PropertyValueSpecification\",\"valueRequired\":true,\"valueName\":\"search_term_string\"}}],\"inLanguage\":\"pt-BR\"},{\"@type\":\"Person\",\"@id\":\"https:\/\/nk7-testes.com.br\/agazeta\/#\/schema\/person\/6d6e25cb0435eb4a02fd44d30b4e3020\",\"name\":\"Agazeta.Net\",\"url\":\"https:\/\/nk7-testes.com.br\/agazeta\/author\/agazeta\/\"}]}<\/script>\n<!-- \/ Yoast SEO plugin. -->","yoast_head_json":{"title":"Pol\u00edcia Federal deflagra Opera\u00e7\u00e3o Hidra - Agazeta.net","robots":{"index":"index","follow":"follow","max-snippet":"max-snippet:-1","max-image-preview":"max-image-preview:large","max-video-preview":"max-video-preview:-1"},"canonical":"https:\/\/nk7-testes.com.br\/agazeta\/policia-federal-deflagra-operacao-hidra\/","og_locale":"pt_BR","og_type":"article","og_title":"Pol\u00edcia Federal deflagra Opera\u00e7\u00e3o Hidra - Agazeta.net","og_description":"52 mandados de pris\u00e3o s\u00e3o cumpridos","og_url":"https:\/\/nk7-testes.com.br\/agazeta\/policia-federal-deflagra-operacao-hidra\/","og_site_name":"Agazeta.net","article_published_time":"2016-12-01T13:06:14+00:00","og_image":[{"width":458,"height":340,"url":"https:\/\/nk7-testes.com.br\/agazeta\/wp-content\/uploads\/2015\/07\/200515-policia-policiafederal-tvgazeta.jpg","type":"image\/jpeg"}],"author":"Agazeta.Net","twitter_card":"summary_large_image","twitter_misc":{"Escrito por":"Agazeta.Net","Est. tempo de leitura":"3 minutos"},"schema":{"@context":"https:\/\/schema.org","@graph":[{"@type":"WebPage","@id":"https:\/\/nk7-testes.com.br\/agazeta\/policia-federal-deflagra-operacao-hidra\/","url":"https:\/\/nk7-testes.com.br\/agazeta\/policia-federal-deflagra-operacao-hidra\/","name":"Pol\u00edcia Federal deflagra Opera\u00e7\u00e3o Hidra - Agazeta.net","isPartOf":{"@id":"https:\/\/nk7-testes.com.br\/agazeta\/#website"},"primaryImageOfPage":{"@id":"https:\/\/nk7-testes.com.br\/agazeta\/policia-federal-deflagra-operacao-hidra\/#primaryimage"},"image":{"@id":"https:\/\/nk7-testes.com.br\/agazeta\/policia-federal-deflagra-operacao-hidra\/#primaryimage"},"thumbnailUrl":"https:\/\/nk7-testes.com.br\/agazeta\/wp-content\/uploads\/2015\/07\/200515-policia-policiafederal-tvgazeta.jpg","datePublished":"2016-12-01T13:06:14+00:00","author":{"@id":"https:\/\/nk7-testes.com.br\/agazeta\/#\/schema\/person\/6d6e25cb0435eb4a02fd44d30b4e3020"},"breadcrumb":{"@id":"https:\/\/nk7-testes.com.br\/agazeta\/policia-federal-deflagra-operacao-hidra\/#breadcrumb"},"inLanguage":"pt-BR","potentialAction":[{"@type":"ReadAction","target":["https:\/\/nk7-testes.com.br\/agazeta\/policia-federal-deflagra-operacao-hidra\/"]}]},{"@type":"ImageObject","inLanguage":"pt-BR","@id":"https:\/\/nk7-testes.com.br\/agazeta\/policia-federal-deflagra-operacao-hidra\/#primaryimage","url":"https:\/\/nk7-testes.com.br\/agazeta\/wp-content\/uploads\/2015\/07\/200515-policia-policiafederal-tvgazeta.jpg","contentUrl":"https:\/\/nk7-testes.com.br\/agazeta\/wp-content\/uploads\/2015\/07\/200515-policia-policiafederal-tvgazeta.jpg","width":458,"height":340,"caption":"200515-policia-policiafederal-tvgazeta"},{"@type":"BreadcrumbList","@id":"https:\/\/nk7-testes.com.br\/agazeta\/policia-federal-deflagra-operacao-hidra\/#breadcrumb","itemListElement":[{"@type":"ListItem","position":1,"name":"In\u00edcio","item":"https:\/\/nk7-testes.com.br\/agazeta\/"},{"@type":"ListItem","position":2,"name":"Pol\u00edcia Federal deflagra Opera\u00e7\u00e3o Hidra"}]},{"@type":"WebSite","@id":"https:\/\/nk7-testes.com.br\/agazeta\/#website","url":"https:\/\/nk7-testes.com.br\/agazeta\/","name":"Agazeta.net","description":"Agazeta.net - Not\u00edcias de Rio Branco\/AC","potentialAction":[{"@type":"SearchAction","target":{"@type":"EntryPoint","urlTemplate":"https:\/\/nk7-testes.com.br\/agazeta\/?s={search_term_string}"},"query-input":{"@type":"PropertyValueSpecification","valueRequired":true,"valueName":"search_term_string"}}],"inLanguage":"pt-BR"},{"@type":"Person","@id":"https:\/\/nk7-testes.com.br\/agazeta\/#\/schema\/person\/6d6e25cb0435eb4a02fd44d30b4e3020","name":"Agazeta.Net","url":"https:\/\/nk7-testes.com.br\/agazeta\/author\/agazeta\/"}]}},"_links":{"self":[{"href":"https:\/\/nk7-testes.com.br\/agazeta\/wp-json\/wp\/v2\/posts\/26676","targetHints":{"allow":["GET"]}}],"collection":[{"href":"https:\/\/nk7-testes.com.br\/agazeta\/wp-json\/wp\/v2\/posts"}],"about":[{"href":"https:\/\/nk7-testes.com.br\/agazeta\/wp-json\/wp\/v2\/types\/post"}],"author":[{"embeddable":true,"href":"https:\/\/nk7-testes.com.br\/agazeta\/wp-json\/wp\/v2\/users\/4"}],"replies":[{"embeddable":true,"href":"https:\/\/nk7-testes.com.br\/agazeta\/wp-json\/wp\/v2\/comments?post=26676"}],"version-history":[{"count":0,"href":"https:\/\/nk7-testes.com.br\/agazeta\/wp-json\/wp\/v2\/posts\/26676\/revisions"}],"wp:featuredmedia":[{"embeddable":true,"href":"https:\/\/nk7-testes.com.br\/agazeta\/wp-json\/wp\/v2\/media\/16660"}],"wp:attachment":[{"href":"https:\/\/nk7-testes.com.br\/agazeta\/wp-json\/wp\/v2\/media?parent=26676"}],"wp:term":[{"taxonomy":"category","embeddable":true,"href":"https:\/\/nk7-testes.com.br\/agazeta\/wp-json\/wp\/v2\/categories?post=26676"},{"taxonomy":"post_tag","embeddable":true,"href":"https:\/\/nk7-testes.com.br\/agazeta\/wp-json\/wp\/v2\/tags?post=26676"}],"curies":[{"name":"wp","href":"https:\/\/api.w.org\/{rel}","templated":true}]}}