{"id":26662,"date":"2016-11-30T15:44:36","date_gmt":"2016-11-30T15:44:36","guid":{"rendered":"https:\/\/abarevegan.com.br\/index.php\/2016\/11\/30\/familias-das-vitimas-reconhecem-corpos-em-sao-paulo\/"},"modified":"2016-11-30T15:44:36","modified_gmt":"2016-11-30T15:44:36","slug":"familias-das-vitimas-reconhecem-corpos-em-sao-paulo","status":"publish","type":"post","link":"https:\/\/nk7-testes.com.br\/agazeta\/familias-das-vitimas-reconhecem-corpos-em-sao-paulo\/","title":{"rendered":"M\u00e1rcio Bestene trocou de escala com colega m\u00e9dico para viajar"},"content":{"rendered":"<p style=\"text-align: justify;\">Tio de M\u00e1rcio Bestene fala do sentimento de dor<\/p>\n<p style=\"text-align: justify;\">Entre as v\u00edtimas do avi\u00e3o que caiu pr\u00f3ximo ao aeroporto de Medell\u00edn, na Col\u00f4mbia, estava o m\u00e9dico acreano M\u00e1rcio Bestene. Nossa equipe conversou com o tio da v\u00edtima, Jos\u00e9 Bestene. Ele explica que n\u00e3o era para o sobrinho estar no voo. Uma troca de escalas com outro m\u00e9dico, mudou os rumos da hist\u00f3ria para ambos profissionais.<\/p>\n<p style=\"text-align: justify;\">Uma dor imensa. \u00c9 a defini\u00e7\u00e3o de Jos\u00e9 Bestene, para a trag\u00e9dia com o avi\u00e3o da Chapecoense, onde 71 pessoas morreram, entre elas, o sobrinho dele, o m\u00e9dico acreano, M\u00e1rcio Bestene.<\/p>\n<p style=\"text-align: justify;\">Coube ao tio da v\u00edtima, a dura miss\u00e3o de comunicar a m\u00e3e de Marcio, a professora Nabiha Bestene, o ocorrido na madrugada desta ter\u00e7a-feira (29). Nabiha estava em Goi\u00e2nia, a tratamento m\u00e9dico. Era 5 da manh\u00e3, hor\u00e1rio de Bras\u00edlia, quando recebeu o telefonema.<\/p>\n<p style=\"text-align: justify;\">\u201cN\u00f3s protelamos uma ou duas horas, mas diante da repercuss\u00e3o nas redes sociais, nos grupos eu me antecipei e falei pra minha irm\u00e3 que havia tido um acidente muito grave e que n\u00e3o t\u00ednhamos not\u00edcias de sobreviventes. Ela ficou muito abalada. <br \/>Recorremos a um amigo que foi at\u00e9 o hotel onde ela estava e ajudou com medica\u00e7\u00e3o. Ainda bem que temos amigos nessas horas pra dar esse conforto\u201d, disse.<\/p>\n<p style=\"text-align: justify;\">Jos\u00e9 Bestene vai se encontrar com a m\u00e3e de M\u00e1rcio para definir o tr\u00e2mite com o corpo. \u201cEu viajo para Bras\u00edlia com outra irm\u00e3 minha pra gente conversar e seguirmos pra Chapec\u00f3. A informa\u00e7\u00e3o que temos \u00e9 que os corpos est\u00e3o indo pra S\u00e3o Paulo pra reconhecimento e aut\u00f3psia e vamos pra encontrar nossa irm\u00e3 que est\u00e1 muito abalada\u201d, afirma.<\/p>\n<p style=\"text-align: justify;\">Segundo Bestene, n\u00e3o era para o sobrinho estar no voo. Uma troca de escalas de trabalho mudou o destino de duas pessoas. \u201cEle perdeu o voo pra S\u00e3o Paulo no jogo do Chapec\u00f3 e Palmeiras, que era ele que ia e foi outro colega. Ent\u00e3o pra cobrir pediu pro colega permanecer e foi no lugar do outro colega dele. Infelizmente a vida \u00e9 isso e ningu\u00e9m pode questionar de maneira nenhuma\u201d, relata.<\/p>\n<p style=\"text-align: justify;\">M\u00e1rcio Koury Bestene al\u00e9m da medicina tamb\u00e9m era formado em engenharia. Se especializou em medicina esportiva e h\u00e1 mais de 5 anos atuava no Chapecoense. Na \u00faltima vinda ao Acre ele compartilhou com o tio um sonho. Queria ser m\u00e9dico da sele\u00e7\u00e3o brasileira. \u201cEle disse: tio voc\u00ea ainda vai me ver como um m\u00e9dico da sele\u00e7\u00e3o brasileira. Eu disse: tio segue em frente. Eu sei que voc\u00ea \u00e9 uma pessoa determinada e vai conseguir esse teu sonho\u201d, conta.<\/p>\n<p style=\"text-align: justify;\">O vel\u00f3rio do m\u00e9dico da equipe Chapecoense deve ocorrer em Santa Catarina, em respeito a um pedido da mulher dele. M\u00e1rcio, tamb\u00e9m deixa duas filhas, uma de 5 e outra de 11 anos.<\/p>\n","protected":false},"excerpt":{"rendered":"<p style=\"text-align: justify;\">Tio de M\u00e1rcio Bestene fala do sentimento de dor<\/p>\n","protected":false},"author":4,"featured_media":26661,"comment_status":"open","ping_status":"open","sticky":false,"template":"","format":"standard","meta":{"jnews-multi-image_gallery":[],"jnews_single_post":[],"jnews_primary_category":[],"jnews_social_meta":[],"jnews_review":[],"enable_review":"","type":"","name":"","summary":"","brand":"","sku":"","good":[],"bad":[],"score_override":"","override_value":"","rating":[],"price":[],"footnotes":""},"categories":[54],"tags":[],"class_list":["post-26662","post","type-post","status-publish","format-standard","has-post-thumbnail","hentry","category-cotidiano"],"yoast_head":"<!-- This site is optimized with the Yoast SEO plugin v26.5 - https:\/\/yoast.com\/wordpress\/plugins\/seo\/ -->\n<title>M\u00e1rcio Bestene trocou de escala com colega m\u00e9dico para viajar - Agazeta.net<\/title>\n<meta name=\"robots\" content=\"index, follow, max-snippet:-1, max-image-preview:large, max-video-preview:-1\" \/>\n<link rel=\"canonical\" href=\"https:\/\/nk7-testes.com.br\/agazeta\/familias-das-vitimas-reconhecem-corpos-em-sao-paulo\/\" \/>\n<meta property=\"og:locale\" content=\"pt_BR\" \/>\n<meta property=\"og:type\" content=\"article\" \/>\n<meta property=\"og:title\" content=\"M\u00e1rcio Bestene trocou de escala com colega m\u00e9dico para viajar - Agazeta.net\" \/>\n<meta property=\"og:description\" content=\"Tio de M\u00e1rcio Bestene fala do sentimento de dor\" \/>\n<meta property=\"og:url\" content=\"https:\/\/nk7-testes.com.br\/agazeta\/familias-das-vitimas-reconhecem-corpos-em-sao-paulo\/\" \/>\n<meta property=\"og:site_name\" content=\"Agazeta.net\" \/>\n<meta property=\"article:published_time\" content=\"2016-11-30T15:44:36+00:00\" \/>\n<meta property=\"og:image\" content=\"https:\/\/nk7-testes.com.br\/agazeta\/wp-content\/uploads\/2016\/11\/301116-cotidiano-josebestene-tvgazeta.jpg\" \/>\n\t<meta property=\"og:image:width\" content=\"454\" \/>\n\t<meta property=\"og:image:height\" content=\"340\" \/>\n\t<meta property=\"og:image:type\" content=\"image\/jpeg\" \/>\n<meta name=\"author\" content=\"Agazeta.Net\" \/>\n<meta name=\"twitter:card\" content=\"summary_large_image\" \/>\n<meta name=\"twitter:label1\" content=\"Escrito por\" \/>\n\t<meta name=\"twitter:data1\" content=\"Agazeta.Net\" \/>\n\t<meta name=\"twitter:label2\" content=\"Est. tempo de leitura\" \/>\n\t<meta name=\"twitter:data2\" content=\"2 minutos\" \/>\n<script type=\"application\/ld+json\" class=\"yoast-schema-graph\">{\"@context\":\"https:\/\/schema.org\",\"@graph\":[{\"@type\":\"WebPage\",\"@id\":\"https:\/\/nk7-testes.com.br\/agazeta\/familias-das-vitimas-reconhecem-corpos-em-sao-paulo\/\",\"url\":\"https:\/\/nk7-testes.com.br\/agazeta\/familias-das-vitimas-reconhecem-corpos-em-sao-paulo\/\",\"name\":\"M\u00e1rcio Bestene trocou de escala com colega m\u00e9dico para viajar - Agazeta.net\",\"isPartOf\":{\"@id\":\"https:\/\/nk7-testes.com.br\/agazeta\/#website\"},\"primaryImageOfPage\":{\"@id\":\"https:\/\/nk7-testes.com.br\/agazeta\/familias-das-vitimas-reconhecem-corpos-em-sao-paulo\/#primaryimage\"},\"image\":{\"@id\":\"https:\/\/nk7-testes.com.br\/agazeta\/familias-das-vitimas-reconhecem-corpos-em-sao-paulo\/#primaryimage\"},\"thumbnailUrl\":\"https:\/\/nk7-testes.com.br\/agazeta\/wp-content\/uploads\/2016\/11\/301116-cotidiano-josebestene-tvgazeta.jpg\",\"datePublished\":\"2016-11-30T15:44:36+00:00\",\"author\":{\"@id\":\"https:\/\/nk7-testes.com.br\/agazeta\/#\/schema\/person\/ff6b39d54d6973bfc57f4140f659b23f\"},\"breadcrumb\":{\"@id\":\"https:\/\/nk7-testes.com.br\/agazeta\/familias-das-vitimas-reconhecem-corpos-em-sao-paulo\/#breadcrumb\"},\"inLanguage\":\"pt-BR\",\"potentialAction\":[{\"@type\":\"ReadAction\",\"target\":[\"https:\/\/nk7-testes.com.br\/agazeta\/familias-das-vitimas-reconhecem-corpos-em-sao-paulo\/\"]}]},{\"@type\":\"ImageObject\",\"inLanguage\":\"pt-BR\",\"@id\":\"https:\/\/nk7-testes.com.br\/agazeta\/familias-das-vitimas-reconhecem-corpos-em-sao-paulo\/#primaryimage\",\"url\":\"https:\/\/nk7-testes.com.br\/agazeta\/wp-content\/uploads\/2016\/11\/301116-cotidiano-josebestene-tvgazeta.jpg\",\"contentUrl\":\"https:\/\/nk7-testes.com.br\/agazeta\/wp-content\/uploads\/2016\/11\/301116-cotidiano-josebestene-tvgazeta.jpg\",\"width\":454,\"height\":340,\"caption\":\"301116-cotidiano-josebestene-tvgazeta\"},{\"@type\":\"BreadcrumbList\",\"@id\":\"https:\/\/nk7-testes.com.br\/agazeta\/familias-das-vitimas-reconhecem-corpos-em-sao-paulo\/#breadcrumb\",\"itemListElement\":[{\"@type\":\"ListItem\",\"position\":1,\"name\":\"In\u00edcio\",\"item\":\"https:\/\/nk7-testes.com.br\/agazeta\/\"},{\"@type\":\"ListItem\",\"position\":2,\"name\":\"M\u00e1rcio Bestene trocou de escala com colega m\u00e9dico para viajar\"}]},{\"@type\":\"WebSite\",\"@id\":\"https:\/\/nk7-testes.com.br\/agazeta\/#website\",\"url\":\"https:\/\/nk7-testes.com.br\/agazeta\/\",\"name\":\"Agazeta.net\",\"description\":\"Agazeta.net - Not\u00edcias de Rio Branco\/AC\",\"potentialAction\":[{\"@type\":\"SearchAction\",\"target\":{\"@type\":\"EntryPoint\",\"urlTemplate\":\"https:\/\/nk7-testes.com.br\/agazeta\/?s={search_term_string}\"},\"query-input\":{\"@type\":\"PropertyValueSpecification\",\"valueRequired\":true,\"valueName\":\"search_term_string\"}}],\"inLanguage\":\"pt-BR\"},{\"@type\":\"Person\",\"@id\":\"https:\/\/nk7-testes.com.br\/agazeta\/#\/schema\/person\/ff6b39d54d6973bfc57f4140f659b23f\",\"name\":\"Agazeta.Net\",\"url\":\"https:\/\/nk7-testes.com.br\/agazeta\/author\/agazeta\/\"}]}<\/script>\n<!-- \/ Yoast SEO plugin. -->","yoast_head_json":{"title":"M\u00e1rcio Bestene trocou de escala com colega m\u00e9dico para viajar - Agazeta.net","robots":{"index":"index","follow":"follow","max-snippet":"max-snippet:-1","max-image-preview":"max-image-preview:large","max-video-preview":"max-video-preview:-1"},"canonical":"https:\/\/nk7-testes.com.br\/agazeta\/familias-das-vitimas-reconhecem-corpos-em-sao-paulo\/","og_locale":"pt_BR","og_type":"article","og_title":"M\u00e1rcio Bestene trocou de escala com colega m\u00e9dico para viajar - Agazeta.net","og_description":"Tio de M\u00e1rcio Bestene fala do sentimento de dor","og_url":"https:\/\/nk7-testes.com.br\/agazeta\/familias-das-vitimas-reconhecem-corpos-em-sao-paulo\/","og_site_name":"Agazeta.net","article_published_time":"2016-11-30T15:44:36+00:00","og_image":[{"width":454,"height":340,"url":"https:\/\/nk7-testes.com.br\/agazeta\/wp-content\/uploads\/2016\/11\/301116-cotidiano-josebestene-tvgazeta.jpg","type":"image\/jpeg"}],"author":"Agazeta.Net","twitter_card":"summary_large_image","twitter_misc":{"Escrito por":"Agazeta.Net","Est. tempo de leitura":"2 minutos"},"schema":{"@context":"https:\/\/schema.org","@graph":[{"@type":"WebPage","@id":"https:\/\/nk7-testes.com.br\/agazeta\/familias-das-vitimas-reconhecem-corpos-em-sao-paulo\/","url":"https:\/\/nk7-testes.com.br\/agazeta\/familias-das-vitimas-reconhecem-corpos-em-sao-paulo\/","name":"M\u00e1rcio Bestene trocou de escala com colega m\u00e9dico para viajar - Agazeta.net","isPartOf":{"@id":"https:\/\/nk7-testes.com.br\/agazeta\/#website"},"primaryImageOfPage":{"@id":"https:\/\/nk7-testes.com.br\/agazeta\/familias-das-vitimas-reconhecem-corpos-em-sao-paulo\/#primaryimage"},"image":{"@id":"https:\/\/nk7-testes.com.br\/agazeta\/familias-das-vitimas-reconhecem-corpos-em-sao-paulo\/#primaryimage"},"thumbnailUrl":"https:\/\/nk7-testes.com.br\/agazeta\/wp-content\/uploads\/2016\/11\/301116-cotidiano-josebestene-tvgazeta.jpg","datePublished":"2016-11-30T15:44:36+00:00","author":{"@id":"https:\/\/nk7-testes.com.br\/agazeta\/#\/schema\/person\/ff6b39d54d6973bfc57f4140f659b23f"},"breadcrumb":{"@id":"https:\/\/nk7-testes.com.br\/agazeta\/familias-das-vitimas-reconhecem-corpos-em-sao-paulo\/#breadcrumb"},"inLanguage":"pt-BR","potentialAction":[{"@type":"ReadAction","target":["https:\/\/nk7-testes.com.br\/agazeta\/familias-das-vitimas-reconhecem-corpos-em-sao-paulo\/"]}]},{"@type":"ImageObject","inLanguage":"pt-BR","@id":"https:\/\/nk7-testes.com.br\/agazeta\/familias-das-vitimas-reconhecem-corpos-em-sao-paulo\/#primaryimage","url":"https:\/\/nk7-testes.com.br\/agazeta\/wp-content\/uploads\/2016\/11\/301116-cotidiano-josebestene-tvgazeta.jpg","contentUrl":"https:\/\/nk7-testes.com.br\/agazeta\/wp-content\/uploads\/2016\/11\/301116-cotidiano-josebestene-tvgazeta.jpg","width":454,"height":340,"caption":"301116-cotidiano-josebestene-tvgazeta"},{"@type":"BreadcrumbList","@id":"https:\/\/nk7-testes.com.br\/agazeta\/familias-das-vitimas-reconhecem-corpos-em-sao-paulo\/#breadcrumb","itemListElement":[{"@type":"ListItem","position":1,"name":"In\u00edcio","item":"https:\/\/nk7-testes.com.br\/agazeta\/"},{"@type":"ListItem","position":2,"name":"M\u00e1rcio Bestene trocou de escala com colega m\u00e9dico para viajar"}]},{"@type":"WebSite","@id":"https:\/\/nk7-testes.com.br\/agazeta\/#website","url":"https:\/\/nk7-testes.com.br\/agazeta\/","name":"Agazeta.net","description":"Agazeta.net - Not\u00edcias de Rio Branco\/AC","potentialAction":[{"@type":"SearchAction","target":{"@type":"EntryPoint","urlTemplate":"https:\/\/nk7-testes.com.br\/agazeta\/?s={search_term_string}"},"query-input":{"@type":"PropertyValueSpecification","valueRequired":true,"valueName":"search_term_string"}}],"inLanguage":"pt-BR"},{"@type":"Person","@id":"https:\/\/nk7-testes.com.br\/agazeta\/#\/schema\/person\/ff6b39d54d6973bfc57f4140f659b23f","name":"Agazeta.Net","url":"https:\/\/nk7-testes.com.br\/agazeta\/author\/agazeta\/"}]}},"_links":{"self":[{"href":"https:\/\/nk7-testes.com.br\/agazeta\/wp-json\/wp\/v2\/posts\/26662","targetHints":{"allow":["GET"]}}],"collection":[{"href":"https:\/\/nk7-testes.com.br\/agazeta\/wp-json\/wp\/v2\/posts"}],"about":[{"href":"https:\/\/nk7-testes.com.br\/agazeta\/wp-json\/wp\/v2\/types\/post"}],"author":[{"embeddable":true,"href":"https:\/\/nk7-testes.com.br\/agazeta\/wp-json\/wp\/v2\/users\/4"}],"replies":[{"embeddable":true,"href":"https:\/\/nk7-testes.com.br\/agazeta\/wp-json\/wp\/v2\/comments?post=26662"}],"version-history":[{"count":0,"href":"https:\/\/nk7-testes.com.br\/agazeta\/wp-json\/wp\/v2\/posts\/26662\/revisions"}],"wp:featuredmedia":[{"embeddable":true,"href":"https:\/\/nk7-testes.com.br\/agazeta\/wp-json\/wp\/v2\/media\/26661"}],"wp:attachment":[{"href":"https:\/\/nk7-testes.com.br\/agazeta\/wp-json\/wp\/v2\/media?parent=26662"}],"wp:term":[{"taxonomy":"category","embeddable":true,"href":"https:\/\/nk7-testes.com.br\/agazeta\/wp-json\/wp\/v2\/categories?post=26662"},{"taxonomy":"post_tag","embeddable":true,"href":"https:\/\/nk7-testes.com.br\/agazeta\/wp-json\/wp\/v2\/tags?post=26662"}],"curies":[{"name":"wp","href":"https:\/\/api.w.org\/{rel}","templated":true}]}}