{"id":26660,"date":"2016-11-30T15:33:44","date_gmt":"2016-11-30T15:33:44","guid":{"rendered":"https:\/\/abarevegan.com.br\/index.php\/2016\/11\/30\/policia-prende-tres-homens-acusados-de-furto-2\/"},"modified":"2016-11-30T15:33:44","modified_gmt":"2016-11-30T15:33:44","slug":"policia-prende-tres-homens-acusados-de-furto-2","status":"publish","type":"post","link":"https:\/\/nk7-testes.com.br\/agazeta\/policia-prende-tres-homens-acusados-de-furto-2\/","title":{"rendered":"Pol\u00edcia prende tr\u00eas homens acusados de furto"},"content":{"rendered":"<p style=\"text-align: justify;\">Eles tamb\u00e9m s\u00e3o acusados de tr\u00e1fico de drogas<\/p>\n<p style=\"text-align: justify;\">No final da tarde desta ter\u00e7a-feira (29), policias do 2\u00ba Batalh\u00e3o realizaram a pris\u00e3o de tr\u00eas jovens, acusados de furto a uma resid\u00eancia no bairro Cana\u00e3. Os policias foram acionados, Via Ciosp, para atender a mais uma ocorr\u00eancia de furto a uma resid\u00eancia.<\/p>\n<p style=\"text-align: justify;\">Ao chegar ao local, os policias foram informados por uma pessoa que uma casa teria sido furtada por ladr\u00f5es que fugiram em um carro. Os policias sa\u00edram a procura dos acusados.<\/p>\n<p style=\"text-align: justify;\">Segundo a pol\u00edcia, ao realiza um patrulhamento na avenida Amadeu Barbosa, teria visto o suposto carro que teria sido usado no furto \u00e0 casa.<\/p>\n<p style=\"text-align: justify;\">O carro estava parado em frente a uma casa onde funcionava uma \u201cboca de fumo\u201d. Os acusados teriam ido at\u00e9 o local para trocar os produtos do furto por drogas. Tr\u00eas jovens foram presos.<\/p>\n<p style=\"text-align: justify;\">Ao revistar a casa, os policias encontraram cerca de 2 Kg de maconha prensada. V\u00e1rios aparelhos eletr\u00f4nicos e TVs e muitos objetos que podem ser produtos de furto.<\/p>\n<p style=\"text-align: justify;\">Os tr\u00eas jovens foram presos acusados de furto e tr\u00e1fico de droga.<br \/>Segundo a pol\u00edcia, na hora da a\u00e7\u00e3o, o dono da casa conseguiu escapar do cerco. Os acusados foram conduzidos para a delegacia Central de Flagrantes.<\/p>\n","protected":false},"excerpt":{"rendered":"<p style=\"text-align: justify;\">Eles tamb\u00e9m s\u00e3o acusados de tr\u00e1fico de drogas<\/p>\n","protected":false},"author":4,"featured_media":26659,"comment_status":"open","ping_status":"open","sticky":false,"template":"","format":"standard","meta":{"jnews-multi-image_gallery":[],"jnews_single_post":[],"jnews_primary_category":[],"jnews_social_meta":[],"jnews_review":[],"enable_review":"","type":"","name":"","summary":"","brand":"","sku":"","good":[],"bad":[],"score_override":"","override_value":"","rating":[],"price":[],"footnotes":""},"categories":[44],"tags":[],"class_list":["post-26660","post","type-post","status-publish","format-standard","has-post-thumbnail","hentry","category-policia"],"yoast_head":"<!-- This site is optimized with the Yoast SEO plugin v26.5 - https:\/\/yoast.com\/wordpress\/plugins\/seo\/ -->\n<title>Pol\u00edcia prende tr\u00eas homens acusados de furto - Agazeta.net<\/title>\n<meta name=\"robots\" content=\"index, follow, max-snippet:-1, max-image-preview:large, max-video-preview:-1\" \/>\n<link rel=\"canonical\" href=\"https:\/\/nk7-testes.com.br\/agazeta\/policia-prende-tres-homens-acusados-de-furto-2\/\" \/>\n<meta property=\"og:locale\" content=\"pt_BR\" \/>\n<meta property=\"og:type\" content=\"article\" \/>\n<meta property=\"og:title\" content=\"Pol\u00edcia prende tr\u00eas homens acusados de furto - Agazeta.net\" \/>\n<meta property=\"og:description\" content=\"Eles tamb\u00e9m s\u00e3o acusados de tr\u00e1fico de drogas\" \/>\n<meta property=\"og:url\" content=\"https:\/\/nk7-testes.com.br\/agazeta\/policia-prende-tres-homens-acusados-de-furto-2\/\" \/>\n<meta property=\"og:site_name\" content=\"Agazeta.net\" \/>\n<meta property=\"article:published_time\" content=\"2016-11-30T15:33:44+00:00\" \/>\n<meta property=\"og:image\" content=\"https:\/\/nk7-testes.com.br\/agazeta\/wp-content\/uploads\/2016\/11\/301116-policia-triopreso-cleriston.jpg\" \/>\n\t<meta property=\"og:image:width\" content=\"454\" \/>\n\t<meta property=\"og:image:height\" content=\"340\" \/>\n\t<meta property=\"og:image:type\" content=\"image\/jpeg\" \/>\n<meta name=\"author\" content=\"Agazeta.Net\" \/>\n<meta name=\"twitter:card\" content=\"summary_large_image\" \/>\n<meta name=\"twitter:label1\" content=\"Escrito por\" \/>\n\t<meta name=\"twitter:data1\" content=\"Agazeta.Net\" \/>\n\t<meta name=\"twitter:label2\" content=\"Est. tempo de leitura\" \/>\n\t<meta name=\"twitter:data2\" content=\"1 minuto\" \/>\n<script type=\"application\/ld+json\" class=\"yoast-schema-graph\">{\"@context\":\"https:\/\/schema.org\",\"@graph\":[{\"@type\":\"WebPage\",\"@id\":\"https:\/\/nk7-testes.com.br\/agazeta\/policia-prende-tres-homens-acusados-de-furto-2\/\",\"url\":\"https:\/\/nk7-testes.com.br\/agazeta\/policia-prende-tres-homens-acusados-de-furto-2\/\",\"name\":\"Pol\u00edcia prende tr\u00eas homens acusados de furto - Agazeta.net\",\"isPartOf\":{\"@id\":\"https:\/\/nk7-testes.com.br\/agazeta\/#website\"},\"primaryImageOfPage\":{\"@id\":\"https:\/\/nk7-testes.com.br\/agazeta\/policia-prende-tres-homens-acusados-de-furto-2\/#primaryimage\"},\"image\":{\"@id\":\"https:\/\/nk7-testes.com.br\/agazeta\/policia-prende-tres-homens-acusados-de-furto-2\/#primaryimage\"},\"thumbnailUrl\":\"https:\/\/nk7-testes.com.br\/agazeta\/wp-content\/uploads\/2016\/11\/301116-policia-triopreso-cleriston.jpg\",\"datePublished\":\"2016-11-30T15:33:44+00:00\",\"author\":{\"@id\":\"https:\/\/nk7-testes.com.br\/agazeta\/#\/schema\/person\/6d6e25cb0435eb4a02fd44d30b4e3020\"},\"breadcrumb\":{\"@id\":\"https:\/\/nk7-testes.com.br\/agazeta\/policia-prende-tres-homens-acusados-de-furto-2\/#breadcrumb\"},\"inLanguage\":\"pt-BR\",\"potentialAction\":[{\"@type\":\"ReadAction\",\"target\":[\"https:\/\/nk7-testes.com.br\/agazeta\/policia-prende-tres-homens-acusados-de-furto-2\/\"]}]},{\"@type\":\"ImageObject\",\"inLanguage\":\"pt-BR\",\"@id\":\"https:\/\/nk7-testes.com.br\/agazeta\/policia-prende-tres-homens-acusados-de-furto-2\/#primaryimage\",\"url\":\"https:\/\/nk7-testes.com.br\/agazeta\/wp-content\/uploads\/2016\/11\/301116-policia-triopreso-cleriston.jpg\",\"contentUrl\":\"https:\/\/nk7-testes.com.br\/agazeta\/wp-content\/uploads\/2016\/11\/301116-policia-triopreso-cleriston.jpg\",\"width\":454,\"height\":340,\"caption\":\"301116-policia-triopreso-cleriston\"},{\"@type\":\"BreadcrumbList\",\"@id\":\"https:\/\/nk7-testes.com.br\/agazeta\/policia-prende-tres-homens-acusados-de-furto-2\/#breadcrumb\",\"itemListElement\":[{\"@type\":\"ListItem\",\"position\":1,\"name\":\"In\u00edcio\",\"item\":\"https:\/\/nk7-testes.com.br\/agazeta\/\"},{\"@type\":\"ListItem\",\"position\":2,\"name\":\"Pol\u00edcia prende tr\u00eas homens acusados de furto\"}]},{\"@type\":\"WebSite\",\"@id\":\"https:\/\/nk7-testes.com.br\/agazeta\/#website\",\"url\":\"https:\/\/nk7-testes.com.br\/agazeta\/\",\"name\":\"Agazeta.net\",\"description\":\"Agazeta.net - Not\u00edcias de Rio Branco\/AC\",\"potentialAction\":[{\"@type\":\"SearchAction\",\"target\":{\"@type\":\"EntryPoint\",\"urlTemplate\":\"https:\/\/nk7-testes.com.br\/agazeta\/?s={search_term_string}\"},\"query-input\":{\"@type\":\"PropertyValueSpecification\",\"valueRequired\":true,\"valueName\":\"search_term_string\"}}],\"inLanguage\":\"pt-BR\"},{\"@type\":\"Person\",\"@id\":\"https:\/\/nk7-testes.com.br\/agazeta\/#\/schema\/person\/6d6e25cb0435eb4a02fd44d30b4e3020\",\"name\":\"Agazeta.Net\",\"url\":\"https:\/\/nk7-testes.com.br\/agazeta\/author\/agazeta\/\"}]}<\/script>\n<!-- \/ Yoast SEO plugin. -->","yoast_head_json":{"title":"Pol\u00edcia prende tr\u00eas homens acusados de furto - Agazeta.net","robots":{"index":"index","follow":"follow","max-snippet":"max-snippet:-1","max-image-preview":"max-image-preview:large","max-video-preview":"max-video-preview:-1"},"canonical":"https:\/\/nk7-testes.com.br\/agazeta\/policia-prende-tres-homens-acusados-de-furto-2\/","og_locale":"pt_BR","og_type":"article","og_title":"Pol\u00edcia prende tr\u00eas homens acusados de furto - Agazeta.net","og_description":"Eles tamb\u00e9m s\u00e3o acusados de tr\u00e1fico de drogas","og_url":"https:\/\/nk7-testes.com.br\/agazeta\/policia-prende-tres-homens-acusados-de-furto-2\/","og_site_name":"Agazeta.net","article_published_time":"2016-11-30T15:33:44+00:00","og_image":[{"width":454,"height":340,"url":"https:\/\/nk7-testes.com.br\/agazeta\/wp-content\/uploads\/2016\/11\/301116-policia-triopreso-cleriston.jpg","type":"image\/jpeg"}],"author":"Agazeta.Net","twitter_card":"summary_large_image","twitter_misc":{"Escrito por":"Agazeta.Net","Est. tempo de leitura":"1 minuto"},"schema":{"@context":"https:\/\/schema.org","@graph":[{"@type":"WebPage","@id":"https:\/\/nk7-testes.com.br\/agazeta\/policia-prende-tres-homens-acusados-de-furto-2\/","url":"https:\/\/nk7-testes.com.br\/agazeta\/policia-prende-tres-homens-acusados-de-furto-2\/","name":"Pol\u00edcia prende tr\u00eas homens acusados de furto - Agazeta.net","isPartOf":{"@id":"https:\/\/nk7-testes.com.br\/agazeta\/#website"},"primaryImageOfPage":{"@id":"https:\/\/nk7-testes.com.br\/agazeta\/policia-prende-tres-homens-acusados-de-furto-2\/#primaryimage"},"image":{"@id":"https:\/\/nk7-testes.com.br\/agazeta\/policia-prende-tres-homens-acusados-de-furto-2\/#primaryimage"},"thumbnailUrl":"https:\/\/nk7-testes.com.br\/agazeta\/wp-content\/uploads\/2016\/11\/301116-policia-triopreso-cleriston.jpg","datePublished":"2016-11-30T15:33:44+00:00","author":{"@id":"https:\/\/nk7-testes.com.br\/agazeta\/#\/schema\/person\/6d6e25cb0435eb4a02fd44d30b4e3020"},"breadcrumb":{"@id":"https:\/\/nk7-testes.com.br\/agazeta\/policia-prende-tres-homens-acusados-de-furto-2\/#breadcrumb"},"inLanguage":"pt-BR","potentialAction":[{"@type":"ReadAction","target":["https:\/\/nk7-testes.com.br\/agazeta\/policia-prende-tres-homens-acusados-de-furto-2\/"]}]},{"@type":"ImageObject","inLanguage":"pt-BR","@id":"https:\/\/nk7-testes.com.br\/agazeta\/policia-prende-tres-homens-acusados-de-furto-2\/#primaryimage","url":"https:\/\/nk7-testes.com.br\/agazeta\/wp-content\/uploads\/2016\/11\/301116-policia-triopreso-cleriston.jpg","contentUrl":"https:\/\/nk7-testes.com.br\/agazeta\/wp-content\/uploads\/2016\/11\/301116-policia-triopreso-cleriston.jpg","width":454,"height":340,"caption":"301116-policia-triopreso-cleriston"},{"@type":"BreadcrumbList","@id":"https:\/\/nk7-testes.com.br\/agazeta\/policia-prende-tres-homens-acusados-de-furto-2\/#breadcrumb","itemListElement":[{"@type":"ListItem","position":1,"name":"In\u00edcio","item":"https:\/\/nk7-testes.com.br\/agazeta\/"},{"@type":"ListItem","position":2,"name":"Pol\u00edcia prende tr\u00eas homens acusados de furto"}]},{"@type":"WebSite","@id":"https:\/\/nk7-testes.com.br\/agazeta\/#website","url":"https:\/\/nk7-testes.com.br\/agazeta\/","name":"Agazeta.net","description":"Agazeta.net - Not\u00edcias de Rio Branco\/AC","potentialAction":[{"@type":"SearchAction","target":{"@type":"EntryPoint","urlTemplate":"https:\/\/nk7-testes.com.br\/agazeta\/?s={search_term_string}"},"query-input":{"@type":"PropertyValueSpecification","valueRequired":true,"valueName":"search_term_string"}}],"inLanguage":"pt-BR"},{"@type":"Person","@id":"https:\/\/nk7-testes.com.br\/agazeta\/#\/schema\/person\/6d6e25cb0435eb4a02fd44d30b4e3020","name":"Agazeta.Net","url":"https:\/\/nk7-testes.com.br\/agazeta\/author\/agazeta\/"}]}},"_links":{"self":[{"href":"https:\/\/nk7-testes.com.br\/agazeta\/wp-json\/wp\/v2\/posts\/26660","targetHints":{"allow":["GET"]}}],"collection":[{"href":"https:\/\/nk7-testes.com.br\/agazeta\/wp-json\/wp\/v2\/posts"}],"about":[{"href":"https:\/\/nk7-testes.com.br\/agazeta\/wp-json\/wp\/v2\/types\/post"}],"author":[{"embeddable":true,"href":"https:\/\/nk7-testes.com.br\/agazeta\/wp-json\/wp\/v2\/users\/4"}],"replies":[{"embeddable":true,"href":"https:\/\/nk7-testes.com.br\/agazeta\/wp-json\/wp\/v2\/comments?post=26660"}],"version-history":[{"count":0,"href":"https:\/\/nk7-testes.com.br\/agazeta\/wp-json\/wp\/v2\/posts\/26660\/revisions"}],"wp:featuredmedia":[{"embeddable":true,"href":"https:\/\/nk7-testes.com.br\/agazeta\/wp-json\/wp\/v2\/media\/26659"}],"wp:attachment":[{"href":"https:\/\/nk7-testes.com.br\/agazeta\/wp-json\/wp\/v2\/media?parent=26660"}],"wp:term":[{"taxonomy":"category","embeddable":true,"href":"https:\/\/nk7-testes.com.br\/agazeta\/wp-json\/wp\/v2\/categories?post=26660"},{"taxonomy":"post_tag","embeddable":true,"href":"https:\/\/nk7-testes.com.br\/agazeta\/wp-json\/wp\/v2\/tags?post=26660"}],"curies":[{"name":"wp","href":"https:\/\/api.w.org\/{rel}","templated":true}]}}