{"id":26653,"date":"2016-11-30T14:03:32","date_gmt":"2016-11-30T14:03:32","guid":{"rendered":"https:\/\/abarevegan.com.br\/index.php\/2016\/11\/30\/homem-e-preso-acusado-de-roubar-bolsa-de-uma-mulher\/"},"modified":"2016-11-30T14:03:32","modified_gmt":"2016-11-30T14:03:32","slug":"homem-e-preso-acusado-de-roubar-bolsa-de-uma-mulher","status":"publish","type":"post","link":"https:\/\/nk7-testes.com.br\/agazeta\/homem-e-preso-acusado-de-roubar-bolsa-de-uma-mulher\/","title":{"rendered":"Homem \u00e9 preso acusado de roubar bolsa de uma mulher"},"content":{"rendered":"<p style=\"text-align: justify;\">Daniel foi preso por a\u00e7\u00e3o de populares<\/p>\n<p style=\"text-align: justify;\">Daniel Marcos Correia foi preso no in\u00edcio da noite desta ter\u00e7a-feira (29) acusado de assalto. Segundo a pol\u00edcia, foram acionados para atender a uma ocorr\u00eancia de assalto na rua Na\u00e7\u00f5es Unidas.<\/p>\n<p style=\"text-align: justify;\">A v\u00edtima estava em uma parada de \u00f4nibus sentada quando o acusado chegou e teria tentado tomar a bolsa \u00e0 for\u00e7a. A v\u00edtima ainda teria \u201clutado muito\u201d para que o ladr\u00e3o n\u00e3o levasse a bolsa.<\/p>\n<p style=\"text-align: justify;\">Na hora, um homem estava passando de moto. Mesmo n\u00e3o conhecendo a v\u00edtima, ele teria parado para ajudar a mulher. Na hora, o acusado teria soltado a bolsa e saiu correndo, mas, com a ajuda de outras pessoas, o homem (que n\u00e3o quis se identificar) conseguiu imobilizar o acusado.<\/p>\n<p style=\"text-align: justify;\">Na delegacia, o acusado ainda tentou se justificar dizendo que \u201cn\u00e3o teria dado certo o roubo e ele teria devolvido a bolsa para a v\u00edtima\u201d.<\/p>\n","protected":false},"excerpt":{"rendered":"<p style=\"text-align: justify;\">Daniel foi preso por a\u00e7\u00e3o de populares<\/p>\n","protected":false},"author":4,"featured_media":26652,"comment_status":"open","ping_status":"open","sticky":false,"template":"","format":"standard","meta":{"jnews-multi-image_gallery":[],"jnews_single_post":[],"jnews_primary_category":[],"jnews_social_meta":[],"jnews_review":[],"enable_review":"","type":"","name":"","summary":"","brand":"","sku":"","good":[],"bad":[],"score_override":"","override_value":"","rating":[],"price":[],"footnotes":""},"categories":[44],"tags":[],"class_list":["post-26653","post","type-post","status-publish","format-standard","has-post-thumbnail","hentry","category-policia"],"yoast_head":"<!-- This site is optimized with the Yoast SEO plugin v26.5 - https:\/\/yoast.com\/wordpress\/plugins\/seo\/ -->\n<title>Homem \u00e9 preso acusado de roubar bolsa de uma mulher - Agazeta.net<\/title>\n<meta name=\"robots\" content=\"index, follow, max-snippet:-1, max-image-preview:large, max-video-preview:-1\" \/>\n<link rel=\"canonical\" href=\"https:\/\/nk7-testes.com.br\/agazeta\/homem-e-preso-acusado-de-roubar-bolsa-de-uma-mulher\/\" \/>\n<meta property=\"og:locale\" content=\"pt_BR\" \/>\n<meta property=\"og:type\" content=\"article\" \/>\n<meta property=\"og:title\" content=\"Homem \u00e9 preso acusado de roubar bolsa de uma mulher - Agazeta.net\" \/>\n<meta property=\"og:description\" content=\"Daniel foi preso por a\u00e7\u00e3o de populares\" \/>\n<meta property=\"og:url\" content=\"https:\/\/nk7-testes.com.br\/agazeta\/homem-e-preso-acusado-de-roubar-bolsa-de-uma-mulher\/\" \/>\n<meta property=\"og:site_name\" content=\"Agazeta.net\" \/>\n<meta property=\"article:published_time\" content=\"2016-11-30T14:03:32+00:00\" \/>\n<meta property=\"og:image\" content=\"https:\/\/nk7-testes.com.br\/agazeta\/wp-content\/uploads\/2016\/11\/301116-policia-acusado-cleriston.jpg\" \/>\n\t<meta property=\"og:image:width\" content=\"454\" \/>\n\t<meta property=\"og:image:height\" content=\"340\" \/>\n\t<meta property=\"og:image:type\" content=\"image\/jpeg\" \/>\n<meta name=\"author\" content=\"Agazeta.Net\" \/>\n<meta name=\"twitter:card\" content=\"summary_large_image\" \/>\n<meta name=\"twitter:label1\" content=\"Escrito por\" \/>\n\t<meta name=\"twitter:data1\" content=\"Agazeta.Net\" \/>\n\t<meta name=\"twitter:label2\" content=\"Est. tempo de leitura\" \/>\n\t<meta name=\"twitter:data2\" content=\"1 minuto\" \/>\n<script type=\"application\/ld+json\" class=\"yoast-schema-graph\">{\"@context\":\"https:\/\/schema.org\",\"@graph\":[{\"@type\":\"WebPage\",\"@id\":\"https:\/\/nk7-testes.com.br\/agazeta\/homem-e-preso-acusado-de-roubar-bolsa-de-uma-mulher\/\",\"url\":\"https:\/\/nk7-testes.com.br\/agazeta\/homem-e-preso-acusado-de-roubar-bolsa-de-uma-mulher\/\",\"name\":\"Homem \u00e9 preso acusado de roubar bolsa de uma mulher - Agazeta.net\",\"isPartOf\":{\"@id\":\"https:\/\/nk7-testes.com.br\/agazeta\/#website\"},\"primaryImageOfPage\":{\"@id\":\"https:\/\/nk7-testes.com.br\/agazeta\/homem-e-preso-acusado-de-roubar-bolsa-de-uma-mulher\/#primaryimage\"},\"image\":{\"@id\":\"https:\/\/nk7-testes.com.br\/agazeta\/homem-e-preso-acusado-de-roubar-bolsa-de-uma-mulher\/#primaryimage\"},\"thumbnailUrl\":\"https:\/\/nk7-testes.com.br\/agazeta\/wp-content\/uploads\/2016\/11\/301116-policia-acusado-cleriston.jpg\",\"datePublished\":\"2016-11-30T14:03:32+00:00\",\"author\":{\"@id\":\"https:\/\/nk7-testes.com.br\/agazeta\/#\/schema\/person\/6d6e25cb0435eb4a02fd44d30b4e3020\"},\"breadcrumb\":{\"@id\":\"https:\/\/nk7-testes.com.br\/agazeta\/homem-e-preso-acusado-de-roubar-bolsa-de-uma-mulher\/#breadcrumb\"},\"inLanguage\":\"pt-BR\",\"potentialAction\":[{\"@type\":\"ReadAction\",\"target\":[\"https:\/\/nk7-testes.com.br\/agazeta\/homem-e-preso-acusado-de-roubar-bolsa-de-uma-mulher\/\"]}]},{\"@type\":\"ImageObject\",\"inLanguage\":\"pt-BR\",\"@id\":\"https:\/\/nk7-testes.com.br\/agazeta\/homem-e-preso-acusado-de-roubar-bolsa-de-uma-mulher\/#primaryimage\",\"url\":\"https:\/\/nk7-testes.com.br\/agazeta\/wp-content\/uploads\/2016\/11\/301116-policia-acusado-cleriston.jpg\",\"contentUrl\":\"https:\/\/nk7-testes.com.br\/agazeta\/wp-content\/uploads\/2016\/11\/301116-policia-acusado-cleriston.jpg\",\"width\":454,\"height\":340,\"caption\":\"301116-policia-acusado-cleriston\"},{\"@type\":\"BreadcrumbList\",\"@id\":\"https:\/\/nk7-testes.com.br\/agazeta\/homem-e-preso-acusado-de-roubar-bolsa-de-uma-mulher\/#breadcrumb\",\"itemListElement\":[{\"@type\":\"ListItem\",\"position\":1,\"name\":\"In\u00edcio\",\"item\":\"https:\/\/nk7-testes.com.br\/agazeta\/\"},{\"@type\":\"ListItem\",\"position\":2,\"name\":\"Homem \u00e9 preso acusado de roubar bolsa de uma mulher\"}]},{\"@type\":\"WebSite\",\"@id\":\"https:\/\/nk7-testes.com.br\/agazeta\/#website\",\"url\":\"https:\/\/nk7-testes.com.br\/agazeta\/\",\"name\":\"Agazeta.net\",\"description\":\"Agazeta.net - Not\u00edcias de Rio Branco\/AC\",\"potentialAction\":[{\"@type\":\"SearchAction\",\"target\":{\"@type\":\"EntryPoint\",\"urlTemplate\":\"https:\/\/nk7-testes.com.br\/agazeta\/?s={search_term_string}\"},\"query-input\":{\"@type\":\"PropertyValueSpecification\",\"valueRequired\":true,\"valueName\":\"search_term_string\"}}],\"inLanguage\":\"pt-BR\"},{\"@type\":\"Person\",\"@id\":\"https:\/\/nk7-testes.com.br\/agazeta\/#\/schema\/person\/6d6e25cb0435eb4a02fd44d30b4e3020\",\"name\":\"Agazeta.Net\",\"url\":\"https:\/\/nk7-testes.com.br\/agazeta\/author\/agazeta\/\"}]}<\/script>\n<!-- \/ Yoast SEO plugin. -->","yoast_head_json":{"title":"Homem \u00e9 preso acusado de roubar bolsa de uma mulher - Agazeta.net","robots":{"index":"index","follow":"follow","max-snippet":"max-snippet:-1","max-image-preview":"max-image-preview:large","max-video-preview":"max-video-preview:-1"},"canonical":"https:\/\/nk7-testes.com.br\/agazeta\/homem-e-preso-acusado-de-roubar-bolsa-de-uma-mulher\/","og_locale":"pt_BR","og_type":"article","og_title":"Homem \u00e9 preso acusado de roubar bolsa de uma mulher - Agazeta.net","og_description":"Daniel foi preso por a\u00e7\u00e3o de populares","og_url":"https:\/\/nk7-testes.com.br\/agazeta\/homem-e-preso-acusado-de-roubar-bolsa-de-uma-mulher\/","og_site_name":"Agazeta.net","article_published_time":"2016-11-30T14:03:32+00:00","og_image":[{"width":454,"height":340,"url":"https:\/\/nk7-testes.com.br\/agazeta\/wp-content\/uploads\/2016\/11\/301116-policia-acusado-cleriston.jpg","type":"image\/jpeg"}],"author":"Agazeta.Net","twitter_card":"summary_large_image","twitter_misc":{"Escrito por":"Agazeta.Net","Est. tempo de leitura":"1 minuto"},"schema":{"@context":"https:\/\/schema.org","@graph":[{"@type":"WebPage","@id":"https:\/\/nk7-testes.com.br\/agazeta\/homem-e-preso-acusado-de-roubar-bolsa-de-uma-mulher\/","url":"https:\/\/nk7-testes.com.br\/agazeta\/homem-e-preso-acusado-de-roubar-bolsa-de-uma-mulher\/","name":"Homem \u00e9 preso acusado de roubar bolsa de uma mulher - Agazeta.net","isPartOf":{"@id":"https:\/\/nk7-testes.com.br\/agazeta\/#website"},"primaryImageOfPage":{"@id":"https:\/\/nk7-testes.com.br\/agazeta\/homem-e-preso-acusado-de-roubar-bolsa-de-uma-mulher\/#primaryimage"},"image":{"@id":"https:\/\/nk7-testes.com.br\/agazeta\/homem-e-preso-acusado-de-roubar-bolsa-de-uma-mulher\/#primaryimage"},"thumbnailUrl":"https:\/\/nk7-testes.com.br\/agazeta\/wp-content\/uploads\/2016\/11\/301116-policia-acusado-cleriston.jpg","datePublished":"2016-11-30T14:03:32+00:00","author":{"@id":"https:\/\/nk7-testes.com.br\/agazeta\/#\/schema\/person\/6d6e25cb0435eb4a02fd44d30b4e3020"},"breadcrumb":{"@id":"https:\/\/nk7-testes.com.br\/agazeta\/homem-e-preso-acusado-de-roubar-bolsa-de-uma-mulher\/#breadcrumb"},"inLanguage":"pt-BR","potentialAction":[{"@type":"ReadAction","target":["https:\/\/nk7-testes.com.br\/agazeta\/homem-e-preso-acusado-de-roubar-bolsa-de-uma-mulher\/"]}]},{"@type":"ImageObject","inLanguage":"pt-BR","@id":"https:\/\/nk7-testes.com.br\/agazeta\/homem-e-preso-acusado-de-roubar-bolsa-de-uma-mulher\/#primaryimage","url":"https:\/\/nk7-testes.com.br\/agazeta\/wp-content\/uploads\/2016\/11\/301116-policia-acusado-cleriston.jpg","contentUrl":"https:\/\/nk7-testes.com.br\/agazeta\/wp-content\/uploads\/2016\/11\/301116-policia-acusado-cleriston.jpg","width":454,"height":340,"caption":"301116-policia-acusado-cleriston"},{"@type":"BreadcrumbList","@id":"https:\/\/nk7-testes.com.br\/agazeta\/homem-e-preso-acusado-de-roubar-bolsa-de-uma-mulher\/#breadcrumb","itemListElement":[{"@type":"ListItem","position":1,"name":"In\u00edcio","item":"https:\/\/nk7-testes.com.br\/agazeta\/"},{"@type":"ListItem","position":2,"name":"Homem \u00e9 preso acusado de roubar bolsa de uma mulher"}]},{"@type":"WebSite","@id":"https:\/\/nk7-testes.com.br\/agazeta\/#website","url":"https:\/\/nk7-testes.com.br\/agazeta\/","name":"Agazeta.net","description":"Agazeta.net - Not\u00edcias de Rio Branco\/AC","potentialAction":[{"@type":"SearchAction","target":{"@type":"EntryPoint","urlTemplate":"https:\/\/nk7-testes.com.br\/agazeta\/?s={search_term_string}"},"query-input":{"@type":"PropertyValueSpecification","valueRequired":true,"valueName":"search_term_string"}}],"inLanguage":"pt-BR"},{"@type":"Person","@id":"https:\/\/nk7-testes.com.br\/agazeta\/#\/schema\/person\/6d6e25cb0435eb4a02fd44d30b4e3020","name":"Agazeta.Net","url":"https:\/\/nk7-testes.com.br\/agazeta\/author\/agazeta\/"}]}},"_links":{"self":[{"href":"https:\/\/nk7-testes.com.br\/agazeta\/wp-json\/wp\/v2\/posts\/26653","targetHints":{"allow":["GET"]}}],"collection":[{"href":"https:\/\/nk7-testes.com.br\/agazeta\/wp-json\/wp\/v2\/posts"}],"about":[{"href":"https:\/\/nk7-testes.com.br\/agazeta\/wp-json\/wp\/v2\/types\/post"}],"author":[{"embeddable":true,"href":"https:\/\/nk7-testes.com.br\/agazeta\/wp-json\/wp\/v2\/users\/4"}],"replies":[{"embeddable":true,"href":"https:\/\/nk7-testes.com.br\/agazeta\/wp-json\/wp\/v2\/comments?post=26653"}],"version-history":[{"count":0,"href":"https:\/\/nk7-testes.com.br\/agazeta\/wp-json\/wp\/v2\/posts\/26653\/revisions"}],"wp:featuredmedia":[{"embeddable":true,"href":"https:\/\/nk7-testes.com.br\/agazeta\/wp-json\/wp\/v2\/media\/26652"}],"wp:attachment":[{"href":"https:\/\/nk7-testes.com.br\/agazeta\/wp-json\/wp\/v2\/media?parent=26653"}],"wp:term":[{"taxonomy":"category","embeddable":true,"href":"https:\/\/nk7-testes.com.br\/agazeta\/wp-json\/wp\/v2\/categories?post=26653"},{"taxonomy":"post_tag","embeddable":true,"href":"https:\/\/nk7-testes.com.br\/agazeta\/wp-json\/wp\/v2\/tags?post=26653"}],"curies":[{"name":"wp","href":"https:\/\/api.w.org\/{rel}","templated":true}]}}