{"id":26635,"date":"2016-11-29T15:14:33","date_gmt":"2016-11-29T15:14:33","guid":{"rendered":"https:\/\/abarevegan.com.br\/index.php\/2016\/11\/29\/mais-uma-denuncia-de-violencia-policial-e-registrada\/"},"modified":"2016-11-29T15:14:33","modified_gmt":"2016-11-29T15:14:33","slug":"mais-uma-denuncia-de-violencia-policial-e-registrada","status":"publish","type":"post","link":"https:\/\/nk7-testes.com.br\/agazeta\/mais-uma-denuncia-de-violencia-policial-e-registrada\/","title":{"rendered":"Mais uma den\u00fancia de viol\u00eancia policial \u00e9 registrada"},"content":{"rendered":"<p style=\"text-align: justify;\">Caso \u00e9 apurado pela Corregedoria da PM<\/p>\n<p style=\"text-align: justify;\">A Corregedoria da Pol\u00edcia Militar vai apurar mais uma suposta abordagem policial truculenta. O caso aconteceu em Rio Branco, em frente ao quartel da PM. A v\u00edtima que n\u00e3o tem passagem na pol\u00edcia quer justi\u00e7a, ap\u00f3s ter apanhado e acusado de vender drogas.<\/p>\n<p style=\"text-align: justify;\">Jair Carlos da Silva, 33, afirma que foi mais uma v\u00edtima do despreparo policial numa abordagem ocorrida neste domingo, em frente ao quartel da Pol\u00edcia Militar. \u201cEu conversava com um amigo meu, veio uma mo\u00e7a e pediu pra eu trocar dinheiro pra ela, a\u00ed quando peguei o dinheiro pra colocar na minha carteira a viatura saiu e chegaram mandando colocar a m\u00e3o na cabe\u00e7a. J\u00e1 chegaram me chutando, me deram uma voadeira no peito eu ca\u00ed no ch\u00e3o. Colocaram arma engatilhada nas minhas costas engatilhada. Bateram no meu rosto, me espancaram\u201d, relata.<\/p>\n<p style=\"text-align: justify;\">Ele acredita que o fato de ter colocado a m\u00e3o no bolso para trocar dinheiro confundiu os policiais, que partiram para a agress\u00e3o. \u201cEles chegaram me acusando dizendo que eu n\u00e3o tinha vergonha de vender droga em frente ao quartel. Eu disse que n\u00e3o vendia droga que sou trabalhador, mas eles n\u00e3o me ouviam. Mandavam calar a boca\u201d, afirma.<\/p>\n<p style=\"text-align: justify;\">Ap\u00f3s uma consulta os policiais liberaram Jair. Ele est\u00e1 com hematomas no olho e na barriga. As pernas est\u00e3o inchadas devido as supostas agress\u00f5es. Ele registrou boletim de ocorr\u00eancia em uma delegacia e tamb\u00e9m na corregedoria da Pol\u00edcia Militar. Junto com a papelada, a v\u00edtima mostra o contra-cheque da empresa de distribui\u00e7\u00e3o de bebidas onde trabalha.<\/p>\n<p style=\"text-align: justify;\">\u201cEu conclu\u00ed que a gente est\u00e1 a merc\u00ea tanto dos bandidos quanto da pol\u00edcia. Na formatura eles cantam servir e proteger, mas v\u00e3o proteger quem?\u201d, questiona.<br \/>Segundo a assessoria de comunica\u00e7\u00e3o da pol\u00edcia militar uma sindic\u00e2ncia ser\u00e1 aberta para apurar os fatos. Ap\u00f3s ouvidas as partes e num prazo de 30 dias, prorrog\u00e1vel por mais 30, o comando da PM vai se manifestar.<\/p>\n","protected":false},"excerpt":{"rendered":"<p style=\"text-align: justify;\">Caso \u00e9 apurado pela Corregedoria da PM<\/p>\n","protected":false},"author":4,"featured_media":26634,"comment_status":"open","ping_status":"open","sticky":false,"template":"","format":"standard","meta":{"jnews-multi-image_gallery":[],"jnews_single_post":[],"jnews_primary_category":[],"jnews_social_meta":[],"jnews_review":[],"enable_review":"","type":"","name":"","summary":"","brand":"","sku":"","good":[],"bad":[],"score_override":"","override_value":"","rating":[],"price":[],"footnotes":""},"categories":[44],"tags":[],"class_list":["post-26635","post","type-post","status-publish","format-standard","has-post-thumbnail","hentry","category-policia"],"yoast_head":"<!-- This site is optimized with the Yoast SEO plugin v26.5 - https:\/\/yoast.com\/wordpress\/plugins\/seo\/ -->\n<title>Mais uma den\u00fancia de viol\u00eancia policial \u00e9 registrada - Agazeta.net<\/title>\n<meta name=\"robots\" content=\"index, follow, max-snippet:-1, max-image-preview:large, max-video-preview:-1\" \/>\n<link rel=\"canonical\" href=\"https:\/\/nk7-testes.com.br\/agazeta\/mais-uma-denuncia-de-violencia-policial-e-registrada\/\" \/>\n<meta property=\"og:locale\" content=\"pt_BR\" \/>\n<meta property=\"og:type\" content=\"article\" \/>\n<meta property=\"og:title\" content=\"Mais uma den\u00fancia de viol\u00eancia policial \u00e9 registrada - Agazeta.net\" \/>\n<meta property=\"og:description\" content=\"Caso \u00e9 apurado pela Corregedoria da PM\" \/>\n<meta property=\"og:url\" content=\"https:\/\/nk7-testes.com.br\/agazeta\/mais-uma-denuncia-de-violencia-policial-e-registrada\/\" \/>\n<meta property=\"og:site_name\" content=\"Agazeta.net\" \/>\n<meta property=\"article:published_time\" content=\"2016-11-29T15:14:33+00:00\" \/>\n<meta property=\"og:image\" content=\"https:\/\/nk7-testes.com.br\/agazeta\/wp-content\/uploads\/2016\/11\/291116-policia-denuncia-tvgazeta.jpg\" \/>\n\t<meta property=\"og:image:width\" content=\"458\" \/>\n\t<meta property=\"og:image:height\" content=\"340\" \/>\n\t<meta property=\"og:image:type\" content=\"image\/jpeg\" \/>\n<meta name=\"author\" content=\"Agazeta.Net\" \/>\n<meta name=\"twitter:card\" content=\"summary_large_image\" \/>\n<meta name=\"twitter:label1\" content=\"Escrito por\" \/>\n\t<meta name=\"twitter:data1\" content=\"Agazeta.Net\" \/>\n\t<meta name=\"twitter:label2\" content=\"Est. tempo de leitura\" \/>\n\t<meta name=\"twitter:data2\" content=\"2 minutos\" \/>\n<script type=\"application\/ld+json\" class=\"yoast-schema-graph\">{\"@context\":\"https:\/\/schema.org\",\"@graph\":[{\"@type\":\"WebPage\",\"@id\":\"https:\/\/nk7-testes.com.br\/agazeta\/mais-uma-denuncia-de-violencia-policial-e-registrada\/\",\"url\":\"https:\/\/nk7-testes.com.br\/agazeta\/mais-uma-denuncia-de-violencia-policial-e-registrada\/\",\"name\":\"Mais uma den\u00fancia de viol\u00eancia policial \u00e9 registrada - Agazeta.net\",\"isPartOf\":{\"@id\":\"https:\/\/nk7-testes.com.br\/agazeta\/#website\"},\"primaryImageOfPage\":{\"@id\":\"https:\/\/nk7-testes.com.br\/agazeta\/mais-uma-denuncia-de-violencia-policial-e-registrada\/#primaryimage\"},\"image\":{\"@id\":\"https:\/\/nk7-testes.com.br\/agazeta\/mais-uma-denuncia-de-violencia-policial-e-registrada\/#primaryimage\"},\"thumbnailUrl\":\"https:\/\/nk7-testes.com.br\/agazeta\/wp-content\/uploads\/2016\/11\/291116-policia-denuncia-tvgazeta.jpg\",\"datePublished\":\"2016-11-29T15:14:33+00:00\",\"author\":{\"@id\":\"https:\/\/nk7-testes.com.br\/agazeta\/#\/schema\/person\/6d6e25cb0435eb4a02fd44d30b4e3020\"},\"breadcrumb\":{\"@id\":\"https:\/\/nk7-testes.com.br\/agazeta\/mais-uma-denuncia-de-violencia-policial-e-registrada\/#breadcrumb\"},\"inLanguage\":\"pt-BR\",\"potentialAction\":[{\"@type\":\"ReadAction\",\"target\":[\"https:\/\/nk7-testes.com.br\/agazeta\/mais-uma-denuncia-de-violencia-policial-e-registrada\/\"]}]},{\"@type\":\"ImageObject\",\"inLanguage\":\"pt-BR\",\"@id\":\"https:\/\/nk7-testes.com.br\/agazeta\/mais-uma-denuncia-de-violencia-policial-e-registrada\/#primaryimage\",\"url\":\"https:\/\/nk7-testes.com.br\/agazeta\/wp-content\/uploads\/2016\/11\/291116-policia-denuncia-tvgazeta.jpg\",\"contentUrl\":\"https:\/\/nk7-testes.com.br\/agazeta\/wp-content\/uploads\/2016\/11\/291116-policia-denuncia-tvgazeta.jpg\",\"width\":458,\"height\":340,\"caption\":\"291116-policia-denuncia-tvgazeta\"},{\"@type\":\"BreadcrumbList\",\"@id\":\"https:\/\/nk7-testes.com.br\/agazeta\/mais-uma-denuncia-de-violencia-policial-e-registrada\/#breadcrumb\",\"itemListElement\":[{\"@type\":\"ListItem\",\"position\":1,\"name\":\"In\u00edcio\",\"item\":\"https:\/\/nk7-testes.com.br\/agazeta\/\"},{\"@type\":\"ListItem\",\"position\":2,\"name\":\"Mais uma den\u00fancia de viol\u00eancia policial \u00e9 registrada\"}]},{\"@type\":\"WebSite\",\"@id\":\"https:\/\/nk7-testes.com.br\/agazeta\/#website\",\"url\":\"https:\/\/nk7-testes.com.br\/agazeta\/\",\"name\":\"Agazeta.net\",\"description\":\"Agazeta.net - Not\u00edcias de Rio Branco\/AC\",\"potentialAction\":[{\"@type\":\"SearchAction\",\"target\":{\"@type\":\"EntryPoint\",\"urlTemplate\":\"https:\/\/nk7-testes.com.br\/agazeta\/?s={search_term_string}\"},\"query-input\":{\"@type\":\"PropertyValueSpecification\",\"valueRequired\":true,\"valueName\":\"search_term_string\"}}],\"inLanguage\":\"pt-BR\"},{\"@type\":\"Person\",\"@id\":\"https:\/\/nk7-testes.com.br\/agazeta\/#\/schema\/person\/6d6e25cb0435eb4a02fd44d30b4e3020\",\"name\":\"Agazeta.Net\",\"url\":\"https:\/\/nk7-testes.com.br\/agazeta\/author\/agazeta\/\"}]}<\/script>\n<!-- \/ Yoast SEO plugin. -->","yoast_head_json":{"title":"Mais uma den\u00fancia de viol\u00eancia policial \u00e9 registrada - Agazeta.net","robots":{"index":"index","follow":"follow","max-snippet":"max-snippet:-1","max-image-preview":"max-image-preview:large","max-video-preview":"max-video-preview:-1"},"canonical":"https:\/\/nk7-testes.com.br\/agazeta\/mais-uma-denuncia-de-violencia-policial-e-registrada\/","og_locale":"pt_BR","og_type":"article","og_title":"Mais uma den\u00fancia de viol\u00eancia policial \u00e9 registrada - Agazeta.net","og_description":"Caso \u00e9 apurado pela Corregedoria da PM","og_url":"https:\/\/nk7-testes.com.br\/agazeta\/mais-uma-denuncia-de-violencia-policial-e-registrada\/","og_site_name":"Agazeta.net","article_published_time":"2016-11-29T15:14:33+00:00","og_image":[{"width":458,"height":340,"url":"https:\/\/nk7-testes.com.br\/agazeta\/wp-content\/uploads\/2016\/11\/291116-policia-denuncia-tvgazeta.jpg","type":"image\/jpeg"}],"author":"Agazeta.Net","twitter_card":"summary_large_image","twitter_misc":{"Escrito por":"Agazeta.Net","Est. tempo de leitura":"2 minutos"},"schema":{"@context":"https:\/\/schema.org","@graph":[{"@type":"WebPage","@id":"https:\/\/nk7-testes.com.br\/agazeta\/mais-uma-denuncia-de-violencia-policial-e-registrada\/","url":"https:\/\/nk7-testes.com.br\/agazeta\/mais-uma-denuncia-de-violencia-policial-e-registrada\/","name":"Mais uma den\u00fancia de viol\u00eancia policial \u00e9 registrada - Agazeta.net","isPartOf":{"@id":"https:\/\/nk7-testes.com.br\/agazeta\/#website"},"primaryImageOfPage":{"@id":"https:\/\/nk7-testes.com.br\/agazeta\/mais-uma-denuncia-de-violencia-policial-e-registrada\/#primaryimage"},"image":{"@id":"https:\/\/nk7-testes.com.br\/agazeta\/mais-uma-denuncia-de-violencia-policial-e-registrada\/#primaryimage"},"thumbnailUrl":"https:\/\/nk7-testes.com.br\/agazeta\/wp-content\/uploads\/2016\/11\/291116-policia-denuncia-tvgazeta.jpg","datePublished":"2016-11-29T15:14:33+00:00","author":{"@id":"https:\/\/nk7-testes.com.br\/agazeta\/#\/schema\/person\/6d6e25cb0435eb4a02fd44d30b4e3020"},"breadcrumb":{"@id":"https:\/\/nk7-testes.com.br\/agazeta\/mais-uma-denuncia-de-violencia-policial-e-registrada\/#breadcrumb"},"inLanguage":"pt-BR","potentialAction":[{"@type":"ReadAction","target":["https:\/\/nk7-testes.com.br\/agazeta\/mais-uma-denuncia-de-violencia-policial-e-registrada\/"]}]},{"@type":"ImageObject","inLanguage":"pt-BR","@id":"https:\/\/nk7-testes.com.br\/agazeta\/mais-uma-denuncia-de-violencia-policial-e-registrada\/#primaryimage","url":"https:\/\/nk7-testes.com.br\/agazeta\/wp-content\/uploads\/2016\/11\/291116-policia-denuncia-tvgazeta.jpg","contentUrl":"https:\/\/nk7-testes.com.br\/agazeta\/wp-content\/uploads\/2016\/11\/291116-policia-denuncia-tvgazeta.jpg","width":458,"height":340,"caption":"291116-policia-denuncia-tvgazeta"},{"@type":"BreadcrumbList","@id":"https:\/\/nk7-testes.com.br\/agazeta\/mais-uma-denuncia-de-violencia-policial-e-registrada\/#breadcrumb","itemListElement":[{"@type":"ListItem","position":1,"name":"In\u00edcio","item":"https:\/\/nk7-testes.com.br\/agazeta\/"},{"@type":"ListItem","position":2,"name":"Mais uma den\u00fancia de viol\u00eancia policial \u00e9 registrada"}]},{"@type":"WebSite","@id":"https:\/\/nk7-testes.com.br\/agazeta\/#website","url":"https:\/\/nk7-testes.com.br\/agazeta\/","name":"Agazeta.net","description":"Agazeta.net - Not\u00edcias de Rio Branco\/AC","potentialAction":[{"@type":"SearchAction","target":{"@type":"EntryPoint","urlTemplate":"https:\/\/nk7-testes.com.br\/agazeta\/?s={search_term_string}"},"query-input":{"@type":"PropertyValueSpecification","valueRequired":true,"valueName":"search_term_string"}}],"inLanguage":"pt-BR"},{"@type":"Person","@id":"https:\/\/nk7-testes.com.br\/agazeta\/#\/schema\/person\/6d6e25cb0435eb4a02fd44d30b4e3020","name":"Agazeta.Net","url":"https:\/\/nk7-testes.com.br\/agazeta\/author\/agazeta\/"}]}},"_links":{"self":[{"href":"https:\/\/nk7-testes.com.br\/agazeta\/wp-json\/wp\/v2\/posts\/26635","targetHints":{"allow":["GET"]}}],"collection":[{"href":"https:\/\/nk7-testes.com.br\/agazeta\/wp-json\/wp\/v2\/posts"}],"about":[{"href":"https:\/\/nk7-testes.com.br\/agazeta\/wp-json\/wp\/v2\/types\/post"}],"author":[{"embeddable":true,"href":"https:\/\/nk7-testes.com.br\/agazeta\/wp-json\/wp\/v2\/users\/4"}],"replies":[{"embeddable":true,"href":"https:\/\/nk7-testes.com.br\/agazeta\/wp-json\/wp\/v2\/comments?post=26635"}],"version-history":[{"count":0,"href":"https:\/\/nk7-testes.com.br\/agazeta\/wp-json\/wp\/v2\/posts\/26635\/revisions"}],"wp:featuredmedia":[{"embeddable":true,"href":"https:\/\/nk7-testes.com.br\/agazeta\/wp-json\/wp\/v2\/media\/26634"}],"wp:attachment":[{"href":"https:\/\/nk7-testes.com.br\/agazeta\/wp-json\/wp\/v2\/media?parent=26635"}],"wp:term":[{"taxonomy":"category","embeddable":true,"href":"https:\/\/nk7-testes.com.br\/agazeta\/wp-json\/wp\/v2\/categories?post=26635"},{"taxonomy":"post_tag","embeddable":true,"href":"https:\/\/nk7-testes.com.br\/agazeta\/wp-json\/wp\/v2\/tags?post=26635"}],"curies":[{"name":"wp","href":"https:\/\/api.w.org\/{rel}","templated":true}]}}