{"id":26629,"date":"2016-11-29T11:50:22","date_gmt":"2016-11-29T11:50:22","guid":{"rendered":"https:\/\/abarevegan.com.br\/index.php\/2016\/11\/29\/acriano-marcio-bestene-esta-entre-as-vitimas\/"},"modified":"2016-11-29T11:50:22","modified_gmt":"2016-11-29T11:50:22","slug":"acriano-marcio-bestene-esta-entre-as-vitimas","status":"publish","type":"post","link":"https:\/\/nk7-testes.com.br\/agazeta\/acriano-marcio-bestene-esta-entre-as-vitimas\/","title":{"rendered":"Acriano M\u00e1rcio Bestene est\u00e1 entre as v\u00edtimas na Col\u00f4mbia"},"content":{"rendered":"<p style=\"text-align: justify;\">Da Engenharia El\u00e9trica \u00e0 Medicina Esportiva<\/p>\n<p style=\"text-align: justify;\">\u201cO senhor vai ver, tio, um dia eu vou ser m\u00e9dico da Sele\u00e7\u00e3o Brasileira de Futebol\u201d. Foi dessa forma que o tio de M\u00e1rcio Bestene Koury, o articulador pol\u00edtico Jos\u00e9 Bestene, se referiu ao sobrinho ao lembrar de sua trajet\u00f3ria como profissional da Medicina Esportiva.<\/p>\n<p style=\"text-align: justify;\">Muito abalado, falou com a equipe da produ\u00e7\u00e3o da TV Gazeta por telefone, mas n\u00e3o quis se pronunciar na televis\u00e3o. \u201cEstamos todos muito abalados com toda a situa\u00e7\u00e3o\u201d. A m\u00e3e de M\u00e1rcio Bestene, Nabiha Bestene, est\u00e1 em tratamento de sa\u00fade em Goi\u00e2nia e a irm\u00e3, Karen Bestene mora em Portugal.&nbsp;A fam\u00edlia ainda n\u00e3o sabe ao certo quais provid\u00eancias ser\u00e3o tomadas na pr\u00e1tica. A irm\u00e3 de M\u00e1rcio, Karen Bestene j\u00e1 foi informada e est\u00e1 vindo ao Brasil.<\/p>\n<p style=\"text-align: justify;\"><strong>De engenheiro a m\u00e9dico_<\/strong> M\u00e1rcio Bestene tinha forma\u00e7\u00e3o acad\u00eamica em Engenharia El\u00e9trica pela Universidade Federal do Par\u00e1. Concluiu o curso ainda nos anos 90. Retornou ao Acre no in\u00edcio dos anos 2000 quando decidiu dar uma guinada.<\/p>\n<p style=\"text-align: justify;\">Passou das Ci\u00eancias Exatas para as Biol\u00f3gicas. Nessa decis\u00e3o, come\u00e7a uma longa trajet\u00f3ria, interrompida pela trag\u00e9dia desta madrugada na Col\u00f4mbia. M\u00e1rcio Bestene resolve fazer Medicina na Ufac. Foi um dos pioneiros do curso na institui\u00e7\u00e3o.<\/p>\n<p style=\"text-align: justify;\">Apaixonado por futebol, M\u00e1rcio era um flamenguista incorrig\u00edvel. Foi trabalhar no interior de Santa Catarina, na cidade de Chapec\u00f3. Comunicativo por natureza, compor a equipe do ainda t\u00edmido grupo do time da Chapecoense foi r\u00e1pido.<\/p>\n<p style=\"text-align: justify;\">Tinha uma meta: queria se dedicar \u00e0 Medicina Esportiva e integrar o seleto grupo de m\u00e9dicos da Sele\u00e7\u00e3o Brasileira. A disputa da Copa Sulamericana era parte de um processo a ser vencido por M\u00e1rcio. N\u00e3o foi poss\u00edvel. Al\u00e9m dos amigos, choram a esposa e duas filhas.<\/p>\n<p style=\"text-align: justify;\">{youtube}SxqdtQTYTac&amp;feature=youtu.be{\/youtube}<\/p>\n","protected":false},"excerpt":{"rendered":"<p style=\"text-align: justify;\">Da Engenharia El\u00e9trica \u00e0 Medicina Esportiva<\/p>\n","protected":false},"author":4,"featured_media":26628,"comment_status":"open","ping_status":"open","sticky":false,"template":"","format":"standard","meta":{"jnews-multi-image_gallery":[],"jnews_single_post":[],"jnews_primary_category":[],"jnews_social_meta":[],"jnews_review":[],"enable_review":"","type":"","name":"","summary":"","brand":"","sku":"","good":[],"bad":[],"score_override":"","override_value":"","rating":[],"price":[],"footnotes":""},"categories":[54],"tags":[],"class_list":["post-26629","post","type-post","status-publish","format-standard","has-post-thumbnail","hentry","category-cotidiano"],"yoast_head":"<!-- This site is optimized with the Yoast SEO plugin v26.5 - https:\/\/yoast.com\/wordpress\/plugins\/seo\/ -->\n<title>Acriano M\u00e1rcio Bestene est\u00e1 entre as v\u00edtimas na Col\u00f4mbia - Agazeta.net<\/title>\n<meta name=\"robots\" content=\"index, follow, max-snippet:-1, max-image-preview:large, max-video-preview:-1\" \/>\n<link rel=\"canonical\" href=\"https:\/\/nk7-testes.com.br\/agazeta\/acriano-marcio-bestene-esta-entre-as-vitimas\/\" \/>\n<meta property=\"og:locale\" content=\"pt_BR\" \/>\n<meta property=\"og:type\" content=\"article\" \/>\n<meta property=\"og:title\" content=\"Acriano M\u00e1rcio Bestene est\u00e1 entre as v\u00edtimas na Col\u00f4mbia - Agazeta.net\" \/>\n<meta property=\"og:description\" content=\"Da Engenharia El\u00e9trica \u00e0 Medicina Esportiva\" \/>\n<meta property=\"og:url\" content=\"https:\/\/nk7-testes.com.br\/agazeta\/acriano-marcio-bestene-esta-entre-as-vitimas\/\" \/>\n<meta property=\"og:site_name\" content=\"Agazeta.net\" \/>\n<meta property=\"article:published_time\" content=\"2016-11-29T11:50:22+00:00\" \/>\n<meta property=\"og:image\" content=\"https:\/\/nk7-testes.com.br\/agazeta\/wp-content\/uploads\/2016\/11\/291116-cotidiano-marciobestene-pessoal.jpg\" \/>\n\t<meta property=\"og:image:width\" content=\"458\" \/>\n\t<meta property=\"og:image:height\" content=\"340\" \/>\n\t<meta property=\"og:image:type\" content=\"image\/jpeg\" \/>\n<meta name=\"author\" content=\"Agazeta.Net\" \/>\n<meta name=\"twitter:card\" content=\"summary_large_image\" \/>\n<meta name=\"twitter:label1\" content=\"Escrito por\" \/>\n\t<meta name=\"twitter:data1\" content=\"Agazeta.Net\" \/>\n\t<meta name=\"twitter:label2\" content=\"Est. tempo de leitura\" \/>\n\t<meta name=\"twitter:data2\" content=\"2 minutos\" \/>\n<script type=\"application\/ld+json\" class=\"yoast-schema-graph\">{\"@context\":\"https:\/\/schema.org\",\"@graph\":[{\"@type\":\"WebPage\",\"@id\":\"https:\/\/nk7-testes.com.br\/agazeta\/acriano-marcio-bestene-esta-entre-as-vitimas\/\",\"url\":\"https:\/\/nk7-testes.com.br\/agazeta\/acriano-marcio-bestene-esta-entre-as-vitimas\/\",\"name\":\"Acriano M\u00e1rcio Bestene est\u00e1 entre as v\u00edtimas na Col\u00f4mbia - Agazeta.net\",\"isPartOf\":{\"@id\":\"https:\/\/nk7-testes.com.br\/agazeta\/#website\"},\"primaryImageOfPage\":{\"@id\":\"https:\/\/nk7-testes.com.br\/agazeta\/acriano-marcio-bestene-esta-entre-as-vitimas\/#primaryimage\"},\"image\":{\"@id\":\"https:\/\/nk7-testes.com.br\/agazeta\/acriano-marcio-bestene-esta-entre-as-vitimas\/#primaryimage\"},\"thumbnailUrl\":\"https:\/\/nk7-testes.com.br\/agazeta\/wp-content\/uploads\/2016\/11\/291116-cotidiano-marciobestene-pessoal.jpg\",\"datePublished\":\"2016-11-29T11:50:22+00:00\",\"author\":{\"@id\":\"https:\/\/nk7-testes.com.br\/agazeta\/#\/schema\/person\/ff6b39d54d6973bfc57f4140f659b23f\"},\"breadcrumb\":{\"@id\":\"https:\/\/nk7-testes.com.br\/agazeta\/acriano-marcio-bestene-esta-entre-as-vitimas\/#breadcrumb\"},\"inLanguage\":\"pt-BR\",\"potentialAction\":[{\"@type\":\"ReadAction\",\"target\":[\"https:\/\/nk7-testes.com.br\/agazeta\/acriano-marcio-bestene-esta-entre-as-vitimas\/\"]}]},{\"@type\":\"ImageObject\",\"inLanguage\":\"pt-BR\",\"@id\":\"https:\/\/nk7-testes.com.br\/agazeta\/acriano-marcio-bestene-esta-entre-as-vitimas\/#primaryimage\",\"url\":\"https:\/\/nk7-testes.com.br\/agazeta\/wp-content\/uploads\/2016\/11\/291116-cotidiano-marciobestene-pessoal.jpg\",\"contentUrl\":\"https:\/\/nk7-testes.com.br\/agazeta\/wp-content\/uploads\/2016\/11\/291116-cotidiano-marciobestene-pessoal.jpg\",\"width\":458,\"height\":340,\"caption\":\"291116-cotidiano-marciobestene-pessoal\"},{\"@type\":\"BreadcrumbList\",\"@id\":\"https:\/\/nk7-testes.com.br\/agazeta\/acriano-marcio-bestene-esta-entre-as-vitimas\/#breadcrumb\",\"itemListElement\":[{\"@type\":\"ListItem\",\"position\":1,\"name\":\"In\u00edcio\",\"item\":\"https:\/\/nk7-testes.com.br\/agazeta\/\"},{\"@type\":\"ListItem\",\"position\":2,\"name\":\"Acriano M\u00e1rcio Bestene est\u00e1 entre as v\u00edtimas na Col\u00f4mbia\"}]},{\"@type\":\"WebSite\",\"@id\":\"https:\/\/nk7-testes.com.br\/agazeta\/#website\",\"url\":\"https:\/\/nk7-testes.com.br\/agazeta\/\",\"name\":\"Agazeta.net\",\"description\":\"Agazeta.net - Not\u00edcias de Rio Branco\/AC\",\"potentialAction\":[{\"@type\":\"SearchAction\",\"target\":{\"@type\":\"EntryPoint\",\"urlTemplate\":\"https:\/\/nk7-testes.com.br\/agazeta\/?s={search_term_string}\"},\"query-input\":{\"@type\":\"PropertyValueSpecification\",\"valueRequired\":true,\"valueName\":\"search_term_string\"}}],\"inLanguage\":\"pt-BR\"},{\"@type\":\"Person\",\"@id\":\"https:\/\/nk7-testes.com.br\/agazeta\/#\/schema\/person\/ff6b39d54d6973bfc57f4140f659b23f\",\"name\":\"Agazeta.Net\",\"url\":\"https:\/\/nk7-testes.com.br\/agazeta\/author\/agazeta\/\"}]}<\/script>\n<!-- \/ Yoast SEO plugin. -->","yoast_head_json":{"title":"Acriano M\u00e1rcio Bestene est\u00e1 entre as v\u00edtimas na Col\u00f4mbia - Agazeta.net","robots":{"index":"index","follow":"follow","max-snippet":"max-snippet:-1","max-image-preview":"max-image-preview:large","max-video-preview":"max-video-preview:-1"},"canonical":"https:\/\/nk7-testes.com.br\/agazeta\/acriano-marcio-bestene-esta-entre-as-vitimas\/","og_locale":"pt_BR","og_type":"article","og_title":"Acriano M\u00e1rcio Bestene est\u00e1 entre as v\u00edtimas na Col\u00f4mbia - Agazeta.net","og_description":"Da Engenharia El\u00e9trica \u00e0 Medicina Esportiva","og_url":"https:\/\/nk7-testes.com.br\/agazeta\/acriano-marcio-bestene-esta-entre-as-vitimas\/","og_site_name":"Agazeta.net","article_published_time":"2016-11-29T11:50:22+00:00","og_image":[{"width":458,"height":340,"url":"https:\/\/nk7-testes.com.br\/agazeta\/wp-content\/uploads\/2016\/11\/291116-cotidiano-marciobestene-pessoal.jpg","type":"image\/jpeg"}],"author":"Agazeta.Net","twitter_card":"summary_large_image","twitter_misc":{"Escrito por":"Agazeta.Net","Est. tempo de leitura":"2 minutos"},"schema":{"@context":"https:\/\/schema.org","@graph":[{"@type":"WebPage","@id":"https:\/\/nk7-testes.com.br\/agazeta\/acriano-marcio-bestene-esta-entre-as-vitimas\/","url":"https:\/\/nk7-testes.com.br\/agazeta\/acriano-marcio-bestene-esta-entre-as-vitimas\/","name":"Acriano M\u00e1rcio Bestene est\u00e1 entre as v\u00edtimas na Col\u00f4mbia - Agazeta.net","isPartOf":{"@id":"https:\/\/nk7-testes.com.br\/agazeta\/#website"},"primaryImageOfPage":{"@id":"https:\/\/nk7-testes.com.br\/agazeta\/acriano-marcio-bestene-esta-entre-as-vitimas\/#primaryimage"},"image":{"@id":"https:\/\/nk7-testes.com.br\/agazeta\/acriano-marcio-bestene-esta-entre-as-vitimas\/#primaryimage"},"thumbnailUrl":"https:\/\/nk7-testes.com.br\/agazeta\/wp-content\/uploads\/2016\/11\/291116-cotidiano-marciobestene-pessoal.jpg","datePublished":"2016-11-29T11:50:22+00:00","author":{"@id":"https:\/\/nk7-testes.com.br\/agazeta\/#\/schema\/person\/ff6b39d54d6973bfc57f4140f659b23f"},"breadcrumb":{"@id":"https:\/\/nk7-testes.com.br\/agazeta\/acriano-marcio-bestene-esta-entre-as-vitimas\/#breadcrumb"},"inLanguage":"pt-BR","potentialAction":[{"@type":"ReadAction","target":["https:\/\/nk7-testes.com.br\/agazeta\/acriano-marcio-bestene-esta-entre-as-vitimas\/"]}]},{"@type":"ImageObject","inLanguage":"pt-BR","@id":"https:\/\/nk7-testes.com.br\/agazeta\/acriano-marcio-bestene-esta-entre-as-vitimas\/#primaryimage","url":"https:\/\/nk7-testes.com.br\/agazeta\/wp-content\/uploads\/2016\/11\/291116-cotidiano-marciobestene-pessoal.jpg","contentUrl":"https:\/\/nk7-testes.com.br\/agazeta\/wp-content\/uploads\/2016\/11\/291116-cotidiano-marciobestene-pessoal.jpg","width":458,"height":340,"caption":"291116-cotidiano-marciobestene-pessoal"},{"@type":"BreadcrumbList","@id":"https:\/\/nk7-testes.com.br\/agazeta\/acriano-marcio-bestene-esta-entre-as-vitimas\/#breadcrumb","itemListElement":[{"@type":"ListItem","position":1,"name":"In\u00edcio","item":"https:\/\/nk7-testes.com.br\/agazeta\/"},{"@type":"ListItem","position":2,"name":"Acriano M\u00e1rcio Bestene est\u00e1 entre as v\u00edtimas na Col\u00f4mbia"}]},{"@type":"WebSite","@id":"https:\/\/nk7-testes.com.br\/agazeta\/#website","url":"https:\/\/nk7-testes.com.br\/agazeta\/","name":"Agazeta.net","description":"Agazeta.net - Not\u00edcias de Rio Branco\/AC","potentialAction":[{"@type":"SearchAction","target":{"@type":"EntryPoint","urlTemplate":"https:\/\/nk7-testes.com.br\/agazeta\/?s={search_term_string}"},"query-input":{"@type":"PropertyValueSpecification","valueRequired":true,"valueName":"search_term_string"}}],"inLanguage":"pt-BR"},{"@type":"Person","@id":"https:\/\/nk7-testes.com.br\/agazeta\/#\/schema\/person\/ff6b39d54d6973bfc57f4140f659b23f","name":"Agazeta.Net","url":"https:\/\/nk7-testes.com.br\/agazeta\/author\/agazeta\/"}]}},"_links":{"self":[{"href":"https:\/\/nk7-testes.com.br\/agazeta\/wp-json\/wp\/v2\/posts\/26629","targetHints":{"allow":["GET"]}}],"collection":[{"href":"https:\/\/nk7-testes.com.br\/agazeta\/wp-json\/wp\/v2\/posts"}],"about":[{"href":"https:\/\/nk7-testes.com.br\/agazeta\/wp-json\/wp\/v2\/types\/post"}],"author":[{"embeddable":true,"href":"https:\/\/nk7-testes.com.br\/agazeta\/wp-json\/wp\/v2\/users\/4"}],"replies":[{"embeddable":true,"href":"https:\/\/nk7-testes.com.br\/agazeta\/wp-json\/wp\/v2\/comments?post=26629"}],"version-history":[{"count":0,"href":"https:\/\/nk7-testes.com.br\/agazeta\/wp-json\/wp\/v2\/posts\/26629\/revisions"}],"wp:featuredmedia":[{"embeddable":true,"href":"https:\/\/nk7-testes.com.br\/agazeta\/wp-json\/wp\/v2\/media\/26628"}],"wp:attachment":[{"href":"https:\/\/nk7-testes.com.br\/agazeta\/wp-json\/wp\/v2\/media?parent=26629"}],"wp:term":[{"taxonomy":"category","embeddable":true,"href":"https:\/\/nk7-testes.com.br\/agazeta\/wp-json\/wp\/v2\/categories?post=26629"},{"taxonomy":"post_tag","embeddable":true,"href":"https:\/\/nk7-testes.com.br\/agazeta\/wp-json\/wp\/v2\/tags?post=26629"}],"curies":[{"name":"wp","href":"https:\/\/api.w.org\/{rel}","templated":true}]}}