{"id":26624,"date":"2016-11-28T22:02:09","date_gmt":"2016-11-28T22:02:09","guid":{"rendered":"https:\/\/abarevegan.com.br\/index.php\/2016\/11\/28\/economia-da-ufac-constata-reducao-do-preco-da-gasolina\/"},"modified":"2016-11-28T22:02:09","modified_gmt":"2016-11-28T22:02:09","slug":"economia-da-ufac-constata-reducao-do-preco-da-gasolina","status":"publish","type":"post","link":"https:\/\/nk7-testes.com.br\/agazeta\/economia-da-ufac-constata-reducao-do-preco-da-gasolina\/","title":{"rendered":"Economia da Ufac constata redu\u00e7\u00e3o do pre\u00e7o da gasolina"},"content":{"rendered":"<p style=\"text-align: justify;\">Diminui\u00e7\u00e3o foi de R$ 0,02 o litro: sem efeito ao consumidor<\/p>\n<p style=\"text-align: justify;\">Um grupo de estudantes do curso de economia da Universidade Federal do Acre (Ufac) observou que houve uma redu\u00e7\u00e3o do pre\u00e7o da gasolina comum em alguns postos de Rio Branco. A pesquisa faz parte dos levantamentos realizados pelo Programa de Educa\u00e7\u00e3o Tutorial Ci\u00eancias Econ\u00f4micas (Pet-Economia) da Ufac.<\/p>\n<p style=\"text-align: justify;\">O tutor do grupo, o professor de economia Rubicleis Gomes da Silva, atribui essa pequena redu\u00e7\u00e3o ao reflexo das duas \u00faltimas redu\u00e7\u00f5es repassadas pela Petrobras \u00e0s refinarias. \u201cS\u00e3o apenas 2 centavos e somente na gasolina comum. N\u00e3o \u00e9 nada demais. Pelo contr\u00e1rio, poderia at\u00e9 ser maior\u201d.<\/p>\n<p style=\"text-align: justify;\">Rubicleis falou ainda que, al\u00e9m de a redu\u00e7\u00e3o ser muito baixa, foi observada apenas em alguns postos e n\u00e3o trar\u00e1 muitos benef\u00edcios ao consumidor. \u201c\u00c9 algo inserv\u00edvel ao consumidor, n\u00e3o tr\u00e1s muitos benef\u00edcios. (&#8230;) A Petrobras quando reduz \u00e0 refinaria, os postos jamais repassam a redu\u00e7\u00e3o integral ao consumidor final\u201d.<\/p>\n","protected":false},"excerpt":{"rendered":"<p style=\"text-align: justify;\">Diminui\u00e7\u00e3o foi de R$ 0,02 o litro: sem efeito ao consumidor<\/p>\n","protected":false},"author":4,"featured_media":13467,"comment_status":"open","ping_status":"open","sticky":false,"template":"","format":"standard","meta":{"jnews-multi-image_gallery":[],"jnews_single_post":[],"jnews_primary_category":[],"jnews_social_meta":[],"jnews_review":[],"enable_review":"","type":"","name":"","summary":"","brand":"","sku":"","good":[],"bad":[],"score_override":"","override_value":"","rating":[],"price":[],"footnotes":""},"categories":[54],"tags":[],"class_list":["post-26624","post","type-post","status-publish","format-standard","has-post-thumbnail","hentry","category-cotidiano"],"yoast_head":"<!-- This site is optimized with the Yoast SEO plugin v26.5 - https:\/\/yoast.com\/wordpress\/plugins\/seo\/ -->\n<title>Economia da Ufac constata redu\u00e7\u00e3o do pre\u00e7o da gasolina - Agazeta.net<\/title>\n<meta name=\"robots\" content=\"index, follow, max-snippet:-1, max-image-preview:large, max-video-preview:-1\" \/>\n<link rel=\"canonical\" href=\"https:\/\/nk7-testes.com.br\/agazeta\/economia-da-ufac-constata-reducao-do-preco-da-gasolina\/\" \/>\n<meta property=\"og:locale\" content=\"pt_BR\" \/>\n<meta property=\"og:type\" content=\"article\" \/>\n<meta property=\"og:title\" content=\"Economia da Ufac constata redu\u00e7\u00e3o do pre\u00e7o da gasolina - Agazeta.net\" \/>\n<meta property=\"og:description\" content=\"Diminui\u00e7\u00e3o foi de R$ 0,02 o litro: sem efeito ao consumidor\" \/>\n<meta property=\"og:url\" content=\"https:\/\/nk7-testes.com.br\/agazeta\/economia-da-ufac-constata-reducao-do-preco-da-gasolina\/\" \/>\n<meta property=\"og:site_name\" content=\"Agazeta.net\" \/>\n<meta property=\"article:published_time\" content=\"2016-11-28T22:02:09+00:00\" \/>\n<meta property=\"og:image\" content=\"https:\/\/nk7-testes.com.br\/agazeta\/wp-content\/uploads\/2015\/02\/180215-cotidiano-gasolinaaumento-tvgazeta.jpg\" \/>\n\t<meta property=\"og:image:width\" content=\"458\" \/>\n\t<meta property=\"og:image:height\" content=\"340\" \/>\n\t<meta property=\"og:image:type\" content=\"image\/jpeg\" \/>\n<meta name=\"author\" content=\"Agazeta.Net\" \/>\n<meta name=\"twitter:card\" content=\"summary_large_image\" \/>\n<meta name=\"twitter:label1\" content=\"Escrito por\" \/>\n\t<meta name=\"twitter:data1\" content=\"Agazeta.Net\" \/>\n\t<meta name=\"twitter:label2\" content=\"Est. tempo de leitura\" \/>\n\t<meta name=\"twitter:data2\" content=\"1 minuto\" \/>\n<script type=\"application\/ld+json\" class=\"yoast-schema-graph\">{\"@context\":\"https:\/\/schema.org\",\"@graph\":[{\"@type\":\"WebPage\",\"@id\":\"https:\/\/nk7-testes.com.br\/agazeta\/economia-da-ufac-constata-reducao-do-preco-da-gasolina\/\",\"url\":\"https:\/\/nk7-testes.com.br\/agazeta\/economia-da-ufac-constata-reducao-do-preco-da-gasolina\/\",\"name\":\"Economia da Ufac constata redu\u00e7\u00e3o do pre\u00e7o da gasolina - Agazeta.net\",\"isPartOf\":{\"@id\":\"https:\/\/nk7-testes.com.br\/agazeta\/#website\"},\"primaryImageOfPage\":{\"@id\":\"https:\/\/nk7-testes.com.br\/agazeta\/economia-da-ufac-constata-reducao-do-preco-da-gasolina\/#primaryimage\"},\"image\":{\"@id\":\"https:\/\/nk7-testes.com.br\/agazeta\/economia-da-ufac-constata-reducao-do-preco-da-gasolina\/#primaryimage\"},\"thumbnailUrl\":\"https:\/\/nk7-testes.com.br\/agazeta\/wp-content\/uploads\/2015\/02\/180215-cotidiano-gasolinaaumento-tvgazeta.jpg\",\"datePublished\":\"2016-11-28T22:02:09+00:00\",\"author\":{\"@id\":\"https:\/\/nk7-testes.com.br\/agazeta\/#\/schema\/person\/ff6b39d54d6973bfc57f4140f659b23f\"},\"breadcrumb\":{\"@id\":\"https:\/\/nk7-testes.com.br\/agazeta\/economia-da-ufac-constata-reducao-do-preco-da-gasolina\/#breadcrumb\"},\"inLanguage\":\"pt-BR\",\"potentialAction\":[{\"@type\":\"ReadAction\",\"target\":[\"https:\/\/nk7-testes.com.br\/agazeta\/economia-da-ufac-constata-reducao-do-preco-da-gasolina\/\"]}]},{\"@type\":\"ImageObject\",\"inLanguage\":\"pt-BR\",\"@id\":\"https:\/\/nk7-testes.com.br\/agazeta\/economia-da-ufac-constata-reducao-do-preco-da-gasolina\/#primaryimage\",\"url\":\"https:\/\/nk7-testes.com.br\/agazeta\/wp-content\/uploads\/2015\/02\/180215-cotidiano-gasolinaaumento-tvgazeta.jpg\",\"contentUrl\":\"https:\/\/nk7-testes.com.br\/agazeta\/wp-content\/uploads\/2015\/02\/180215-cotidiano-gasolinaaumento-tvgazeta.jpg\",\"width\":458,\"height\":340,\"caption\":\"180215-cotidiano-gasolinaaumento-tvgazeta\"},{\"@type\":\"BreadcrumbList\",\"@id\":\"https:\/\/nk7-testes.com.br\/agazeta\/economia-da-ufac-constata-reducao-do-preco-da-gasolina\/#breadcrumb\",\"itemListElement\":[{\"@type\":\"ListItem\",\"position\":1,\"name\":\"In\u00edcio\",\"item\":\"https:\/\/nk7-testes.com.br\/agazeta\/\"},{\"@type\":\"ListItem\",\"position\":2,\"name\":\"Economia da Ufac constata redu\u00e7\u00e3o do pre\u00e7o da gasolina\"}]},{\"@type\":\"WebSite\",\"@id\":\"https:\/\/nk7-testes.com.br\/agazeta\/#website\",\"url\":\"https:\/\/nk7-testes.com.br\/agazeta\/\",\"name\":\"Agazeta.net\",\"description\":\"Agazeta.net - Not\u00edcias de Rio Branco\/AC\",\"potentialAction\":[{\"@type\":\"SearchAction\",\"target\":{\"@type\":\"EntryPoint\",\"urlTemplate\":\"https:\/\/nk7-testes.com.br\/agazeta\/?s={search_term_string}\"},\"query-input\":{\"@type\":\"PropertyValueSpecification\",\"valueRequired\":true,\"valueName\":\"search_term_string\"}}],\"inLanguage\":\"pt-BR\"},{\"@type\":\"Person\",\"@id\":\"https:\/\/nk7-testes.com.br\/agazeta\/#\/schema\/person\/ff6b39d54d6973bfc57f4140f659b23f\",\"name\":\"Agazeta.Net\",\"url\":\"https:\/\/nk7-testes.com.br\/agazeta\/author\/agazeta\/\"}]}<\/script>\n<!-- \/ Yoast SEO plugin. -->","yoast_head_json":{"title":"Economia da Ufac constata redu\u00e7\u00e3o do pre\u00e7o da gasolina - Agazeta.net","robots":{"index":"index","follow":"follow","max-snippet":"max-snippet:-1","max-image-preview":"max-image-preview:large","max-video-preview":"max-video-preview:-1"},"canonical":"https:\/\/nk7-testes.com.br\/agazeta\/economia-da-ufac-constata-reducao-do-preco-da-gasolina\/","og_locale":"pt_BR","og_type":"article","og_title":"Economia da Ufac constata redu\u00e7\u00e3o do pre\u00e7o da gasolina - Agazeta.net","og_description":"Diminui\u00e7\u00e3o foi de R$ 0,02 o litro: sem efeito ao consumidor","og_url":"https:\/\/nk7-testes.com.br\/agazeta\/economia-da-ufac-constata-reducao-do-preco-da-gasolina\/","og_site_name":"Agazeta.net","article_published_time":"2016-11-28T22:02:09+00:00","og_image":[{"width":458,"height":340,"url":"https:\/\/nk7-testes.com.br\/agazeta\/wp-content\/uploads\/2015\/02\/180215-cotidiano-gasolinaaumento-tvgazeta.jpg","type":"image\/jpeg"}],"author":"Agazeta.Net","twitter_card":"summary_large_image","twitter_misc":{"Escrito por":"Agazeta.Net","Est. tempo de leitura":"1 minuto"},"schema":{"@context":"https:\/\/schema.org","@graph":[{"@type":"WebPage","@id":"https:\/\/nk7-testes.com.br\/agazeta\/economia-da-ufac-constata-reducao-do-preco-da-gasolina\/","url":"https:\/\/nk7-testes.com.br\/agazeta\/economia-da-ufac-constata-reducao-do-preco-da-gasolina\/","name":"Economia da Ufac constata redu\u00e7\u00e3o do pre\u00e7o da gasolina - Agazeta.net","isPartOf":{"@id":"https:\/\/nk7-testes.com.br\/agazeta\/#website"},"primaryImageOfPage":{"@id":"https:\/\/nk7-testes.com.br\/agazeta\/economia-da-ufac-constata-reducao-do-preco-da-gasolina\/#primaryimage"},"image":{"@id":"https:\/\/nk7-testes.com.br\/agazeta\/economia-da-ufac-constata-reducao-do-preco-da-gasolina\/#primaryimage"},"thumbnailUrl":"https:\/\/nk7-testes.com.br\/agazeta\/wp-content\/uploads\/2015\/02\/180215-cotidiano-gasolinaaumento-tvgazeta.jpg","datePublished":"2016-11-28T22:02:09+00:00","author":{"@id":"https:\/\/nk7-testes.com.br\/agazeta\/#\/schema\/person\/ff6b39d54d6973bfc57f4140f659b23f"},"breadcrumb":{"@id":"https:\/\/nk7-testes.com.br\/agazeta\/economia-da-ufac-constata-reducao-do-preco-da-gasolina\/#breadcrumb"},"inLanguage":"pt-BR","potentialAction":[{"@type":"ReadAction","target":["https:\/\/nk7-testes.com.br\/agazeta\/economia-da-ufac-constata-reducao-do-preco-da-gasolina\/"]}]},{"@type":"ImageObject","inLanguage":"pt-BR","@id":"https:\/\/nk7-testes.com.br\/agazeta\/economia-da-ufac-constata-reducao-do-preco-da-gasolina\/#primaryimage","url":"https:\/\/nk7-testes.com.br\/agazeta\/wp-content\/uploads\/2015\/02\/180215-cotidiano-gasolinaaumento-tvgazeta.jpg","contentUrl":"https:\/\/nk7-testes.com.br\/agazeta\/wp-content\/uploads\/2015\/02\/180215-cotidiano-gasolinaaumento-tvgazeta.jpg","width":458,"height":340,"caption":"180215-cotidiano-gasolinaaumento-tvgazeta"},{"@type":"BreadcrumbList","@id":"https:\/\/nk7-testes.com.br\/agazeta\/economia-da-ufac-constata-reducao-do-preco-da-gasolina\/#breadcrumb","itemListElement":[{"@type":"ListItem","position":1,"name":"In\u00edcio","item":"https:\/\/nk7-testes.com.br\/agazeta\/"},{"@type":"ListItem","position":2,"name":"Economia da Ufac constata redu\u00e7\u00e3o do pre\u00e7o da gasolina"}]},{"@type":"WebSite","@id":"https:\/\/nk7-testes.com.br\/agazeta\/#website","url":"https:\/\/nk7-testes.com.br\/agazeta\/","name":"Agazeta.net","description":"Agazeta.net - Not\u00edcias de Rio Branco\/AC","potentialAction":[{"@type":"SearchAction","target":{"@type":"EntryPoint","urlTemplate":"https:\/\/nk7-testes.com.br\/agazeta\/?s={search_term_string}"},"query-input":{"@type":"PropertyValueSpecification","valueRequired":true,"valueName":"search_term_string"}}],"inLanguage":"pt-BR"},{"@type":"Person","@id":"https:\/\/nk7-testes.com.br\/agazeta\/#\/schema\/person\/ff6b39d54d6973bfc57f4140f659b23f","name":"Agazeta.Net","url":"https:\/\/nk7-testes.com.br\/agazeta\/author\/agazeta\/"}]}},"_links":{"self":[{"href":"https:\/\/nk7-testes.com.br\/agazeta\/wp-json\/wp\/v2\/posts\/26624","targetHints":{"allow":["GET"]}}],"collection":[{"href":"https:\/\/nk7-testes.com.br\/agazeta\/wp-json\/wp\/v2\/posts"}],"about":[{"href":"https:\/\/nk7-testes.com.br\/agazeta\/wp-json\/wp\/v2\/types\/post"}],"author":[{"embeddable":true,"href":"https:\/\/nk7-testes.com.br\/agazeta\/wp-json\/wp\/v2\/users\/4"}],"replies":[{"embeddable":true,"href":"https:\/\/nk7-testes.com.br\/agazeta\/wp-json\/wp\/v2\/comments?post=26624"}],"version-history":[{"count":0,"href":"https:\/\/nk7-testes.com.br\/agazeta\/wp-json\/wp\/v2\/posts\/26624\/revisions"}],"wp:featuredmedia":[{"embeddable":true,"href":"https:\/\/nk7-testes.com.br\/agazeta\/wp-json\/wp\/v2\/media\/13467"}],"wp:attachment":[{"href":"https:\/\/nk7-testes.com.br\/agazeta\/wp-json\/wp\/v2\/media?parent=26624"}],"wp:term":[{"taxonomy":"category","embeddable":true,"href":"https:\/\/nk7-testes.com.br\/agazeta\/wp-json\/wp\/v2\/categories?post=26624"},{"taxonomy":"post_tag","embeddable":true,"href":"https:\/\/nk7-testes.com.br\/agazeta\/wp-json\/wp\/v2\/tags?post=26624"}],"curies":[{"name":"wp","href":"https:\/\/api.w.org\/{rel}","templated":true}]}}