{"id":26609,"date":"2016-11-28T12:45:12","date_gmt":"2016-11-28T12:45:12","guid":{"rendered":"https:\/\/abarevegan.com.br\/index.php\/2016\/11\/28\/policiais-do-3-batalhao-recuperam-moto-roubada\/"},"modified":"2016-11-28T12:45:12","modified_gmt":"2016-11-28T12:45:12","slug":"policiais-do-3-batalhao-recuperam-moto-roubada","status":"publish","type":"post","link":"https:\/\/nk7-testes.com.br\/agazeta\/policiais-do-3-batalhao-recuperam-moto-roubada\/","title":{"rendered":"Policiais do 3\u00ba Batalh\u00e3o recuperam moto roubada"},"content":{"rendered":"<p style=\"text-align: justify;\">Ve\u00edculo estava em casa no bairro Pl\u00e1cido de Castro<\/p>\n<p style=\"text-align: justify;\">Policiais do 3\u00ba Batalh\u00e3o recuperaram, no in\u00edcio da noite de s\u00e1bado (26), uma moto que teria sido roubada durante a tarde. Os policiais receberam uma denuncia an\u00f4nima de que, em uma casa no bairro Pl\u00e1cido de Castro, teria uma moto roubada dentro do quintal de uma casa.<\/p>\n<p style=\"text-align: justify;\">Os policiais foram at\u00e9 o local e, ao chegar, encontraram uma moto Bros (de placa GLX 7202). Ao realiza uma pesquisa, os policiais descobriram que a moto, de fato, seria produto de roubo.<\/p>\n<p style=\"text-align: justify;\">A moto foi levada para a delegacia Central de Flagrantes. Na delegacia, o dono da moto contou aos policias como teria acontecido o roubo: estava andando junto com a esposa, gr\u00e1vida de oito meses pela rua Ari Rodrigues, no bairro Aeroporto Velho.<\/p>\n<p style=\"text-align: justify;\">Quando dois homens em uma outra moto fecharam e mandaram que ele junto com a esposa sa\u00edsse da moto. Segundo a v\u00edtima, os homens estavam armados ent\u00e3o ele teria entregado a moto e os bandidos sa\u00edram em fuga.<\/p>\n","protected":false},"excerpt":{"rendered":"<p style=\"text-align: justify;\">Ve\u00edculo estava em casa no bairro Pl\u00e1cido de Castro<\/p>\n","protected":false},"author":4,"featured_media":26608,"comment_status":"open","ping_status":"open","sticky":false,"template":"","format":"standard","meta":{"jnews-multi-image_gallery":[],"jnews_single_post":[],"jnews_primary_category":[],"jnews_social_meta":[],"jnews_review":[],"enable_review":"","type":"","name":"","summary":"","brand":"","sku":"","good":[],"bad":[],"score_override":"","override_value":"","rating":[],"price":[],"footnotes":""},"categories":[44],"tags":[],"class_list":["post-26609","post","type-post","status-publish","format-standard","has-post-thumbnail","hentry","category-policia"],"yoast_head":"<!-- This site is optimized with the Yoast SEO plugin v26.5 - https:\/\/yoast.com\/wordpress\/plugins\/seo\/ -->\n<title>Policiais do 3\u00ba Batalh\u00e3o recuperam moto roubada - Agazeta.net<\/title>\n<meta name=\"robots\" content=\"index, follow, max-snippet:-1, max-image-preview:large, max-video-preview:-1\" \/>\n<link rel=\"canonical\" href=\"https:\/\/nk7-testes.com.br\/agazeta\/policiais-do-3-batalhao-recuperam-moto-roubada\/\" \/>\n<meta property=\"og:locale\" content=\"pt_BR\" \/>\n<meta property=\"og:type\" content=\"article\" \/>\n<meta property=\"og:title\" content=\"Policiais do 3\u00ba Batalh\u00e3o recuperam moto roubada - Agazeta.net\" \/>\n<meta property=\"og:description\" content=\"Ve\u00edculo estava em casa no bairro Pl\u00e1cido de Castro\" \/>\n<meta property=\"og:url\" content=\"https:\/\/nk7-testes.com.br\/agazeta\/policiais-do-3-batalhao-recuperam-moto-roubada\/\" \/>\n<meta property=\"og:site_name\" content=\"Agazeta.net\" \/>\n<meta property=\"article:published_time\" content=\"2016-11-28T12:45:12+00:00\" \/>\n<meta property=\"og:image\" content=\"https:\/\/nk7-testes.com.br\/agazeta\/wp-content\/uploads\/2016\/11\/281116-policia-motorecuperada-cleriston.jpg\" \/>\n\t<meta property=\"og:image:width\" content=\"458\" \/>\n\t<meta property=\"og:image:height\" content=\"340\" \/>\n\t<meta property=\"og:image:type\" content=\"image\/jpeg\" \/>\n<meta name=\"author\" content=\"Agazeta.Net\" \/>\n<meta name=\"twitter:card\" content=\"summary_large_image\" \/>\n<meta name=\"twitter:label1\" content=\"Escrito por\" \/>\n\t<meta name=\"twitter:data1\" content=\"Agazeta.Net\" \/>\n\t<meta name=\"twitter:label2\" content=\"Est. tempo de leitura\" \/>\n\t<meta name=\"twitter:data2\" content=\"1 minuto\" \/>\n<script type=\"application\/ld+json\" class=\"yoast-schema-graph\">{\"@context\":\"https:\/\/schema.org\",\"@graph\":[{\"@type\":\"WebPage\",\"@id\":\"https:\/\/nk7-testes.com.br\/agazeta\/policiais-do-3-batalhao-recuperam-moto-roubada\/\",\"url\":\"https:\/\/nk7-testes.com.br\/agazeta\/policiais-do-3-batalhao-recuperam-moto-roubada\/\",\"name\":\"Policiais do 3\u00ba Batalh\u00e3o recuperam moto roubada - Agazeta.net\",\"isPartOf\":{\"@id\":\"https:\/\/nk7-testes.com.br\/agazeta\/#website\"},\"primaryImageOfPage\":{\"@id\":\"https:\/\/nk7-testes.com.br\/agazeta\/policiais-do-3-batalhao-recuperam-moto-roubada\/#primaryimage\"},\"image\":{\"@id\":\"https:\/\/nk7-testes.com.br\/agazeta\/policiais-do-3-batalhao-recuperam-moto-roubada\/#primaryimage\"},\"thumbnailUrl\":\"https:\/\/nk7-testes.com.br\/agazeta\/wp-content\/uploads\/2016\/11\/281116-policia-motorecuperada-cleriston.jpg\",\"datePublished\":\"2016-11-28T12:45:12+00:00\",\"author\":{\"@id\":\"https:\/\/nk7-testes.com.br\/agazeta\/#\/schema\/person\/6d6e25cb0435eb4a02fd44d30b4e3020\"},\"breadcrumb\":{\"@id\":\"https:\/\/nk7-testes.com.br\/agazeta\/policiais-do-3-batalhao-recuperam-moto-roubada\/#breadcrumb\"},\"inLanguage\":\"pt-BR\",\"potentialAction\":[{\"@type\":\"ReadAction\",\"target\":[\"https:\/\/nk7-testes.com.br\/agazeta\/policiais-do-3-batalhao-recuperam-moto-roubada\/\"]}]},{\"@type\":\"ImageObject\",\"inLanguage\":\"pt-BR\",\"@id\":\"https:\/\/nk7-testes.com.br\/agazeta\/policiais-do-3-batalhao-recuperam-moto-roubada\/#primaryimage\",\"url\":\"https:\/\/nk7-testes.com.br\/agazeta\/wp-content\/uploads\/2016\/11\/281116-policia-motorecuperada-cleriston.jpg\",\"contentUrl\":\"https:\/\/nk7-testes.com.br\/agazeta\/wp-content\/uploads\/2016\/11\/281116-policia-motorecuperada-cleriston.jpg\",\"width\":458,\"height\":340,\"caption\":\"281116-policia-motorecuperada-cleriston\"},{\"@type\":\"BreadcrumbList\",\"@id\":\"https:\/\/nk7-testes.com.br\/agazeta\/policiais-do-3-batalhao-recuperam-moto-roubada\/#breadcrumb\",\"itemListElement\":[{\"@type\":\"ListItem\",\"position\":1,\"name\":\"In\u00edcio\",\"item\":\"https:\/\/nk7-testes.com.br\/agazeta\/\"},{\"@type\":\"ListItem\",\"position\":2,\"name\":\"Policiais do 3\u00ba Batalh\u00e3o recuperam moto roubada\"}]},{\"@type\":\"WebSite\",\"@id\":\"https:\/\/nk7-testes.com.br\/agazeta\/#website\",\"url\":\"https:\/\/nk7-testes.com.br\/agazeta\/\",\"name\":\"Agazeta.net\",\"description\":\"Agazeta.net - Not\u00edcias de Rio Branco\/AC\",\"potentialAction\":[{\"@type\":\"SearchAction\",\"target\":{\"@type\":\"EntryPoint\",\"urlTemplate\":\"https:\/\/nk7-testes.com.br\/agazeta\/?s={search_term_string}\"},\"query-input\":{\"@type\":\"PropertyValueSpecification\",\"valueRequired\":true,\"valueName\":\"search_term_string\"}}],\"inLanguage\":\"pt-BR\"},{\"@type\":\"Person\",\"@id\":\"https:\/\/nk7-testes.com.br\/agazeta\/#\/schema\/person\/6d6e25cb0435eb4a02fd44d30b4e3020\",\"name\":\"Agazeta.Net\",\"url\":\"https:\/\/nk7-testes.com.br\/agazeta\/author\/agazeta\/\"}]}<\/script>\n<!-- \/ Yoast SEO plugin. -->","yoast_head_json":{"title":"Policiais do 3\u00ba Batalh\u00e3o recuperam moto roubada - Agazeta.net","robots":{"index":"index","follow":"follow","max-snippet":"max-snippet:-1","max-image-preview":"max-image-preview:large","max-video-preview":"max-video-preview:-1"},"canonical":"https:\/\/nk7-testes.com.br\/agazeta\/policiais-do-3-batalhao-recuperam-moto-roubada\/","og_locale":"pt_BR","og_type":"article","og_title":"Policiais do 3\u00ba Batalh\u00e3o recuperam moto roubada - Agazeta.net","og_description":"Ve\u00edculo estava em casa no bairro Pl\u00e1cido de Castro","og_url":"https:\/\/nk7-testes.com.br\/agazeta\/policiais-do-3-batalhao-recuperam-moto-roubada\/","og_site_name":"Agazeta.net","article_published_time":"2016-11-28T12:45:12+00:00","og_image":[{"width":458,"height":340,"url":"https:\/\/nk7-testes.com.br\/agazeta\/wp-content\/uploads\/2016\/11\/281116-policia-motorecuperada-cleriston.jpg","type":"image\/jpeg"}],"author":"Agazeta.Net","twitter_card":"summary_large_image","twitter_misc":{"Escrito por":"Agazeta.Net","Est. tempo de leitura":"1 minuto"},"schema":{"@context":"https:\/\/schema.org","@graph":[{"@type":"WebPage","@id":"https:\/\/nk7-testes.com.br\/agazeta\/policiais-do-3-batalhao-recuperam-moto-roubada\/","url":"https:\/\/nk7-testes.com.br\/agazeta\/policiais-do-3-batalhao-recuperam-moto-roubada\/","name":"Policiais do 3\u00ba Batalh\u00e3o recuperam moto roubada - Agazeta.net","isPartOf":{"@id":"https:\/\/nk7-testes.com.br\/agazeta\/#website"},"primaryImageOfPage":{"@id":"https:\/\/nk7-testes.com.br\/agazeta\/policiais-do-3-batalhao-recuperam-moto-roubada\/#primaryimage"},"image":{"@id":"https:\/\/nk7-testes.com.br\/agazeta\/policiais-do-3-batalhao-recuperam-moto-roubada\/#primaryimage"},"thumbnailUrl":"https:\/\/nk7-testes.com.br\/agazeta\/wp-content\/uploads\/2016\/11\/281116-policia-motorecuperada-cleriston.jpg","datePublished":"2016-11-28T12:45:12+00:00","author":{"@id":"https:\/\/nk7-testes.com.br\/agazeta\/#\/schema\/person\/6d6e25cb0435eb4a02fd44d30b4e3020"},"breadcrumb":{"@id":"https:\/\/nk7-testes.com.br\/agazeta\/policiais-do-3-batalhao-recuperam-moto-roubada\/#breadcrumb"},"inLanguage":"pt-BR","potentialAction":[{"@type":"ReadAction","target":["https:\/\/nk7-testes.com.br\/agazeta\/policiais-do-3-batalhao-recuperam-moto-roubada\/"]}]},{"@type":"ImageObject","inLanguage":"pt-BR","@id":"https:\/\/nk7-testes.com.br\/agazeta\/policiais-do-3-batalhao-recuperam-moto-roubada\/#primaryimage","url":"https:\/\/nk7-testes.com.br\/agazeta\/wp-content\/uploads\/2016\/11\/281116-policia-motorecuperada-cleriston.jpg","contentUrl":"https:\/\/nk7-testes.com.br\/agazeta\/wp-content\/uploads\/2016\/11\/281116-policia-motorecuperada-cleriston.jpg","width":458,"height":340,"caption":"281116-policia-motorecuperada-cleriston"},{"@type":"BreadcrumbList","@id":"https:\/\/nk7-testes.com.br\/agazeta\/policiais-do-3-batalhao-recuperam-moto-roubada\/#breadcrumb","itemListElement":[{"@type":"ListItem","position":1,"name":"In\u00edcio","item":"https:\/\/nk7-testes.com.br\/agazeta\/"},{"@type":"ListItem","position":2,"name":"Policiais do 3\u00ba Batalh\u00e3o recuperam moto roubada"}]},{"@type":"WebSite","@id":"https:\/\/nk7-testes.com.br\/agazeta\/#website","url":"https:\/\/nk7-testes.com.br\/agazeta\/","name":"Agazeta.net","description":"Agazeta.net - Not\u00edcias de Rio Branco\/AC","potentialAction":[{"@type":"SearchAction","target":{"@type":"EntryPoint","urlTemplate":"https:\/\/nk7-testes.com.br\/agazeta\/?s={search_term_string}"},"query-input":{"@type":"PropertyValueSpecification","valueRequired":true,"valueName":"search_term_string"}}],"inLanguage":"pt-BR"},{"@type":"Person","@id":"https:\/\/nk7-testes.com.br\/agazeta\/#\/schema\/person\/6d6e25cb0435eb4a02fd44d30b4e3020","name":"Agazeta.Net","url":"https:\/\/nk7-testes.com.br\/agazeta\/author\/agazeta\/"}]}},"_links":{"self":[{"href":"https:\/\/nk7-testes.com.br\/agazeta\/wp-json\/wp\/v2\/posts\/26609","targetHints":{"allow":["GET"]}}],"collection":[{"href":"https:\/\/nk7-testes.com.br\/agazeta\/wp-json\/wp\/v2\/posts"}],"about":[{"href":"https:\/\/nk7-testes.com.br\/agazeta\/wp-json\/wp\/v2\/types\/post"}],"author":[{"embeddable":true,"href":"https:\/\/nk7-testes.com.br\/agazeta\/wp-json\/wp\/v2\/users\/4"}],"replies":[{"embeddable":true,"href":"https:\/\/nk7-testes.com.br\/agazeta\/wp-json\/wp\/v2\/comments?post=26609"}],"version-history":[{"count":0,"href":"https:\/\/nk7-testes.com.br\/agazeta\/wp-json\/wp\/v2\/posts\/26609\/revisions"}],"wp:featuredmedia":[{"embeddable":true,"href":"https:\/\/nk7-testes.com.br\/agazeta\/wp-json\/wp\/v2\/media\/26608"}],"wp:attachment":[{"href":"https:\/\/nk7-testes.com.br\/agazeta\/wp-json\/wp\/v2\/media?parent=26609"}],"wp:term":[{"taxonomy":"category","embeddable":true,"href":"https:\/\/nk7-testes.com.br\/agazeta\/wp-json\/wp\/v2\/categories?post=26609"},{"taxonomy":"post_tag","embeddable":true,"href":"https:\/\/nk7-testes.com.br\/agazeta\/wp-json\/wp\/v2\/tags?post=26609"}],"curies":[{"name":"wp","href":"https:\/\/api.w.org\/{rel}","templated":true}]}}