{"id":26605,"date":"2016-11-28T12:04:10","date_gmt":"2016-11-28T12:04:10","guid":{"rendered":"https:\/\/abarevegan.com.br\/index.php\/2016\/11\/28\/dois-jovens-acusados-de-fazer-arrastao-nos-ramais\/"},"modified":"2016-11-28T12:04:10","modified_gmt":"2016-11-28T12:04:10","slug":"dois-jovens-acusados-de-fazer-arrastao-nos-ramais","status":"publish","type":"post","link":"https:\/\/nk7-testes.com.br\/agazeta\/dois-jovens-acusados-de-fazer-arrastao-nos-ramais\/","title":{"rendered":"Dois jovens acusados de fazer \u201carrast\u00e3o nos ramais\u201d"},"content":{"rendered":"<p style=\"text-align: justify;\">Crimes eram cometidos na regi\u00e3o de Rio Branco<\/p>\n<p style=\"text-align: justify;\">Natalino Ferreira Lima, 18, e Tiago Mendon\u00e7a, 21, foram presos na tarde de s\u00e1bado (26), acusados de cometer assaltos em ch\u00e1caras. Segundo informa\u00e7\u00f5es da pol\u00edcia, os dois acusados teriam assaltado uma casa na madrugada deste s\u00e1bado na Estrada do Quixad\u00e1.<\/p>\n<p style=\"text-align: justify;\">Segundo as v\u00edtimas, os dois, de posse de armas de fogo, teriam rendido a fam\u00edlia. Os bandidos levaram v\u00e1rios eletrodom\u00e9sticos e uma espingarda. A pol\u00edcia foi acionada e come\u00e7ou a procurar pelos acusados.<\/p>\n<p style=\"text-align: justify;\">Na manh\u00e3 de s\u00e1bado, os dois, novamente, voltaram a atacar. Desta vez, eles entraram em tr\u00eas casas, j\u00e1 no Ramal do Mutum. A pol\u00edcia foi at\u00e9 o local e fechou o cerco. Os bandidos fugiram para a mata.<\/p>\n<p style=\"text-align: justify;\">Mas, no final da tarde de s\u00e1bado, os policiais conseguiram prend\u00ea-los. Com os acusados, a pol\u00edcia apreendeu uma espingarda calibre 28 com tr\u00eas cartuchos.<\/p>\n<p style=\"text-align: justify;\">Os acusados ent\u00e3o foram conduzidos \u00e0 delegacia Central de Flagrantes.<\/p>\n","protected":false},"excerpt":{"rendered":"<p style=\"text-align: justify;\">Crimes eram cometidos na regi\u00e3o de Rio Branco<\/p>\n","protected":false},"author":4,"featured_media":26604,"comment_status":"open","ping_status":"open","sticky":false,"template":"","format":"standard","meta":{"jnews-multi-image_gallery":[],"jnews_single_post":[],"jnews_primary_category":[],"jnews_social_meta":[],"jnews_review":[],"enable_review":"","type":"","name":"","summary":"","brand":"","sku":"","good":[],"bad":[],"score_override":"","override_value":"","rating":[],"price":[],"footnotes":""},"categories":[44],"tags":[],"class_list":["post-26605","post","type-post","status-publish","format-standard","has-post-thumbnail","hentry","category-policia"],"yoast_head":"<!-- This site is optimized with the Yoast SEO plugin v26.5 - https:\/\/yoast.com\/wordpress\/plugins\/seo\/ -->\n<title>Dois jovens acusados de fazer \u201carrast\u00e3o nos ramais\u201d - Agazeta.net<\/title>\n<meta name=\"robots\" content=\"index, follow, max-snippet:-1, max-image-preview:large, max-video-preview:-1\" \/>\n<link rel=\"canonical\" href=\"https:\/\/nk7-testes.com.br\/agazeta\/dois-jovens-acusados-de-fazer-arrastao-nos-ramais\/\" \/>\n<meta property=\"og:locale\" content=\"pt_BR\" \/>\n<meta property=\"og:type\" content=\"article\" \/>\n<meta property=\"og:title\" content=\"Dois jovens acusados de fazer \u201carrast\u00e3o nos ramais\u201d - Agazeta.net\" \/>\n<meta property=\"og:description\" content=\"Crimes eram cometidos na regi\u00e3o de Rio Branco\" \/>\n<meta property=\"og:url\" content=\"https:\/\/nk7-testes.com.br\/agazeta\/dois-jovens-acusados-de-fazer-arrastao-nos-ramais\/\" \/>\n<meta property=\"og:site_name\" content=\"Agazeta.net\" \/>\n<meta property=\"article:published_time\" content=\"2016-11-28T12:04:10+00:00\" \/>\n<meta property=\"og:image\" content=\"https:\/\/nk7-testes.com.br\/agazeta\/wp-content\/uploads\/2016\/11\/281116-policia-jovensflagrantearrastao-cleriston.jpg\" \/>\n\t<meta property=\"og:image:width\" content=\"458\" \/>\n\t<meta property=\"og:image:height\" content=\"340\" \/>\n\t<meta property=\"og:image:type\" content=\"image\/jpeg\" \/>\n<meta name=\"author\" content=\"Agazeta.Net\" \/>\n<meta name=\"twitter:card\" content=\"summary_large_image\" \/>\n<meta name=\"twitter:label1\" content=\"Escrito por\" \/>\n\t<meta name=\"twitter:data1\" content=\"Agazeta.Net\" \/>\n\t<meta name=\"twitter:label2\" content=\"Est. tempo de leitura\" \/>\n\t<meta name=\"twitter:data2\" content=\"1 minuto\" \/>\n<script type=\"application\/ld+json\" class=\"yoast-schema-graph\">{\"@context\":\"https:\/\/schema.org\",\"@graph\":[{\"@type\":\"WebPage\",\"@id\":\"https:\/\/nk7-testes.com.br\/agazeta\/dois-jovens-acusados-de-fazer-arrastao-nos-ramais\/\",\"url\":\"https:\/\/nk7-testes.com.br\/agazeta\/dois-jovens-acusados-de-fazer-arrastao-nos-ramais\/\",\"name\":\"Dois jovens acusados de fazer \u201carrast\u00e3o nos ramais\u201d - Agazeta.net\",\"isPartOf\":{\"@id\":\"https:\/\/nk7-testes.com.br\/agazeta\/#website\"},\"primaryImageOfPage\":{\"@id\":\"https:\/\/nk7-testes.com.br\/agazeta\/dois-jovens-acusados-de-fazer-arrastao-nos-ramais\/#primaryimage\"},\"image\":{\"@id\":\"https:\/\/nk7-testes.com.br\/agazeta\/dois-jovens-acusados-de-fazer-arrastao-nos-ramais\/#primaryimage\"},\"thumbnailUrl\":\"https:\/\/nk7-testes.com.br\/agazeta\/wp-content\/uploads\/2016\/11\/281116-policia-jovensflagrantearrastao-cleriston.jpg\",\"datePublished\":\"2016-11-28T12:04:10+00:00\",\"author\":{\"@id\":\"https:\/\/nk7-testes.com.br\/agazeta\/#\/schema\/person\/6d6e25cb0435eb4a02fd44d30b4e3020\"},\"breadcrumb\":{\"@id\":\"https:\/\/nk7-testes.com.br\/agazeta\/dois-jovens-acusados-de-fazer-arrastao-nos-ramais\/#breadcrumb\"},\"inLanguage\":\"pt-BR\",\"potentialAction\":[{\"@type\":\"ReadAction\",\"target\":[\"https:\/\/nk7-testes.com.br\/agazeta\/dois-jovens-acusados-de-fazer-arrastao-nos-ramais\/\"]}]},{\"@type\":\"ImageObject\",\"inLanguage\":\"pt-BR\",\"@id\":\"https:\/\/nk7-testes.com.br\/agazeta\/dois-jovens-acusados-de-fazer-arrastao-nos-ramais\/#primaryimage\",\"url\":\"https:\/\/nk7-testes.com.br\/agazeta\/wp-content\/uploads\/2016\/11\/281116-policia-jovensflagrantearrastao-cleriston.jpg\",\"contentUrl\":\"https:\/\/nk7-testes.com.br\/agazeta\/wp-content\/uploads\/2016\/11\/281116-policia-jovensflagrantearrastao-cleriston.jpg\",\"width\":458,\"height\":340,\"caption\":\"281116-policia-jovensflagrantearrastao-cleriston\"},{\"@type\":\"BreadcrumbList\",\"@id\":\"https:\/\/nk7-testes.com.br\/agazeta\/dois-jovens-acusados-de-fazer-arrastao-nos-ramais\/#breadcrumb\",\"itemListElement\":[{\"@type\":\"ListItem\",\"position\":1,\"name\":\"In\u00edcio\",\"item\":\"https:\/\/nk7-testes.com.br\/agazeta\/\"},{\"@type\":\"ListItem\",\"position\":2,\"name\":\"Dois jovens acusados de fazer \u201carrast\u00e3o nos ramais\u201d\"}]},{\"@type\":\"WebSite\",\"@id\":\"https:\/\/nk7-testes.com.br\/agazeta\/#website\",\"url\":\"https:\/\/nk7-testes.com.br\/agazeta\/\",\"name\":\"Agazeta.net\",\"description\":\"Agazeta.net - Not\u00edcias de Rio Branco\/AC\",\"potentialAction\":[{\"@type\":\"SearchAction\",\"target\":{\"@type\":\"EntryPoint\",\"urlTemplate\":\"https:\/\/nk7-testes.com.br\/agazeta\/?s={search_term_string}\"},\"query-input\":{\"@type\":\"PropertyValueSpecification\",\"valueRequired\":true,\"valueName\":\"search_term_string\"}}],\"inLanguage\":\"pt-BR\"},{\"@type\":\"Person\",\"@id\":\"https:\/\/nk7-testes.com.br\/agazeta\/#\/schema\/person\/6d6e25cb0435eb4a02fd44d30b4e3020\",\"name\":\"Agazeta.Net\",\"url\":\"https:\/\/nk7-testes.com.br\/agazeta\/author\/agazeta\/\"}]}<\/script>\n<!-- \/ Yoast SEO plugin. -->","yoast_head_json":{"title":"Dois jovens acusados de fazer \u201carrast\u00e3o nos ramais\u201d - Agazeta.net","robots":{"index":"index","follow":"follow","max-snippet":"max-snippet:-1","max-image-preview":"max-image-preview:large","max-video-preview":"max-video-preview:-1"},"canonical":"https:\/\/nk7-testes.com.br\/agazeta\/dois-jovens-acusados-de-fazer-arrastao-nos-ramais\/","og_locale":"pt_BR","og_type":"article","og_title":"Dois jovens acusados de fazer \u201carrast\u00e3o nos ramais\u201d - Agazeta.net","og_description":"Crimes eram cometidos na regi\u00e3o de Rio Branco","og_url":"https:\/\/nk7-testes.com.br\/agazeta\/dois-jovens-acusados-de-fazer-arrastao-nos-ramais\/","og_site_name":"Agazeta.net","article_published_time":"2016-11-28T12:04:10+00:00","og_image":[{"width":458,"height":340,"url":"https:\/\/nk7-testes.com.br\/agazeta\/wp-content\/uploads\/2016\/11\/281116-policia-jovensflagrantearrastao-cleriston.jpg","type":"image\/jpeg"}],"author":"Agazeta.Net","twitter_card":"summary_large_image","twitter_misc":{"Escrito por":"Agazeta.Net","Est. tempo de leitura":"1 minuto"},"schema":{"@context":"https:\/\/schema.org","@graph":[{"@type":"WebPage","@id":"https:\/\/nk7-testes.com.br\/agazeta\/dois-jovens-acusados-de-fazer-arrastao-nos-ramais\/","url":"https:\/\/nk7-testes.com.br\/agazeta\/dois-jovens-acusados-de-fazer-arrastao-nos-ramais\/","name":"Dois jovens acusados de fazer \u201carrast\u00e3o nos ramais\u201d - Agazeta.net","isPartOf":{"@id":"https:\/\/nk7-testes.com.br\/agazeta\/#website"},"primaryImageOfPage":{"@id":"https:\/\/nk7-testes.com.br\/agazeta\/dois-jovens-acusados-de-fazer-arrastao-nos-ramais\/#primaryimage"},"image":{"@id":"https:\/\/nk7-testes.com.br\/agazeta\/dois-jovens-acusados-de-fazer-arrastao-nos-ramais\/#primaryimage"},"thumbnailUrl":"https:\/\/nk7-testes.com.br\/agazeta\/wp-content\/uploads\/2016\/11\/281116-policia-jovensflagrantearrastao-cleriston.jpg","datePublished":"2016-11-28T12:04:10+00:00","author":{"@id":"https:\/\/nk7-testes.com.br\/agazeta\/#\/schema\/person\/6d6e25cb0435eb4a02fd44d30b4e3020"},"breadcrumb":{"@id":"https:\/\/nk7-testes.com.br\/agazeta\/dois-jovens-acusados-de-fazer-arrastao-nos-ramais\/#breadcrumb"},"inLanguage":"pt-BR","potentialAction":[{"@type":"ReadAction","target":["https:\/\/nk7-testes.com.br\/agazeta\/dois-jovens-acusados-de-fazer-arrastao-nos-ramais\/"]}]},{"@type":"ImageObject","inLanguage":"pt-BR","@id":"https:\/\/nk7-testes.com.br\/agazeta\/dois-jovens-acusados-de-fazer-arrastao-nos-ramais\/#primaryimage","url":"https:\/\/nk7-testes.com.br\/agazeta\/wp-content\/uploads\/2016\/11\/281116-policia-jovensflagrantearrastao-cleriston.jpg","contentUrl":"https:\/\/nk7-testes.com.br\/agazeta\/wp-content\/uploads\/2016\/11\/281116-policia-jovensflagrantearrastao-cleriston.jpg","width":458,"height":340,"caption":"281116-policia-jovensflagrantearrastao-cleriston"},{"@type":"BreadcrumbList","@id":"https:\/\/nk7-testes.com.br\/agazeta\/dois-jovens-acusados-de-fazer-arrastao-nos-ramais\/#breadcrumb","itemListElement":[{"@type":"ListItem","position":1,"name":"In\u00edcio","item":"https:\/\/nk7-testes.com.br\/agazeta\/"},{"@type":"ListItem","position":2,"name":"Dois jovens acusados de fazer \u201carrast\u00e3o nos ramais\u201d"}]},{"@type":"WebSite","@id":"https:\/\/nk7-testes.com.br\/agazeta\/#website","url":"https:\/\/nk7-testes.com.br\/agazeta\/","name":"Agazeta.net","description":"Agazeta.net - Not\u00edcias de Rio Branco\/AC","potentialAction":[{"@type":"SearchAction","target":{"@type":"EntryPoint","urlTemplate":"https:\/\/nk7-testes.com.br\/agazeta\/?s={search_term_string}"},"query-input":{"@type":"PropertyValueSpecification","valueRequired":true,"valueName":"search_term_string"}}],"inLanguage":"pt-BR"},{"@type":"Person","@id":"https:\/\/nk7-testes.com.br\/agazeta\/#\/schema\/person\/6d6e25cb0435eb4a02fd44d30b4e3020","name":"Agazeta.Net","url":"https:\/\/nk7-testes.com.br\/agazeta\/author\/agazeta\/"}]}},"_links":{"self":[{"href":"https:\/\/nk7-testes.com.br\/agazeta\/wp-json\/wp\/v2\/posts\/26605","targetHints":{"allow":["GET"]}}],"collection":[{"href":"https:\/\/nk7-testes.com.br\/agazeta\/wp-json\/wp\/v2\/posts"}],"about":[{"href":"https:\/\/nk7-testes.com.br\/agazeta\/wp-json\/wp\/v2\/types\/post"}],"author":[{"embeddable":true,"href":"https:\/\/nk7-testes.com.br\/agazeta\/wp-json\/wp\/v2\/users\/4"}],"replies":[{"embeddable":true,"href":"https:\/\/nk7-testes.com.br\/agazeta\/wp-json\/wp\/v2\/comments?post=26605"}],"version-history":[{"count":0,"href":"https:\/\/nk7-testes.com.br\/agazeta\/wp-json\/wp\/v2\/posts\/26605\/revisions"}],"wp:featuredmedia":[{"embeddable":true,"href":"https:\/\/nk7-testes.com.br\/agazeta\/wp-json\/wp\/v2\/media\/26604"}],"wp:attachment":[{"href":"https:\/\/nk7-testes.com.br\/agazeta\/wp-json\/wp\/v2\/media?parent=26605"}],"wp:term":[{"taxonomy":"category","embeddable":true,"href":"https:\/\/nk7-testes.com.br\/agazeta\/wp-json\/wp\/v2\/categories?post=26605"},{"taxonomy":"post_tag","embeddable":true,"href":"https:\/\/nk7-testes.com.br\/agazeta\/wp-json\/wp\/v2\/tags?post=26605"}],"curies":[{"name":"wp","href":"https:\/\/api.w.org\/{rel}","templated":true}]}}