{"id":26602,"date":"2016-11-25T22:03:58","date_gmt":"2016-11-25T22:03:58","guid":{"rendered":"https:\/\/abarevegan.com.br\/index.php\/2016\/11\/25\/julgamento-do-antimary-irmao-da-vitima-absolvido\/"},"modified":"2016-11-25T22:03:58","modified_gmt":"2016-11-25T22:03:58","slug":"julgamento-do-antimary-irmao-da-vitima-absolvido","status":"publish","type":"post","link":"https:\/\/nk7-testes.com.br\/agazeta\/julgamento-do-antimary-irmao-da-vitima-absolvido\/","title":{"rendered":"Julgamento do Antimary: irm\u00e3o da v\u00edtima absolvido"},"content":{"rendered":"<p>J\u00fari popular entendeu que Marcelo \u00e9 inocente<\/p>\n<p style=\"text-align: justify;\">Justi\u00e7a promove julgamento do irm\u00e3o e tio das v\u00edtimas do Monstro do Antimary. Ele invadiu a delegacia com um grupo de pessoas e participou da morte do assassino confesso.<\/p>\n<p style=\"text-align: justify;\">O caso ocorrido h\u00e1 um ano, chocou a popula\u00e7\u00e3o do Acre. Jardineis da Silva, 25 anos, e a filha dela Amanda da Silva, de apenas seis meses, morreram nas m\u00e3os de Lucimar Bezerra, 33 anos.<\/p>\n<p>O assassino confesso matou a mulher a facadas na comunidade Boa Esperan\u00e7a, regi\u00e3o da floresta Estadual do Antimary, zona rural de Rio Branco. O criminoso, que ficou conhecido como o monstro do Antimary abriu a barriga da dona de casa, retirou parte das v\u00edsceras e costurou a pele. O corpo foi amarrado a pedras e jogado em um rio da comunidade.<\/p>\n<p style=\"text-align: justify;\">O corpo do beb\u00ea foi enterrado e localizado dois dias ap\u00f3s o crime. A crian\u00e7a teria sido morta com um golpe na cabe\u00e7a. O laudo do IML apontou traumatismo craniano.<br \/>A barb\u00e1rie foi justificada pelo criminoso como uma vingan\u00e7a particular. Ele era obcecado pela v\u00edtima. J\u00e1 havia tentado violentar sexualmente Jardineis. Num surto de raiva, ap\u00f3s ser afrontado pela v\u00edtima, ele matou m\u00e3e e filha.<\/p>\n<p style=\"text-align: justify;\">Segundo o delegado que investigava o caso, o assassino teria confessado o crime logo ap\u00f3s os fatos, aos pr\u00f3prios amigos da v\u00edtima.<br \/>A como\u00e7\u00e3o tomou conta da pequena Bujari. Pessoas de toda parte foram at\u00e9 a casa do pai de Jardineis, no vel\u00f3rio, para dar apoio a fam\u00edlia e ao marido e pai das v\u00edtimas.<\/p>\n<p style=\"text-align: justify;\">Um dia depois ap\u00f3s o vel\u00f3rio do beb\u00ea, a delegacia do munic\u00edpio, onde estava preso Lucimar Bezerra, foi invadida por cerca de 50 pessoas. Armados com facas, os populares conseguiram ter acesso a cela onde o acusado estava. Ele foi atingido por in\u00fameras facadas, principalmente nas costas e morreu no local.<\/p>\n<p style=\"text-align: justify;\">O delegado do Bujari na \u00e9poca, disse que n\u00e3o havia como conter a multid\u00e3o que entrou na delegacia com sede de vingan\u00e7a. Ele tamb\u00e9m classificou como imprud\u00eancia, transferir o preso de Rio Branco para o mesmo munic\u00edpio onde moram os familiares das v\u00edtimas.<\/p>\n<p style=\"text-align: justify;\">Entre as pessoas que invadiram o pr\u00e9dio, estava o irm\u00e3o de Jardineis, Marcelo Oliveira da Silva, 19 anos. Ele foi a \u00faltima pessoa a sair da cela, ap\u00f3s o linchamento e foi visto uma faca na m\u00e3o. O jovem foi detido, ouvido e liberado em seguida. At\u00e9 hoje, ele respondia em liberdade e foi julgado pelo crime nesta sexta-feira na comarca do munic\u00edpio. A sess\u00e3o durou 5 horas e ao final, ele foi absolvido da acusa\u00e7\u00e3o.<\/p>\n<p style=\"text-align: justify;\">O promotor Fernando Henrique Santos explica que o Minist\u00e9rio P\u00fablico acusou Marcelo de homic\u00eddio consumado privilegiado e qualificado, mas considerou a revolta popular.<\/p>\n<p style=\"text-align: justify;\">\u201cNum caso como era esse, onde era praticamente imposs\u00edvel n\u00e3o reconhecer a quest\u00e3o do privil\u00e9gio, pelo relevante valor moral, em que as pessoas estavam bastante comovidas. A v\u00edtima tinha praticado um b\u00e1rbaro com rela\u00e7\u00e3o a fam\u00edlia do acusado. Ent\u00e3o em raz\u00e3o disso muitas pessoas invadiram a delegacia, ent\u00e3o n\u00e3o seria coerente sustentar algo diferente, por isso o Minist\u00e9rio P\u00fablico tamb\u00e9m se manifestou com rela\u00e7\u00e3o ao privil\u00e9gio e assim foi feito, em que pese os jurados tenham decidido diferente\u201d, explicou.<\/p>\n<p style=\"text-align: justify;\">Mesmo compreendendo o abalo que trouxe a fam\u00edlia e amigos das v\u00edtimas, o promotor enfatiza que fazer justi\u00e7a com as pr\u00f3prias m\u00e3os n\u00e3o \u00e9 o caminho. \u201cInfelizmente n\u00f3s temos na hist\u00f3ria do nosso pa\u00eds, casos de linchamento de pessoas inocentes. Ent\u00e3o o Minist\u00e9rio P\u00fablico defende aqui um sentido at\u00e9 mais al\u00e9m do que somente a defesa da morte da v\u00edtima, mas tamb\u00e9m pra conscientizar que a justi\u00e7a n\u00e3o \u00e9 feita dessa forma, pelas pr\u00f3prias m\u00e3os\u201d, disse.<\/p>\n","protected":false},"excerpt":{"rendered":"<p>J\u00fari popular entendeu que Marcelo \u00e9 inocente<\/p>\n","protected":false},"author":4,"featured_media":26601,"comment_status":"open","ping_status":"open","sticky":false,"template":"","format":"standard","meta":{"jnews-multi-image_gallery":[],"jnews_single_post":[],"jnews_primary_category":[],"jnews_social_meta":[],"jnews_review":[],"enable_review":"","type":"","name":"","summary":"","brand":"","sku":"","good":[],"bad":[],"score_override":"","override_value":"","rating":[],"price":[],"footnotes":""},"categories":[44],"tags":[],"class_list":["post-26602","post","type-post","status-publish","format-standard","has-post-thumbnail","hentry","category-policia"],"yoast_head":"<!-- This site is optimized with the Yoast SEO plugin v26.5 - https:\/\/yoast.com\/wordpress\/plugins\/seo\/ -->\n<title>Julgamento do Antimary: irm\u00e3o da v\u00edtima absolvido - Agazeta.net<\/title>\n<meta name=\"robots\" content=\"index, follow, max-snippet:-1, max-image-preview:large, max-video-preview:-1\" \/>\n<link rel=\"canonical\" href=\"https:\/\/nk7-testes.com.br\/agazeta\/julgamento-do-antimary-irmao-da-vitima-absolvido\/\" \/>\n<meta property=\"og:locale\" content=\"pt_BR\" \/>\n<meta property=\"og:type\" content=\"article\" \/>\n<meta property=\"og:title\" content=\"Julgamento do Antimary: irm\u00e3o da v\u00edtima absolvido - Agazeta.net\" \/>\n<meta property=\"og:description\" content=\"J\u00fari popular entendeu que Marcelo \u00e9 inocente\" \/>\n<meta property=\"og:url\" content=\"https:\/\/nk7-testes.com.br\/agazeta\/julgamento-do-antimary-irmao-da-vitima-absolvido\/\" \/>\n<meta property=\"og:site_name\" content=\"Agazeta.net\" \/>\n<meta property=\"article:published_time\" content=\"2016-11-25T22:03:58+00:00\" \/>\n<meta property=\"og:image\" content=\"https:\/\/nk7-testes.com.br\/agazeta\/wp-content\/uploads\/2016\/11\/251116-policia-julgamento-tvgazeta.jpg\" \/>\n\t<meta property=\"og:image:width\" content=\"458\" \/>\n\t<meta property=\"og:image:height\" content=\"340\" \/>\n\t<meta property=\"og:image:type\" content=\"image\/jpeg\" \/>\n<meta name=\"author\" content=\"Agazeta.Net\" \/>\n<meta name=\"twitter:card\" content=\"summary_large_image\" \/>\n<meta name=\"twitter:label1\" content=\"Escrito por\" \/>\n\t<meta name=\"twitter:data1\" content=\"Agazeta.Net\" \/>\n\t<meta name=\"twitter:label2\" content=\"Est. tempo de leitura\" \/>\n\t<meta name=\"twitter:data2\" content=\"3 minutos\" \/>\n<script type=\"application\/ld+json\" class=\"yoast-schema-graph\">{\"@context\":\"https:\/\/schema.org\",\"@graph\":[{\"@type\":\"WebPage\",\"@id\":\"https:\/\/nk7-testes.com.br\/agazeta\/julgamento-do-antimary-irmao-da-vitima-absolvido\/\",\"url\":\"https:\/\/nk7-testes.com.br\/agazeta\/julgamento-do-antimary-irmao-da-vitima-absolvido\/\",\"name\":\"Julgamento do Antimary: irm\u00e3o da v\u00edtima absolvido - Agazeta.net\",\"isPartOf\":{\"@id\":\"https:\/\/nk7-testes.com.br\/agazeta\/#website\"},\"primaryImageOfPage\":{\"@id\":\"https:\/\/nk7-testes.com.br\/agazeta\/julgamento-do-antimary-irmao-da-vitima-absolvido\/#primaryimage\"},\"image\":{\"@id\":\"https:\/\/nk7-testes.com.br\/agazeta\/julgamento-do-antimary-irmao-da-vitima-absolvido\/#primaryimage\"},\"thumbnailUrl\":\"https:\/\/nk7-testes.com.br\/agazeta\/wp-content\/uploads\/2016\/11\/251116-policia-julgamento-tvgazeta.jpg\",\"datePublished\":\"2016-11-25T22:03:58+00:00\",\"author\":{\"@id\":\"https:\/\/nk7-testes.com.br\/agazeta\/#\/schema\/person\/6d6e25cb0435eb4a02fd44d30b4e3020\"},\"breadcrumb\":{\"@id\":\"https:\/\/nk7-testes.com.br\/agazeta\/julgamento-do-antimary-irmao-da-vitima-absolvido\/#breadcrumb\"},\"inLanguage\":\"pt-BR\",\"potentialAction\":[{\"@type\":\"ReadAction\",\"target\":[\"https:\/\/nk7-testes.com.br\/agazeta\/julgamento-do-antimary-irmao-da-vitima-absolvido\/\"]}]},{\"@type\":\"ImageObject\",\"inLanguage\":\"pt-BR\",\"@id\":\"https:\/\/nk7-testes.com.br\/agazeta\/julgamento-do-antimary-irmao-da-vitima-absolvido\/#primaryimage\",\"url\":\"https:\/\/nk7-testes.com.br\/agazeta\/wp-content\/uploads\/2016\/11\/251116-policia-julgamento-tvgazeta.jpg\",\"contentUrl\":\"https:\/\/nk7-testes.com.br\/agazeta\/wp-content\/uploads\/2016\/11\/251116-policia-julgamento-tvgazeta.jpg\",\"width\":458,\"height\":340,\"caption\":\"251116-policia-julgamento-tvgazeta\"},{\"@type\":\"BreadcrumbList\",\"@id\":\"https:\/\/nk7-testes.com.br\/agazeta\/julgamento-do-antimary-irmao-da-vitima-absolvido\/#breadcrumb\",\"itemListElement\":[{\"@type\":\"ListItem\",\"position\":1,\"name\":\"In\u00edcio\",\"item\":\"https:\/\/nk7-testes.com.br\/agazeta\/\"},{\"@type\":\"ListItem\",\"position\":2,\"name\":\"Julgamento do Antimary: irm\u00e3o da v\u00edtima absolvido\"}]},{\"@type\":\"WebSite\",\"@id\":\"https:\/\/nk7-testes.com.br\/agazeta\/#website\",\"url\":\"https:\/\/nk7-testes.com.br\/agazeta\/\",\"name\":\"Agazeta.net\",\"description\":\"Agazeta.net - Not\u00edcias de Rio Branco\/AC\",\"potentialAction\":[{\"@type\":\"SearchAction\",\"target\":{\"@type\":\"EntryPoint\",\"urlTemplate\":\"https:\/\/nk7-testes.com.br\/agazeta\/?s={search_term_string}\"},\"query-input\":{\"@type\":\"PropertyValueSpecification\",\"valueRequired\":true,\"valueName\":\"search_term_string\"}}],\"inLanguage\":\"pt-BR\"},{\"@type\":\"Person\",\"@id\":\"https:\/\/nk7-testes.com.br\/agazeta\/#\/schema\/person\/6d6e25cb0435eb4a02fd44d30b4e3020\",\"name\":\"Agazeta.Net\",\"url\":\"https:\/\/nk7-testes.com.br\/agazeta\/author\/agazeta\/\"}]}<\/script>\n<!-- \/ Yoast SEO plugin. -->","yoast_head_json":{"title":"Julgamento do Antimary: irm\u00e3o da v\u00edtima absolvido - Agazeta.net","robots":{"index":"index","follow":"follow","max-snippet":"max-snippet:-1","max-image-preview":"max-image-preview:large","max-video-preview":"max-video-preview:-1"},"canonical":"https:\/\/nk7-testes.com.br\/agazeta\/julgamento-do-antimary-irmao-da-vitima-absolvido\/","og_locale":"pt_BR","og_type":"article","og_title":"Julgamento do Antimary: irm\u00e3o da v\u00edtima absolvido - Agazeta.net","og_description":"J\u00fari popular entendeu que Marcelo \u00e9 inocente","og_url":"https:\/\/nk7-testes.com.br\/agazeta\/julgamento-do-antimary-irmao-da-vitima-absolvido\/","og_site_name":"Agazeta.net","article_published_time":"2016-11-25T22:03:58+00:00","og_image":[{"width":458,"height":340,"url":"https:\/\/nk7-testes.com.br\/agazeta\/wp-content\/uploads\/2016\/11\/251116-policia-julgamento-tvgazeta.jpg","type":"image\/jpeg"}],"author":"Agazeta.Net","twitter_card":"summary_large_image","twitter_misc":{"Escrito por":"Agazeta.Net","Est. tempo de leitura":"3 minutos"},"schema":{"@context":"https:\/\/schema.org","@graph":[{"@type":"WebPage","@id":"https:\/\/nk7-testes.com.br\/agazeta\/julgamento-do-antimary-irmao-da-vitima-absolvido\/","url":"https:\/\/nk7-testes.com.br\/agazeta\/julgamento-do-antimary-irmao-da-vitima-absolvido\/","name":"Julgamento do Antimary: irm\u00e3o da v\u00edtima absolvido - Agazeta.net","isPartOf":{"@id":"https:\/\/nk7-testes.com.br\/agazeta\/#website"},"primaryImageOfPage":{"@id":"https:\/\/nk7-testes.com.br\/agazeta\/julgamento-do-antimary-irmao-da-vitima-absolvido\/#primaryimage"},"image":{"@id":"https:\/\/nk7-testes.com.br\/agazeta\/julgamento-do-antimary-irmao-da-vitima-absolvido\/#primaryimage"},"thumbnailUrl":"https:\/\/nk7-testes.com.br\/agazeta\/wp-content\/uploads\/2016\/11\/251116-policia-julgamento-tvgazeta.jpg","datePublished":"2016-11-25T22:03:58+00:00","author":{"@id":"https:\/\/nk7-testes.com.br\/agazeta\/#\/schema\/person\/6d6e25cb0435eb4a02fd44d30b4e3020"},"breadcrumb":{"@id":"https:\/\/nk7-testes.com.br\/agazeta\/julgamento-do-antimary-irmao-da-vitima-absolvido\/#breadcrumb"},"inLanguage":"pt-BR","potentialAction":[{"@type":"ReadAction","target":["https:\/\/nk7-testes.com.br\/agazeta\/julgamento-do-antimary-irmao-da-vitima-absolvido\/"]}]},{"@type":"ImageObject","inLanguage":"pt-BR","@id":"https:\/\/nk7-testes.com.br\/agazeta\/julgamento-do-antimary-irmao-da-vitima-absolvido\/#primaryimage","url":"https:\/\/nk7-testes.com.br\/agazeta\/wp-content\/uploads\/2016\/11\/251116-policia-julgamento-tvgazeta.jpg","contentUrl":"https:\/\/nk7-testes.com.br\/agazeta\/wp-content\/uploads\/2016\/11\/251116-policia-julgamento-tvgazeta.jpg","width":458,"height":340,"caption":"251116-policia-julgamento-tvgazeta"},{"@type":"BreadcrumbList","@id":"https:\/\/nk7-testes.com.br\/agazeta\/julgamento-do-antimary-irmao-da-vitima-absolvido\/#breadcrumb","itemListElement":[{"@type":"ListItem","position":1,"name":"In\u00edcio","item":"https:\/\/nk7-testes.com.br\/agazeta\/"},{"@type":"ListItem","position":2,"name":"Julgamento do Antimary: irm\u00e3o da v\u00edtima absolvido"}]},{"@type":"WebSite","@id":"https:\/\/nk7-testes.com.br\/agazeta\/#website","url":"https:\/\/nk7-testes.com.br\/agazeta\/","name":"Agazeta.net","description":"Agazeta.net - Not\u00edcias de Rio Branco\/AC","potentialAction":[{"@type":"SearchAction","target":{"@type":"EntryPoint","urlTemplate":"https:\/\/nk7-testes.com.br\/agazeta\/?s={search_term_string}"},"query-input":{"@type":"PropertyValueSpecification","valueRequired":true,"valueName":"search_term_string"}}],"inLanguage":"pt-BR"},{"@type":"Person","@id":"https:\/\/nk7-testes.com.br\/agazeta\/#\/schema\/person\/6d6e25cb0435eb4a02fd44d30b4e3020","name":"Agazeta.Net","url":"https:\/\/nk7-testes.com.br\/agazeta\/author\/agazeta\/"}]}},"_links":{"self":[{"href":"https:\/\/nk7-testes.com.br\/agazeta\/wp-json\/wp\/v2\/posts\/26602","targetHints":{"allow":["GET"]}}],"collection":[{"href":"https:\/\/nk7-testes.com.br\/agazeta\/wp-json\/wp\/v2\/posts"}],"about":[{"href":"https:\/\/nk7-testes.com.br\/agazeta\/wp-json\/wp\/v2\/types\/post"}],"author":[{"embeddable":true,"href":"https:\/\/nk7-testes.com.br\/agazeta\/wp-json\/wp\/v2\/users\/4"}],"replies":[{"embeddable":true,"href":"https:\/\/nk7-testes.com.br\/agazeta\/wp-json\/wp\/v2\/comments?post=26602"}],"version-history":[{"count":0,"href":"https:\/\/nk7-testes.com.br\/agazeta\/wp-json\/wp\/v2\/posts\/26602\/revisions"}],"wp:featuredmedia":[{"embeddable":true,"href":"https:\/\/nk7-testes.com.br\/agazeta\/wp-json\/wp\/v2\/media\/26601"}],"wp:attachment":[{"href":"https:\/\/nk7-testes.com.br\/agazeta\/wp-json\/wp\/v2\/media?parent=26602"}],"wp:term":[{"taxonomy":"category","embeddable":true,"href":"https:\/\/nk7-testes.com.br\/agazeta\/wp-json\/wp\/v2\/categories?post=26602"},{"taxonomy":"post_tag","embeddable":true,"href":"https:\/\/nk7-testes.com.br\/agazeta\/wp-json\/wp\/v2\/tags?post=26602"}],"curies":[{"name":"wp","href":"https:\/\/api.w.org\/{rel}","templated":true}]}}