{"id":26586,"date":"2016-11-25T14:29:23","date_gmt":"2016-11-25T14:29:23","guid":{"rendered":"https:\/\/abarevegan.com.br\/index.php\/2016\/11\/25\/comunidade-cobra-mais-seguranca-no-bairro-montanhes\/"},"modified":"2016-11-25T14:29:23","modified_gmt":"2016-11-25T14:29:23","slug":"comunidade-cobra-mais-seguranca-no-bairro-montanhes","status":"publish","type":"post","link":"https:\/\/nk7-testes.com.br\/agazeta\/comunidade-cobra-mais-seguranca-no-bairro-montanhes\/","title":{"rendered":"Comunidade cobra mais seguran\u00e7a no bairro Montanh\u00eas"},"content":{"rendered":"<p style=\"text-align: justify;\">Pol\u00edcia prendeu ladr\u00f5es que roubaram escola<\/p>\n<p style=\"text-align: justify;\">A situa\u00e7\u00e3o insustent\u00e1vel tem desanimado os profissionais que atuam na escola. \u201cHoje de manh\u00e3 foi muito triste ver as crian\u00e7as com fome, por que muitos saem de casa sem se alimentar e n\u00e3o tem o lanche. Liberamos os alunos mais cedo e pelas condi\u00e7\u00f5es que foram, \u00e9 a comunidade roubando a pr\u00f3pria comunidade por que est\u00e3o tirando da boca dos alunos\u201d, desabafa a coordenadora de ensino Keila Canizo.<\/p>\n<p style=\"text-align: justify;\">Ela relata as consequ\u00eancias do \u00faltimo arrombamento ocorrido na escola de Ensino fundamental e m\u00e9dio Professor Pedro Martinelo, localizada no bairro Montanh\u00eas. Os criminosos entraram na cozinha e levaram toda merenda, inclusive tr\u00eas botij\u00f5es de g\u00e1s.<\/p>\n<p style=\"text-align: justify;\">\u00c0 tarde, a Secretaria de Estado de Educa\u00e7\u00e3o, j\u00e1 havia abastecido a dispensa com parte dos alimentos. A dire\u00e7\u00e3o da escola pediu que a outra quantia fosse reposta aos poucos, com medo de novos furtos.<\/p>\n<p style=\"text-align: justify;\">Recentemente os alunos promoveram uma manifesta\u00e7\u00e3o, percorrendo a principal via do bairro, chegando at\u00e9 o posto policial do Bairro Tancredo Neves, que por sinal foi desativado h\u00e1 cerca de um ano. Nos cartazes, os pedidos de seguran\u00e7a, de mais aten\u00e7\u00e3o aos estudantes e professores da periferia.<\/p>\n<p style=\"text-align: justify;\">De l\u00e1 pra c\u00e1 nada foi feito. Muito pelo contr\u00e1rio, eles j\u00e1 sofreram outros furtos. No final de semana foram dois e na madrugada desta quinta-feira mais um. Nesta \u00faltima invas\u00e3o, l\u00e2mpadas dos corredores foram quebradas e at\u00e9 plantas do jardim foram arrancadas pelos v\u00e2ndalos.<\/p>\n<p style=\"text-align: justify;\">\u201cEu acho que os assaltantes t\u00eam visitado mais a escola do que propriamente a secretaria de educa\u00e7\u00e3o. Roubos sistem\u00e1ticos est\u00e3o depredando a escola, levando tudo da escola\u201d, lamenta o professor Kennedy Albuquerque.<\/p>\n<p style=\"text-align: justify;\">Quatro salas de aula foram arrombadas e n\u00e3o foi levado. \u201cN\u00f3s j\u00e1 chegamos a ligar pra pol\u00edcia, nem todas \u00e0s vezes a pol\u00edcia vem, \u00e0s vezes vem e vai embora a\u00ed o alarme dispara de novo. Eu j\u00e1 estive conversando com a vizinhan\u00e7a e pra eles, o alarme disparar \u00e9 normal. J\u00e1 faz parte do dia a dia por que quase toda noite o alarme dispara. Vigil\u00e2ncia privada n\u00e3o est\u00e1 funcionando\u201d, disse a coordenadora.<\/p>\n<p style=\"text-align: justify;\">O saldo de preju\u00edzo \u00e9 grande na escola. Materiais de inform\u00e1tica, de esportes e at\u00e9 da sala de atendimento para alunos especiais foram roubados. A unidade de ensino foi alvo de criminosos por mais de 10 vezes somente este ano e 15 boletins de ocorr\u00eancia j\u00e1 foram registrados.<\/p>\n<p style=\"text-align: justify;\">\u201cN\u00f3s queremos aqui \u00e9 pedir ajuda, como pedimos na \u00faltima vez que fizemos manifesta\u00e7\u00e3o. Pedir que a Secretaria de educa\u00e7\u00e3o venha na escola, a pol\u00edcia civil, pol\u00edcia militar, o Minist\u00e9rio P\u00fablico, que essas institui\u00e7\u00f5es sentem juntamente com a comunidade escolar e que possam aparecer propostas. Por que est\u00e3o esperando o qu\u00ea? O que n\u00f3s temos aqui \u00e9 um consenso geral de que a escola vai fechar e acabar com o ano letivo. T\u00e3o esperando que algu\u00e9m morra pra tomar provid\u00eancia\u201d, desabafa o educador.<\/p>\n","protected":false},"excerpt":{"rendered":"<p style=\"text-align: justify;\">Pol\u00edcia prendeu ladr\u00f5es que roubaram escola<\/p>\n","protected":false},"author":4,"featured_media":26585,"comment_status":"open","ping_status":"open","sticky":false,"template":"","format":"standard","meta":{"jnews-multi-image_gallery":[],"jnews_single_post":[],"jnews_primary_category":[],"jnews_social_meta":[],"jnews_review":[],"enable_review":"","type":"","name":"","summary":"","brand":"","sku":"","good":[],"bad":[],"score_override":"","override_value":"","rating":[],"price":[],"footnotes":""},"categories":[54],"tags":[],"class_list":["post-26586","post","type-post","status-publish","format-standard","has-post-thumbnail","hentry","category-cotidiano"],"yoast_head":"<!-- This site is optimized with the Yoast SEO plugin v26.5 - https:\/\/yoast.com\/wordpress\/plugins\/seo\/ -->\n<title>Comunidade cobra mais seguran\u00e7a no bairro Montanh\u00eas - Agazeta.net<\/title>\n<meta name=\"robots\" content=\"index, follow, max-snippet:-1, max-image-preview:large, max-video-preview:-1\" \/>\n<link rel=\"canonical\" href=\"https:\/\/nk7-testes.com.br\/agazeta\/comunidade-cobra-mais-seguranca-no-bairro-montanhes\/\" \/>\n<meta property=\"og:locale\" content=\"pt_BR\" \/>\n<meta property=\"og:type\" content=\"article\" \/>\n<meta property=\"og:title\" content=\"Comunidade cobra mais seguran\u00e7a no bairro Montanh\u00eas - Agazeta.net\" \/>\n<meta property=\"og:description\" content=\"Pol\u00edcia prendeu ladr\u00f5es que roubaram escola\" \/>\n<meta property=\"og:url\" content=\"https:\/\/nk7-testes.com.br\/agazeta\/comunidade-cobra-mais-seguranca-no-bairro-montanhes\/\" \/>\n<meta property=\"og:site_name\" content=\"Agazeta.net\" \/>\n<meta property=\"article:published_time\" content=\"2016-11-25T14:29:23+00:00\" \/>\n<meta property=\"og:image\" content=\"https:\/\/nk7-testes.com.br\/agazeta\/wp-content\/uploads\/2016\/11\/251116-cotidiano-protesto-tvgazeta.jpg\" \/>\n\t<meta property=\"og:image:width\" content=\"458\" \/>\n\t<meta property=\"og:image:height\" content=\"340\" \/>\n\t<meta property=\"og:image:type\" content=\"image\/jpeg\" \/>\n<meta name=\"author\" content=\"Agazeta.Net\" \/>\n<meta name=\"twitter:card\" content=\"summary_large_image\" \/>\n<meta name=\"twitter:label1\" content=\"Escrito por\" \/>\n\t<meta name=\"twitter:data1\" content=\"Agazeta.Net\" \/>\n\t<meta name=\"twitter:label2\" content=\"Est. tempo de leitura\" \/>\n\t<meta name=\"twitter:data2\" content=\"3 minutos\" \/>\n<script type=\"application\/ld+json\" class=\"yoast-schema-graph\">{\"@context\":\"https:\/\/schema.org\",\"@graph\":[{\"@type\":\"WebPage\",\"@id\":\"https:\/\/nk7-testes.com.br\/agazeta\/comunidade-cobra-mais-seguranca-no-bairro-montanhes\/\",\"url\":\"https:\/\/nk7-testes.com.br\/agazeta\/comunidade-cobra-mais-seguranca-no-bairro-montanhes\/\",\"name\":\"Comunidade cobra mais seguran\u00e7a no bairro Montanh\u00eas - Agazeta.net\",\"isPartOf\":{\"@id\":\"https:\/\/nk7-testes.com.br\/agazeta\/#website\"},\"primaryImageOfPage\":{\"@id\":\"https:\/\/nk7-testes.com.br\/agazeta\/comunidade-cobra-mais-seguranca-no-bairro-montanhes\/#primaryimage\"},\"image\":{\"@id\":\"https:\/\/nk7-testes.com.br\/agazeta\/comunidade-cobra-mais-seguranca-no-bairro-montanhes\/#primaryimage\"},\"thumbnailUrl\":\"https:\/\/nk7-testes.com.br\/agazeta\/wp-content\/uploads\/2016\/11\/251116-cotidiano-protesto-tvgazeta.jpg\",\"datePublished\":\"2016-11-25T14:29:23+00:00\",\"author\":{\"@id\":\"https:\/\/nk7-testes.com.br\/agazeta\/#\/schema\/person\/ff6b39d54d6973bfc57f4140f659b23f\"},\"breadcrumb\":{\"@id\":\"https:\/\/nk7-testes.com.br\/agazeta\/comunidade-cobra-mais-seguranca-no-bairro-montanhes\/#breadcrumb\"},\"inLanguage\":\"pt-BR\",\"potentialAction\":[{\"@type\":\"ReadAction\",\"target\":[\"https:\/\/nk7-testes.com.br\/agazeta\/comunidade-cobra-mais-seguranca-no-bairro-montanhes\/\"]}]},{\"@type\":\"ImageObject\",\"inLanguage\":\"pt-BR\",\"@id\":\"https:\/\/nk7-testes.com.br\/agazeta\/comunidade-cobra-mais-seguranca-no-bairro-montanhes\/#primaryimage\",\"url\":\"https:\/\/nk7-testes.com.br\/agazeta\/wp-content\/uploads\/2016\/11\/251116-cotidiano-protesto-tvgazeta.jpg\",\"contentUrl\":\"https:\/\/nk7-testes.com.br\/agazeta\/wp-content\/uploads\/2016\/11\/251116-cotidiano-protesto-tvgazeta.jpg\",\"width\":458,\"height\":340,\"caption\":\"251116-cotidiano-protesto-tvgazeta\"},{\"@type\":\"BreadcrumbList\",\"@id\":\"https:\/\/nk7-testes.com.br\/agazeta\/comunidade-cobra-mais-seguranca-no-bairro-montanhes\/#breadcrumb\",\"itemListElement\":[{\"@type\":\"ListItem\",\"position\":1,\"name\":\"In\u00edcio\",\"item\":\"https:\/\/nk7-testes.com.br\/agazeta\/\"},{\"@type\":\"ListItem\",\"position\":2,\"name\":\"Comunidade cobra mais seguran\u00e7a no bairro Montanh\u00eas\"}]},{\"@type\":\"WebSite\",\"@id\":\"https:\/\/nk7-testes.com.br\/agazeta\/#website\",\"url\":\"https:\/\/nk7-testes.com.br\/agazeta\/\",\"name\":\"Agazeta.net\",\"description\":\"Agazeta.net - Not\u00edcias de Rio Branco\/AC\",\"potentialAction\":[{\"@type\":\"SearchAction\",\"target\":{\"@type\":\"EntryPoint\",\"urlTemplate\":\"https:\/\/nk7-testes.com.br\/agazeta\/?s={search_term_string}\"},\"query-input\":{\"@type\":\"PropertyValueSpecification\",\"valueRequired\":true,\"valueName\":\"search_term_string\"}}],\"inLanguage\":\"pt-BR\"},{\"@type\":\"Person\",\"@id\":\"https:\/\/nk7-testes.com.br\/agazeta\/#\/schema\/person\/ff6b39d54d6973bfc57f4140f659b23f\",\"name\":\"Agazeta.Net\",\"url\":\"https:\/\/nk7-testes.com.br\/agazeta\/author\/agazeta\/\"}]}<\/script>\n<!-- \/ Yoast SEO plugin. -->","yoast_head_json":{"title":"Comunidade cobra mais seguran\u00e7a no bairro Montanh\u00eas - Agazeta.net","robots":{"index":"index","follow":"follow","max-snippet":"max-snippet:-1","max-image-preview":"max-image-preview:large","max-video-preview":"max-video-preview:-1"},"canonical":"https:\/\/nk7-testes.com.br\/agazeta\/comunidade-cobra-mais-seguranca-no-bairro-montanhes\/","og_locale":"pt_BR","og_type":"article","og_title":"Comunidade cobra mais seguran\u00e7a no bairro Montanh\u00eas - Agazeta.net","og_description":"Pol\u00edcia prendeu ladr\u00f5es que roubaram escola","og_url":"https:\/\/nk7-testes.com.br\/agazeta\/comunidade-cobra-mais-seguranca-no-bairro-montanhes\/","og_site_name":"Agazeta.net","article_published_time":"2016-11-25T14:29:23+00:00","og_image":[{"width":458,"height":340,"url":"https:\/\/nk7-testes.com.br\/agazeta\/wp-content\/uploads\/2016\/11\/251116-cotidiano-protesto-tvgazeta.jpg","type":"image\/jpeg"}],"author":"Agazeta.Net","twitter_card":"summary_large_image","twitter_misc":{"Escrito por":"Agazeta.Net","Est. tempo de leitura":"3 minutos"},"schema":{"@context":"https:\/\/schema.org","@graph":[{"@type":"WebPage","@id":"https:\/\/nk7-testes.com.br\/agazeta\/comunidade-cobra-mais-seguranca-no-bairro-montanhes\/","url":"https:\/\/nk7-testes.com.br\/agazeta\/comunidade-cobra-mais-seguranca-no-bairro-montanhes\/","name":"Comunidade cobra mais seguran\u00e7a no bairro Montanh\u00eas - Agazeta.net","isPartOf":{"@id":"https:\/\/nk7-testes.com.br\/agazeta\/#website"},"primaryImageOfPage":{"@id":"https:\/\/nk7-testes.com.br\/agazeta\/comunidade-cobra-mais-seguranca-no-bairro-montanhes\/#primaryimage"},"image":{"@id":"https:\/\/nk7-testes.com.br\/agazeta\/comunidade-cobra-mais-seguranca-no-bairro-montanhes\/#primaryimage"},"thumbnailUrl":"https:\/\/nk7-testes.com.br\/agazeta\/wp-content\/uploads\/2016\/11\/251116-cotidiano-protesto-tvgazeta.jpg","datePublished":"2016-11-25T14:29:23+00:00","author":{"@id":"https:\/\/nk7-testes.com.br\/agazeta\/#\/schema\/person\/ff6b39d54d6973bfc57f4140f659b23f"},"breadcrumb":{"@id":"https:\/\/nk7-testes.com.br\/agazeta\/comunidade-cobra-mais-seguranca-no-bairro-montanhes\/#breadcrumb"},"inLanguage":"pt-BR","potentialAction":[{"@type":"ReadAction","target":["https:\/\/nk7-testes.com.br\/agazeta\/comunidade-cobra-mais-seguranca-no-bairro-montanhes\/"]}]},{"@type":"ImageObject","inLanguage":"pt-BR","@id":"https:\/\/nk7-testes.com.br\/agazeta\/comunidade-cobra-mais-seguranca-no-bairro-montanhes\/#primaryimage","url":"https:\/\/nk7-testes.com.br\/agazeta\/wp-content\/uploads\/2016\/11\/251116-cotidiano-protesto-tvgazeta.jpg","contentUrl":"https:\/\/nk7-testes.com.br\/agazeta\/wp-content\/uploads\/2016\/11\/251116-cotidiano-protesto-tvgazeta.jpg","width":458,"height":340,"caption":"251116-cotidiano-protesto-tvgazeta"},{"@type":"BreadcrumbList","@id":"https:\/\/nk7-testes.com.br\/agazeta\/comunidade-cobra-mais-seguranca-no-bairro-montanhes\/#breadcrumb","itemListElement":[{"@type":"ListItem","position":1,"name":"In\u00edcio","item":"https:\/\/nk7-testes.com.br\/agazeta\/"},{"@type":"ListItem","position":2,"name":"Comunidade cobra mais seguran\u00e7a no bairro Montanh\u00eas"}]},{"@type":"WebSite","@id":"https:\/\/nk7-testes.com.br\/agazeta\/#website","url":"https:\/\/nk7-testes.com.br\/agazeta\/","name":"Agazeta.net","description":"Agazeta.net - Not\u00edcias de Rio Branco\/AC","potentialAction":[{"@type":"SearchAction","target":{"@type":"EntryPoint","urlTemplate":"https:\/\/nk7-testes.com.br\/agazeta\/?s={search_term_string}"},"query-input":{"@type":"PropertyValueSpecification","valueRequired":true,"valueName":"search_term_string"}}],"inLanguage":"pt-BR"},{"@type":"Person","@id":"https:\/\/nk7-testes.com.br\/agazeta\/#\/schema\/person\/ff6b39d54d6973bfc57f4140f659b23f","name":"Agazeta.Net","url":"https:\/\/nk7-testes.com.br\/agazeta\/author\/agazeta\/"}]}},"_links":{"self":[{"href":"https:\/\/nk7-testes.com.br\/agazeta\/wp-json\/wp\/v2\/posts\/26586","targetHints":{"allow":["GET"]}}],"collection":[{"href":"https:\/\/nk7-testes.com.br\/agazeta\/wp-json\/wp\/v2\/posts"}],"about":[{"href":"https:\/\/nk7-testes.com.br\/agazeta\/wp-json\/wp\/v2\/types\/post"}],"author":[{"embeddable":true,"href":"https:\/\/nk7-testes.com.br\/agazeta\/wp-json\/wp\/v2\/users\/4"}],"replies":[{"embeddable":true,"href":"https:\/\/nk7-testes.com.br\/agazeta\/wp-json\/wp\/v2\/comments?post=26586"}],"version-history":[{"count":0,"href":"https:\/\/nk7-testes.com.br\/agazeta\/wp-json\/wp\/v2\/posts\/26586\/revisions"}],"wp:featuredmedia":[{"embeddable":true,"href":"https:\/\/nk7-testes.com.br\/agazeta\/wp-json\/wp\/v2\/media\/26585"}],"wp:attachment":[{"href":"https:\/\/nk7-testes.com.br\/agazeta\/wp-json\/wp\/v2\/media?parent=26586"}],"wp:term":[{"taxonomy":"category","embeddable":true,"href":"https:\/\/nk7-testes.com.br\/agazeta\/wp-json\/wp\/v2\/categories?post=26586"},{"taxonomy":"post_tag","embeddable":true,"href":"https:\/\/nk7-testes.com.br\/agazeta\/wp-json\/wp\/v2\/tags?post=26586"}],"curies":[{"name":"wp","href":"https:\/\/api.w.org\/{rel}","templated":true}]}}